{"id":8105,"date":"2023-01-07T17:51:00","date_gmt":"2023-01-07T17:51:00","guid":{"rendered":"https:\/\/caru.org.uy\/nuevositio\/?p=8105"},"modified":"2023-11-15T12:17:25","modified_gmt":"2023-11-15T12:17:25","slug":"veda-en-el-rio-uruguay-para-%ef%bf%bcproteccion-de-la-fauna-ictica","status":"publish","type":"post","link":"https:\/\/caru.org.uy\/nuevositio\/2023\/01\/07\/veda-en-el-rio-uruguay-para-%ef%bf%bcproteccion-de-la-fauna-ictica\/","title":{"rendered":"Veda\u00a0en el R\u00edo Uruguay para\u00a0protecci\u00f3n de la fauna \u00edctica"},"content":{"rendered":"\t\t<div data-elementor-type=\"wp-post\" data-elementor-id=\"8105\" class=\"elementor elementor-8105\" data-elementor-post-type=\"post\">\n\t\t\t\t\t\t<section class=\"elementor-section elementor-top-section elementor-element elementor-element-1f56ddbe elementor-section-boxed elementor-section-height-default elementor-section-height-default\" data-id=\"1f56ddbe\" data-element_type=\"section\" data-e-type=\"section\" data-settings=\"{&quot;jet_parallax_layout_list&quot;:[]}\">\n\t\t\t\t\t\t<div class=\"elementor-container elementor-column-gap-default\">\n\t\t\t\t\t<div class=\"elementor-column elementor-col-50 elementor-top-column elementor-element elementor-element-3b0072b6\" data-id=\"3b0072b6\" data-element_type=\"column\" data-e-type=\"column\">\n\t\t\t<div class=\"elementor-widget-wrap elementor-element-populated\">\n\t\t\t\t\t\t<div class=\"elementor-element elementor-element-68db603b elementor-widget elementor-widget-image\" data-id=\"68db603b\" data-element_type=\"widget\" data-e-type=\"widget\" data-widget_type=\"image.default\">\n\t\t\t\t<div class=\"elementor-widget-container\">\n\t\t\t\t\t\t\t\t\t\t\t\t\t\t\t<img fetchpriority=\"high\" decoding=\"async\" width=\"640\" height=\"360\" src=\"https:\/\/caru.org.uy\/nuevositio\/wp-content\/uploads\/2023\/10\/CARU-pesca-2.jpg\" class=\"attachment-large size-large wp-image-8254\" alt=\"\" srcset=\"https:\/\/caru.org.uy\/nuevositio\/wp-content\/uploads\/2023\/10\/CARU-pesca-2.jpg 640w, https:\/\/caru.org.uy\/nuevositio\/wp-content\/uploads\/2023\/10\/CARU-pesca-2-300x169.jpg 300w\" sizes=\"(max-width: 640px) 100vw, 640px\" \/>\t\t\t\t\t\t\t\t\t\t\t\t\t\t\t<\/div>\n\t\t\t\t<\/div>\n\t\t\t\t\t<\/div>\n\t\t<\/div>\n\t\t\t\t<div class=\"elementor-column elementor-col-50 elementor-top-column elementor-element elementor-element-76a762d6\" data-id=\"76a762d6\" data-element_type=\"column\" data-e-type=\"column\">\n\t\t\t<div class=\"elementor-widget-wrap elementor-element-populated\">\n\t\t\t\t\t\t<div class=\"elementor-element elementor-element-2cdadf68 elementor-widget elementor-widget-text-editor\" data-id=\"2cdadf68\" data-element_type=\"widget\" data-e-type=\"widget\" data-widget_type=\"text-editor.default\">\n\t\t\t\t<div class=\"elementor-widget-container\">\n\t\t\t\t\t\t\t\t\t<p>La medida fue dispuesta por la Resoluci\u00f3n N\u00b0 101\/2022 de la Comisi\u00f3n Administradora del R\u00edo Uruguay (CARU) con la necesidad de regular la actividad de pesca ante las condiciones de bajante y el d\u00e9ficit de condiciones que presenta el r\u00edo Uruguay para la reproducci\u00f3n de las diferentes especies de peces de inter\u00e9s comercial y deportivo.<\/p><p>La regulaci\u00f3n de la Pesca tiene como objetivo la protecci\u00f3n de la fauna \u00edctica de nuestro r\u00edo Uruguay. Es por ello que se estableci\u00f3 una\u00a0veda\u00a0para la pesca comercial, deportiva y artesanal en horario nocturno hasta el 31 de diciembre de 2023. Adem\u00e1s, los s\u00e1bados y domingos, la\u00a0veda\u00a0ser\u00e1 por 24 horas para la pesca comercial y artesanal. S\u00ed est\u00e1 autorizada, durante toda la semana, la pesca deportiva en embarcaciones pero con devoluci\u00f3n obligatoria de los peces capturados. Tambi\u00e9n se permite la pesca deportiva con ca\u00f1a o l\u00ednea desde la costa sin devoluci\u00f3n obligatoria.<\/p><p>Estas disposiciones no aplican a la pesca con fines de subsistencia y la de investigaci\u00f3n, requiri\u00e9ndose para este \u00faltimo supuesto, la previa autorizaci\u00f3n de CARU. Adem\u00e1s, se mantiene la prohibici\u00f3n de pesca en todas las modalidades en la zona definida por la Resoluci\u00f3n N\u00b0 29\/07, a la altura de Puerto Yeru\u00e1.<\/p><p>Esta resoluci\u00f3n aplica a la jurisdicci\u00f3n de CARU, es decir, desde la desembocadura en el R\u00edo de la Plata hasta el kil\u00f3metro 498 donde finaliza la frontera entre Argentina y Uruguay.<\/p><p>La\u00a0veda\u00a0se encuentra ya en vigencia, a partir de la publicaci\u00f3n de la mencionada Resoluci\u00f3n N\u00b0 101\/2022 de CARU en los Boletines y Diarios Oficiales de la Rep\u00fablica Argentina y la Rep\u00fablica Oriental del Uruguay.<\/p><p>\u00a0<\/p><p><strong>Fundamentos<\/strong><\/p><p>En los diversos informes de los asesores de CARU tanto de la Argentina como de Uruguay, al igual que los departamentos de Ambiente y de Hidrolog\u00eda se consider\u00f3 que en el r\u00edo Uruguay, al igual que el Paran\u00e1, existen condiciones hidrol\u00f3gicas muy deficitarias para el \u00e9xito reproductivo de los peces. Adem\u00e1s, en los trabajos de campo y relevamientos se observ\u00f3 una ausencia de peces juveniles de las especies de inter\u00e9s comercial y deportivo.<\/p><p>Por su parte, tambi\u00e9n se tuvo en cuenta que el r\u00edo Paran\u00e1, con fuerte influencia sobre la pesca en el bajo r\u00edo Uruguay, contin\u00faa muy por debajo de la situaci\u00f3n de desborde de su llanura de inundaci\u00f3n. Dicho escenario, in\u00e9dito desde que se cuenta con registros, est\u00e1 cerca de cumplir cuatro a\u00f1os, tiempo equivalente \u2013en duraci\u00f3n- al que tardan los peces para alcanzar la talla de primera captura. Esto hace sugerir que podr\u00eda haber un d\u00e9ficit de individuos nuevos incorpor\u00e1ndose al stock de la pesquer\u00eda en pocos a\u00f1os.<\/p><p>Otro elemento en consideraci\u00f3n han sido las previsiones clim\u00e1ticas.\u00a0Para la cuenca del r\u00edo se prev\u00e9 un trimestre con condiciones clim\u00e1ticas levemente deficitarias, con los modelos sugiriendo la persistencia de escenarios de `la ni\u00f1a` o `la ni\u00f1a d\u00e9bil`. Si bien se estima un nivel hidrom\u00e9trico superior a los a\u00f1os anteriores, la mejora no es considerada como suficiente por la acumulaci\u00f3n de temporadas de sequ\u00eda.<\/p><p><br \/><a href=\"https:\/\/www.caru.org.uy\/web\/wp-content\/uploads\/2023\/01\/ResolucionCARU_N_101_22.pdf\">Acceda a la Resoluci\u00f3n<\/a><br \/><br \/><\/p>\t\t\t\t\t\t\t\t<\/div>\n\t\t\t\t<\/div>\n\t\t\t\t\t<\/div>\n\t\t<\/div>\n\t\t\t\t\t<\/div>\n\t\t<\/section>\n\t\t\t\t<\/div>\n\t\t","protected":false},"excerpt":{"rendered":"<p>La medida fue dispuesta por la Resoluci\u00f3n N\u00b0 101\/2022 de la Comisi\u00f3n Administradora del R\u00edo Uruguay (CARU) con la necesidad de regular la actividad de pesca ante las condiciones de bajante y el d\u00e9ficit de condiciones que presenta el r\u00edo Uruguay para la reproducci\u00f3n de las diferentes especies de peces de inter\u00e9s comercial y deportivo. [&hellip;]<\/p>\n","protected":false},"author":1,"featured_media":8106,"comment_status":"closed","ping_status":"open","sticky":false,"template":"","format":"standard","meta":{"_acf_changed":false,"_joinchat":[],"footnotes":""},"categories":[37,27],"tags":[],"class_list":["post-8105","post","type-post","status-publish","format-standard","has-post-thumbnail","hentry","category-noticias","category-novedades"],"acf":[],"yoast_head":"<!-- This site is optimized with the Yoast SEO plugin v27.3 - https:\/\/yoast.com\/product\/yoast-seo-wordpress\/ -->\n<title>Veda\u00a0en el R\u00edo Uruguay para\u00a0protecci\u00f3n de la fauna \u00edctica % C.A.R.U. imagen<\/title>\n<meta name=\"robots\" content=\"index, follow, max-snippet:-1, max-image-preview:large, max-video-preview:-1\" \/>\n<link rel=\"canonical\" href=\"https:\/\/caru.org.uy\/nuevositio\/2023\/01\/07\/veda-en-el-rio-uruguay-para-\ufffcproteccion-de-la-fauna-ictica\/\" \/>\n<meta property=\"og:locale\" content=\"es_ES\" \/>\n<meta property=\"og:type\" content=\"article\" \/>\n<meta property=\"og:title\" content=\"Veda\u00a0en el R\u00edo Uruguay para\u00a0protecci\u00f3n de la fauna \u00edctica % C.A.R.U. imagen\" \/>\n<meta property=\"og:description\" content=\"La medida fue dispuesta por la Resoluci\u00f3n N\u00b0 101\/2022 de la Comisi\u00f3n Administradora del R\u00edo Uruguay (CARU) con la necesidad de regular la actividad de pesca ante las condiciones de bajante y el d\u00e9ficit de condiciones que presenta el r\u00edo Uruguay para la reproducci\u00f3n de las diferentes especies de peces de inter\u00e9s comercial y deportivo. [&hellip;]\" \/>\n<meta property=\"og:url\" content=\"https:\/\/caru.org.uy\/nuevositio\/2023\/01\/07\/veda-en-el-rio-uruguay-para-\ufffcproteccion-de-la-fauna-ictica\/\" \/>\n<meta property=\"og:site_name\" content=\"C.A.R.U.\" \/>\n<meta property=\"article:published_time\" content=\"2023-01-07T17:51:00+00:00\" \/>\n<meta property=\"article:modified_time\" content=\"2023-11-15T12:17:25+00:00\" \/>\n<meta property=\"og:image\" content=\"https:\/\/caru.org.uy\/nuevositio\/wp-content\/uploads\/2023\/02\/veda1.jpg\" \/>\n\t<meta property=\"og:image:width\" content=\"640\" \/>\n\t<meta property=\"og:image:height\" content=\"360\" \/>\n\t<meta property=\"og:image:type\" content=\"image\/jpeg\" \/>\n<meta name=\"author\" content=\"Noma\" \/>\n<meta name=\"twitter:card\" content=\"summary_large_image\" \/>\n<meta name=\"twitter:label1\" content=\"Escrito por\" \/>\n\t<meta name=\"twitter:data1\" content=\"Noma\" \/>\n\t<meta name=\"twitter:label2\" content=\"Tiempo de lectura\" \/>\n\t<meta name=\"twitter:data2\" content=\"3 minutos\" \/>\n<script type=\"application\/ld+json\" class=\"yoast-schema-graph\">{\"@context\":\"https:\\\/\\\/schema.org\",\"@graph\":[{\"@type\":[\"Article\",\"BlogPosting\"],\"@id\":\"https:\\\/\\\/caru.org.uy\\\/nuevositio\\\/2023\\\/01\\\/07\\\/veda-en-el-rio-uruguay-para-%ef%bf%bcproteccion-de-la-fauna-ictica\\\/#article\",\"isPartOf\":{\"@id\":\"https:\\\/\\\/caru.org.uy\\\/nuevositio\\\/2023\\\/01\\\/07\\\/veda-en-el-rio-uruguay-para-%ef%bf%bcproteccion-de-la-fauna-ictica\\\/\"},\"author\":{\"name\":\"Noma\",\"@id\":\"https:\\\/\\\/caru.org.uy\\\/nuevositio\\\/#\\\/schema\\\/person\\\/9a11b7bc115602d2066d4c695b2aa3e5\"},\"headline\":\"Veda\u00a0en el R\u00edo Uruguay para\u00a0protecci\u00f3n de la fauna \u00edctica\",\"datePublished\":\"2023-01-07T17:51:00+00:00\",\"dateModified\":\"2023-11-15T12:17:25+00:00\",\"mainEntityOfPage\":{\"@id\":\"https:\\\/\\\/caru.org.uy\\\/nuevositio\\\/2023\\\/01\\\/07\\\/veda-en-el-rio-uruguay-para-%ef%bf%bcproteccion-de-la-fauna-ictica\\\/\"},\"wordCount\":567,\"publisher\":{\"@id\":\"https:\\\/\\\/caru.org.uy\\\/nuevositio\\\/#organization\"},\"image\":{\"@id\":\"https:\\\/\\\/caru.org.uy\\\/nuevositio\\\/2023\\\/01\\\/07\\\/veda-en-el-rio-uruguay-para-%ef%bf%bcproteccion-de-la-fauna-ictica\\\/#primaryimage\"},\"thumbnailUrl\":\"https:\\\/\\\/caru.org.uy\\\/nuevositio\\\/wp-content\\\/uploads\\\/2023\\\/02\\\/veda1.jpg\",\"articleSection\":[\"Noticias\",\"Novedades\"],\"inLanguage\":\"es\"},{\"@type\":\"WebPage\",\"@id\":\"https:\\\/\\\/caru.org.uy\\\/nuevositio\\\/2023\\\/01\\\/07\\\/veda-en-el-rio-uruguay-para-%ef%bf%bcproteccion-de-la-fauna-ictica\\\/\",\"url\":\"https:\\\/\\\/caru.org.uy\\\/nuevositio\\\/2023\\\/01\\\/07\\\/veda-en-el-rio-uruguay-para-%ef%bf%bcproteccion-de-la-fauna-ictica\\\/\",\"name\":\"Veda\u00a0en el R\u00edo Uruguay para\u00a0protecci\u00f3n de la fauna \u00edctica % C.A.R.U. imagen\",\"isPartOf\":{\"@id\":\"https:\\\/\\\/caru.org.uy\\\/nuevositio\\\/#website\"},\"primaryImageOfPage\":{\"@id\":\"https:\\\/\\\/caru.org.uy\\\/nuevositio\\\/2023\\\/01\\\/07\\\/veda-en-el-rio-uruguay-para-%ef%bf%bcproteccion-de-la-fauna-ictica\\\/#primaryimage\"},\"image\":{\"@id\":\"https:\\\/\\\/caru.org.uy\\\/nuevositio\\\/2023\\\/01\\\/07\\\/veda-en-el-rio-uruguay-para-%ef%bf%bcproteccion-de-la-fauna-ictica\\\/#primaryimage\"},\"thumbnailUrl\":\"https:\\\/\\\/caru.org.uy\\\/nuevositio\\\/wp-content\\\/uploads\\\/2023\\\/02\\\/veda1.jpg\",\"datePublished\":\"2023-01-07T17:51:00+00:00\",\"dateModified\":\"2023-11-15T12:17:25+00:00\",\"breadcrumb\":{\"@id\":\"https:\\\/\\\/caru.org.uy\\\/nuevositio\\\/2023\\\/01\\\/07\\\/veda-en-el-rio-uruguay-para-%ef%bf%bcproteccion-de-la-fauna-ictica\\\/#breadcrumb\"},\"inLanguage\":\"es\",\"potentialAction\":[{\"@type\":\"ReadAction\",\"target\":[\"https:\\\/\\\/caru.org.uy\\\/nuevositio\\\/2023\\\/01\\\/07\\\/veda-en-el-rio-uruguay-para-%ef%bf%bcproteccion-de-la-fauna-ictica\\\/\"]}]},{\"@type\":\"ImageObject\",\"inLanguage\":\"es\",\"@id\":\"https:\\\/\\\/caru.org.uy\\\/nuevositio\\\/2023\\\/01\\\/07\\\/veda-en-el-rio-uruguay-para-%ef%bf%bcproteccion-de-la-fauna-ictica\\\/#primaryimage\",\"url\":\"https:\\\/\\\/caru.org.uy\\\/nuevositio\\\/wp-content\\\/uploads\\\/2023\\\/02\\\/veda1.jpg\",\"contentUrl\":\"https:\\\/\\\/caru.org.uy\\\/nuevositio\\\/wp-content\\\/uploads\\\/2023\\\/02\\\/veda1.jpg\",\"width\":640,\"height\":360},{\"@type\":\"BreadcrumbList\",\"@id\":\"https:\\\/\\\/caru.org.uy\\\/nuevositio\\\/2023\\\/01\\\/07\\\/veda-en-el-rio-uruguay-para-%ef%bf%bcproteccion-de-la-fauna-ictica\\\/#breadcrumb\",\"itemListElement\":[{\"@type\":\"ListItem\",\"position\":1,\"name\":\"Portada\",\"item\":\"https:\\\/\\\/caru.org.uy\\\/nuevositio\\\/\"},{\"@type\":\"ListItem\",\"position\":2,\"name\":\"Veda\u00a0en el R\u00edo Uruguay para\u00a0protecci\u00f3n de la fauna \u00edctica\"}]},{\"@type\":\"WebSite\",\"@id\":\"https:\\\/\\\/caru.org.uy\\\/nuevositio\\\/#website\",\"url\":\"https:\\\/\\\/caru.org.uy\\\/nuevositio\\\/\",\"name\":\"C.A.R.U.\",\"description\":\"Comisi\u00f3n Administradora del R\u00edo Uruguay\",\"publisher\":{\"@id\":\"https:\\\/\\\/caru.org.uy\\\/nuevositio\\\/#organization\"},\"potentialAction\":[{\"@type\":\"SearchAction\",\"target\":{\"@type\":\"EntryPoint\",\"urlTemplate\":\"https:\\\/\\\/caru.org.uy\\\/nuevositio\\\/?s={search_term_string}\"},\"query-input\":{\"@type\":\"PropertyValueSpecification\",\"valueRequired\":true,\"valueName\":\"search_term_string\"}}],\"inLanguage\":\"es\"},{\"@type\":\"Organization\",\"@id\":\"https:\\\/\\\/caru.org.uy\\\/nuevositio\\\/#organization\",\"name\":\"C.A.R.U.\",\"url\":\"https:\\\/\\\/caru.org.uy\\\/nuevositio\\\/\",\"logo\":{\"@type\":\"ImageObject\",\"inLanguage\":\"es\",\"@id\":\"https:\\\/\\\/caru.org.uy\\\/nuevositio\\\/#\\\/schema\\\/logo\\\/image\\\/\",\"url\":\"https:\\\/\\\/caru.org.uy\\\/nuevositio\\\/wp-content\\\/uploads\\\/2023\\\/11\\\/logo-nuevo.jpg\",\"contentUrl\":\"https:\\\/\\\/caru.org.uy\\\/nuevositio\\\/wp-content\\\/uploads\\\/2023\\\/11\\\/logo-nuevo.jpg\",\"width\":1,\"height\":1,\"caption\":\"C.A.R.U.\"},\"image\":{\"@id\":\"https:\\\/\\\/caru.org.uy\\\/nuevositio\\\/#\\\/schema\\\/logo\\\/image\\\/\"}},{\"@type\":\"Person\",\"@id\":\"https:\\\/\\\/caru.org.uy\\\/nuevositio\\\/#\\\/schema\\\/person\\\/9a11b7bc115602d2066d4c695b2aa3e5\",\"name\":\"Noma\",\"image\":{\"@type\":\"ImageObject\",\"inLanguage\":\"es\",\"@id\":\"https:\\\/\\\/secure.gravatar.com\\\/avatar\\\/8b0eb2764fe524b07cdc015df29e7576c061e58c50641dd8ccc46d3d448307e5?s=96&d=mm&r=g\",\"url\":\"https:\\\/\\\/secure.gravatar.com\\\/avatar\\\/8b0eb2764fe524b07cdc015df29e7576c061e58c50641dd8ccc46d3d448307e5?s=96&d=mm&r=g\",\"contentUrl\":\"https:\\\/\\\/secure.gravatar.com\\\/avatar\\\/8b0eb2764fe524b07cdc015df29e7576c061e58c50641dd8ccc46d3d448307e5?s=96&d=mm&r=g\",\"caption\":\"Noma\"},\"url\":\"https:\\\/\\\/caru.org.uy\\\/nuevositio\\\/author\\\/admin\\\/\"}]}<\/script>\n<!-- \/ Yoast SEO plugin. -->","yoast_head_json":{"title":"Veda\u00a0en el R\u00edo Uruguay para\u00a0protecci\u00f3n de la fauna \u00edctica % C.A.R.U. imagen","robots":{"index":"index","follow":"follow","max-snippet":"max-snippet:-1","max-image-preview":"max-image-preview:large","max-video-preview":"max-video-preview:-1"},"canonical":"https:\/\/caru.org.uy\/nuevositio\/2023\/01\/07\/veda-en-el-rio-uruguay-para-\ufffcproteccion-de-la-fauna-ictica\/","og_locale":"es_ES","og_type":"article","og_title":"Veda\u00a0en el R\u00edo Uruguay para\u00a0protecci\u00f3n de la fauna \u00edctica % C.A.R.U. imagen","og_description":"La medida fue dispuesta por la Resoluci\u00f3n N\u00b0 101\/2022 de la Comisi\u00f3n Administradora del R\u00edo Uruguay (CARU) con la necesidad de regular la actividad de pesca ante las condiciones de bajante y el d\u00e9ficit de condiciones que presenta el r\u00edo Uruguay para la reproducci\u00f3n de las diferentes especies de peces de inter\u00e9s comercial y deportivo. [&hellip;]","og_url":"https:\/\/caru.org.uy\/nuevositio\/2023\/01\/07\/veda-en-el-rio-uruguay-para-\ufffcproteccion-de-la-fauna-ictica\/","og_site_name":"C.A.R.U.","article_published_time":"2023-01-07T17:51:00+00:00","article_modified_time":"2023-11-15T12:17:25+00:00","og_image":[{"width":640,"height":360,"url":"https:\/\/caru.org.uy\/nuevositio\/wp-content\/uploads\/2023\/02\/veda1.jpg","type":"image\/jpeg"}],"author":"Noma","twitter_card":"summary_large_image","twitter_misc":{"Escrito por":"Noma","Tiempo de lectura":"3 minutos"},"schema":{"@context":"https:\/\/schema.org","@graph":[{"@type":["Article","BlogPosting"],"@id":"https:\/\/caru.org.uy\/nuevositio\/2023\/01\/07\/veda-en-el-rio-uruguay-para-%ef%bf%bcproteccion-de-la-fauna-ictica\/#article","isPartOf":{"@id":"https:\/\/caru.org.uy\/nuevositio\/2023\/01\/07\/veda-en-el-rio-uruguay-para-%ef%bf%bcproteccion-de-la-fauna-ictica\/"},"author":{"name":"Noma","@id":"https:\/\/caru.org.uy\/nuevositio\/#\/schema\/person\/9a11b7bc115602d2066d4c695b2aa3e5"},"headline":"Veda\u00a0en el R\u00edo Uruguay para\u00a0protecci\u00f3n de la fauna \u00edctica","datePublished":"2023-01-07T17:51:00+00:00","dateModified":"2023-11-15T12:17:25+00:00","mainEntityOfPage":{"@id":"https:\/\/caru.org.uy\/nuevositio\/2023\/01\/07\/veda-en-el-rio-uruguay-para-%ef%bf%bcproteccion-de-la-fauna-ictica\/"},"wordCount":567,"publisher":{"@id":"https:\/\/caru.org.uy\/nuevositio\/#organization"},"image":{"@id":"https:\/\/caru.org.uy\/nuevositio\/2023\/01\/07\/veda-en-el-rio-uruguay-para-%ef%bf%bcproteccion-de-la-fauna-ictica\/#primaryimage"},"thumbnailUrl":"https:\/\/caru.org.uy\/nuevositio\/wp-content\/uploads\/2023\/02\/veda1.jpg","articleSection":["Noticias","Novedades"],"inLanguage":"es"},{"@type":"WebPage","@id":"https:\/\/caru.org.uy\/nuevositio\/2023\/01\/07\/veda-en-el-rio-uruguay-para-%ef%bf%bcproteccion-de-la-fauna-ictica\/","url":"https:\/\/caru.org.uy\/nuevositio\/2023\/01\/07\/veda-en-el-rio-uruguay-para-%ef%bf%bcproteccion-de-la-fauna-ictica\/","name":"Veda\u00a0en el R\u00edo Uruguay para\u00a0protecci\u00f3n de la fauna \u00edctica % C.A.R.U. imagen","isPartOf":{"@id":"https:\/\/caru.org.uy\/nuevositio\/#website"},"primaryImageOfPage":{"@id":"https:\/\/caru.org.uy\/nuevositio\/2023\/01\/07\/veda-en-el-rio-uruguay-para-%ef%bf%bcproteccion-de-la-fauna-ictica\/#primaryimage"},"image":{"@id":"https:\/\/caru.org.uy\/nuevositio\/2023\/01\/07\/veda-en-el-rio-uruguay-para-%ef%bf%bcproteccion-de-la-fauna-ictica\/#primaryimage"},"thumbnailUrl":"https:\/\/caru.org.uy\/nuevositio\/wp-content\/uploads\/2023\/02\/veda1.jpg","datePublished":"2023-01-07T17:51:00+00:00","dateModified":"2023-11-15T12:17:25+00:00","breadcrumb":{"@id":"https:\/\/caru.org.uy\/nuevositio\/2023\/01\/07\/veda-en-el-rio-uruguay-para-%ef%bf%bcproteccion-de-la-fauna-ictica\/#breadcrumb"},"inLanguage":"es","potentialAction":[{"@type":"ReadAction","target":["https:\/\/caru.org.uy\/nuevositio\/2023\/01\/07\/veda-en-el-rio-uruguay-para-%ef%bf%bcproteccion-de-la-fauna-ictica\/"]}]},{"@type":"ImageObject","inLanguage":"es","@id":"https:\/\/caru.org.uy\/nuevositio\/2023\/01\/07\/veda-en-el-rio-uruguay-para-%ef%bf%bcproteccion-de-la-fauna-ictica\/#primaryimage","url":"https:\/\/caru.org.uy\/nuevositio\/wp-content\/uploads\/2023\/02\/veda1.jpg","contentUrl":"https:\/\/caru.org.uy\/nuevositio\/wp-content\/uploads\/2023\/02\/veda1.jpg","width":640,"height":360},{"@type":"BreadcrumbList","@id":"https:\/\/caru.org.uy\/nuevositio\/2023\/01\/07\/veda-en-el-rio-uruguay-para-%ef%bf%bcproteccion-de-la-fauna-ictica\/#breadcrumb","itemListElement":[{"@type":"ListItem","position":1,"name":"Portada","item":"https:\/\/caru.org.uy\/nuevositio\/"},{"@type":"ListItem","position":2,"name":"Veda\u00a0en el R\u00edo Uruguay para\u00a0protecci\u00f3n de la fauna \u00edctica"}]},{"@type":"WebSite","@id":"https:\/\/caru.org.uy\/nuevositio\/#website","url":"https:\/\/caru.org.uy\/nuevositio\/","name":"C.A.R.U.","description":"Comisi\u00f3n Administradora del R\u00edo Uruguay","publisher":{"@id":"https:\/\/caru.org.uy\/nuevositio\/#organization"},"potentialAction":[{"@type":"SearchAction","target":{"@type":"EntryPoint","urlTemplate":"https:\/\/caru.org.uy\/nuevositio\/?s={search_term_string}"},"query-input":{"@type":"PropertyValueSpecification","valueRequired":true,"valueName":"search_term_string"}}],"inLanguage":"es"},{"@type":"Organization","@id":"https:\/\/caru.org.uy\/nuevositio\/#organization","name":"C.A.R.U.","url":"https:\/\/caru.org.uy\/nuevositio\/","logo":{"@type":"ImageObject","inLanguage":"es","@id":"https:\/\/caru.org.uy\/nuevositio\/#\/schema\/logo\/image\/","url":"https:\/\/caru.org.uy\/nuevositio\/wp-content\/uploads\/2023\/11\/logo-nuevo.jpg","contentUrl":"https:\/\/caru.org.uy\/nuevositio\/wp-content\/uploads\/2023\/11\/logo-nuevo.jpg","width":1,"height":1,"caption":"C.A.R.U."},"image":{"@id":"https:\/\/caru.org.uy\/nuevositio\/#\/schema\/logo\/image\/"}},{"@type":"Person","@id":"https:\/\/caru.org.uy\/nuevositio\/#\/schema\/person\/9a11b7bc115602d2066d4c695b2aa3e5","name":"Noma","image":{"@type":"ImageObject","inLanguage":"es","@id":"https:\/\/secure.gravatar.com\/avatar\/8b0eb2764fe524b07cdc015df29e7576c061e58c50641dd8ccc46d3d448307e5?s=96&d=mm&r=g","url":"https:\/\/secure.gravatar.com\/avatar\/8b0eb2764fe524b07cdc015df29e7576c061e58c50641dd8ccc46d3d448307e5?s=96&d=mm&r=g","contentUrl":"https:\/\/secure.gravatar.com\/avatar\/8b0eb2764fe524b07cdc015df29e7576c061e58c50641dd8ccc46d3d448307e5?s=96&d=mm&r=g","caption":"Noma"},"url":"https:\/\/caru.org.uy\/nuevositio\/author\/admin\/"}]}},"_links":{"self":[{"href":"https:\/\/caru.org.uy\/nuevositio\/wp-json\/wp\/v2\/posts\/8105","targetHints":{"allow":["GET"]}}],"collection":[{"href":"https:\/\/caru.org.uy\/nuevositio\/wp-json\/wp\/v2\/posts"}],"about":[{"href":"https:\/\/caru.org.uy\/nuevositio\/wp-json\/wp\/v2\/types\/post"}],"author":[{"embeddable":true,"href":"https:\/\/caru.org.uy\/nuevositio\/wp-json\/wp\/v2\/users\/1"}],"replies":[{"embeddable":true,"href":"https:\/\/caru.org.uy\/nuevositio\/wp-json\/wp\/v2\/comments?post=8105"}],"version-history":[{"count":5,"href":"https:\/\/caru.org.uy\/nuevositio\/wp-json\/wp\/v2\/posts\/8105\/revisions"}],"predecessor-version":[{"id":8724,"href":"https:\/\/caru.org.uy\/nuevositio\/wp-json\/wp\/v2\/posts\/8105\/revisions\/8724"}],"wp:featuredmedia":[{"embeddable":true,"href":"https:\/\/caru.org.uy\/nuevositio\/wp-json\/wp\/v2\/media\/8106"}],"wp:attachment":[{"href":"https:\/\/caru.org.uy\/nuevositio\/wp-json\/wp\/v2\/media?parent=8105"}],"wp:term":[{"taxonomy":"category","embeddable":true,"href":"https:\/\/caru.org.uy\/nuevositio\/wp-json\/wp\/v2\/categories?post=8105"},{"taxonomy":"post_tag","embeddable":true,"href":"https:\/\/caru.org.uy\/nuevositio\/wp-json\/wp\/v2\/tags?post=8105"}],"curies":[{"name":"wp","href":"https:\/\/api.w.org\/{rel}","templated":true}]}}