{"id":8119,"date":"2023-12-08T10:08:00","date_gmt":"2023-12-08T10:08:00","guid":{"rendered":"https:\/\/caru.org.uy\/nuevositio\/?p=8119"},"modified":"2025-06-04T11:22:59","modified_gmt":"2025-06-04T14:22:59","slug":"se-publican-los-resultados-del-programa-de-vigilancia-de-playas","status":"publish","type":"post","link":"https:\/\/caru.org.uy\/nuevositio\/2023\/12\/08\/se-publican-los-resultados-del-programa-de-vigilancia-de-playas\/","title":{"rendered":"Informe con resultados del Programa de\u00a0Vigilancia\u00a0de Playas"},"content":{"rendered":"\t\t<div data-elementor-type=\"wp-post\" data-elementor-id=\"8119\" class=\"elementor elementor-8119\" data-elementor-post-type=\"post\">\n\t\t\t\t\t\t<section class=\"elementor-section elementor-top-section elementor-element elementor-element-2bd93d28 elementor-section-boxed elementor-section-height-default elementor-section-height-default\" data-id=\"2bd93d28\" data-element_type=\"section\" data-e-type=\"section\" data-settings=\"{&quot;jet_parallax_layout_list&quot;:[]}\">\n\t\t\t\t\t\t<div class=\"elementor-container elementor-column-gap-default\">\n\t\t\t\t\t<div class=\"elementor-column elementor-col-50 elementor-top-column elementor-element elementor-element-678069ec\" data-id=\"678069ec\" data-element_type=\"column\" data-e-type=\"column\">\n\t\t\t<div class=\"elementor-widget-wrap elementor-element-populated\">\n\t\t\t\t\t\t<div class=\"elementor-element elementor-element-5c9241ff elementor-widget elementor-widget-image\" data-id=\"5c9241ff\" data-element_type=\"widget\" data-e-type=\"widget\" data-widget_type=\"image.default\">\n\t\t\t\t<div class=\"elementor-widget-container\">\n\t\t\t\t\t\t\t\t\t\t\t\t\t\t\t<img fetchpriority=\"high\" decoding=\"async\" width=\"1024\" height=\"771\" src=\"https:\/\/caru.org.uy\/nuevositio\/wp-content\/uploads\/2023\/12\/vigilancia-de-playas-10-1024x771.jpg\" class=\"attachment-large size-large wp-image-9203\" alt=\"\" srcset=\"https:\/\/caru.org.uy\/nuevositio\/wp-content\/uploads\/2023\/12\/vigilancia-de-playas-10-1024x771.jpg 1024w, https:\/\/caru.org.uy\/nuevositio\/wp-content\/uploads\/2023\/12\/vigilancia-de-playas-10-300x226.jpg 300w, https:\/\/caru.org.uy\/nuevositio\/wp-content\/uploads\/2023\/12\/vigilancia-de-playas-10-768x578.jpg 768w, https:\/\/caru.org.uy\/nuevositio\/wp-content\/uploads\/2023\/12\/vigilancia-de-playas-10-1536x1156.jpg 1536w, https:\/\/caru.org.uy\/nuevositio\/wp-content\/uploads\/2023\/12\/vigilancia-de-playas-10.jpg 1600w\" sizes=\"(max-width: 1024px) 100vw, 1024px\" \/>\t\t\t\t\t\t\t\t\t\t\t\t\t\t\t<\/div>\n\t\t\t\t<\/div>\n\t\t\t\t\t<\/div>\n\t\t<\/div>\n\t\t\t\t<div class=\"elementor-column elementor-col-50 elementor-top-column elementor-element elementor-element-6c40197a\" data-id=\"6c40197a\" data-element_type=\"column\" data-e-type=\"column\">\n\t\t\t<div class=\"elementor-widget-wrap elementor-element-populated\">\n\t\t\t\t\t\t<div class=\"elementor-element elementor-element-6e36fd7e elementor-widget elementor-widget-text-editor\" data-id=\"6e36fd7e\" data-element_type=\"widget\" data-e-type=\"widget\" data-widget_type=\"text-editor.default\">\n\t\t\t\t<div class=\"elementor-widget-container\">\n\t\t\t\t\t\t\t\t\t<p>La Comisi\u00f3n Administradora del R\u00edo Uruguay pone&nbsp;<a href=\"https:\/\/caru.org.uy\/nuevositio\/informes-de-monitoreo-de-playas\" target=\"_blank\" rel=\"noopener\">aqu\u00ed&nbsp;<\/a>a disposici\u00f3n de los interesados, la informaci\u00f3n sobre la calidad del agua de las playas monitoreadas en el marco del \u201cPrograma de Vigilancia de Playas del R\u00edo Uruguay\u201d. La actualizaci\u00f3n de la informaci\u00f3n es semanal desde el mes de diciembre hasta marzo del a\u00f1o pr\u00f3ximo.<\/p>\n<p>De acuerdo a sus competencias, la CARU desarrolla varios programas para evaluar la calidad del agua del r\u00edo Uruguay. En el a\u00f1o 2007, junto con la Comisi\u00f3n T\u00e9cnico Mixta de Salto Grande se inici\u00f3 el \u201cPrograma de Vigilancia de Playas del R\u00edo Uruguay\u201d para monitorear la calidad del agua del r\u00edo aguas arriba de la Represa de Salto Grande hasta Monte Caseros-Bella Uni\u00f3n y aportar informaci\u00f3n para prevenir efectos nocivos sobre la salud de la poblaci\u00f3n. Desde el a\u00f1o 2012 se ampli\u00f3 el monitoreo a las playas ubicadas aguas abajo de la Represa, hasta Nueva Palmira. Desde entonces, y sin pausa hasta la actualidad, los equipos t\u00e9cnicos de CARU realizan mediciones <em>in situ<\/em>&nbsp;en 25&nbsp;playas&nbsp;(argentinas y uruguayas) y extraen muestras de agua para su an\u00e1lisis en laboratorios p\u00fablicos y privados de ambos pa\u00edses.<\/p>\n<p>En los muestreos realizados se analiza la presencia de las bacterias de importancia sanitaria:&nbsp;<em>Escherichia coli<\/em>, y Enterococos. Tambi\u00e9n se realiza el monitoreo de par\u00e1metros relacionados a floraciones algales (cianobacterias potencialmente t\u00f3xicas, cianotoxinas, clorofila).<\/p>\n<h5><a href=\"https:\/\/caru.org.uy\/nuevositio\/informes-de-monitoreo-de-playas\"><strong>Acceda a los Informes<\/strong><\/a><\/h5>\n<h6><em>&nbsp;<\/em><\/h6>\n<h6><em>* Floraciones algales, sugerencias y prevenci\u00f3n<\/em><\/h6>\n<p>Ante la presencia de floraciones algales visibles por los usuarios de las&nbsp;playas&nbsp;se presentan las siguientes sugerencias y acciones preventivas:<\/p>\n<p><u>Nivel de&nbsp;vigilancia, verde:<\/u>&nbsp;El agua tiene un aspecto limpio sin floraciones algales visibles por lo que&nbsp;<strong>puede utilizarse para uso recreativo<\/strong>.<\/p>\n<p><u>Nivel de alerta 1, amarillo:<\/u>&nbsp;Si el agua tiene una apariencia de \u201cyerba dispersa\u201d o de una masa verde brillante, indica que hay floraciones algales de baja a media densidad. Hay riesgo en el uso recreativo: es conveniente<strong>&nbsp;lavarse con agua limpia luego del ba\u00f1o y tomar las precauciones correspondientes<\/strong>.<\/p>\n<p><u>Nivel de alerta 2, rojo:<\/u>&nbsp;Si en el agua y la orilla se observa una masa pastosa verde oscuro amarronada, hay floraciones con algas vivas y muertas, con lo que aumenta la posibilidad de que sean liberadas las toxinas de las cianobacterias.&nbsp;<strong>Se recomienda no ba\u00f1arse.<\/strong><\/p>\t\t\t\t\t\t\t\t<\/div>\n\t\t\t\t<\/div>\n\t\t\t\t\t<\/div>\n\t\t<\/div>\n\t\t\t\t\t<\/div>\n\t\t<\/section>\n\t\t\t\t<\/div>\n\t\t","protected":false},"excerpt":{"rendered":"<p>La Comisi\u00f3n Administradora del R\u00edo Uruguay pone&nbsp;aqu\u00ed&nbsp;a disposici\u00f3n de los interesados, la informaci\u00f3n sobre la calidad del agua de las playas monitoreadas en el marco del \u201cPrograma de Vigilancia de Playas del R\u00edo Uruguay\u201d. La actualizaci\u00f3n de la informaci\u00f3n es semanal desde el mes de diciembre hasta marzo del a\u00f1o pr\u00f3ximo. De acuerdo a sus [&hellip;]<\/p>\n","protected":false},"author":1,"featured_media":9203,"comment_status":"closed","ping_status":"open","sticky":false,"template":"","format":"standard","meta":{"_acf_changed":false,"_joinchat":[],"footnotes":""},"categories":[27],"tags":[],"class_list":["post-8119","post","type-post","status-publish","format-standard","has-post-thumbnail","hentry","category-novedades"],"acf":[],"yoast_head":"<!-- This site is optimized with the Yoast SEO plugin v27.3 - https:\/\/yoast.com\/product\/yoast-seo-wordpress\/ -->\n<title>Informe con resultados del Programa de\u00a0Vigilancia\u00a0de Playas % C.A.R.U. imagen<\/title>\n<meta name=\"robots\" content=\"index, follow, max-snippet:-1, max-image-preview:large, max-video-preview:-1\" \/>\n<link rel=\"canonical\" href=\"https:\/\/caru.org.uy\/nuevositio\/2023\/12\/08\/se-publican-los-resultados-del-programa-de-vigilancia-de-playas\/\" \/>\n<meta property=\"og:locale\" content=\"es_ES\" \/>\n<meta property=\"og:type\" content=\"article\" \/>\n<meta property=\"og:title\" content=\"Informe con resultados del Programa de\u00a0Vigilancia\u00a0de Playas % C.A.R.U. imagen\" \/>\n<meta property=\"og:description\" content=\"La Comisi\u00f3n Administradora del R\u00edo Uruguay pone&nbsp;aqu\u00ed&nbsp;a disposici\u00f3n de los interesados, la informaci\u00f3n sobre la calidad del agua de las playas monitoreadas en el marco del \u201cPrograma de Vigilancia de Playas del R\u00edo Uruguay\u201d. La actualizaci\u00f3n de la informaci\u00f3n es semanal desde el mes de diciembre hasta marzo del a\u00f1o pr\u00f3ximo. De acuerdo a sus [&hellip;]\" \/>\n<meta property=\"og:url\" content=\"https:\/\/caru.org.uy\/nuevositio\/2023\/12\/08\/se-publican-los-resultados-del-programa-de-vigilancia-de-playas\/\" \/>\n<meta property=\"og:site_name\" content=\"C.A.R.U.\" \/>\n<meta property=\"article:published_time\" content=\"2023-12-08T10:08:00+00:00\" \/>\n<meta property=\"article:modified_time\" content=\"2025-06-04T14:22:59+00:00\" \/>\n<meta property=\"og:image\" content=\"https:\/\/caru.org.uy\/nuevositio\/wp-content\/uploads\/2023\/12\/vigilancia-de-playas-10.jpg\" \/>\n\t<meta property=\"og:image:width\" content=\"1600\" \/>\n\t<meta property=\"og:image:height\" content=\"1204\" \/>\n\t<meta property=\"og:image:type\" content=\"image\/jpeg\" \/>\n<meta name=\"author\" content=\"Noma\" \/>\n<meta name=\"twitter:card\" content=\"summary_large_image\" \/>\n<meta name=\"twitter:label1\" content=\"Escrito por\" \/>\n\t<meta name=\"twitter:data1\" content=\"Noma\" \/>\n\t<meta name=\"twitter:label2\" content=\"Tiempo de lectura\" \/>\n\t<meta name=\"twitter:data2\" content=\"3 minutos\" \/>\n<script type=\"application\/ld+json\" class=\"yoast-schema-graph\">{\"@context\":\"https:\\\/\\\/schema.org\",\"@graph\":[{\"@type\":[\"Article\",\"BlogPosting\"],\"@id\":\"https:\\\/\\\/caru.org.uy\\\/nuevositio\\\/2023\\\/12\\\/08\\\/se-publican-los-resultados-del-programa-de-vigilancia-de-playas\\\/#article\",\"isPartOf\":{\"@id\":\"https:\\\/\\\/caru.org.uy\\\/nuevositio\\\/2023\\\/12\\\/08\\\/se-publican-los-resultados-del-programa-de-vigilancia-de-playas\\\/\"},\"author\":{\"name\":\"Noma\",\"@id\":\"https:\\\/\\\/caru.org.uy\\\/nuevositio\\\/#\\\/schema\\\/person\\\/9a11b7bc115602d2066d4c695b2aa3e5\"},\"headline\":\"Informe con resultados del Programa de\u00a0Vigilancia\u00a0de Playas\",\"datePublished\":\"2023-12-08T10:08:00+00:00\",\"dateModified\":\"2025-06-04T14:22:59+00:00\",\"mainEntityOfPage\":{\"@id\":\"https:\\\/\\\/caru.org.uy\\\/nuevositio\\\/2023\\\/12\\\/08\\\/se-publican-los-resultados-del-programa-de-vigilancia-de-playas\\\/\"},\"wordCount\":419,\"publisher\":{\"@id\":\"https:\\\/\\\/caru.org.uy\\\/nuevositio\\\/#organization\"},\"image\":{\"@id\":\"https:\\\/\\\/caru.org.uy\\\/nuevositio\\\/2023\\\/12\\\/08\\\/se-publican-los-resultados-del-programa-de-vigilancia-de-playas\\\/#primaryimage\"},\"thumbnailUrl\":\"https:\\\/\\\/caru.org.uy\\\/nuevositio\\\/wp-content\\\/uploads\\\/2023\\\/12\\\/vigilancia-de-playas-10.jpg\",\"articleSection\":[\"Novedades\"],\"inLanguage\":\"es\"},{\"@type\":\"WebPage\",\"@id\":\"https:\\\/\\\/caru.org.uy\\\/nuevositio\\\/2023\\\/12\\\/08\\\/se-publican-los-resultados-del-programa-de-vigilancia-de-playas\\\/\",\"url\":\"https:\\\/\\\/caru.org.uy\\\/nuevositio\\\/2023\\\/12\\\/08\\\/se-publican-los-resultados-del-programa-de-vigilancia-de-playas\\\/\",\"name\":\"Informe con resultados del Programa de\u00a0Vigilancia\u00a0de Playas % C.A.R.U. imagen\",\"isPartOf\":{\"@id\":\"https:\\\/\\\/caru.org.uy\\\/nuevositio\\\/#website\"},\"primaryImageOfPage\":{\"@id\":\"https:\\\/\\\/caru.org.uy\\\/nuevositio\\\/2023\\\/12\\\/08\\\/se-publican-los-resultados-del-programa-de-vigilancia-de-playas\\\/#primaryimage\"},\"image\":{\"@id\":\"https:\\\/\\\/caru.org.uy\\\/nuevositio\\\/2023\\\/12\\\/08\\\/se-publican-los-resultados-del-programa-de-vigilancia-de-playas\\\/#primaryimage\"},\"thumbnailUrl\":\"https:\\\/\\\/caru.org.uy\\\/nuevositio\\\/wp-content\\\/uploads\\\/2023\\\/12\\\/vigilancia-de-playas-10.jpg\",\"datePublished\":\"2023-12-08T10:08:00+00:00\",\"dateModified\":\"2025-06-04T14:22:59+00:00\",\"breadcrumb\":{\"@id\":\"https:\\\/\\\/caru.org.uy\\\/nuevositio\\\/2023\\\/12\\\/08\\\/se-publican-los-resultados-del-programa-de-vigilancia-de-playas\\\/#breadcrumb\"},\"inLanguage\":\"es\",\"potentialAction\":[{\"@type\":\"ReadAction\",\"target\":[\"https:\\\/\\\/caru.org.uy\\\/nuevositio\\\/2023\\\/12\\\/08\\\/se-publican-los-resultados-del-programa-de-vigilancia-de-playas\\\/\"]}]},{\"@type\":\"ImageObject\",\"inLanguage\":\"es\",\"@id\":\"https:\\\/\\\/caru.org.uy\\\/nuevositio\\\/2023\\\/12\\\/08\\\/se-publican-los-resultados-del-programa-de-vigilancia-de-playas\\\/#primaryimage\",\"url\":\"https:\\\/\\\/caru.org.uy\\\/nuevositio\\\/wp-content\\\/uploads\\\/2023\\\/12\\\/vigilancia-de-playas-10.jpg\",\"contentUrl\":\"https:\\\/\\\/caru.org.uy\\\/nuevositio\\\/wp-content\\\/uploads\\\/2023\\\/12\\\/vigilancia-de-playas-10.jpg\",\"width\":1600,\"height\":1204},{\"@type\":\"BreadcrumbList\",\"@id\":\"https:\\\/\\\/caru.org.uy\\\/nuevositio\\\/2023\\\/12\\\/08\\\/se-publican-los-resultados-del-programa-de-vigilancia-de-playas\\\/#breadcrumb\",\"itemListElement\":[{\"@type\":\"ListItem\",\"position\":1,\"name\":\"Portada\",\"item\":\"https:\\\/\\\/caru.org.uy\\\/nuevositio\\\/\"},{\"@type\":\"ListItem\",\"position\":2,\"name\":\"Informe con resultados del Programa de\u00a0Vigilancia\u00a0de Playas\"}]},{\"@type\":\"WebSite\",\"@id\":\"https:\\\/\\\/caru.org.uy\\\/nuevositio\\\/#website\",\"url\":\"https:\\\/\\\/caru.org.uy\\\/nuevositio\\\/\",\"name\":\"C.A.R.U.\",\"description\":\"Comisi\u00f3n Administradora del R\u00edo Uruguay\",\"publisher\":{\"@id\":\"https:\\\/\\\/caru.org.uy\\\/nuevositio\\\/#organization\"},\"potentialAction\":[{\"@type\":\"SearchAction\",\"target\":{\"@type\":\"EntryPoint\",\"urlTemplate\":\"https:\\\/\\\/caru.org.uy\\\/nuevositio\\\/?s={search_term_string}\"},\"query-input\":{\"@type\":\"PropertyValueSpecification\",\"valueRequired\":true,\"valueName\":\"search_term_string\"}}],\"inLanguage\":\"es\"},{\"@type\":\"Organization\",\"@id\":\"https:\\\/\\\/caru.org.uy\\\/nuevositio\\\/#organization\",\"name\":\"C.A.R.U.\",\"url\":\"https:\\\/\\\/caru.org.uy\\\/nuevositio\\\/\",\"logo\":{\"@type\":\"ImageObject\",\"inLanguage\":\"es\",\"@id\":\"https:\\\/\\\/caru.org.uy\\\/nuevositio\\\/#\\\/schema\\\/logo\\\/image\\\/\",\"url\":\"https:\\\/\\\/caru.org.uy\\\/nuevositio\\\/wp-content\\\/uploads\\\/2023\\\/11\\\/logo-nuevo.jpg\",\"contentUrl\":\"https:\\\/\\\/caru.org.uy\\\/nuevositio\\\/wp-content\\\/uploads\\\/2023\\\/11\\\/logo-nuevo.jpg\",\"width\":1,\"height\":1,\"caption\":\"C.A.R.U.\"},\"image\":{\"@id\":\"https:\\\/\\\/caru.org.uy\\\/nuevositio\\\/#\\\/schema\\\/logo\\\/image\\\/\"}},{\"@type\":\"Person\",\"@id\":\"https:\\\/\\\/caru.org.uy\\\/nuevositio\\\/#\\\/schema\\\/person\\\/9a11b7bc115602d2066d4c695b2aa3e5\",\"name\":\"Noma\",\"image\":{\"@type\":\"ImageObject\",\"inLanguage\":\"es\",\"@id\":\"https:\\\/\\\/secure.gravatar.com\\\/avatar\\\/8b0eb2764fe524b07cdc015df29e7576c061e58c50641dd8ccc46d3d448307e5?s=96&d=mm&r=g\",\"url\":\"https:\\\/\\\/secure.gravatar.com\\\/avatar\\\/8b0eb2764fe524b07cdc015df29e7576c061e58c50641dd8ccc46d3d448307e5?s=96&d=mm&r=g\",\"contentUrl\":\"https:\\\/\\\/secure.gravatar.com\\\/avatar\\\/8b0eb2764fe524b07cdc015df29e7576c061e58c50641dd8ccc46d3d448307e5?s=96&d=mm&r=g\",\"caption\":\"Noma\"},\"url\":\"https:\\\/\\\/caru.org.uy\\\/nuevositio\\\/author\\\/admin\\\/\"}]}<\/script>\n<!-- \/ Yoast SEO plugin. -->","yoast_head_json":{"title":"Informe con resultados del Programa de\u00a0Vigilancia\u00a0de Playas % C.A.R.U. imagen","robots":{"index":"index","follow":"follow","max-snippet":"max-snippet:-1","max-image-preview":"max-image-preview:large","max-video-preview":"max-video-preview:-1"},"canonical":"https:\/\/caru.org.uy\/nuevositio\/2023\/12\/08\/se-publican-los-resultados-del-programa-de-vigilancia-de-playas\/","og_locale":"es_ES","og_type":"article","og_title":"Informe con resultados del Programa de\u00a0Vigilancia\u00a0de Playas % C.A.R.U. imagen","og_description":"La Comisi\u00f3n Administradora del R\u00edo Uruguay pone&nbsp;aqu\u00ed&nbsp;a disposici\u00f3n de los interesados, la informaci\u00f3n sobre la calidad del agua de las playas monitoreadas en el marco del \u201cPrograma de Vigilancia de Playas del R\u00edo Uruguay\u201d. La actualizaci\u00f3n de la informaci\u00f3n es semanal desde el mes de diciembre hasta marzo del a\u00f1o pr\u00f3ximo. De acuerdo a sus [&hellip;]","og_url":"https:\/\/caru.org.uy\/nuevositio\/2023\/12\/08\/se-publican-los-resultados-del-programa-de-vigilancia-de-playas\/","og_site_name":"C.A.R.U.","article_published_time":"2023-12-08T10:08:00+00:00","article_modified_time":"2025-06-04T14:22:59+00:00","og_image":[{"width":1600,"height":1204,"url":"https:\/\/caru.org.uy\/nuevositio\/wp-content\/uploads\/2023\/12\/vigilancia-de-playas-10.jpg","type":"image\/jpeg"}],"author":"Noma","twitter_card":"summary_large_image","twitter_misc":{"Escrito por":"Noma","Tiempo de lectura":"3 minutos"},"schema":{"@context":"https:\/\/schema.org","@graph":[{"@type":["Article","BlogPosting"],"@id":"https:\/\/caru.org.uy\/nuevositio\/2023\/12\/08\/se-publican-los-resultados-del-programa-de-vigilancia-de-playas\/#article","isPartOf":{"@id":"https:\/\/caru.org.uy\/nuevositio\/2023\/12\/08\/se-publican-los-resultados-del-programa-de-vigilancia-de-playas\/"},"author":{"name":"Noma","@id":"https:\/\/caru.org.uy\/nuevositio\/#\/schema\/person\/9a11b7bc115602d2066d4c695b2aa3e5"},"headline":"Informe con resultados del Programa de\u00a0Vigilancia\u00a0de Playas","datePublished":"2023-12-08T10:08:00+00:00","dateModified":"2025-06-04T14:22:59+00:00","mainEntityOfPage":{"@id":"https:\/\/caru.org.uy\/nuevositio\/2023\/12\/08\/se-publican-los-resultados-del-programa-de-vigilancia-de-playas\/"},"wordCount":419,"publisher":{"@id":"https:\/\/caru.org.uy\/nuevositio\/#organization"},"image":{"@id":"https:\/\/caru.org.uy\/nuevositio\/2023\/12\/08\/se-publican-los-resultados-del-programa-de-vigilancia-de-playas\/#primaryimage"},"thumbnailUrl":"https:\/\/caru.org.uy\/nuevositio\/wp-content\/uploads\/2023\/12\/vigilancia-de-playas-10.jpg","articleSection":["Novedades"],"inLanguage":"es"},{"@type":"WebPage","@id":"https:\/\/caru.org.uy\/nuevositio\/2023\/12\/08\/se-publican-los-resultados-del-programa-de-vigilancia-de-playas\/","url":"https:\/\/caru.org.uy\/nuevositio\/2023\/12\/08\/se-publican-los-resultados-del-programa-de-vigilancia-de-playas\/","name":"Informe con resultados del Programa de\u00a0Vigilancia\u00a0de Playas % C.A.R.U. imagen","isPartOf":{"@id":"https:\/\/caru.org.uy\/nuevositio\/#website"},"primaryImageOfPage":{"@id":"https:\/\/caru.org.uy\/nuevositio\/2023\/12\/08\/se-publican-los-resultados-del-programa-de-vigilancia-de-playas\/#primaryimage"},"image":{"@id":"https:\/\/caru.org.uy\/nuevositio\/2023\/12\/08\/se-publican-los-resultados-del-programa-de-vigilancia-de-playas\/#primaryimage"},"thumbnailUrl":"https:\/\/caru.org.uy\/nuevositio\/wp-content\/uploads\/2023\/12\/vigilancia-de-playas-10.jpg","datePublished":"2023-12-08T10:08:00+00:00","dateModified":"2025-06-04T14:22:59+00:00","breadcrumb":{"@id":"https:\/\/caru.org.uy\/nuevositio\/2023\/12\/08\/se-publican-los-resultados-del-programa-de-vigilancia-de-playas\/#breadcrumb"},"inLanguage":"es","potentialAction":[{"@type":"ReadAction","target":["https:\/\/caru.org.uy\/nuevositio\/2023\/12\/08\/se-publican-los-resultados-del-programa-de-vigilancia-de-playas\/"]}]},{"@type":"ImageObject","inLanguage":"es","@id":"https:\/\/caru.org.uy\/nuevositio\/2023\/12\/08\/se-publican-los-resultados-del-programa-de-vigilancia-de-playas\/#primaryimage","url":"https:\/\/caru.org.uy\/nuevositio\/wp-content\/uploads\/2023\/12\/vigilancia-de-playas-10.jpg","contentUrl":"https:\/\/caru.org.uy\/nuevositio\/wp-content\/uploads\/2023\/12\/vigilancia-de-playas-10.jpg","width":1600,"height":1204},{"@type":"BreadcrumbList","@id":"https:\/\/caru.org.uy\/nuevositio\/2023\/12\/08\/se-publican-los-resultados-del-programa-de-vigilancia-de-playas\/#breadcrumb","itemListElement":[{"@type":"ListItem","position":1,"name":"Portada","item":"https:\/\/caru.org.uy\/nuevositio\/"},{"@type":"ListItem","position":2,"name":"Informe con resultados del Programa de\u00a0Vigilancia\u00a0de Playas"}]},{"@type":"WebSite","@id":"https:\/\/caru.org.uy\/nuevositio\/#website","url":"https:\/\/caru.org.uy\/nuevositio\/","name":"C.A.R.U.","description":"Comisi\u00f3n Administradora del R\u00edo Uruguay","publisher":{"@id":"https:\/\/caru.org.uy\/nuevositio\/#organization"},"potentialAction":[{"@type":"SearchAction","target":{"@type":"EntryPoint","urlTemplate":"https:\/\/caru.org.uy\/nuevositio\/?s={search_term_string}"},"query-input":{"@type":"PropertyValueSpecification","valueRequired":true,"valueName":"search_term_string"}}],"inLanguage":"es"},{"@type":"Organization","@id":"https:\/\/caru.org.uy\/nuevositio\/#organization","name":"C.A.R.U.","url":"https:\/\/caru.org.uy\/nuevositio\/","logo":{"@type":"ImageObject","inLanguage":"es","@id":"https:\/\/caru.org.uy\/nuevositio\/#\/schema\/logo\/image\/","url":"https:\/\/caru.org.uy\/nuevositio\/wp-content\/uploads\/2023\/11\/logo-nuevo.jpg","contentUrl":"https:\/\/caru.org.uy\/nuevositio\/wp-content\/uploads\/2023\/11\/logo-nuevo.jpg","width":1,"height":1,"caption":"C.A.R.U."},"image":{"@id":"https:\/\/caru.org.uy\/nuevositio\/#\/schema\/logo\/image\/"}},{"@type":"Person","@id":"https:\/\/caru.org.uy\/nuevositio\/#\/schema\/person\/9a11b7bc115602d2066d4c695b2aa3e5","name":"Noma","image":{"@type":"ImageObject","inLanguage":"es","@id":"https:\/\/secure.gravatar.com\/avatar\/8b0eb2764fe524b07cdc015df29e7576c061e58c50641dd8ccc46d3d448307e5?s=96&d=mm&r=g","url":"https:\/\/secure.gravatar.com\/avatar\/8b0eb2764fe524b07cdc015df29e7576c061e58c50641dd8ccc46d3d448307e5?s=96&d=mm&r=g","contentUrl":"https:\/\/secure.gravatar.com\/avatar\/8b0eb2764fe524b07cdc015df29e7576c061e58c50641dd8ccc46d3d448307e5?s=96&d=mm&r=g","caption":"Noma"},"url":"https:\/\/caru.org.uy\/nuevositio\/author\/admin\/"}]}},"_links":{"self":[{"href":"https:\/\/caru.org.uy\/nuevositio\/wp-json\/wp\/v2\/posts\/8119","targetHints":{"allow":["GET"]}}],"collection":[{"href":"https:\/\/caru.org.uy\/nuevositio\/wp-json\/wp\/v2\/posts"}],"about":[{"href":"https:\/\/caru.org.uy\/nuevositio\/wp-json\/wp\/v2\/types\/post"}],"author":[{"embeddable":true,"href":"https:\/\/caru.org.uy\/nuevositio\/wp-json\/wp\/v2\/users\/1"}],"replies":[{"embeddable":true,"href":"https:\/\/caru.org.uy\/nuevositio\/wp-json\/wp\/v2\/comments?post=8119"}],"version-history":[{"count":5,"href":"https:\/\/caru.org.uy\/nuevositio\/wp-json\/wp\/v2\/posts\/8119\/revisions"}],"predecessor-version":[{"id":11128,"href":"https:\/\/caru.org.uy\/nuevositio\/wp-json\/wp\/v2\/posts\/8119\/revisions\/11128"}],"wp:featuredmedia":[{"embeddable":true,"href":"https:\/\/caru.org.uy\/nuevositio\/wp-json\/wp\/v2\/media\/9203"}],"wp:attachment":[{"href":"https:\/\/caru.org.uy\/nuevositio\/wp-json\/wp\/v2\/media?parent=8119"}],"wp:term":[{"taxonomy":"category","embeddable":true,"href":"https:\/\/caru.org.uy\/nuevositio\/wp-json\/wp\/v2\/categories?post=8119"},{"taxonomy":"post_tag","embeddable":true,"href":"https:\/\/caru.org.uy\/nuevositio\/wp-json\/wp\/v2\/tags?post=8119"}],"curies":[{"name":"wp","href":"https:\/\/api.w.org\/{rel}","templated":true}]}}