{"id":8264,"date":"2023-07-20T05:17:00","date_gmt":"2023-07-20T05:17:00","guid":{"rendered":"https:\/\/caru.org.uy\/nuevositio\/?p=8264"},"modified":"2023-11-14T15:06:22","modified_gmt":"2023-11-14T15:06:22","slug":"navegabilidad-del-rio-uruguay-inician-estudio-de-impacto-ambiental-y-social","status":"publish","type":"post","link":"https:\/\/caru.org.uy\/nuevositio\/2023\/07\/20\/navegabilidad-del-rio-uruguay-inician-estudio-de-impacto-ambiental-y-social\/","title":{"rendered":"Navegabilidad del R\u00edo Uruguay: Inician Estudio de Impacto Ambiental y Social"},"content":{"rendered":"\t\t<div data-elementor-type=\"wp-post\" data-elementor-id=\"8264\" class=\"elementor elementor-8264\" data-elementor-post-type=\"post\">\n\t\t\t\t\t\t<section class=\"elementor-section elementor-top-section elementor-element elementor-element-310f2e95 elementor-section-boxed elementor-section-height-default elementor-section-height-default\" data-id=\"310f2e95\" data-element_type=\"section\" data-e-type=\"section\" data-settings=\"{&quot;jet_parallax_layout_list&quot;:[]}\">\n\t\t\t\t\t\t<div class=\"elementor-container elementor-column-gap-default\">\n\t\t\t\t\t<div class=\"elementor-column elementor-col-100 elementor-top-column elementor-element elementor-element-194c613d\" data-id=\"194c613d\" data-element_type=\"column\" data-e-type=\"column\">\n\t\t\t<div class=\"elementor-widget-wrap elementor-element-populated\">\n\t\t\t\t\t\t<div class=\"elementor-element elementor-element-69c1c7b9 elementor-widget elementor-widget-text-editor\" data-id=\"69c1c7b9\" data-element_type=\"widget\" data-e-type=\"widget\" data-widget_type=\"text-editor.default\">\n\t\t\t\t<div class=\"elementor-widget-container\">\n\t\t\t\t\t\t\t\t\t\n<p>La Comisi\u00f3n Administradora del R\u00edo Uruguay lleva a cabo un Estudio de Impacto Ambiental y Social para valorar la factibilidad del proyecto que busca extender la navegaci\u00f3n comercial en el tramo comprendido desde Paysand\u00fa-Col\u00f3n a Concordia-Salto. Las tareas est\u00e1n a cargo de un equipo de expertos conformado por argentinos y uruguayos.<\/p>\n\n\n\n<p>Coordinado y supervisado por CARU, se lleva adelante el Estudio de Impacto Ambiental del proyecto \u201cDise\u00f1o Actualizado del Canal de Navegaci\u00f3n del Tramo Paysand\u00fa \u2013 Col\u00f3n en el Km 207,8 a Concordia \u2013 Salto en el km 336,3, incluyendo el dragado del Paso San Francisco y balizamiento del r\u00edo Uruguay en todo el tramo\u201d. Dicho proyecto fue elaborado con el criterio rector de \u201caprovechar al m\u00e1ximo las condiciones naturales del r\u00edo y efectuar las m\u00ednimas intervenciones necesarias\u201d.<\/p>\n\n\n\n<p>La navegaci\u00f3n comercial crece y se extiende desde el oc\u00e9ano hacia aguas arriba hasta Concepci\u00f3n del Uruguay y Paysand\u00fa. El tramo desde Col\u00f3n-Paysand\u00fa a Concordia-Salto, presenta hoy limitaciones, requiriendo mejoras, especialmente de profundidad en el Paso San Francisco, frente a la localidad de Col\u00f3n y de se\u00f1alizaci\u00f3n -que es deficiente- en todo el tramo (128,5 km).<\/p>\n\n\n\n<p>Ante esta situaci\u00f3n y atendiendo a directivas recibidas por Acuerdo de los Gobiernos de Argentina y Uruguay y, frente al planteo de gobiernos locales como as\u00ed tambi\u00e9n de diferentes actores de la sociedad, se define desarrollar el proyecto de mejoramiento del canal de navegaci\u00f3n en el tramo Paysand\u00fa-Col\u00f3n (km 207,8) \u2013 Salto-Concordia (km 336,3) del R\u00edo Uruguay y evaluar los impactos ambientales y sociales.<\/p>\n\n\n\n<p>Para ello, el Estudio de Impacto Ambiental cuenta con un equipo interdisciplinario que realiza el relevamiento y caracterizaci\u00f3n del ambiente natural y social en el que se propone el proyecto, estudia los elementos m\u00e1s sensibles e incluye un proceso de participaci\u00f3n ciudadana para informar a la comunidad y valorar sus opiniones.<\/p>\n\n\n\n<p>Para las instancias de di\u00e1logo y consulta con las comunidades ribere\u00f1as se realizar\u00e1n talleres participativos y jornadas abiertas a fin de receptar inquietudes y se dispondr\u00e1 de una consulta virtual.<\/p>\n\n\n\n<p>Cabe destacar que el proyecto busca subsanar dos dificultades identificadas para la habilitaci\u00f3n de la navegaci\u00f3n comercial en ese tramo: falta de profundidad en el Paso San Francisco y la vulnerabilidad del sistema de balizamiento tradicional que sufre las importantes y frecuentes variaciones de nivel y corrientes en la zona.<\/p>\n\n\n\n<p>Para ello se propone dragado de 2,3 km en la zona indicada; la navegaci\u00f3n en convoyes reducidos, constituidos por un empujador y dos barcazas, con un calado m\u00e1ximo de ocho pies (2,44 m). Adem\u00e1s, se indica la reposici\u00f3n de las boyas se\u00f1alizadoras del canal navegable en todo el tramo (128,5 km) y la instalaci\u00f3n de un sistema complementario de ayuda virtual a la navegaci\u00f3n que mediante se\u00f1ales electr\u00f3nicas permite mejorar la se\u00f1alizaci\u00f3n y conocer la localizaci\u00f3n de las embarcaciones en tiempo real. Cabe destacar que la incorporaci\u00f3n de esta tecnolog\u00eda resulta un hecho novedoso y muy significativo para la regi\u00f3n.<\/p>\n\n\n\n<p>Las intervenciones propuestas en la infraestructura, beneficiar\u00e1n tambi\u00e9n a las actividades tur\u00edsticas, deportivas y recreativas vinculadas al r\u00edo, mejoras que redundar\u00e1n en la generaci\u00f3n de empleo y en las condiciones de vida para la poblaci\u00f3n.<\/p>\n\n\n\n<p>La CARU promueve la participaci\u00f3n p\u00fablica para que la ciudadan\u00eda conozca y valore el proyecto de \u201cDise\u00f1o Actualizado del Canal de Navegaci\u00f3n del Tramo Paysand\u00fa \u2013 Col\u00f3n en el Km 207,8 a Concordia \u2013 Salto en el km 336,3, incluyendo el dragado del Paso San Francisco y balizamiento del r\u00edo Uruguay en todo el tramo\u201d. La consulta se da en el marco del Estudio de Impacto Ambiental y Social que se est\u00e1 llevando adelante.<\/p>\n\n\n\n<p>La Comisi\u00f3n Administradora del R\u00edo Uruguay informa que desde el 20 al 31 de julio permanecer\u00e1 abierta la consulta virtual que forma parte del Plan de participaci\u00f3n del Estudio de Impacto Ambiental y Social.<\/p>\n\n\n\n<p><a href=\"https:\/\/www.caru.org.uy\/web\/wp-content\/uploads\/2023\/07\/20230714-Anexo-III-Material-de-divulgacion.pdf\">Acceder al Material de Divulgaci\u00f3n<\/a><\/p>\n\n\n\n<p><a href=\"https:\/\/forms.gle\/D379ABQmocqciaEV9\">Acceder a la misma ingresar al siguiente formulario<\/a><\/p>\n\t\t\t\t\t\t\t\t<\/div>\n\t\t\t\t<\/div>\n\t\t\t\t\t<\/div>\n\t\t<\/div>\n\t\t\t\t\t<\/div>\n\t\t<\/section>\n\t\t\t\t<\/div>\n\t\t","protected":false},"excerpt":{"rendered":"<p>La Comisi\u00f3n Administradora del R\u00edo Uruguay lleva a cabo un Estudio de Impacto Ambiental y Social para valorar la factibilidad del proyecto que busca extender la navegaci\u00f3n comercial en el tramo comprendido desde Paysand\u00fa-Col\u00f3n a Concordia-Salto. Las tareas est\u00e1n a cargo de un equipo de expertos conformado por argentinos y uruguayos. Coordinado y supervisado por [&hellip;]<\/p>\n","protected":false},"author":1,"featured_media":8265,"comment_status":"closed","ping_status":"open","sticky":false,"template":"","format":"standard","meta":{"_acf_changed":false,"_joinchat":[],"footnotes":""},"categories":[37,27],"tags":[],"class_list":["post-8264","post","type-post","status-publish","format-standard","has-post-thumbnail","hentry","category-noticias","category-novedades"],"acf":[],"yoast_head":"<!-- This site is optimized with the Yoast SEO plugin v27.3 - https:\/\/yoast.com\/product\/yoast-seo-wordpress\/ -->\n<title>Navegabilidad del R\u00edo Uruguay: Inician Estudio de Impacto Ambiental y Social % C.A.R.U. imagen<\/title>\n<meta name=\"robots\" content=\"index, follow, max-snippet:-1, max-image-preview:large, max-video-preview:-1\" \/>\n<link rel=\"canonical\" href=\"https:\/\/caru.org.uy\/nuevositio\/2023\/07\/20\/navegabilidad-del-rio-uruguay-inician-estudio-de-impacto-ambiental-y-social\/\" \/>\n<meta property=\"og:locale\" content=\"es_ES\" \/>\n<meta property=\"og:type\" content=\"article\" \/>\n<meta property=\"og:title\" content=\"Navegabilidad del R\u00edo Uruguay: Inician Estudio de Impacto Ambiental y Social % C.A.R.U. imagen\" \/>\n<meta property=\"og:description\" content=\"La Comisi\u00f3n Administradora del R\u00edo Uruguay lleva a cabo un Estudio de Impacto Ambiental y Social para valorar la factibilidad del proyecto que busca extender la navegaci\u00f3n comercial en el tramo comprendido desde Paysand\u00fa-Col\u00f3n a Concordia-Salto. Las tareas est\u00e1n a cargo de un equipo de expertos conformado por argentinos y uruguayos. Coordinado y supervisado por [&hellip;]\" \/>\n<meta property=\"og:url\" content=\"https:\/\/caru.org.uy\/nuevositio\/2023\/07\/20\/navegabilidad-del-rio-uruguay-inician-estudio-de-impacto-ambiental-y-social\/\" \/>\n<meta property=\"og:site_name\" content=\"C.A.R.U.\" \/>\n<meta property=\"article:published_time\" content=\"2023-07-20T05:17:00+00:00\" \/>\n<meta property=\"article:modified_time\" content=\"2023-11-14T15:06:22+00:00\" \/>\n<meta property=\"og:image\" content=\"https:\/\/caru.org.uy\/nuevositio\/wp-content\/uploads\/2023\/10\/Propuesta-19-scaled.jpg\" \/>\n\t<meta property=\"og:image:width\" content=\"2560\" \/>\n\t<meta property=\"og:image:height\" content=\"1438\" \/>\n\t<meta property=\"og:image:type\" content=\"image\/jpeg\" \/>\n<meta name=\"author\" content=\"Noma\" \/>\n<meta name=\"twitter:card\" content=\"summary_large_image\" \/>\n<meta name=\"twitter:label1\" content=\"Escrito por\" \/>\n\t<meta name=\"twitter:data1\" content=\"Noma\" \/>\n\t<meta name=\"twitter:label2\" content=\"Tiempo de lectura\" \/>\n\t<meta name=\"twitter:data2\" content=\"3 minutos\" \/>\n<script type=\"application\/ld+json\" class=\"yoast-schema-graph\">{\"@context\":\"https:\\\/\\\/schema.org\",\"@graph\":[{\"@type\":[\"Article\",\"BlogPosting\"],\"@id\":\"https:\\\/\\\/caru.org.uy\\\/nuevositio\\\/2023\\\/07\\\/20\\\/navegabilidad-del-rio-uruguay-inician-estudio-de-impacto-ambiental-y-social\\\/#article\",\"isPartOf\":{\"@id\":\"https:\\\/\\\/caru.org.uy\\\/nuevositio\\\/2023\\\/07\\\/20\\\/navegabilidad-del-rio-uruguay-inician-estudio-de-impacto-ambiental-y-social\\\/\"},\"author\":{\"name\":\"Noma\",\"@id\":\"https:\\\/\\\/caru.org.uy\\\/nuevositio\\\/#\\\/schema\\\/person\\\/9a11b7bc115602d2066d4c695b2aa3e5\"},\"headline\":\"Navegabilidad del R\u00edo Uruguay: Inician Estudio de Impacto Ambiental y Social\",\"datePublished\":\"2023-07-20T05:17:00+00:00\",\"dateModified\":\"2023-11-14T15:06:22+00:00\",\"mainEntityOfPage\":{\"@id\":\"https:\\\/\\\/caru.org.uy\\\/nuevositio\\\/2023\\\/07\\\/20\\\/navegabilidad-del-rio-uruguay-inician-estudio-de-impacto-ambiental-y-social\\\/\"},\"wordCount\":697,\"publisher\":{\"@id\":\"https:\\\/\\\/caru.org.uy\\\/nuevositio\\\/#organization\"},\"image\":{\"@id\":\"https:\\\/\\\/caru.org.uy\\\/nuevositio\\\/2023\\\/07\\\/20\\\/navegabilidad-del-rio-uruguay-inician-estudio-de-impacto-ambiental-y-social\\\/#primaryimage\"},\"thumbnailUrl\":\"https:\\\/\\\/caru.org.uy\\\/nuevositio\\\/wp-content\\\/uploads\\\/2023\\\/10\\\/Propuesta-19-scaled.jpg\",\"articleSection\":[\"Noticias\",\"Novedades\"],\"inLanguage\":\"es\"},{\"@type\":\"WebPage\",\"@id\":\"https:\\\/\\\/caru.org.uy\\\/nuevositio\\\/2023\\\/07\\\/20\\\/navegabilidad-del-rio-uruguay-inician-estudio-de-impacto-ambiental-y-social\\\/\",\"url\":\"https:\\\/\\\/caru.org.uy\\\/nuevositio\\\/2023\\\/07\\\/20\\\/navegabilidad-del-rio-uruguay-inician-estudio-de-impacto-ambiental-y-social\\\/\",\"name\":\"Navegabilidad del R\u00edo Uruguay: Inician Estudio de Impacto Ambiental y Social % C.A.R.U. imagen\",\"isPartOf\":{\"@id\":\"https:\\\/\\\/caru.org.uy\\\/nuevositio\\\/#website\"},\"primaryImageOfPage\":{\"@id\":\"https:\\\/\\\/caru.org.uy\\\/nuevositio\\\/2023\\\/07\\\/20\\\/navegabilidad-del-rio-uruguay-inician-estudio-de-impacto-ambiental-y-social\\\/#primaryimage\"},\"image\":{\"@id\":\"https:\\\/\\\/caru.org.uy\\\/nuevositio\\\/2023\\\/07\\\/20\\\/navegabilidad-del-rio-uruguay-inician-estudio-de-impacto-ambiental-y-social\\\/#primaryimage\"},\"thumbnailUrl\":\"https:\\\/\\\/caru.org.uy\\\/nuevositio\\\/wp-content\\\/uploads\\\/2023\\\/10\\\/Propuesta-19-scaled.jpg\",\"datePublished\":\"2023-07-20T05:17:00+00:00\",\"dateModified\":\"2023-11-14T15:06:22+00:00\",\"breadcrumb\":{\"@id\":\"https:\\\/\\\/caru.org.uy\\\/nuevositio\\\/2023\\\/07\\\/20\\\/navegabilidad-del-rio-uruguay-inician-estudio-de-impacto-ambiental-y-social\\\/#breadcrumb\"},\"inLanguage\":\"es\",\"potentialAction\":[{\"@type\":\"ReadAction\",\"target\":[\"https:\\\/\\\/caru.org.uy\\\/nuevositio\\\/2023\\\/07\\\/20\\\/navegabilidad-del-rio-uruguay-inician-estudio-de-impacto-ambiental-y-social\\\/\"]}]},{\"@type\":\"ImageObject\",\"inLanguage\":\"es\",\"@id\":\"https:\\\/\\\/caru.org.uy\\\/nuevositio\\\/2023\\\/07\\\/20\\\/navegabilidad-del-rio-uruguay-inician-estudio-de-impacto-ambiental-y-social\\\/#primaryimage\",\"url\":\"https:\\\/\\\/caru.org.uy\\\/nuevositio\\\/wp-content\\\/uploads\\\/2023\\\/10\\\/Propuesta-19-scaled.jpg\",\"contentUrl\":\"https:\\\/\\\/caru.org.uy\\\/nuevositio\\\/wp-content\\\/uploads\\\/2023\\\/10\\\/Propuesta-19-scaled.jpg\",\"width\":2560,\"height\":1438},{\"@type\":\"BreadcrumbList\",\"@id\":\"https:\\\/\\\/caru.org.uy\\\/nuevositio\\\/2023\\\/07\\\/20\\\/navegabilidad-del-rio-uruguay-inician-estudio-de-impacto-ambiental-y-social\\\/#breadcrumb\",\"itemListElement\":[{\"@type\":\"ListItem\",\"position\":1,\"name\":\"Portada\",\"item\":\"https:\\\/\\\/caru.org.uy\\\/nuevositio\\\/\"},{\"@type\":\"ListItem\",\"position\":2,\"name\":\"Navegabilidad del R\u00edo Uruguay: Inician Estudio de Impacto Ambiental y Social\"}]},{\"@type\":\"WebSite\",\"@id\":\"https:\\\/\\\/caru.org.uy\\\/nuevositio\\\/#website\",\"url\":\"https:\\\/\\\/caru.org.uy\\\/nuevositio\\\/\",\"name\":\"C.A.R.U.\",\"description\":\"Comisi\u00f3n Administradora del R\u00edo Uruguay\",\"publisher\":{\"@id\":\"https:\\\/\\\/caru.org.uy\\\/nuevositio\\\/#organization\"},\"potentialAction\":[{\"@type\":\"SearchAction\",\"target\":{\"@type\":\"EntryPoint\",\"urlTemplate\":\"https:\\\/\\\/caru.org.uy\\\/nuevositio\\\/?s={search_term_string}\"},\"query-input\":{\"@type\":\"PropertyValueSpecification\",\"valueRequired\":true,\"valueName\":\"search_term_string\"}}],\"inLanguage\":\"es\"},{\"@type\":\"Organization\",\"@id\":\"https:\\\/\\\/caru.org.uy\\\/nuevositio\\\/#organization\",\"name\":\"C.A.R.U.\",\"url\":\"https:\\\/\\\/caru.org.uy\\\/nuevositio\\\/\",\"logo\":{\"@type\":\"ImageObject\",\"inLanguage\":\"es\",\"@id\":\"https:\\\/\\\/caru.org.uy\\\/nuevositio\\\/#\\\/schema\\\/logo\\\/image\\\/\",\"url\":\"https:\\\/\\\/caru.org.uy\\\/nuevositio\\\/wp-content\\\/uploads\\\/2023\\\/11\\\/logo-nuevo.jpg\",\"contentUrl\":\"https:\\\/\\\/caru.org.uy\\\/nuevositio\\\/wp-content\\\/uploads\\\/2023\\\/11\\\/logo-nuevo.jpg\",\"width\":1,\"height\":1,\"caption\":\"C.A.R.U.\"},\"image\":{\"@id\":\"https:\\\/\\\/caru.org.uy\\\/nuevositio\\\/#\\\/schema\\\/logo\\\/image\\\/\"}},{\"@type\":\"Person\",\"@id\":\"https:\\\/\\\/caru.org.uy\\\/nuevositio\\\/#\\\/schema\\\/person\\\/9a11b7bc115602d2066d4c695b2aa3e5\",\"name\":\"Noma\",\"image\":{\"@type\":\"ImageObject\",\"inLanguage\":\"es\",\"@id\":\"https:\\\/\\\/secure.gravatar.com\\\/avatar\\\/8b0eb2764fe524b07cdc015df29e7576c061e58c50641dd8ccc46d3d448307e5?s=96&d=mm&r=g\",\"url\":\"https:\\\/\\\/secure.gravatar.com\\\/avatar\\\/8b0eb2764fe524b07cdc015df29e7576c061e58c50641dd8ccc46d3d448307e5?s=96&d=mm&r=g\",\"contentUrl\":\"https:\\\/\\\/secure.gravatar.com\\\/avatar\\\/8b0eb2764fe524b07cdc015df29e7576c061e58c50641dd8ccc46d3d448307e5?s=96&d=mm&r=g\",\"caption\":\"Noma\"},\"url\":\"https:\\\/\\\/caru.org.uy\\\/nuevositio\\\/author\\\/admin\\\/\"}]}<\/script>\n<!-- \/ Yoast SEO plugin. -->","yoast_head_json":{"title":"Navegabilidad del R\u00edo Uruguay: Inician Estudio de Impacto Ambiental y Social % C.A.R.U. imagen","robots":{"index":"index","follow":"follow","max-snippet":"max-snippet:-1","max-image-preview":"max-image-preview:large","max-video-preview":"max-video-preview:-1"},"canonical":"https:\/\/caru.org.uy\/nuevositio\/2023\/07\/20\/navegabilidad-del-rio-uruguay-inician-estudio-de-impacto-ambiental-y-social\/","og_locale":"es_ES","og_type":"article","og_title":"Navegabilidad del R\u00edo Uruguay: Inician Estudio de Impacto Ambiental y Social % C.A.R.U. imagen","og_description":"La Comisi\u00f3n Administradora del R\u00edo Uruguay lleva a cabo un Estudio de Impacto Ambiental y Social para valorar la factibilidad del proyecto que busca extender la navegaci\u00f3n comercial en el tramo comprendido desde Paysand\u00fa-Col\u00f3n a Concordia-Salto. Las tareas est\u00e1n a cargo de un equipo de expertos conformado por argentinos y uruguayos. Coordinado y supervisado por [&hellip;]","og_url":"https:\/\/caru.org.uy\/nuevositio\/2023\/07\/20\/navegabilidad-del-rio-uruguay-inician-estudio-de-impacto-ambiental-y-social\/","og_site_name":"C.A.R.U.","article_published_time":"2023-07-20T05:17:00+00:00","article_modified_time":"2023-11-14T15:06:22+00:00","og_image":[{"width":2560,"height":1438,"url":"https:\/\/caru.org.uy\/nuevositio\/wp-content\/uploads\/2023\/10\/Propuesta-19-scaled.jpg","type":"image\/jpeg"}],"author":"Noma","twitter_card":"summary_large_image","twitter_misc":{"Escrito por":"Noma","Tiempo de lectura":"3 minutos"},"schema":{"@context":"https:\/\/schema.org","@graph":[{"@type":["Article","BlogPosting"],"@id":"https:\/\/caru.org.uy\/nuevositio\/2023\/07\/20\/navegabilidad-del-rio-uruguay-inician-estudio-de-impacto-ambiental-y-social\/#article","isPartOf":{"@id":"https:\/\/caru.org.uy\/nuevositio\/2023\/07\/20\/navegabilidad-del-rio-uruguay-inician-estudio-de-impacto-ambiental-y-social\/"},"author":{"name":"Noma","@id":"https:\/\/caru.org.uy\/nuevositio\/#\/schema\/person\/9a11b7bc115602d2066d4c695b2aa3e5"},"headline":"Navegabilidad del R\u00edo Uruguay: Inician Estudio de Impacto Ambiental y Social","datePublished":"2023-07-20T05:17:00+00:00","dateModified":"2023-11-14T15:06:22+00:00","mainEntityOfPage":{"@id":"https:\/\/caru.org.uy\/nuevositio\/2023\/07\/20\/navegabilidad-del-rio-uruguay-inician-estudio-de-impacto-ambiental-y-social\/"},"wordCount":697,"publisher":{"@id":"https:\/\/caru.org.uy\/nuevositio\/#organization"},"image":{"@id":"https:\/\/caru.org.uy\/nuevositio\/2023\/07\/20\/navegabilidad-del-rio-uruguay-inician-estudio-de-impacto-ambiental-y-social\/#primaryimage"},"thumbnailUrl":"https:\/\/caru.org.uy\/nuevositio\/wp-content\/uploads\/2023\/10\/Propuesta-19-scaled.jpg","articleSection":["Noticias","Novedades"],"inLanguage":"es"},{"@type":"WebPage","@id":"https:\/\/caru.org.uy\/nuevositio\/2023\/07\/20\/navegabilidad-del-rio-uruguay-inician-estudio-de-impacto-ambiental-y-social\/","url":"https:\/\/caru.org.uy\/nuevositio\/2023\/07\/20\/navegabilidad-del-rio-uruguay-inician-estudio-de-impacto-ambiental-y-social\/","name":"Navegabilidad del R\u00edo Uruguay: Inician Estudio de Impacto Ambiental y Social % C.A.R.U. imagen","isPartOf":{"@id":"https:\/\/caru.org.uy\/nuevositio\/#website"},"primaryImageOfPage":{"@id":"https:\/\/caru.org.uy\/nuevositio\/2023\/07\/20\/navegabilidad-del-rio-uruguay-inician-estudio-de-impacto-ambiental-y-social\/#primaryimage"},"image":{"@id":"https:\/\/caru.org.uy\/nuevositio\/2023\/07\/20\/navegabilidad-del-rio-uruguay-inician-estudio-de-impacto-ambiental-y-social\/#primaryimage"},"thumbnailUrl":"https:\/\/caru.org.uy\/nuevositio\/wp-content\/uploads\/2023\/10\/Propuesta-19-scaled.jpg","datePublished":"2023-07-20T05:17:00+00:00","dateModified":"2023-11-14T15:06:22+00:00","breadcrumb":{"@id":"https:\/\/caru.org.uy\/nuevositio\/2023\/07\/20\/navegabilidad-del-rio-uruguay-inician-estudio-de-impacto-ambiental-y-social\/#breadcrumb"},"inLanguage":"es","potentialAction":[{"@type":"ReadAction","target":["https:\/\/caru.org.uy\/nuevositio\/2023\/07\/20\/navegabilidad-del-rio-uruguay-inician-estudio-de-impacto-ambiental-y-social\/"]}]},{"@type":"ImageObject","inLanguage":"es","@id":"https:\/\/caru.org.uy\/nuevositio\/2023\/07\/20\/navegabilidad-del-rio-uruguay-inician-estudio-de-impacto-ambiental-y-social\/#primaryimage","url":"https:\/\/caru.org.uy\/nuevositio\/wp-content\/uploads\/2023\/10\/Propuesta-19-scaled.jpg","contentUrl":"https:\/\/caru.org.uy\/nuevositio\/wp-content\/uploads\/2023\/10\/Propuesta-19-scaled.jpg","width":2560,"height":1438},{"@type":"BreadcrumbList","@id":"https:\/\/caru.org.uy\/nuevositio\/2023\/07\/20\/navegabilidad-del-rio-uruguay-inician-estudio-de-impacto-ambiental-y-social\/#breadcrumb","itemListElement":[{"@type":"ListItem","position":1,"name":"Portada","item":"https:\/\/caru.org.uy\/nuevositio\/"},{"@type":"ListItem","position":2,"name":"Navegabilidad del R\u00edo Uruguay: Inician Estudio de Impacto Ambiental y Social"}]},{"@type":"WebSite","@id":"https:\/\/caru.org.uy\/nuevositio\/#website","url":"https:\/\/caru.org.uy\/nuevositio\/","name":"C.A.R.U.","description":"Comisi\u00f3n Administradora del R\u00edo Uruguay","publisher":{"@id":"https:\/\/caru.org.uy\/nuevositio\/#organization"},"potentialAction":[{"@type":"SearchAction","target":{"@type":"EntryPoint","urlTemplate":"https:\/\/caru.org.uy\/nuevositio\/?s={search_term_string}"},"query-input":{"@type":"PropertyValueSpecification","valueRequired":true,"valueName":"search_term_string"}}],"inLanguage":"es"},{"@type":"Organization","@id":"https:\/\/caru.org.uy\/nuevositio\/#organization","name":"C.A.R.U.","url":"https:\/\/caru.org.uy\/nuevositio\/","logo":{"@type":"ImageObject","inLanguage":"es","@id":"https:\/\/caru.org.uy\/nuevositio\/#\/schema\/logo\/image\/","url":"https:\/\/caru.org.uy\/nuevositio\/wp-content\/uploads\/2023\/11\/logo-nuevo.jpg","contentUrl":"https:\/\/caru.org.uy\/nuevositio\/wp-content\/uploads\/2023\/11\/logo-nuevo.jpg","width":1,"height":1,"caption":"C.A.R.U."},"image":{"@id":"https:\/\/caru.org.uy\/nuevositio\/#\/schema\/logo\/image\/"}},{"@type":"Person","@id":"https:\/\/caru.org.uy\/nuevositio\/#\/schema\/person\/9a11b7bc115602d2066d4c695b2aa3e5","name":"Noma","image":{"@type":"ImageObject","inLanguage":"es","@id":"https:\/\/secure.gravatar.com\/avatar\/8b0eb2764fe524b07cdc015df29e7576c061e58c50641dd8ccc46d3d448307e5?s=96&d=mm&r=g","url":"https:\/\/secure.gravatar.com\/avatar\/8b0eb2764fe524b07cdc015df29e7576c061e58c50641dd8ccc46d3d448307e5?s=96&d=mm&r=g","contentUrl":"https:\/\/secure.gravatar.com\/avatar\/8b0eb2764fe524b07cdc015df29e7576c061e58c50641dd8ccc46d3d448307e5?s=96&d=mm&r=g","caption":"Noma"},"url":"https:\/\/caru.org.uy\/nuevositio\/author\/admin\/"}]}},"_links":{"self":[{"href":"https:\/\/caru.org.uy\/nuevositio\/wp-json\/wp\/v2\/posts\/8264","targetHints":{"allow":["GET"]}}],"collection":[{"href":"https:\/\/caru.org.uy\/nuevositio\/wp-json\/wp\/v2\/posts"}],"about":[{"href":"https:\/\/caru.org.uy\/nuevositio\/wp-json\/wp\/v2\/types\/post"}],"author":[{"embeddable":true,"href":"https:\/\/caru.org.uy\/nuevositio\/wp-json\/wp\/v2\/users\/1"}],"replies":[{"embeddable":true,"href":"https:\/\/caru.org.uy\/nuevositio\/wp-json\/wp\/v2\/comments?post=8264"}],"version-history":[{"count":5,"href":"https:\/\/caru.org.uy\/nuevositio\/wp-json\/wp\/v2\/posts\/8264\/revisions"}],"predecessor-version":[{"id":8570,"href":"https:\/\/caru.org.uy\/nuevositio\/wp-json\/wp\/v2\/posts\/8264\/revisions\/8570"}],"wp:featuredmedia":[{"embeddable":true,"href":"https:\/\/caru.org.uy\/nuevositio\/wp-json\/wp\/v2\/media\/8265"}],"wp:attachment":[{"href":"https:\/\/caru.org.uy\/nuevositio\/wp-json\/wp\/v2\/media?parent=8264"}],"wp:term":[{"taxonomy":"category","embeddable":true,"href":"https:\/\/caru.org.uy\/nuevositio\/wp-json\/wp\/v2\/categories?post=8264"},{"taxonomy":"post_tag","embeddable":true,"href":"https:\/\/caru.org.uy\/nuevositio\/wp-json\/wp\/v2\/tags?post=8264"}],"curies":[{"name":"wp","href":"https:\/\/api.w.org\/{rel}","templated":true}]}}