{"id":8268,"date":"2023-08-24T05:24:00","date_gmt":"2023-08-24T05:24:00","guid":{"rendered":"https:\/\/caru.org.uy\/nuevositio\/?p=8268"},"modified":"2024-01-29T18:14:32","modified_gmt":"2024-01-29T18:14:32","slug":"evaluacion-del-surubi-en-el-rio-uruguay-inferior","status":"publish","type":"post","link":"https:\/\/caru.org.uy\/nuevositio\/2023\/08\/24\/evaluacion-del-surubi-en-el-rio-uruguay-inferior\/","title":{"rendered":"Evaluaci\u00f3n del Surub\u00ed en el R\u00edo Uruguay Inferior"},"content":{"rendered":"\t\t<div data-elementor-type=\"wp-post\" data-elementor-id=\"8268\" class=\"elementor elementor-8268\" data-elementor-post-type=\"post\">\n\t\t\t\t\t\t<section class=\"elementor-section elementor-top-section elementor-element elementor-element-5341199f elementor-section-boxed elementor-section-height-default elementor-section-height-default\" data-id=\"5341199f\" data-element_type=\"section\" data-e-type=\"section\" data-settings=\"{&quot;jet_parallax_layout_list&quot;:[]}\">\n\t\t\t\t\t\t<div class=\"elementor-container elementor-column-gap-default\">\n\t\t\t\t\t<div class=\"elementor-column elementor-col-50 elementor-top-column elementor-element elementor-element-4d3b7f51\" data-id=\"4d3b7f51\" data-element_type=\"column\" data-e-type=\"column\">\n\t\t\t<div class=\"elementor-widget-wrap elementor-element-populated\">\n\t\t\t\t\t\t<div class=\"elementor-element elementor-element-666a74a8 elementor-widget elementor-widget-image\" data-id=\"666a74a8\" data-element_type=\"widget\" data-e-type=\"widget\" data-widget_type=\"image.default\">\n\t\t\t\t<div class=\"elementor-widget-container\">\n\t\t\t\t\t\t\t\t\t\t\t\t\t\t\t<img fetchpriority=\"high\" decoding=\"async\" width=\"676\" height=\"514\" src=\"https:\/\/caru.org.uy\/nuevositio\/wp-content\/uploads\/2023\/10\/Surubi-marcado-CARU.jpg\" class=\"attachment-large size-large wp-image-8269\" alt=\"\" srcset=\"https:\/\/caru.org.uy\/nuevositio\/wp-content\/uploads\/2023\/10\/Surubi-marcado-CARU.jpg 676w, https:\/\/caru.org.uy\/nuevositio\/wp-content\/uploads\/2023\/10\/Surubi-marcado-CARU-300x228.jpg 300w\" sizes=\"(max-width: 676px) 100vw, 676px\" \/>\t\t\t\t\t\t\t\t\t\t\t\t\t\t\t<\/div>\n\t\t\t\t<\/div>\n\t\t\t\t\t<\/div>\n\t\t<\/div>\n\t\t\t\t<div class=\"elementor-column elementor-col-50 elementor-top-column elementor-element elementor-element-7e1418b2\" data-id=\"7e1418b2\" data-element_type=\"column\" data-e-type=\"column\">\n\t\t\t<div class=\"elementor-widget-wrap elementor-element-populated\">\n\t\t\t\t\t\t<div class=\"elementor-element elementor-element-70724975 elementor-widget elementor-widget-text-editor\" data-id=\"70724975\" data-element_type=\"widget\" data-e-type=\"widget\" data-widget_type=\"text-editor.default\">\n\t\t\t\t<div class=\"elementor-widget-container\">\n\t\t\t\t\t\t\t\t\t\n<p>Entre el 22 y el 31 de Julio de 2023, la Comisi\u00f3n Administradora del R\u00edo Uruguay llev\u00f3 a cabo una evaluaci\u00f3n de la poblaci\u00f3n de surub\u00ed por segundo a\u00f1o consecutivo.<\/p>\n\n\n\n<p>Las tareas se desarrollaron en el marco del Subprograma de marcaci\u00f3n de grandes peces migratorios y se focalizaron en las concentraciones de individuos de la especie en el \u00e1rea de veda total de pesca en el R\u00edo Uruguay Inferior, pr\u00f3xima a la localidad de Puerto Yeru\u00e1, la cual fue establecida por CARU seg\u00fan la resoluci\u00f3n 29\/2007.<\/p>\n\n\n\n<p>Las actividades se concentraron en marcaciones intensivas y prospecciones hidroac\u00fasticas de la especie Surub\u00ed pintado (Pseudoplatystoma corruscans) en el \u00e1rea de veda y adyacencias.<\/p>\n\n\n\n<p>El trabajo se llev\u00f3 a cabo con la colaboraci\u00f3n de la Municipalidad de Puerto Yeru\u00e1 (Entre R\u00edos, R. A.), INIDEP (RA) y la DINARA (ROU), Organizaciones intermedias y la inestimable participaci\u00f3n de gu\u00edas y pescadores deportivos de Uruguay y Argentina. La cantidad de marcados en 2023 fue de 264 y entre el 2022 y 2023 se lleg\u00f3 a las 564 marcaciones en total.<\/p>\n\n\n\n<p>La marca aplicada es un dardo pl\u00e1stico numerado de color verde o amarillo que no tiene capacidad de emitir se\u00f1ales, por lo que requerimos de su ayuda para determinar la localizaci\u00f3n del pez.<br>Si Ud. captura un pez con esta marca , CARU solicita que nos lo haga saber haci\u00e9ndonos llegar la informaci\u00f3n acerca de la fecha y el lugar de captura, consignando datos personales y direcci\u00f3n ingresando en la p\u00e1gina www.caru.org.uy o comunic\u00e1ndose por WhatsApp al tel\u00e9fono +598 92773709.<\/p>\n\n\n\n<p>Si libera el pez, le solicitamos que tome una fotograf\u00eda de la marca con el detalle del n\u00famero y registre un video de la liberaci\u00f3n. En caso de que la pieza no sea devuelta al agua, conserve la marca. Una vez brindada la informaci\u00f3n, en ambos casos le haremos llegar una recompensa de U$S 15.<\/p>\n\n\n\n<p>Su participaci\u00f3n nos ayuda a conocer y conservar los recursos pesqueros del R\u00edo Uruguay.<\/p>\n\t\t\t\t\t\t\t\t<\/div>\n\t\t\t\t<\/div>\n\t\t\t\t\t<\/div>\n\t\t<\/div>\n\t\t\t\t\t<\/div>\n\t\t<\/section>\n\t\t\t\t<\/div>\n\t\t","protected":false},"excerpt":{"rendered":"<p>Entre el 22 y el 31 de Julio de 2023, la Comisi\u00f3n Administradora del R\u00edo Uruguay llev\u00f3 a cabo una evaluaci\u00f3n de la poblaci\u00f3n de surub\u00ed por segundo a\u00f1o consecutivo. Las tareas se desarrollaron en el marco del Subprograma de marcaci\u00f3n de grandes peces migratorios y se focalizaron en las concentraciones de individuos de la [&hellip;]<\/p>\n","protected":false},"author":1,"featured_media":8269,"comment_status":"closed","ping_status":"open","sticky":false,"template":"","format":"standard","meta":{"_acf_changed":false,"_joinchat":[],"footnotes":""},"categories":[37,27],"tags":[],"class_list":["post-8268","post","type-post","status-publish","format-standard","has-post-thumbnail","hentry","category-noticias","category-novedades"],"acf":[],"yoast_head":"<!-- This site is optimized with the Yoast SEO plugin v27.3 - https:\/\/yoast.com\/product\/yoast-seo-wordpress\/ -->\n<title>Evaluaci\u00f3n del Surub\u00ed en el R\u00edo Uruguay Inferior % C.A.R.U. imagen<\/title>\n<meta name=\"robots\" content=\"index, follow, max-snippet:-1, max-image-preview:large, max-video-preview:-1\" \/>\n<link rel=\"canonical\" href=\"https:\/\/caru.org.uy\/nuevositio\/2023\/08\/24\/evaluacion-del-surubi-en-el-rio-uruguay-inferior\/\" \/>\n<meta property=\"og:locale\" content=\"es_ES\" \/>\n<meta property=\"og:type\" content=\"article\" \/>\n<meta property=\"og:title\" content=\"Evaluaci\u00f3n del Surub\u00ed en el R\u00edo Uruguay Inferior % C.A.R.U. imagen\" \/>\n<meta property=\"og:description\" content=\"Entre el 22 y el 31 de Julio de 2023, la Comisi\u00f3n Administradora del R\u00edo Uruguay llev\u00f3 a cabo una evaluaci\u00f3n de la poblaci\u00f3n de surub\u00ed por segundo a\u00f1o consecutivo. Las tareas se desarrollaron en el marco del Subprograma de marcaci\u00f3n de grandes peces migratorios y se focalizaron en las concentraciones de individuos de la [&hellip;]\" \/>\n<meta property=\"og:url\" content=\"https:\/\/caru.org.uy\/nuevositio\/2023\/08\/24\/evaluacion-del-surubi-en-el-rio-uruguay-inferior\/\" \/>\n<meta property=\"og:site_name\" content=\"C.A.R.U.\" \/>\n<meta property=\"article:published_time\" content=\"2023-08-24T05:24:00+00:00\" \/>\n<meta property=\"article:modified_time\" content=\"2024-01-29T18:14:32+00:00\" \/>\n<meta property=\"og:image\" content=\"https:\/\/caru.org.uy\/nuevositio\/wp-content\/uploads\/2023\/10\/Surubi-marcado-CARU.jpg\" \/>\n\t<meta property=\"og:image:width\" content=\"676\" \/>\n\t<meta property=\"og:image:height\" content=\"514\" \/>\n\t<meta property=\"og:image:type\" content=\"image\/jpeg\" \/>\n<meta name=\"author\" content=\"Noma\" \/>\n<meta name=\"twitter:card\" content=\"summary_large_image\" \/>\n<meta name=\"twitter:label1\" content=\"Escrito por\" \/>\n\t<meta name=\"twitter:data1\" content=\"Noma\" \/>\n\t<meta name=\"twitter:label2\" content=\"Tiempo de lectura\" \/>\n\t<meta name=\"twitter:data2\" content=\"2 minutos\" \/>\n<script type=\"application\/ld+json\" class=\"yoast-schema-graph\">{\"@context\":\"https:\\\/\\\/schema.org\",\"@graph\":[{\"@type\":[\"Article\",\"BlogPosting\"],\"@id\":\"https:\\\/\\\/caru.org.uy\\\/nuevositio\\\/2023\\\/08\\\/24\\\/evaluacion-del-surubi-en-el-rio-uruguay-inferior\\\/#article\",\"isPartOf\":{\"@id\":\"https:\\\/\\\/caru.org.uy\\\/nuevositio\\\/2023\\\/08\\\/24\\\/evaluacion-del-surubi-en-el-rio-uruguay-inferior\\\/\"},\"author\":{\"name\":\"Noma\",\"@id\":\"https:\\\/\\\/caru.org.uy\\\/nuevositio\\\/#\\\/schema\\\/person\\\/9a11b7bc115602d2066d4c695b2aa3e5\"},\"headline\":\"Evaluaci\u00f3n del Surub\u00ed en el R\u00edo Uruguay Inferior\",\"datePublished\":\"2023-08-24T05:24:00+00:00\",\"dateModified\":\"2024-01-29T18:14:32+00:00\",\"mainEntityOfPage\":{\"@id\":\"https:\\\/\\\/caru.org.uy\\\/nuevositio\\\/2023\\\/08\\\/24\\\/evaluacion-del-surubi-en-el-rio-uruguay-inferior\\\/\"},\"wordCount\":353,\"publisher\":{\"@id\":\"https:\\\/\\\/caru.org.uy\\\/nuevositio\\\/#organization\"},\"image\":{\"@id\":\"https:\\\/\\\/caru.org.uy\\\/nuevositio\\\/2023\\\/08\\\/24\\\/evaluacion-del-surubi-en-el-rio-uruguay-inferior\\\/#primaryimage\"},\"thumbnailUrl\":\"https:\\\/\\\/caru.org.uy\\\/nuevositio\\\/wp-content\\\/uploads\\\/2023\\\/10\\\/Surubi-marcado-CARU.jpg\",\"articleSection\":[\"Noticias\",\"Novedades\"],\"inLanguage\":\"es\"},{\"@type\":\"WebPage\",\"@id\":\"https:\\\/\\\/caru.org.uy\\\/nuevositio\\\/2023\\\/08\\\/24\\\/evaluacion-del-surubi-en-el-rio-uruguay-inferior\\\/\",\"url\":\"https:\\\/\\\/caru.org.uy\\\/nuevositio\\\/2023\\\/08\\\/24\\\/evaluacion-del-surubi-en-el-rio-uruguay-inferior\\\/\",\"name\":\"Evaluaci\u00f3n del Surub\u00ed en el R\u00edo Uruguay Inferior % C.A.R.U. imagen\",\"isPartOf\":{\"@id\":\"https:\\\/\\\/caru.org.uy\\\/nuevositio\\\/#website\"},\"primaryImageOfPage\":{\"@id\":\"https:\\\/\\\/caru.org.uy\\\/nuevositio\\\/2023\\\/08\\\/24\\\/evaluacion-del-surubi-en-el-rio-uruguay-inferior\\\/#primaryimage\"},\"image\":{\"@id\":\"https:\\\/\\\/caru.org.uy\\\/nuevositio\\\/2023\\\/08\\\/24\\\/evaluacion-del-surubi-en-el-rio-uruguay-inferior\\\/#primaryimage\"},\"thumbnailUrl\":\"https:\\\/\\\/caru.org.uy\\\/nuevositio\\\/wp-content\\\/uploads\\\/2023\\\/10\\\/Surubi-marcado-CARU.jpg\",\"datePublished\":\"2023-08-24T05:24:00+00:00\",\"dateModified\":\"2024-01-29T18:14:32+00:00\",\"breadcrumb\":{\"@id\":\"https:\\\/\\\/caru.org.uy\\\/nuevositio\\\/2023\\\/08\\\/24\\\/evaluacion-del-surubi-en-el-rio-uruguay-inferior\\\/#breadcrumb\"},\"inLanguage\":\"es\",\"potentialAction\":[{\"@type\":\"ReadAction\",\"target\":[\"https:\\\/\\\/caru.org.uy\\\/nuevositio\\\/2023\\\/08\\\/24\\\/evaluacion-del-surubi-en-el-rio-uruguay-inferior\\\/\"]}]},{\"@type\":\"ImageObject\",\"inLanguage\":\"es\",\"@id\":\"https:\\\/\\\/caru.org.uy\\\/nuevositio\\\/2023\\\/08\\\/24\\\/evaluacion-del-surubi-en-el-rio-uruguay-inferior\\\/#primaryimage\",\"url\":\"https:\\\/\\\/caru.org.uy\\\/nuevositio\\\/wp-content\\\/uploads\\\/2023\\\/10\\\/Surubi-marcado-CARU.jpg\",\"contentUrl\":\"https:\\\/\\\/caru.org.uy\\\/nuevositio\\\/wp-content\\\/uploads\\\/2023\\\/10\\\/Surubi-marcado-CARU.jpg\",\"width\":676,\"height\":514},{\"@type\":\"BreadcrumbList\",\"@id\":\"https:\\\/\\\/caru.org.uy\\\/nuevositio\\\/2023\\\/08\\\/24\\\/evaluacion-del-surubi-en-el-rio-uruguay-inferior\\\/#breadcrumb\",\"itemListElement\":[{\"@type\":\"ListItem\",\"position\":1,\"name\":\"Portada\",\"item\":\"https:\\\/\\\/caru.org.uy\\\/nuevositio\\\/\"},{\"@type\":\"ListItem\",\"position\":2,\"name\":\"Evaluaci\u00f3n del Surub\u00ed en el R\u00edo Uruguay Inferior\"}]},{\"@type\":\"WebSite\",\"@id\":\"https:\\\/\\\/caru.org.uy\\\/nuevositio\\\/#website\",\"url\":\"https:\\\/\\\/caru.org.uy\\\/nuevositio\\\/\",\"name\":\"C.A.R.U.\",\"description\":\"Comisi\u00f3n Administradora del R\u00edo Uruguay\",\"publisher\":{\"@id\":\"https:\\\/\\\/caru.org.uy\\\/nuevositio\\\/#organization\"},\"potentialAction\":[{\"@type\":\"SearchAction\",\"target\":{\"@type\":\"EntryPoint\",\"urlTemplate\":\"https:\\\/\\\/caru.org.uy\\\/nuevositio\\\/?s={search_term_string}\"},\"query-input\":{\"@type\":\"PropertyValueSpecification\",\"valueRequired\":true,\"valueName\":\"search_term_string\"}}],\"inLanguage\":\"es\"},{\"@type\":\"Organization\",\"@id\":\"https:\\\/\\\/caru.org.uy\\\/nuevositio\\\/#organization\",\"name\":\"C.A.R.U.\",\"url\":\"https:\\\/\\\/caru.org.uy\\\/nuevositio\\\/\",\"logo\":{\"@type\":\"ImageObject\",\"inLanguage\":\"es\",\"@id\":\"https:\\\/\\\/caru.org.uy\\\/nuevositio\\\/#\\\/schema\\\/logo\\\/image\\\/\",\"url\":\"https:\\\/\\\/caru.org.uy\\\/nuevositio\\\/wp-content\\\/uploads\\\/2023\\\/11\\\/logo-nuevo.jpg\",\"contentUrl\":\"https:\\\/\\\/caru.org.uy\\\/nuevositio\\\/wp-content\\\/uploads\\\/2023\\\/11\\\/logo-nuevo.jpg\",\"width\":1,\"height\":1,\"caption\":\"C.A.R.U.\"},\"image\":{\"@id\":\"https:\\\/\\\/caru.org.uy\\\/nuevositio\\\/#\\\/schema\\\/logo\\\/image\\\/\"}},{\"@type\":\"Person\",\"@id\":\"https:\\\/\\\/caru.org.uy\\\/nuevositio\\\/#\\\/schema\\\/person\\\/9a11b7bc115602d2066d4c695b2aa3e5\",\"name\":\"Noma\",\"image\":{\"@type\":\"ImageObject\",\"inLanguage\":\"es\",\"@id\":\"https:\\\/\\\/secure.gravatar.com\\\/avatar\\\/8b0eb2764fe524b07cdc015df29e7576c061e58c50641dd8ccc46d3d448307e5?s=96&d=mm&r=g\",\"url\":\"https:\\\/\\\/secure.gravatar.com\\\/avatar\\\/8b0eb2764fe524b07cdc015df29e7576c061e58c50641dd8ccc46d3d448307e5?s=96&d=mm&r=g\",\"contentUrl\":\"https:\\\/\\\/secure.gravatar.com\\\/avatar\\\/8b0eb2764fe524b07cdc015df29e7576c061e58c50641dd8ccc46d3d448307e5?s=96&d=mm&r=g\",\"caption\":\"Noma\"},\"url\":\"https:\\\/\\\/caru.org.uy\\\/nuevositio\\\/author\\\/admin\\\/\"}]}<\/script>\n<!-- \/ Yoast SEO plugin. -->","yoast_head_json":{"title":"Evaluaci\u00f3n del Surub\u00ed en el R\u00edo Uruguay Inferior % C.A.R.U. imagen","robots":{"index":"index","follow":"follow","max-snippet":"max-snippet:-1","max-image-preview":"max-image-preview:large","max-video-preview":"max-video-preview:-1"},"canonical":"https:\/\/caru.org.uy\/nuevositio\/2023\/08\/24\/evaluacion-del-surubi-en-el-rio-uruguay-inferior\/","og_locale":"es_ES","og_type":"article","og_title":"Evaluaci\u00f3n del Surub\u00ed en el R\u00edo Uruguay Inferior % C.A.R.U. imagen","og_description":"Entre el 22 y el 31 de Julio de 2023, la Comisi\u00f3n Administradora del R\u00edo Uruguay llev\u00f3 a cabo una evaluaci\u00f3n de la poblaci\u00f3n de surub\u00ed por segundo a\u00f1o consecutivo. Las tareas se desarrollaron en el marco del Subprograma de marcaci\u00f3n de grandes peces migratorios y se focalizaron en las concentraciones de individuos de la [&hellip;]","og_url":"https:\/\/caru.org.uy\/nuevositio\/2023\/08\/24\/evaluacion-del-surubi-en-el-rio-uruguay-inferior\/","og_site_name":"C.A.R.U.","article_published_time":"2023-08-24T05:24:00+00:00","article_modified_time":"2024-01-29T18:14:32+00:00","og_image":[{"width":676,"height":514,"url":"https:\/\/caru.org.uy\/nuevositio\/wp-content\/uploads\/2023\/10\/Surubi-marcado-CARU.jpg","type":"image\/jpeg"}],"author":"Noma","twitter_card":"summary_large_image","twitter_misc":{"Escrito por":"Noma","Tiempo de lectura":"2 minutos"},"schema":{"@context":"https:\/\/schema.org","@graph":[{"@type":["Article","BlogPosting"],"@id":"https:\/\/caru.org.uy\/nuevositio\/2023\/08\/24\/evaluacion-del-surubi-en-el-rio-uruguay-inferior\/#article","isPartOf":{"@id":"https:\/\/caru.org.uy\/nuevositio\/2023\/08\/24\/evaluacion-del-surubi-en-el-rio-uruguay-inferior\/"},"author":{"name":"Noma","@id":"https:\/\/caru.org.uy\/nuevositio\/#\/schema\/person\/9a11b7bc115602d2066d4c695b2aa3e5"},"headline":"Evaluaci\u00f3n del Surub\u00ed en el R\u00edo Uruguay Inferior","datePublished":"2023-08-24T05:24:00+00:00","dateModified":"2024-01-29T18:14:32+00:00","mainEntityOfPage":{"@id":"https:\/\/caru.org.uy\/nuevositio\/2023\/08\/24\/evaluacion-del-surubi-en-el-rio-uruguay-inferior\/"},"wordCount":353,"publisher":{"@id":"https:\/\/caru.org.uy\/nuevositio\/#organization"},"image":{"@id":"https:\/\/caru.org.uy\/nuevositio\/2023\/08\/24\/evaluacion-del-surubi-en-el-rio-uruguay-inferior\/#primaryimage"},"thumbnailUrl":"https:\/\/caru.org.uy\/nuevositio\/wp-content\/uploads\/2023\/10\/Surubi-marcado-CARU.jpg","articleSection":["Noticias","Novedades"],"inLanguage":"es"},{"@type":"WebPage","@id":"https:\/\/caru.org.uy\/nuevositio\/2023\/08\/24\/evaluacion-del-surubi-en-el-rio-uruguay-inferior\/","url":"https:\/\/caru.org.uy\/nuevositio\/2023\/08\/24\/evaluacion-del-surubi-en-el-rio-uruguay-inferior\/","name":"Evaluaci\u00f3n del Surub\u00ed en el R\u00edo Uruguay Inferior % C.A.R.U. imagen","isPartOf":{"@id":"https:\/\/caru.org.uy\/nuevositio\/#website"},"primaryImageOfPage":{"@id":"https:\/\/caru.org.uy\/nuevositio\/2023\/08\/24\/evaluacion-del-surubi-en-el-rio-uruguay-inferior\/#primaryimage"},"image":{"@id":"https:\/\/caru.org.uy\/nuevositio\/2023\/08\/24\/evaluacion-del-surubi-en-el-rio-uruguay-inferior\/#primaryimage"},"thumbnailUrl":"https:\/\/caru.org.uy\/nuevositio\/wp-content\/uploads\/2023\/10\/Surubi-marcado-CARU.jpg","datePublished":"2023-08-24T05:24:00+00:00","dateModified":"2024-01-29T18:14:32+00:00","breadcrumb":{"@id":"https:\/\/caru.org.uy\/nuevositio\/2023\/08\/24\/evaluacion-del-surubi-en-el-rio-uruguay-inferior\/#breadcrumb"},"inLanguage":"es","potentialAction":[{"@type":"ReadAction","target":["https:\/\/caru.org.uy\/nuevositio\/2023\/08\/24\/evaluacion-del-surubi-en-el-rio-uruguay-inferior\/"]}]},{"@type":"ImageObject","inLanguage":"es","@id":"https:\/\/caru.org.uy\/nuevositio\/2023\/08\/24\/evaluacion-del-surubi-en-el-rio-uruguay-inferior\/#primaryimage","url":"https:\/\/caru.org.uy\/nuevositio\/wp-content\/uploads\/2023\/10\/Surubi-marcado-CARU.jpg","contentUrl":"https:\/\/caru.org.uy\/nuevositio\/wp-content\/uploads\/2023\/10\/Surubi-marcado-CARU.jpg","width":676,"height":514},{"@type":"BreadcrumbList","@id":"https:\/\/caru.org.uy\/nuevositio\/2023\/08\/24\/evaluacion-del-surubi-en-el-rio-uruguay-inferior\/#breadcrumb","itemListElement":[{"@type":"ListItem","position":1,"name":"Portada","item":"https:\/\/caru.org.uy\/nuevositio\/"},{"@type":"ListItem","position":2,"name":"Evaluaci\u00f3n del Surub\u00ed en el R\u00edo Uruguay Inferior"}]},{"@type":"WebSite","@id":"https:\/\/caru.org.uy\/nuevositio\/#website","url":"https:\/\/caru.org.uy\/nuevositio\/","name":"C.A.R.U.","description":"Comisi\u00f3n Administradora del R\u00edo Uruguay","publisher":{"@id":"https:\/\/caru.org.uy\/nuevositio\/#organization"},"potentialAction":[{"@type":"SearchAction","target":{"@type":"EntryPoint","urlTemplate":"https:\/\/caru.org.uy\/nuevositio\/?s={search_term_string}"},"query-input":{"@type":"PropertyValueSpecification","valueRequired":true,"valueName":"search_term_string"}}],"inLanguage":"es"},{"@type":"Organization","@id":"https:\/\/caru.org.uy\/nuevositio\/#organization","name":"C.A.R.U.","url":"https:\/\/caru.org.uy\/nuevositio\/","logo":{"@type":"ImageObject","inLanguage":"es","@id":"https:\/\/caru.org.uy\/nuevositio\/#\/schema\/logo\/image\/","url":"https:\/\/caru.org.uy\/nuevositio\/wp-content\/uploads\/2023\/11\/logo-nuevo.jpg","contentUrl":"https:\/\/caru.org.uy\/nuevositio\/wp-content\/uploads\/2023\/11\/logo-nuevo.jpg","width":1,"height":1,"caption":"C.A.R.U."},"image":{"@id":"https:\/\/caru.org.uy\/nuevositio\/#\/schema\/logo\/image\/"}},{"@type":"Person","@id":"https:\/\/caru.org.uy\/nuevositio\/#\/schema\/person\/9a11b7bc115602d2066d4c695b2aa3e5","name":"Noma","image":{"@type":"ImageObject","inLanguage":"es","@id":"https:\/\/secure.gravatar.com\/avatar\/8b0eb2764fe524b07cdc015df29e7576c061e58c50641dd8ccc46d3d448307e5?s=96&d=mm&r=g","url":"https:\/\/secure.gravatar.com\/avatar\/8b0eb2764fe524b07cdc015df29e7576c061e58c50641dd8ccc46d3d448307e5?s=96&d=mm&r=g","contentUrl":"https:\/\/secure.gravatar.com\/avatar\/8b0eb2764fe524b07cdc015df29e7576c061e58c50641dd8ccc46d3d448307e5?s=96&d=mm&r=g","caption":"Noma"},"url":"https:\/\/caru.org.uy\/nuevositio\/author\/admin\/"}]}},"_links":{"self":[{"href":"https:\/\/caru.org.uy\/nuevositio\/wp-json\/wp\/v2\/posts\/8268","targetHints":{"allow":["GET"]}}],"collection":[{"href":"https:\/\/caru.org.uy\/nuevositio\/wp-json\/wp\/v2\/posts"}],"about":[{"href":"https:\/\/caru.org.uy\/nuevositio\/wp-json\/wp\/v2\/types\/post"}],"author":[{"embeddable":true,"href":"https:\/\/caru.org.uy\/nuevositio\/wp-json\/wp\/v2\/users\/1"}],"replies":[{"embeddable":true,"href":"https:\/\/caru.org.uy\/nuevositio\/wp-json\/wp\/v2\/comments?post=8268"}],"version-history":[{"count":5,"href":"https:\/\/caru.org.uy\/nuevositio\/wp-json\/wp\/v2\/posts\/8268\/revisions"}],"predecessor-version":[{"id":8574,"href":"https:\/\/caru.org.uy\/nuevositio\/wp-json\/wp\/v2\/posts\/8268\/revisions\/8574"}],"wp:featuredmedia":[{"embeddable":true,"href":"https:\/\/caru.org.uy\/nuevositio\/wp-json\/wp\/v2\/media\/8269"}],"wp:attachment":[{"href":"https:\/\/caru.org.uy\/nuevositio\/wp-json\/wp\/v2\/media?parent=8268"}],"wp:term":[{"taxonomy":"category","embeddable":true,"href":"https:\/\/caru.org.uy\/nuevositio\/wp-json\/wp\/v2\/categories?post=8268"},{"taxonomy":"post_tag","embeddable":true,"href":"https:\/\/caru.org.uy\/nuevositio\/wp-json\/wp\/v2\/tags?post=8268"}],"curies":[{"name":"wp","href":"https:\/\/api.w.org\/{rel}","templated":true}]}}