{"id":8273,"date":"2023-08-17T05:29:00","date_gmt":"2023-08-17T05:29:00","guid":{"rendered":"https:\/\/caru.org.uy\/nuevositio\/?p=8273"},"modified":"2023-11-14T15:12:16","modified_gmt":"2023-11-14T15:12:16","slug":"la-veda-del-dorado-sera-permanente-entre-septiembre-y-diciembre","status":"publish","type":"post","link":"https:\/\/caru.org.uy\/nuevositio\/2023\/08\/17\/la-veda-del-dorado-sera-permanente-entre-septiembre-y-diciembre\/","title":{"rendered":"La Veda del Dorado ser\u00e1 permanente entre septiembre y diciembre"},"content":{"rendered":"\t\t<div data-elementor-type=\"wp-post\" data-elementor-id=\"8273\" class=\"elementor elementor-8273\" data-elementor-post-type=\"post\">\n\t\t\t\t\t\t<section class=\"elementor-section elementor-top-section elementor-element elementor-element-3f52ca03 elementor-section-boxed elementor-section-height-default elementor-section-height-default\" data-id=\"3f52ca03\" data-element_type=\"section\" data-e-type=\"section\" data-settings=\"{&quot;jet_parallax_layout_list&quot;:[]}\">\n\t\t\t\t\t\t<div class=\"elementor-container elementor-column-gap-default\">\n\t\t\t\t\t<div class=\"elementor-column elementor-col-50 elementor-top-column elementor-element elementor-element-3630b447\" data-id=\"3630b447\" data-element_type=\"column\" data-e-type=\"column\">\n\t\t\t<div class=\"elementor-widget-wrap elementor-element-populated\">\n\t\t\t\t\t\t<div class=\"elementor-element elementor-element-6fc0bfa6 elementor-widget elementor-widget-image\" data-id=\"6fc0bfa6\" data-element_type=\"widget\" data-e-type=\"widget\" data-widget_type=\"image.default\">\n\t\t\t\t<div class=\"elementor-widget-container\">\n\t\t\t\t\t\t\t\t\t\t\t\t\t\t\t<img fetchpriority=\"high\" decoding=\"async\" width=\"336\" height=\"280\" src=\"https:\/\/caru.org.uy\/nuevositio\/wp-content\/uploads\/2023\/10\/Dorado-1.jpg\" class=\"attachment-large size-large wp-image-8275\" alt=\"\" srcset=\"https:\/\/caru.org.uy\/nuevositio\/wp-content\/uploads\/2023\/10\/Dorado-1.jpg 336w, https:\/\/caru.org.uy\/nuevositio\/wp-content\/uploads\/2023\/10\/Dorado-1-300x250.jpg 300w\" sizes=\"(max-width: 336px) 100vw, 336px\" \/>\t\t\t\t\t\t\t\t\t\t\t\t\t\t\t<\/div>\n\t\t\t\t<\/div>\n\t\t\t\t\t<\/div>\n\t\t<\/div>\n\t\t\t\t<div class=\"elementor-column elementor-col-50 elementor-top-column elementor-element elementor-element-6e31ff95\" data-id=\"6e31ff95\" data-element_type=\"column\" data-e-type=\"column\">\n\t\t\t<div class=\"elementor-widget-wrap elementor-element-populated\">\n\t\t\t\t\t\t<div class=\"elementor-element elementor-element-5bbf84b0 elementor-widget elementor-widget-text-editor\" data-id=\"5bbf84b0\" data-element_type=\"widget\" data-e-type=\"widget\" data-widget_type=\"text-editor.default\">\n\t\t\t\t<div class=\"elementor-widget-container\">\n\t\t\t\t\t\t\t\t\t\n<p>La Comisi\u00f3n Administradora del R\u00edo Uruguay, inform\u00f3 que , seg\u00fan Resoluci\u00f3n N\u00ba 111\/2023 el periodo de veda del Dorado, para la pesca comercial y deportiva queda establecido de manera permanente desde el 1 de septiembre al 31 de diciembre de cada a\u00f1o. La medida busca la preservaci\u00f3n de esta especie en la regi\u00f3n.<\/p>\n\n\n\n<p>En este sentido, desde la CARU explicaron que el Dorado realiza migraciones reproductivas regulares en los r\u00edos de las cuencas donde todav\u00eda habitan. El per\u00edodo reproductivo en nuestra regi\u00f3n es en la primavera y el verano, por lo que se establece la veda estos cuatro meses para proteger la \u00e9poca del desove y aumentar as\u00ed la eficiencia reproductiva.<\/p>\n\n\n\n<p>La CARU recuerda que la mencionada Resoluci\u00f3n se enmarca en las tareas de preservaci\u00f3n de la Biodiversidad y la conservaci\u00f3n de los recursos \u00edcticos del R\u00edo Uruguay que desarrolla la Comisi\u00f3n Administradora del R\u00edo Uruguay.<\/p>\n\n\n\n<p><a href=\"https:\/\/www.caru.org.uy\/web\/wp-content\/uploads\/2023\/08\/RESOLUCION-N-111-23-Veda-del-Dorado.pdf\">Acceda a la resoluci\u00f3n<\/a><\/p>\n\n\n\n<p><a href=\"https:\/\/www.caru.org.uy\/web\/wp-content\/uploads\/2023\/08\/BO-RA-17-8-23.pdf\">Publicaci\u00f3n Boletin Oficial de la Rep\u00fablica Argentina<\/a><\/p>\n\n\n\n<p><a href=\"https:\/\/www.caru.org.uy\/web\/wp-content\/uploads\/2023\/08\/DO-UR-111-23.pdf\">Publicaci\u00f3n Diario Oficial de la Rep\u00fablica Oriental del Uruguay<\/a><\/p>\n\t\t\t\t\t\t\t\t<\/div>\n\t\t\t\t<\/div>\n\t\t\t\t\t<\/div>\n\t\t<\/div>\n\t\t\t\t\t<\/div>\n\t\t<\/section>\n\t\t\t\t<\/div>\n\t\t","protected":false},"excerpt":{"rendered":"<p>La Comisi\u00f3n Administradora del R\u00edo Uruguay, inform\u00f3 que , seg\u00fan Resoluci\u00f3n N\u00ba 111\/2023 el periodo de veda del Dorado, para la pesca comercial y deportiva queda establecido de manera permanente desde el 1 de septiembre al 31 de diciembre de cada a\u00f1o. La medida busca la preservaci\u00f3n de esta especie en la regi\u00f3n. En este [&hellip;]<\/p>\n","protected":false},"author":1,"featured_media":8275,"comment_status":"closed","ping_status":"open","sticky":false,"template":"","format":"standard","meta":{"_acf_changed":false,"_joinchat":[],"footnotes":""},"categories":[37,27],"tags":[],"class_list":["post-8273","post","type-post","status-publish","format-standard","has-post-thumbnail","hentry","category-noticias","category-novedades"],"acf":[],"yoast_head":"<!-- This site is optimized with the Yoast SEO plugin v27.3 - https:\/\/yoast.com\/product\/yoast-seo-wordpress\/ -->\n<title>La Veda del Dorado ser\u00e1 permanente entre septiembre y diciembre % C.A.R.U. imagen<\/title>\n<meta name=\"robots\" content=\"index, follow, max-snippet:-1, max-image-preview:large, max-video-preview:-1\" \/>\n<link rel=\"canonical\" href=\"https:\/\/caru.org.uy\/nuevositio\/2023\/08\/17\/la-veda-del-dorado-sera-permanente-entre-septiembre-y-diciembre\/\" \/>\n<meta property=\"og:locale\" content=\"es_ES\" \/>\n<meta property=\"og:type\" content=\"article\" \/>\n<meta property=\"og:title\" content=\"La Veda del Dorado ser\u00e1 permanente entre septiembre y diciembre % C.A.R.U. imagen\" \/>\n<meta property=\"og:description\" content=\"La Comisi\u00f3n Administradora del R\u00edo Uruguay, inform\u00f3 que , seg\u00fan Resoluci\u00f3n N\u00ba 111\/2023 el periodo de veda del Dorado, para la pesca comercial y deportiva queda establecido de manera permanente desde el 1 de septiembre al 31 de diciembre de cada a\u00f1o. La medida busca la preservaci\u00f3n de esta especie en la regi\u00f3n. En este [&hellip;]\" \/>\n<meta property=\"og:url\" content=\"https:\/\/caru.org.uy\/nuevositio\/2023\/08\/17\/la-veda-del-dorado-sera-permanente-entre-septiembre-y-diciembre\/\" \/>\n<meta property=\"og:site_name\" content=\"C.A.R.U.\" \/>\n<meta property=\"article:published_time\" content=\"2023-08-17T05:29:00+00:00\" \/>\n<meta property=\"article:modified_time\" content=\"2023-11-14T15:12:16+00:00\" \/>\n<meta property=\"og:image\" content=\"https:\/\/caru.org.uy\/nuevositio\/wp-content\/uploads\/2023\/10\/Dorado-1.jpg\" \/>\n\t<meta property=\"og:image:width\" content=\"336\" \/>\n\t<meta property=\"og:image:height\" content=\"280\" \/>\n\t<meta property=\"og:image:type\" content=\"image\/jpeg\" \/>\n<meta name=\"author\" content=\"Noma\" \/>\n<meta name=\"twitter:card\" content=\"summary_large_image\" \/>\n<meta name=\"twitter:label1\" content=\"Escrito por\" \/>\n\t<meta name=\"twitter:data1\" content=\"Noma\" \/>\n\t<meta name=\"twitter:label2\" content=\"Tiempo de lectura\" \/>\n\t<meta name=\"twitter:data2\" content=\"1 minuto\" \/>\n<script type=\"application\/ld+json\" class=\"yoast-schema-graph\">{\"@context\":\"https:\\\/\\\/schema.org\",\"@graph\":[{\"@type\":[\"Article\",\"BlogPosting\"],\"@id\":\"https:\\\/\\\/caru.org.uy\\\/nuevositio\\\/2023\\\/08\\\/17\\\/la-veda-del-dorado-sera-permanente-entre-septiembre-y-diciembre\\\/#article\",\"isPartOf\":{\"@id\":\"https:\\\/\\\/caru.org.uy\\\/nuevositio\\\/2023\\\/08\\\/17\\\/la-veda-del-dorado-sera-permanente-entre-septiembre-y-diciembre\\\/\"},\"author\":{\"name\":\"Noma\",\"@id\":\"https:\\\/\\\/caru.org.uy\\\/nuevositio\\\/#\\\/schema\\\/person\\\/9a11b7bc115602d2066d4c695b2aa3e5\"},\"headline\":\"La Veda del Dorado ser\u00e1 permanente entre septiembre y diciembre\",\"datePublished\":\"2023-08-17T05:29:00+00:00\",\"dateModified\":\"2023-11-14T15:12:16+00:00\",\"mainEntityOfPage\":{\"@id\":\"https:\\\/\\\/caru.org.uy\\\/nuevositio\\\/2023\\\/08\\\/17\\\/la-veda-del-dorado-sera-permanente-entre-septiembre-y-diciembre\\\/\"},\"wordCount\":194,\"publisher\":{\"@id\":\"https:\\\/\\\/caru.org.uy\\\/nuevositio\\\/#organization\"},\"image\":{\"@id\":\"https:\\\/\\\/caru.org.uy\\\/nuevositio\\\/2023\\\/08\\\/17\\\/la-veda-del-dorado-sera-permanente-entre-septiembre-y-diciembre\\\/#primaryimage\"},\"thumbnailUrl\":\"https:\\\/\\\/caru.org.uy\\\/nuevositio\\\/wp-content\\\/uploads\\\/2023\\\/10\\\/Dorado-1.jpg\",\"articleSection\":[\"Noticias\",\"Novedades\"],\"inLanguage\":\"es\"},{\"@type\":\"WebPage\",\"@id\":\"https:\\\/\\\/caru.org.uy\\\/nuevositio\\\/2023\\\/08\\\/17\\\/la-veda-del-dorado-sera-permanente-entre-septiembre-y-diciembre\\\/\",\"url\":\"https:\\\/\\\/caru.org.uy\\\/nuevositio\\\/2023\\\/08\\\/17\\\/la-veda-del-dorado-sera-permanente-entre-septiembre-y-diciembre\\\/\",\"name\":\"La Veda del Dorado ser\u00e1 permanente entre septiembre y diciembre % C.A.R.U. imagen\",\"isPartOf\":{\"@id\":\"https:\\\/\\\/caru.org.uy\\\/nuevositio\\\/#website\"},\"primaryImageOfPage\":{\"@id\":\"https:\\\/\\\/caru.org.uy\\\/nuevositio\\\/2023\\\/08\\\/17\\\/la-veda-del-dorado-sera-permanente-entre-septiembre-y-diciembre\\\/#primaryimage\"},\"image\":{\"@id\":\"https:\\\/\\\/caru.org.uy\\\/nuevositio\\\/2023\\\/08\\\/17\\\/la-veda-del-dorado-sera-permanente-entre-septiembre-y-diciembre\\\/#primaryimage\"},\"thumbnailUrl\":\"https:\\\/\\\/caru.org.uy\\\/nuevositio\\\/wp-content\\\/uploads\\\/2023\\\/10\\\/Dorado-1.jpg\",\"datePublished\":\"2023-08-17T05:29:00+00:00\",\"dateModified\":\"2023-11-14T15:12:16+00:00\",\"breadcrumb\":{\"@id\":\"https:\\\/\\\/caru.org.uy\\\/nuevositio\\\/2023\\\/08\\\/17\\\/la-veda-del-dorado-sera-permanente-entre-septiembre-y-diciembre\\\/#breadcrumb\"},\"inLanguage\":\"es\",\"potentialAction\":[{\"@type\":\"ReadAction\",\"target\":[\"https:\\\/\\\/caru.org.uy\\\/nuevositio\\\/2023\\\/08\\\/17\\\/la-veda-del-dorado-sera-permanente-entre-septiembre-y-diciembre\\\/\"]}]},{\"@type\":\"ImageObject\",\"inLanguage\":\"es\",\"@id\":\"https:\\\/\\\/caru.org.uy\\\/nuevositio\\\/2023\\\/08\\\/17\\\/la-veda-del-dorado-sera-permanente-entre-septiembre-y-diciembre\\\/#primaryimage\",\"url\":\"https:\\\/\\\/caru.org.uy\\\/nuevositio\\\/wp-content\\\/uploads\\\/2023\\\/10\\\/Dorado-1.jpg\",\"contentUrl\":\"https:\\\/\\\/caru.org.uy\\\/nuevositio\\\/wp-content\\\/uploads\\\/2023\\\/10\\\/Dorado-1.jpg\",\"width\":336,\"height\":280},{\"@type\":\"BreadcrumbList\",\"@id\":\"https:\\\/\\\/caru.org.uy\\\/nuevositio\\\/2023\\\/08\\\/17\\\/la-veda-del-dorado-sera-permanente-entre-septiembre-y-diciembre\\\/#breadcrumb\",\"itemListElement\":[{\"@type\":\"ListItem\",\"position\":1,\"name\":\"Portada\",\"item\":\"https:\\\/\\\/caru.org.uy\\\/nuevositio\\\/\"},{\"@type\":\"ListItem\",\"position\":2,\"name\":\"La Veda del Dorado ser\u00e1 permanente entre septiembre y diciembre\"}]},{\"@type\":\"WebSite\",\"@id\":\"https:\\\/\\\/caru.org.uy\\\/nuevositio\\\/#website\",\"url\":\"https:\\\/\\\/caru.org.uy\\\/nuevositio\\\/\",\"name\":\"C.A.R.U.\",\"description\":\"Comisi\u00f3n Administradora del R\u00edo Uruguay\",\"publisher\":{\"@id\":\"https:\\\/\\\/caru.org.uy\\\/nuevositio\\\/#organization\"},\"potentialAction\":[{\"@type\":\"SearchAction\",\"target\":{\"@type\":\"EntryPoint\",\"urlTemplate\":\"https:\\\/\\\/caru.org.uy\\\/nuevositio\\\/?s={search_term_string}\"},\"query-input\":{\"@type\":\"PropertyValueSpecification\",\"valueRequired\":true,\"valueName\":\"search_term_string\"}}],\"inLanguage\":\"es\"},{\"@type\":\"Organization\",\"@id\":\"https:\\\/\\\/caru.org.uy\\\/nuevositio\\\/#organization\",\"name\":\"C.A.R.U.\",\"url\":\"https:\\\/\\\/caru.org.uy\\\/nuevositio\\\/\",\"logo\":{\"@type\":\"ImageObject\",\"inLanguage\":\"es\",\"@id\":\"https:\\\/\\\/caru.org.uy\\\/nuevositio\\\/#\\\/schema\\\/logo\\\/image\\\/\",\"url\":\"https:\\\/\\\/caru.org.uy\\\/nuevositio\\\/wp-content\\\/uploads\\\/2023\\\/11\\\/logo-nuevo.jpg\",\"contentUrl\":\"https:\\\/\\\/caru.org.uy\\\/nuevositio\\\/wp-content\\\/uploads\\\/2023\\\/11\\\/logo-nuevo.jpg\",\"width\":1,\"height\":1,\"caption\":\"C.A.R.U.\"},\"image\":{\"@id\":\"https:\\\/\\\/caru.org.uy\\\/nuevositio\\\/#\\\/schema\\\/logo\\\/image\\\/\"}},{\"@type\":\"Person\",\"@id\":\"https:\\\/\\\/caru.org.uy\\\/nuevositio\\\/#\\\/schema\\\/person\\\/9a11b7bc115602d2066d4c695b2aa3e5\",\"name\":\"Noma\",\"image\":{\"@type\":\"ImageObject\",\"inLanguage\":\"es\",\"@id\":\"https:\\\/\\\/secure.gravatar.com\\\/avatar\\\/8b0eb2764fe524b07cdc015df29e7576c061e58c50641dd8ccc46d3d448307e5?s=96&d=mm&r=g\",\"url\":\"https:\\\/\\\/secure.gravatar.com\\\/avatar\\\/8b0eb2764fe524b07cdc015df29e7576c061e58c50641dd8ccc46d3d448307e5?s=96&d=mm&r=g\",\"contentUrl\":\"https:\\\/\\\/secure.gravatar.com\\\/avatar\\\/8b0eb2764fe524b07cdc015df29e7576c061e58c50641dd8ccc46d3d448307e5?s=96&d=mm&r=g\",\"caption\":\"Noma\"},\"url\":\"https:\\\/\\\/caru.org.uy\\\/nuevositio\\\/author\\\/admin\\\/\"}]}<\/script>\n<!-- \/ Yoast SEO plugin. -->","yoast_head_json":{"title":"La Veda del Dorado ser\u00e1 permanente entre septiembre y diciembre % C.A.R.U. imagen","robots":{"index":"index","follow":"follow","max-snippet":"max-snippet:-1","max-image-preview":"max-image-preview:large","max-video-preview":"max-video-preview:-1"},"canonical":"https:\/\/caru.org.uy\/nuevositio\/2023\/08\/17\/la-veda-del-dorado-sera-permanente-entre-septiembre-y-diciembre\/","og_locale":"es_ES","og_type":"article","og_title":"La Veda del Dorado ser\u00e1 permanente entre septiembre y diciembre % C.A.R.U. imagen","og_description":"La Comisi\u00f3n Administradora del R\u00edo Uruguay, inform\u00f3 que , seg\u00fan Resoluci\u00f3n N\u00ba 111\/2023 el periodo de veda del Dorado, para la pesca comercial y deportiva queda establecido de manera permanente desde el 1 de septiembre al 31 de diciembre de cada a\u00f1o. La medida busca la preservaci\u00f3n de esta especie en la regi\u00f3n. En este [&hellip;]","og_url":"https:\/\/caru.org.uy\/nuevositio\/2023\/08\/17\/la-veda-del-dorado-sera-permanente-entre-septiembre-y-diciembre\/","og_site_name":"C.A.R.U.","article_published_time":"2023-08-17T05:29:00+00:00","article_modified_time":"2023-11-14T15:12:16+00:00","og_image":[{"width":336,"height":280,"url":"https:\/\/caru.org.uy\/nuevositio\/wp-content\/uploads\/2023\/10\/Dorado-1.jpg","type":"image\/jpeg"}],"author":"Noma","twitter_card":"summary_large_image","twitter_misc":{"Escrito por":"Noma","Tiempo de lectura":"1 minuto"},"schema":{"@context":"https:\/\/schema.org","@graph":[{"@type":["Article","BlogPosting"],"@id":"https:\/\/caru.org.uy\/nuevositio\/2023\/08\/17\/la-veda-del-dorado-sera-permanente-entre-septiembre-y-diciembre\/#article","isPartOf":{"@id":"https:\/\/caru.org.uy\/nuevositio\/2023\/08\/17\/la-veda-del-dorado-sera-permanente-entre-septiembre-y-diciembre\/"},"author":{"name":"Noma","@id":"https:\/\/caru.org.uy\/nuevositio\/#\/schema\/person\/9a11b7bc115602d2066d4c695b2aa3e5"},"headline":"La Veda del Dorado ser\u00e1 permanente entre septiembre y diciembre","datePublished":"2023-08-17T05:29:00+00:00","dateModified":"2023-11-14T15:12:16+00:00","mainEntityOfPage":{"@id":"https:\/\/caru.org.uy\/nuevositio\/2023\/08\/17\/la-veda-del-dorado-sera-permanente-entre-septiembre-y-diciembre\/"},"wordCount":194,"publisher":{"@id":"https:\/\/caru.org.uy\/nuevositio\/#organization"},"image":{"@id":"https:\/\/caru.org.uy\/nuevositio\/2023\/08\/17\/la-veda-del-dorado-sera-permanente-entre-septiembre-y-diciembre\/#primaryimage"},"thumbnailUrl":"https:\/\/caru.org.uy\/nuevositio\/wp-content\/uploads\/2023\/10\/Dorado-1.jpg","articleSection":["Noticias","Novedades"],"inLanguage":"es"},{"@type":"WebPage","@id":"https:\/\/caru.org.uy\/nuevositio\/2023\/08\/17\/la-veda-del-dorado-sera-permanente-entre-septiembre-y-diciembre\/","url":"https:\/\/caru.org.uy\/nuevositio\/2023\/08\/17\/la-veda-del-dorado-sera-permanente-entre-septiembre-y-diciembre\/","name":"La Veda del Dorado ser\u00e1 permanente entre septiembre y diciembre % C.A.R.U. imagen","isPartOf":{"@id":"https:\/\/caru.org.uy\/nuevositio\/#website"},"primaryImageOfPage":{"@id":"https:\/\/caru.org.uy\/nuevositio\/2023\/08\/17\/la-veda-del-dorado-sera-permanente-entre-septiembre-y-diciembre\/#primaryimage"},"image":{"@id":"https:\/\/caru.org.uy\/nuevositio\/2023\/08\/17\/la-veda-del-dorado-sera-permanente-entre-septiembre-y-diciembre\/#primaryimage"},"thumbnailUrl":"https:\/\/caru.org.uy\/nuevositio\/wp-content\/uploads\/2023\/10\/Dorado-1.jpg","datePublished":"2023-08-17T05:29:00+00:00","dateModified":"2023-11-14T15:12:16+00:00","breadcrumb":{"@id":"https:\/\/caru.org.uy\/nuevositio\/2023\/08\/17\/la-veda-del-dorado-sera-permanente-entre-septiembre-y-diciembre\/#breadcrumb"},"inLanguage":"es","potentialAction":[{"@type":"ReadAction","target":["https:\/\/caru.org.uy\/nuevositio\/2023\/08\/17\/la-veda-del-dorado-sera-permanente-entre-septiembre-y-diciembre\/"]}]},{"@type":"ImageObject","inLanguage":"es","@id":"https:\/\/caru.org.uy\/nuevositio\/2023\/08\/17\/la-veda-del-dorado-sera-permanente-entre-septiembre-y-diciembre\/#primaryimage","url":"https:\/\/caru.org.uy\/nuevositio\/wp-content\/uploads\/2023\/10\/Dorado-1.jpg","contentUrl":"https:\/\/caru.org.uy\/nuevositio\/wp-content\/uploads\/2023\/10\/Dorado-1.jpg","width":336,"height":280},{"@type":"BreadcrumbList","@id":"https:\/\/caru.org.uy\/nuevositio\/2023\/08\/17\/la-veda-del-dorado-sera-permanente-entre-septiembre-y-diciembre\/#breadcrumb","itemListElement":[{"@type":"ListItem","position":1,"name":"Portada","item":"https:\/\/caru.org.uy\/nuevositio\/"},{"@type":"ListItem","position":2,"name":"La Veda del Dorado ser\u00e1 permanente entre septiembre y diciembre"}]},{"@type":"WebSite","@id":"https:\/\/caru.org.uy\/nuevositio\/#website","url":"https:\/\/caru.org.uy\/nuevositio\/","name":"C.A.R.U.","description":"Comisi\u00f3n Administradora del R\u00edo Uruguay","publisher":{"@id":"https:\/\/caru.org.uy\/nuevositio\/#organization"},"potentialAction":[{"@type":"SearchAction","target":{"@type":"EntryPoint","urlTemplate":"https:\/\/caru.org.uy\/nuevositio\/?s={search_term_string}"},"query-input":{"@type":"PropertyValueSpecification","valueRequired":true,"valueName":"search_term_string"}}],"inLanguage":"es"},{"@type":"Organization","@id":"https:\/\/caru.org.uy\/nuevositio\/#organization","name":"C.A.R.U.","url":"https:\/\/caru.org.uy\/nuevositio\/","logo":{"@type":"ImageObject","inLanguage":"es","@id":"https:\/\/caru.org.uy\/nuevositio\/#\/schema\/logo\/image\/","url":"https:\/\/caru.org.uy\/nuevositio\/wp-content\/uploads\/2023\/11\/logo-nuevo.jpg","contentUrl":"https:\/\/caru.org.uy\/nuevositio\/wp-content\/uploads\/2023\/11\/logo-nuevo.jpg","width":1,"height":1,"caption":"C.A.R.U."},"image":{"@id":"https:\/\/caru.org.uy\/nuevositio\/#\/schema\/logo\/image\/"}},{"@type":"Person","@id":"https:\/\/caru.org.uy\/nuevositio\/#\/schema\/person\/9a11b7bc115602d2066d4c695b2aa3e5","name":"Noma","image":{"@type":"ImageObject","inLanguage":"es","@id":"https:\/\/secure.gravatar.com\/avatar\/8b0eb2764fe524b07cdc015df29e7576c061e58c50641dd8ccc46d3d448307e5?s=96&d=mm&r=g","url":"https:\/\/secure.gravatar.com\/avatar\/8b0eb2764fe524b07cdc015df29e7576c061e58c50641dd8ccc46d3d448307e5?s=96&d=mm&r=g","contentUrl":"https:\/\/secure.gravatar.com\/avatar\/8b0eb2764fe524b07cdc015df29e7576c061e58c50641dd8ccc46d3d448307e5?s=96&d=mm&r=g","caption":"Noma"},"url":"https:\/\/caru.org.uy\/nuevositio\/author\/admin\/"}]}},"_links":{"self":[{"href":"https:\/\/caru.org.uy\/nuevositio\/wp-json\/wp\/v2\/posts\/8273","targetHints":{"allow":["GET"]}}],"collection":[{"href":"https:\/\/caru.org.uy\/nuevositio\/wp-json\/wp\/v2\/posts"}],"about":[{"href":"https:\/\/caru.org.uy\/nuevositio\/wp-json\/wp\/v2\/types\/post"}],"author":[{"embeddable":true,"href":"https:\/\/caru.org.uy\/nuevositio\/wp-json\/wp\/v2\/users\/1"}],"replies":[{"embeddable":true,"href":"https:\/\/caru.org.uy\/nuevositio\/wp-json\/wp\/v2\/comments?post=8273"}],"version-history":[{"count":5,"href":"https:\/\/caru.org.uy\/nuevositio\/wp-json\/wp\/v2\/posts\/8273\/revisions"}],"predecessor-version":[{"id":8580,"href":"https:\/\/caru.org.uy\/nuevositio\/wp-json\/wp\/v2\/posts\/8273\/revisions\/8580"}],"wp:featuredmedia":[{"embeddable":true,"href":"https:\/\/caru.org.uy\/nuevositio\/wp-json\/wp\/v2\/media\/8275"}],"wp:attachment":[{"href":"https:\/\/caru.org.uy\/nuevositio\/wp-json\/wp\/v2\/media?parent=8273"}],"wp:term":[{"taxonomy":"category","embeddable":true,"href":"https:\/\/caru.org.uy\/nuevositio\/wp-json\/wp\/v2\/categories?post=8273"},{"taxonomy":"post_tag","embeddable":true,"href":"https:\/\/caru.org.uy\/nuevositio\/wp-json\/wp\/v2\/tags?post=8273"}],"curies":[{"name":"wp","href":"https:\/\/api.w.org\/{rel}","templated":true}]}}