{"id":8278,"date":"2023-08-28T05:37:00","date_gmt":"2023-08-28T05:37:00","guid":{"rendered":"https:\/\/caru.org.uy\/nuevositio\/?p=8278"},"modified":"2023-11-14T18:44:35","modified_gmt":"2023-11-14T18:44:35","slug":"navegabilidad-a-salto-concordia-caru-realizo-talleres-de-participacion-con-la-comunidad","status":"publish","type":"post","link":"https:\/\/caru.org.uy\/nuevositio\/2023\/08\/28\/navegabilidad-a-salto-concordia-caru-realizo-talleres-de-participacion-con-la-comunidad\/","title":{"rendered":"Navegabilidad a Salto\/Concordia: CARU realiz\u00f3 talleres de participaci\u00f3n  con la comunidad"},"content":{"rendered":"\t\t<div data-elementor-type=\"wp-post\" data-elementor-id=\"8278\" class=\"elementor elementor-8278\" data-elementor-post-type=\"post\">\n\t\t\t\t\t\t<section class=\"elementor-section elementor-top-section elementor-element elementor-element-5bd92a69 elementor-section-boxed elementor-section-height-default elementor-section-height-default\" data-id=\"5bd92a69\" data-element_type=\"section\" data-e-type=\"section\" data-settings=\"{&quot;jet_parallax_layout_list&quot;:[]}\">\n\t\t\t\t\t\t<div class=\"elementor-container elementor-column-gap-default\">\n\t\t\t\t\t<div class=\"elementor-column elementor-col-50 elementor-top-column elementor-element elementor-element-24b889e1\" data-id=\"24b889e1\" data-element_type=\"column\" data-e-type=\"column\">\n\t\t\t<div class=\"elementor-widget-wrap elementor-element-populated\">\n\t\t\t\t\t\t<div class=\"elementor-element elementor-element-1e54d926 elementor-widget elementor-widget-image\" data-id=\"1e54d926\" data-element_type=\"widget\" data-e-type=\"widget\" data-widget_type=\"image.default\">\n\t\t\t\t<div class=\"elementor-widget-container\">\n\t\t\t\t\t\t\t\t\t\t\t\t\t\t\t<img fetchpriority=\"high\" decoding=\"async\" width=\"1024\" height=\"768\" src=\"https:\/\/caru.org.uy\/nuevositio\/wp-content\/uploads\/2023\/10\/Navegabilidad-taller-1024x768.jpeg\" class=\"attachment-large size-large wp-image-8279\" alt=\"\" srcset=\"https:\/\/caru.org.uy\/nuevositio\/wp-content\/uploads\/2023\/10\/Navegabilidad-taller-1024x768.jpeg 1024w, https:\/\/caru.org.uy\/nuevositio\/wp-content\/uploads\/2023\/10\/Navegabilidad-taller-300x225.jpeg 300w, https:\/\/caru.org.uy\/nuevositio\/wp-content\/uploads\/2023\/10\/Navegabilidad-taller-768x576.jpeg 768w, https:\/\/caru.org.uy\/nuevositio\/wp-content\/uploads\/2023\/10\/Navegabilidad-taller-1536x1152.jpeg 1536w, https:\/\/caru.org.uy\/nuevositio\/wp-content\/uploads\/2023\/10\/Navegabilidad-taller.jpeg 1600w\" sizes=\"(max-width: 1024px) 100vw, 1024px\" \/>\t\t\t\t\t\t\t\t\t\t\t\t\t\t\t<\/div>\n\t\t\t\t<\/div>\n\t\t\t\t\t<\/div>\n\t\t<\/div>\n\t\t\t\t<div class=\"elementor-column elementor-col-50 elementor-top-column elementor-element elementor-element-1b002c5a\" data-id=\"1b002c5a\" data-element_type=\"column\" data-e-type=\"column\">\n\t\t\t<div class=\"elementor-widget-wrap elementor-element-populated\">\n\t\t\t\t\t\t<div class=\"elementor-element elementor-element-ce8ac36 elementor-widget elementor-widget-text-editor\" data-id=\"ce8ac36\" data-element_type=\"widget\" data-e-type=\"widget\" data-widget_type=\"text-editor.default\">\n\t\t\t\t<div class=\"elementor-widget-container\">\n\t\t\t\t\t\t\t\t\t\n<p>El Proyecto de mejora de la navegabilidad del R\u00edo Uruguay se present\u00f3 en otras dos ciudades: Paysand\u00fa y Col\u00f3n, luego de la experiencia similar realizada en Salto y Concordia. Con estos talleres culmin\u00f3 la instancia de participaci\u00f3n temprana que se ejecuta en el marco del Estudio de Impacto Ambiental y Social.<\/p>\n\n<p>La Comisi\u00f3n Administradora del R\u00edo Uruguay y el equipo consultor que est\u00e1 desarrollando el \u201cEstudio de Impacto Ambiental y Social del proyecto de dise\u00f1o del canal de navegaci\u00f3n en el tramo Paysand\u00fa\/Col\u00f3n (km 207,8) a Salto\/Concordia (km 336,3) del r\u00edo Uruguay\u201d, realizaron el pasado mi\u00e9rcoles 23 y jueves 24 de agosto en Paysand\u00fa y Col\u00f3n, respectivamente, los dos \u00faltimos talleres de participaci\u00f3n temprana que tienen por objetivo informar sobre el proyecto y obtener aportes de los sectores y actores locales interesados en la iniciativa.<\/p>\n\n<p>Del mismo modo que lo sucedido en los encuentros anteriores, en el Espacio Cultural Gobbi de Paysand\u00fa y en la Biblioteca Popular \u201cFiat Lux\u201d de Col\u00f3n, los asesores t\u00e9cnicos, expertos e ingenieros brindaron informaci\u00f3n espec\u00edfica sobre el proyecto t\u00e9cnico a los m\u00e1s de 40 asistentes.<\/p>\n\n<p>En la ciudad uruguaya participaron de los talleres la Delegada Uruguaya de la CARU, Esc. Mar\u00eda Eugenia Almir\u00f3n, miembros de la Intendencia, de la Junta Departamental de Paysand\u00fa; autoridades del puerto local, empresarios y representantes de instituciones deportivas y sociales, mientras que en la localidad Argentina se hizo presente la Secretaria de Ambiente de la provincia de Entre R\u00edos, Mar\u00eda Daniela Garc\u00eda; representantes de los gobiernos de Col\u00f3n y San Jos\u00e9, del Parque Nacional el Palmar, de Prefectura; guardaparques de la reserva local; organizaciones ambientalistas; miembros de clubes n\u00e1uticos y docentes universitarios, entre otros.<\/p>\n\n<p>Luego de las exposiciones se abri\u00f3 el intercambio y la participaci\u00f3n que gir\u00f3 en torno a: la disposici\u00f3n del material de vertido, a la operaci\u00f3n de dragado y mantenimiento, impacto de este tipo de embarcaciones en las costas; la protecci\u00f3n de aves y fauna \u00edctica y sus zonas de nidificaci\u00f3n o reproducci\u00f3n y cuestiones vinculadas a las ventajas econ\u00f3micas y posibles impulsos de desarrollo portuario.<\/p>\n\n<p>Posteriormente el equipo consultor tendr\u00e1 la tarea de valorar estos aportes e incorporarlos en el Estudio de Impacto Ambiental y Social, cuyos resultados se presentar\u00e1n en una Jornada P\u00fablica Abierta a realizarse pr\u00f3ximamente.<\/p>\n\n<p>Cabe destacar, que en el marco de la ejecuci\u00f3n del proyecto tambi\u00e9n se puso a disposici\u00f3n una consulta virtual y documentos de divulgaci\u00f3n, que ten\u00edan el objetivo ampliar y garantizar la participaci\u00f3n ciudadana. La herramienta digital fue complementaria a los cuatro talleres y a las reuniones preliminares que se ejecutaron en esta instancia de participaci\u00f3n temprana.<\/p>\n\t\t\t\t\t\t\t\t<\/div>\n\t\t\t\t<\/div>\n\t\t\t\t\t<\/div>\n\t\t<\/div>\n\t\t\t\t\t<\/div>\n\t\t<\/section>\n\t\t\t\t<\/div>\n\t\t","protected":false},"excerpt":{"rendered":"<p>El Proyecto de mejora de la navegabilidad del R\u00edo Uruguay se present\u00f3 en otras dos ciudades: Paysand\u00fa y Col\u00f3n, luego de la experiencia similar realizada en Salto y Concordia. Con estos talleres culmin\u00f3 la instancia de participaci\u00f3n temprana que se ejecuta en el marco del Estudio de Impacto Ambiental y Social. La Comisi\u00f3n Administradora del [&hellip;]<\/p>\n","protected":false},"author":1,"featured_media":8279,"comment_status":"closed","ping_status":"open","sticky":false,"template":"","format":"standard","meta":{"_acf_changed":false,"_joinchat":[],"footnotes":""},"categories":[37,27],"tags":[],"class_list":["post-8278","post","type-post","status-publish","format-standard","has-post-thumbnail","hentry","category-noticias","category-novedades"],"acf":[],"yoast_head":"<!-- This site is optimized with the Yoast SEO plugin v27.3 - https:\/\/yoast.com\/product\/yoast-seo-wordpress\/ -->\n<title>Navegabilidad a Salto\/Concordia: CARU realiz\u00f3 talleres de participaci\u00f3n con la comunidad % C.A.R.U. imagen<\/title>\n<meta name=\"robots\" content=\"index, follow, max-snippet:-1, max-image-preview:large, max-video-preview:-1\" \/>\n<link rel=\"canonical\" href=\"https:\/\/caru.org.uy\/nuevositio\/2023\/08\/28\/navegabilidad-a-salto-concordia-caru-realizo-talleres-de-participacion-con-la-comunidad\/\" \/>\n<meta property=\"og:locale\" content=\"es_ES\" \/>\n<meta property=\"og:type\" content=\"article\" \/>\n<meta property=\"og:title\" content=\"Navegabilidad a Salto\/Concordia: CARU realiz\u00f3 talleres de participaci\u00f3n con la comunidad % C.A.R.U. imagen\" \/>\n<meta property=\"og:description\" content=\"El Proyecto de mejora de la navegabilidad del R\u00edo Uruguay se present\u00f3 en otras dos ciudades: Paysand\u00fa y Col\u00f3n, luego de la experiencia similar realizada en Salto y Concordia. Con estos talleres culmin\u00f3 la instancia de participaci\u00f3n temprana que se ejecuta en el marco del Estudio de Impacto Ambiental y Social. La Comisi\u00f3n Administradora del [&hellip;]\" \/>\n<meta property=\"og:url\" content=\"https:\/\/caru.org.uy\/nuevositio\/2023\/08\/28\/navegabilidad-a-salto-concordia-caru-realizo-talleres-de-participacion-con-la-comunidad\/\" \/>\n<meta property=\"og:site_name\" content=\"C.A.R.U.\" \/>\n<meta property=\"article:published_time\" content=\"2023-08-28T05:37:00+00:00\" \/>\n<meta property=\"article:modified_time\" content=\"2023-11-14T18:44:35+00:00\" \/>\n<meta property=\"og:image\" content=\"https:\/\/caru.org.uy\/nuevositio\/wp-content\/uploads\/2023\/10\/Navegabilidad-taller.jpeg\" \/>\n\t<meta property=\"og:image:width\" content=\"1600\" \/>\n\t<meta property=\"og:image:height\" content=\"1200\" \/>\n\t<meta property=\"og:image:type\" content=\"image\/jpeg\" \/>\n<meta name=\"author\" content=\"Noma\" \/>\n<meta name=\"twitter:card\" content=\"summary_large_image\" \/>\n<meta name=\"twitter:label1\" content=\"Escrito por\" \/>\n\t<meta name=\"twitter:data1\" content=\"Noma\" \/>\n\t<meta name=\"twitter:label2\" content=\"Tiempo de lectura\" \/>\n\t<meta name=\"twitter:data2\" content=\"2 minutos\" \/>\n<script type=\"application\/ld+json\" class=\"yoast-schema-graph\">{\"@context\":\"https:\\\/\\\/schema.org\",\"@graph\":[{\"@type\":[\"Article\",\"BlogPosting\"],\"@id\":\"https:\\\/\\\/caru.org.uy\\\/nuevositio\\\/2023\\\/08\\\/28\\\/navegabilidad-a-salto-concordia-caru-realizo-talleres-de-participacion-con-la-comunidad\\\/#article\",\"isPartOf\":{\"@id\":\"https:\\\/\\\/caru.org.uy\\\/nuevositio\\\/2023\\\/08\\\/28\\\/navegabilidad-a-salto-concordia-caru-realizo-talleres-de-participacion-con-la-comunidad\\\/\"},\"author\":{\"name\":\"Noma\",\"@id\":\"https:\\\/\\\/caru.org.uy\\\/nuevositio\\\/#\\\/schema\\\/person\\\/9a11b7bc115602d2066d4c695b2aa3e5\"},\"headline\":\"Navegabilidad a Salto\\\/Concordia: CARU realiz\u00f3 talleres de participaci\u00f3n con la comunidad\",\"datePublished\":\"2023-08-28T05:37:00+00:00\",\"dateModified\":\"2023-11-14T18:44:35+00:00\",\"mainEntityOfPage\":{\"@id\":\"https:\\\/\\\/caru.org.uy\\\/nuevositio\\\/2023\\\/08\\\/28\\\/navegabilidad-a-salto-concordia-caru-realizo-talleres-de-participacion-con-la-comunidad\\\/\"},\"wordCount\":480,\"publisher\":{\"@id\":\"https:\\\/\\\/caru.org.uy\\\/nuevositio\\\/#organization\"},\"image\":{\"@id\":\"https:\\\/\\\/caru.org.uy\\\/nuevositio\\\/2023\\\/08\\\/28\\\/navegabilidad-a-salto-concordia-caru-realizo-talleres-de-participacion-con-la-comunidad\\\/#primaryimage\"},\"thumbnailUrl\":\"https:\\\/\\\/caru.org.uy\\\/nuevositio\\\/wp-content\\\/uploads\\\/2023\\\/10\\\/Navegabilidad-taller.jpeg\",\"articleSection\":[\"Noticias\",\"Novedades\"],\"inLanguage\":\"es\"},{\"@type\":\"WebPage\",\"@id\":\"https:\\\/\\\/caru.org.uy\\\/nuevositio\\\/2023\\\/08\\\/28\\\/navegabilidad-a-salto-concordia-caru-realizo-talleres-de-participacion-con-la-comunidad\\\/\",\"url\":\"https:\\\/\\\/caru.org.uy\\\/nuevositio\\\/2023\\\/08\\\/28\\\/navegabilidad-a-salto-concordia-caru-realizo-talleres-de-participacion-con-la-comunidad\\\/\",\"name\":\"Navegabilidad a Salto\\\/Concordia: CARU realiz\u00f3 talleres de participaci\u00f3n con la comunidad % C.A.R.U. imagen\",\"isPartOf\":{\"@id\":\"https:\\\/\\\/caru.org.uy\\\/nuevositio\\\/#website\"},\"primaryImageOfPage\":{\"@id\":\"https:\\\/\\\/caru.org.uy\\\/nuevositio\\\/2023\\\/08\\\/28\\\/navegabilidad-a-salto-concordia-caru-realizo-talleres-de-participacion-con-la-comunidad\\\/#primaryimage\"},\"image\":{\"@id\":\"https:\\\/\\\/caru.org.uy\\\/nuevositio\\\/2023\\\/08\\\/28\\\/navegabilidad-a-salto-concordia-caru-realizo-talleres-de-participacion-con-la-comunidad\\\/#primaryimage\"},\"thumbnailUrl\":\"https:\\\/\\\/caru.org.uy\\\/nuevositio\\\/wp-content\\\/uploads\\\/2023\\\/10\\\/Navegabilidad-taller.jpeg\",\"datePublished\":\"2023-08-28T05:37:00+00:00\",\"dateModified\":\"2023-11-14T18:44:35+00:00\",\"breadcrumb\":{\"@id\":\"https:\\\/\\\/caru.org.uy\\\/nuevositio\\\/2023\\\/08\\\/28\\\/navegabilidad-a-salto-concordia-caru-realizo-talleres-de-participacion-con-la-comunidad\\\/#breadcrumb\"},\"inLanguage\":\"es\",\"potentialAction\":[{\"@type\":\"ReadAction\",\"target\":[\"https:\\\/\\\/caru.org.uy\\\/nuevositio\\\/2023\\\/08\\\/28\\\/navegabilidad-a-salto-concordia-caru-realizo-talleres-de-participacion-con-la-comunidad\\\/\"]}]},{\"@type\":\"ImageObject\",\"inLanguage\":\"es\",\"@id\":\"https:\\\/\\\/caru.org.uy\\\/nuevositio\\\/2023\\\/08\\\/28\\\/navegabilidad-a-salto-concordia-caru-realizo-talleres-de-participacion-con-la-comunidad\\\/#primaryimage\",\"url\":\"https:\\\/\\\/caru.org.uy\\\/nuevositio\\\/wp-content\\\/uploads\\\/2023\\\/10\\\/Navegabilidad-taller.jpeg\",\"contentUrl\":\"https:\\\/\\\/caru.org.uy\\\/nuevositio\\\/wp-content\\\/uploads\\\/2023\\\/10\\\/Navegabilidad-taller.jpeg\",\"width\":1600,\"height\":1200},{\"@type\":\"BreadcrumbList\",\"@id\":\"https:\\\/\\\/caru.org.uy\\\/nuevositio\\\/2023\\\/08\\\/28\\\/navegabilidad-a-salto-concordia-caru-realizo-talleres-de-participacion-con-la-comunidad\\\/#breadcrumb\",\"itemListElement\":[{\"@type\":\"ListItem\",\"position\":1,\"name\":\"Portada\",\"item\":\"https:\\\/\\\/caru.org.uy\\\/nuevositio\\\/\"},{\"@type\":\"ListItem\",\"position\":2,\"name\":\"Navegabilidad a Salto\\\/Concordia: CARU realiz\u00f3 talleres de participaci\u00f3n con la comunidad\"}]},{\"@type\":\"WebSite\",\"@id\":\"https:\\\/\\\/caru.org.uy\\\/nuevositio\\\/#website\",\"url\":\"https:\\\/\\\/caru.org.uy\\\/nuevositio\\\/\",\"name\":\"C.A.R.U.\",\"description\":\"Comisi\u00f3n Administradora del R\u00edo Uruguay\",\"publisher\":{\"@id\":\"https:\\\/\\\/caru.org.uy\\\/nuevositio\\\/#organization\"},\"potentialAction\":[{\"@type\":\"SearchAction\",\"target\":{\"@type\":\"EntryPoint\",\"urlTemplate\":\"https:\\\/\\\/caru.org.uy\\\/nuevositio\\\/?s={search_term_string}\"},\"query-input\":{\"@type\":\"PropertyValueSpecification\",\"valueRequired\":true,\"valueName\":\"search_term_string\"}}],\"inLanguage\":\"es\"},{\"@type\":\"Organization\",\"@id\":\"https:\\\/\\\/caru.org.uy\\\/nuevositio\\\/#organization\",\"name\":\"C.A.R.U.\",\"url\":\"https:\\\/\\\/caru.org.uy\\\/nuevositio\\\/\",\"logo\":{\"@type\":\"ImageObject\",\"inLanguage\":\"es\",\"@id\":\"https:\\\/\\\/caru.org.uy\\\/nuevositio\\\/#\\\/schema\\\/logo\\\/image\\\/\",\"url\":\"https:\\\/\\\/caru.org.uy\\\/nuevositio\\\/wp-content\\\/uploads\\\/2023\\\/11\\\/logo-nuevo.jpg\",\"contentUrl\":\"https:\\\/\\\/caru.org.uy\\\/nuevositio\\\/wp-content\\\/uploads\\\/2023\\\/11\\\/logo-nuevo.jpg\",\"width\":1,\"height\":1,\"caption\":\"C.A.R.U.\"},\"image\":{\"@id\":\"https:\\\/\\\/caru.org.uy\\\/nuevositio\\\/#\\\/schema\\\/logo\\\/image\\\/\"}},{\"@type\":\"Person\",\"@id\":\"https:\\\/\\\/caru.org.uy\\\/nuevositio\\\/#\\\/schema\\\/person\\\/9a11b7bc115602d2066d4c695b2aa3e5\",\"name\":\"Noma\",\"image\":{\"@type\":\"ImageObject\",\"inLanguage\":\"es\",\"@id\":\"https:\\\/\\\/secure.gravatar.com\\\/avatar\\\/8b0eb2764fe524b07cdc015df29e7576c061e58c50641dd8ccc46d3d448307e5?s=96&d=mm&r=g\",\"url\":\"https:\\\/\\\/secure.gravatar.com\\\/avatar\\\/8b0eb2764fe524b07cdc015df29e7576c061e58c50641dd8ccc46d3d448307e5?s=96&d=mm&r=g\",\"contentUrl\":\"https:\\\/\\\/secure.gravatar.com\\\/avatar\\\/8b0eb2764fe524b07cdc015df29e7576c061e58c50641dd8ccc46d3d448307e5?s=96&d=mm&r=g\",\"caption\":\"Noma\"},\"url\":\"https:\\\/\\\/caru.org.uy\\\/nuevositio\\\/author\\\/admin\\\/\"}]}<\/script>\n<!-- \/ Yoast SEO plugin. -->","yoast_head_json":{"title":"Navegabilidad a Salto\/Concordia: CARU realiz\u00f3 talleres de participaci\u00f3n con la comunidad % C.A.R.U. imagen","robots":{"index":"index","follow":"follow","max-snippet":"max-snippet:-1","max-image-preview":"max-image-preview:large","max-video-preview":"max-video-preview:-1"},"canonical":"https:\/\/caru.org.uy\/nuevositio\/2023\/08\/28\/navegabilidad-a-salto-concordia-caru-realizo-talleres-de-participacion-con-la-comunidad\/","og_locale":"es_ES","og_type":"article","og_title":"Navegabilidad a Salto\/Concordia: CARU realiz\u00f3 talleres de participaci\u00f3n con la comunidad % C.A.R.U. imagen","og_description":"El Proyecto de mejora de la navegabilidad del R\u00edo Uruguay se present\u00f3 en otras dos ciudades: Paysand\u00fa y Col\u00f3n, luego de la experiencia similar realizada en Salto y Concordia. Con estos talleres culmin\u00f3 la instancia de participaci\u00f3n temprana que se ejecuta en el marco del Estudio de Impacto Ambiental y Social. La Comisi\u00f3n Administradora del [&hellip;]","og_url":"https:\/\/caru.org.uy\/nuevositio\/2023\/08\/28\/navegabilidad-a-salto-concordia-caru-realizo-talleres-de-participacion-con-la-comunidad\/","og_site_name":"C.A.R.U.","article_published_time":"2023-08-28T05:37:00+00:00","article_modified_time":"2023-11-14T18:44:35+00:00","og_image":[{"width":1600,"height":1200,"url":"https:\/\/caru.org.uy\/nuevositio\/wp-content\/uploads\/2023\/10\/Navegabilidad-taller.jpeg","type":"image\/jpeg"}],"author":"Noma","twitter_card":"summary_large_image","twitter_misc":{"Escrito por":"Noma","Tiempo de lectura":"2 minutos"},"schema":{"@context":"https:\/\/schema.org","@graph":[{"@type":["Article","BlogPosting"],"@id":"https:\/\/caru.org.uy\/nuevositio\/2023\/08\/28\/navegabilidad-a-salto-concordia-caru-realizo-talleres-de-participacion-con-la-comunidad\/#article","isPartOf":{"@id":"https:\/\/caru.org.uy\/nuevositio\/2023\/08\/28\/navegabilidad-a-salto-concordia-caru-realizo-talleres-de-participacion-con-la-comunidad\/"},"author":{"name":"Noma","@id":"https:\/\/caru.org.uy\/nuevositio\/#\/schema\/person\/9a11b7bc115602d2066d4c695b2aa3e5"},"headline":"Navegabilidad a Salto\/Concordia: CARU realiz\u00f3 talleres de participaci\u00f3n con la comunidad","datePublished":"2023-08-28T05:37:00+00:00","dateModified":"2023-11-14T18:44:35+00:00","mainEntityOfPage":{"@id":"https:\/\/caru.org.uy\/nuevositio\/2023\/08\/28\/navegabilidad-a-salto-concordia-caru-realizo-talleres-de-participacion-con-la-comunidad\/"},"wordCount":480,"publisher":{"@id":"https:\/\/caru.org.uy\/nuevositio\/#organization"},"image":{"@id":"https:\/\/caru.org.uy\/nuevositio\/2023\/08\/28\/navegabilidad-a-salto-concordia-caru-realizo-talleres-de-participacion-con-la-comunidad\/#primaryimage"},"thumbnailUrl":"https:\/\/caru.org.uy\/nuevositio\/wp-content\/uploads\/2023\/10\/Navegabilidad-taller.jpeg","articleSection":["Noticias","Novedades"],"inLanguage":"es"},{"@type":"WebPage","@id":"https:\/\/caru.org.uy\/nuevositio\/2023\/08\/28\/navegabilidad-a-salto-concordia-caru-realizo-talleres-de-participacion-con-la-comunidad\/","url":"https:\/\/caru.org.uy\/nuevositio\/2023\/08\/28\/navegabilidad-a-salto-concordia-caru-realizo-talleres-de-participacion-con-la-comunidad\/","name":"Navegabilidad a Salto\/Concordia: CARU realiz\u00f3 talleres de participaci\u00f3n con la comunidad % C.A.R.U. imagen","isPartOf":{"@id":"https:\/\/caru.org.uy\/nuevositio\/#website"},"primaryImageOfPage":{"@id":"https:\/\/caru.org.uy\/nuevositio\/2023\/08\/28\/navegabilidad-a-salto-concordia-caru-realizo-talleres-de-participacion-con-la-comunidad\/#primaryimage"},"image":{"@id":"https:\/\/caru.org.uy\/nuevositio\/2023\/08\/28\/navegabilidad-a-salto-concordia-caru-realizo-talleres-de-participacion-con-la-comunidad\/#primaryimage"},"thumbnailUrl":"https:\/\/caru.org.uy\/nuevositio\/wp-content\/uploads\/2023\/10\/Navegabilidad-taller.jpeg","datePublished":"2023-08-28T05:37:00+00:00","dateModified":"2023-11-14T18:44:35+00:00","breadcrumb":{"@id":"https:\/\/caru.org.uy\/nuevositio\/2023\/08\/28\/navegabilidad-a-salto-concordia-caru-realizo-talleres-de-participacion-con-la-comunidad\/#breadcrumb"},"inLanguage":"es","potentialAction":[{"@type":"ReadAction","target":["https:\/\/caru.org.uy\/nuevositio\/2023\/08\/28\/navegabilidad-a-salto-concordia-caru-realizo-talleres-de-participacion-con-la-comunidad\/"]}]},{"@type":"ImageObject","inLanguage":"es","@id":"https:\/\/caru.org.uy\/nuevositio\/2023\/08\/28\/navegabilidad-a-salto-concordia-caru-realizo-talleres-de-participacion-con-la-comunidad\/#primaryimage","url":"https:\/\/caru.org.uy\/nuevositio\/wp-content\/uploads\/2023\/10\/Navegabilidad-taller.jpeg","contentUrl":"https:\/\/caru.org.uy\/nuevositio\/wp-content\/uploads\/2023\/10\/Navegabilidad-taller.jpeg","width":1600,"height":1200},{"@type":"BreadcrumbList","@id":"https:\/\/caru.org.uy\/nuevositio\/2023\/08\/28\/navegabilidad-a-salto-concordia-caru-realizo-talleres-de-participacion-con-la-comunidad\/#breadcrumb","itemListElement":[{"@type":"ListItem","position":1,"name":"Portada","item":"https:\/\/caru.org.uy\/nuevositio\/"},{"@type":"ListItem","position":2,"name":"Navegabilidad a Salto\/Concordia: CARU realiz\u00f3 talleres de participaci\u00f3n con la comunidad"}]},{"@type":"WebSite","@id":"https:\/\/caru.org.uy\/nuevositio\/#website","url":"https:\/\/caru.org.uy\/nuevositio\/","name":"C.A.R.U.","description":"Comisi\u00f3n Administradora del R\u00edo Uruguay","publisher":{"@id":"https:\/\/caru.org.uy\/nuevositio\/#organization"},"potentialAction":[{"@type":"SearchAction","target":{"@type":"EntryPoint","urlTemplate":"https:\/\/caru.org.uy\/nuevositio\/?s={search_term_string}"},"query-input":{"@type":"PropertyValueSpecification","valueRequired":true,"valueName":"search_term_string"}}],"inLanguage":"es"},{"@type":"Organization","@id":"https:\/\/caru.org.uy\/nuevositio\/#organization","name":"C.A.R.U.","url":"https:\/\/caru.org.uy\/nuevositio\/","logo":{"@type":"ImageObject","inLanguage":"es","@id":"https:\/\/caru.org.uy\/nuevositio\/#\/schema\/logo\/image\/","url":"https:\/\/caru.org.uy\/nuevositio\/wp-content\/uploads\/2023\/11\/logo-nuevo.jpg","contentUrl":"https:\/\/caru.org.uy\/nuevositio\/wp-content\/uploads\/2023\/11\/logo-nuevo.jpg","width":1,"height":1,"caption":"C.A.R.U."},"image":{"@id":"https:\/\/caru.org.uy\/nuevositio\/#\/schema\/logo\/image\/"}},{"@type":"Person","@id":"https:\/\/caru.org.uy\/nuevositio\/#\/schema\/person\/9a11b7bc115602d2066d4c695b2aa3e5","name":"Noma","image":{"@type":"ImageObject","inLanguage":"es","@id":"https:\/\/secure.gravatar.com\/avatar\/8b0eb2764fe524b07cdc015df29e7576c061e58c50641dd8ccc46d3d448307e5?s=96&d=mm&r=g","url":"https:\/\/secure.gravatar.com\/avatar\/8b0eb2764fe524b07cdc015df29e7576c061e58c50641dd8ccc46d3d448307e5?s=96&d=mm&r=g","contentUrl":"https:\/\/secure.gravatar.com\/avatar\/8b0eb2764fe524b07cdc015df29e7576c061e58c50641dd8ccc46d3d448307e5?s=96&d=mm&r=g","caption":"Noma"},"url":"https:\/\/caru.org.uy\/nuevositio\/author\/admin\/"}]}},"_links":{"self":[{"href":"https:\/\/caru.org.uy\/nuevositio\/wp-json\/wp\/v2\/posts\/8278","targetHints":{"allow":["GET"]}}],"collection":[{"href":"https:\/\/caru.org.uy\/nuevositio\/wp-json\/wp\/v2\/posts"}],"about":[{"href":"https:\/\/caru.org.uy\/nuevositio\/wp-json\/wp\/v2\/types\/post"}],"author":[{"embeddable":true,"href":"https:\/\/caru.org.uy\/nuevositio\/wp-json\/wp\/v2\/users\/1"}],"replies":[{"embeddable":true,"href":"https:\/\/caru.org.uy\/nuevositio\/wp-json\/wp\/v2\/comments?post=8278"}],"version-history":[{"count":6,"href":"https:\/\/caru.org.uy\/nuevositio\/wp-json\/wp\/v2\/posts\/8278\/revisions"}],"predecessor-version":[{"id":8700,"href":"https:\/\/caru.org.uy\/nuevositio\/wp-json\/wp\/v2\/posts\/8278\/revisions\/8700"}],"wp:featuredmedia":[{"embeddable":true,"href":"https:\/\/caru.org.uy\/nuevositio\/wp-json\/wp\/v2\/media\/8279"}],"wp:attachment":[{"href":"https:\/\/caru.org.uy\/nuevositio\/wp-json\/wp\/v2\/media?parent=8278"}],"wp:term":[{"taxonomy":"category","embeddable":true,"href":"https:\/\/caru.org.uy\/nuevositio\/wp-json\/wp\/v2\/categories?post=8278"},{"taxonomy":"post_tag","embeddable":true,"href":"https:\/\/caru.org.uy\/nuevositio\/wp-json\/wp\/v2\/tags?post=8278"}],"curies":[{"name":"wp","href":"https:\/\/api.w.org\/{rel}","templated":true}]}}