{"id":8282,"date":"2025-06-18T05:45:00","date_gmt":"2025-06-18T08:45:00","guid":{"rendered":"https:\/\/caru.org.uy\/nuevositio\/?p=8282"},"modified":"2025-08-18T20:51:03","modified_gmt":"2025-08-18T23:51:03","slug":"informe-diario-de-la-crecida-en-transcurso-del-rio-uruguay","status":"publish","type":"post","link":"https:\/\/caru.org.uy\/nuevositio\/2025\/06\/18\/informe-diario-de-la-crecida-en-transcurso-del-rio-uruguay\/","title":{"rendered":"Informe diario de la crecida en transcurso del R\u00edo Uruguay"},"content":{"rendered":"\t\t<div data-elementor-type=\"wp-post\" data-elementor-id=\"8282\" class=\"elementor elementor-8282\" data-elementor-post-type=\"post\">\n\t\t\t\t\t\t<section class=\"elementor-section elementor-top-section elementor-element elementor-element-955b10a elementor-section-boxed elementor-section-height-default elementor-section-height-default\" data-id=\"955b10a\" data-element_type=\"section\" data-e-type=\"section\" data-settings=\"{&quot;jet_parallax_layout_list&quot;:[]}\">\n\t\t\t\t\t\t<div class=\"elementor-container elementor-column-gap-default\">\n\t\t\t\t\t<div class=\"elementor-column elementor-col-50 elementor-top-column elementor-element elementor-element-3386b48\" data-id=\"3386b48\" data-element_type=\"column\" data-e-type=\"column\">\n\t\t\t<div class=\"elementor-widget-wrap elementor-element-populated\">\n\t\t\t\t\t\t<div class=\"elementor-element elementor-element-4714053f elementor-widget elementor-widget-image\" data-id=\"4714053f\" data-element_type=\"widget\" data-e-type=\"widget\" data-widget_type=\"image.default\">\n\t\t\t\t<div class=\"elementor-widget-container\">\n\t\t\t\t\t\t\t\t\t\t\t\t\t\t\t<img fetchpriority=\"high\" decoding=\"async\" width=\"525\" height=\"350\" src=\"https:\/\/caru.org.uy\/nuevositio\/wp-content\/uploads\/2023\/10\/crecida.jpg\" class=\"attachment-large size-large wp-image-8283\" alt=\"\" srcset=\"https:\/\/caru.org.uy\/nuevositio\/wp-content\/uploads\/2023\/10\/crecida.jpg 525w, https:\/\/caru.org.uy\/nuevositio\/wp-content\/uploads\/2023\/10\/crecida-300x200.jpg 300w\" sizes=\"(max-width: 525px) 100vw, 525px\" \/>\t\t\t\t\t\t\t\t\t\t\t\t\t\t\t<\/div>\n\t\t\t\t<\/div>\n\t\t\t\t\t<\/div>\n\t\t<\/div>\n\t\t\t\t<div class=\"elementor-column elementor-col-50 elementor-top-column elementor-element elementor-element-1a7d7413\" data-id=\"1a7d7413\" data-element_type=\"column\" data-e-type=\"column\">\n\t\t\t<div class=\"elementor-widget-wrap elementor-element-populated\">\n\t\t\t\t\t\t<div class=\"elementor-element elementor-element-14a07475 elementor-widget elementor-widget-text-editor\" data-id=\"14a07475\" data-element_type=\"widget\" data-e-type=\"widget\" data-widget_type=\"text-editor.default\">\n\t\t\t\t<div class=\"elementor-widget-container\">\n\t\t\t\t\t\t\t\t\t<p>Ante la previsi\u00f3n de una erogaci\u00f3n mayor a 15.000 m3\/s de la represa de Salto Grande, el Departamento de Hidrolog\u00eda (Secretar\u00eda T\u00e9cnica) de la CARU emite un informe diario con los niveles que podr\u00edan alcanzarse aguas abajo.<\/p>\n<p><a href=\"https:\/\/caru.org.uy\/nuevositio\/wp-content\/uploads\/2025\/07\/20250710-Crecida.pdf\"><strong>INFORME 10\/07\/2025<\/strong><\/a><\/p>\n<p><a href=\"https:\/\/caru.org.uy\/nuevositio\/wp-content\/uploads\/2025\/07\/20250709-Crecida.pdf\"><strong>INFORME 09\/07\/2025<\/strong><\/a><\/p>\n<p><a href=\"https:\/\/caru.org.uy\/nuevositio\/wp-content\/uploads\/2025\/07\/20250708-Crecida.pdf\"><strong>INFORME 08\/07\/2025<\/strong><\/a><\/p>\n<p><a href=\"https:\/\/caru.org.uy\/nuevositio\/wp-content\/uploads\/2025\/07\/20250707-Crecida.pdf\"><strong>INFORME 07\/07\/2025<\/strong><\/a><\/p>\n<p><a href=\"https:\/\/caru.org.uy\/nuevositio\/wp-content\/uploads\/2025\/07\/20250706-Crecida.pdf\"><strong>INFORME 06\/07\/2025<\/strong><\/a><\/p>\n<p><a href=\"https:\/\/caru.org.uy\/nuevositio\/wp-content\/uploads\/2025\/07\/20250705-Crecida.pdf\"><strong>INFORME 05\/07\/2025<\/strong><\/a><\/p>\n<p><a href=\"https:\/\/caru.org.uy\/nuevositio\/wp-content\/uploads\/2025\/07\/20250704-Crecida.pdf\"><strong>INFORME 04\/07\/2025<\/strong><\/a><\/p>\n<p><a href=\"https:\/\/caru.org.uy\/nuevositio\/wp-content\/uploads\/2025\/07\/20250703-Crecida.pdf\"><strong>INFORME 03\/07\/2025<br><\/strong><\/a><\/p>\n<p><strong><a href=\"https:\/\/drive.google.com\/drive\/u\/0\/folders\/1SLmF88gkr2aT-DOggisWKCJEHAg_u0hS\">Enlace a todos los informes<\/a><\/strong><\/p>\n<p><!-- \/wp:paragraph --><\/p>\t\t\t\t\t\t\t\t<\/div>\n\t\t\t\t<\/div>\n\t\t\t\t\t<\/div>\n\t\t<\/div>\n\t\t\t\t\t<\/div>\n\t\t<\/section>\n\t\t\t\t<\/div>\n\t\t","protected":false},"excerpt":{"rendered":"<p>Ante la previsi\u00f3n de una erogaci\u00f3n mayor a 15.000 m3\/s de la represa de Salto Grande, el Departamento de Hidrolog\u00eda (Secretar\u00eda T\u00e9cnica) de la CARU emite un informe diario con los niveles que podr\u00edan alcanzarse aguas abajo. INFORME 10\/07\/2025 INFORME 09\/07\/2025 INFORME 08\/07\/2025 INFORME 07\/07\/2025 INFORME 06\/07\/2025 INFORME 05\/07\/2025 INFORME 04\/07\/2025 INFORME 03\/07\/2025 Enlace a [&hellip;]<\/p>\n","protected":false},"author":1,"featured_media":8283,"comment_status":"open","ping_status":"open","sticky":false,"template":"","format":"standard","meta":{"_acf_changed":false,"_joinchat":[],"footnotes":""},"categories":[37,27],"tags":[],"class_list":["post-8282","post","type-post","status-publish","format-standard","has-post-thumbnail","hentry","category-noticias","category-novedades"],"acf":[],"yoast_head":"<!-- This site is optimized with the Yoast SEO plugin v27.3 - https:\/\/yoast.com\/product\/yoast-seo-wordpress\/ -->\n<title>Informe diario de la crecida en transcurso del R\u00edo Uruguay % C.A.R.U. imagen<\/title>\n<meta name=\"robots\" content=\"index, follow, max-snippet:-1, max-image-preview:large, max-video-preview:-1\" \/>\n<link rel=\"canonical\" href=\"https:\/\/caru.org.uy\/nuevositio\/2025\/06\/18\/informe-diario-de-la-crecida-en-transcurso-del-rio-uruguay\/\" \/>\n<meta property=\"og:locale\" content=\"es_ES\" \/>\n<meta property=\"og:type\" content=\"article\" \/>\n<meta property=\"og:title\" content=\"Informe diario de la crecida en transcurso del R\u00edo Uruguay % C.A.R.U. imagen\" \/>\n<meta property=\"og:description\" content=\"Ante la previsi\u00f3n de una erogaci\u00f3n mayor a 15.000 m3\/s de la represa de Salto Grande, el Departamento de Hidrolog\u00eda (Secretar\u00eda T\u00e9cnica) de la CARU emite un informe diario con los niveles que podr\u00edan alcanzarse aguas abajo. INFORME 10\/07\/2025 INFORME 09\/07\/2025 INFORME 08\/07\/2025 INFORME 07\/07\/2025 INFORME 06\/07\/2025 INFORME 05\/07\/2025 INFORME 04\/07\/2025 INFORME 03\/07\/2025 Enlace a [&hellip;]\" \/>\n<meta property=\"og:url\" content=\"https:\/\/caru.org.uy\/nuevositio\/2025\/06\/18\/informe-diario-de-la-crecida-en-transcurso-del-rio-uruguay\/\" \/>\n<meta property=\"og:site_name\" content=\"C.A.R.U.\" \/>\n<meta property=\"article:published_time\" content=\"2025-06-18T08:45:00+00:00\" \/>\n<meta property=\"article:modified_time\" content=\"2025-08-18T23:51:03+00:00\" \/>\n<meta property=\"og:image\" content=\"https:\/\/caru.org.uy\/nuevositio\/wp-content\/uploads\/2023\/10\/crecida.jpg\" \/>\n\t<meta property=\"og:image:width\" content=\"525\" \/>\n\t<meta property=\"og:image:height\" content=\"350\" \/>\n\t<meta property=\"og:image:type\" content=\"image\/jpeg\" \/>\n<meta name=\"author\" content=\"Noma\" \/>\n<meta name=\"twitter:card\" content=\"summary_large_image\" \/>\n<meta name=\"twitter:label1\" content=\"Escrito por\" \/>\n\t<meta name=\"twitter:data1\" content=\"Noma\" \/>\n\t<meta name=\"twitter:label2\" content=\"Tiempo de lectura\" \/>\n\t<meta name=\"twitter:data2\" content=\"1 minuto\" \/>\n<script type=\"application\/ld+json\" class=\"yoast-schema-graph\">{\"@context\":\"https:\\\/\\\/schema.org\",\"@graph\":[{\"@type\":[\"Article\",\"BlogPosting\"],\"@id\":\"https:\\\/\\\/caru.org.uy\\\/nuevositio\\\/2025\\\/06\\\/18\\\/informe-diario-de-la-crecida-en-transcurso-del-rio-uruguay\\\/#article\",\"isPartOf\":{\"@id\":\"https:\\\/\\\/caru.org.uy\\\/nuevositio\\\/2025\\\/06\\\/18\\\/informe-diario-de-la-crecida-en-transcurso-del-rio-uruguay\\\/\"},\"author\":{\"name\":\"Noma\",\"@id\":\"https:\\\/\\\/caru.org.uy\\\/nuevositio\\\/#\\\/schema\\\/person\\\/9a11b7bc115602d2066d4c695b2aa3e5\"},\"headline\":\"Informe diario de la crecida en transcurso del R\u00edo Uruguay\",\"datePublished\":\"2025-06-18T08:45:00+00:00\",\"dateModified\":\"2025-08-18T23:51:03+00:00\",\"mainEntityOfPage\":{\"@id\":\"https:\\\/\\\/caru.org.uy\\\/nuevositio\\\/2025\\\/06\\\/18\\\/informe-diario-de-la-crecida-en-transcurso-del-rio-uruguay\\\/\"},\"wordCount\":67,\"commentCount\":0,\"publisher\":{\"@id\":\"https:\\\/\\\/caru.org.uy\\\/nuevositio\\\/#organization\"},\"image\":{\"@id\":\"https:\\\/\\\/caru.org.uy\\\/nuevositio\\\/2025\\\/06\\\/18\\\/informe-diario-de-la-crecida-en-transcurso-del-rio-uruguay\\\/#primaryimage\"},\"thumbnailUrl\":\"https:\\\/\\\/caru.org.uy\\\/nuevositio\\\/wp-content\\\/uploads\\\/2023\\\/10\\\/crecida.jpg\",\"articleSection\":[\"Noticias\",\"Novedades\"],\"inLanguage\":\"es\",\"potentialAction\":[{\"@type\":\"CommentAction\",\"name\":\"Comment\",\"target\":[\"https:\\\/\\\/caru.org.uy\\\/nuevositio\\\/2025\\\/06\\\/18\\\/informe-diario-de-la-crecida-en-transcurso-del-rio-uruguay\\\/#respond\"]}]},{\"@type\":\"WebPage\",\"@id\":\"https:\\\/\\\/caru.org.uy\\\/nuevositio\\\/2025\\\/06\\\/18\\\/informe-diario-de-la-crecida-en-transcurso-del-rio-uruguay\\\/\",\"url\":\"https:\\\/\\\/caru.org.uy\\\/nuevositio\\\/2025\\\/06\\\/18\\\/informe-diario-de-la-crecida-en-transcurso-del-rio-uruguay\\\/\",\"name\":\"Informe diario de la crecida en transcurso del R\u00edo Uruguay % C.A.R.U. imagen\",\"isPartOf\":{\"@id\":\"https:\\\/\\\/caru.org.uy\\\/nuevositio\\\/#website\"},\"primaryImageOfPage\":{\"@id\":\"https:\\\/\\\/caru.org.uy\\\/nuevositio\\\/2025\\\/06\\\/18\\\/informe-diario-de-la-crecida-en-transcurso-del-rio-uruguay\\\/#primaryimage\"},\"image\":{\"@id\":\"https:\\\/\\\/caru.org.uy\\\/nuevositio\\\/2025\\\/06\\\/18\\\/informe-diario-de-la-crecida-en-transcurso-del-rio-uruguay\\\/#primaryimage\"},\"thumbnailUrl\":\"https:\\\/\\\/caru.org.uy\\\/nuevositio\\\/wp-content\\\/uploads\\\/2023\\\/10\\\/crecida.jpg\",\"datePublished\":\"2025-06-18T08:45:00+00:00\",\"dateModified\":\"2025-08-18T23:51:03+00:00\",\"breadcrumb\":{\"@id\":\"https:\\\/\\\/caru.org.uy\\\/nuevositio\\\/2025\\\/06\\\/18\\\/informe-diario-de-la-crecida-en-transcurso-del-rio-uruguay\\\/#breadcrumb\"},\"inLanguage\":\"es\",\"potentialAction\":[{\"@type\":\"ReadAction\",\"target\":[\"https:\\\/\\\/caru.org.uy\\\/nuevositio\\\/2025\\\/06\\\/18\\\/informe-diario-de-la-crecida-en-transcurso-del-rio-uruguay\\\/\"]}]},{\"@type\":\"ImageObject\",\"inLanguage\":\"es\",\"@id\":\"https:\\\/\\\/caru.org.uy\\\/nuevositio\\\/2025\\\/06\\\/18\\\/informe-diario-de-la-crecida-en-transcurso-del-rio-uruguay\\\/#primaryimage\",\"url\":\"https:\\\/\\\/caru.org.uy\\\/nuevositio\\\/wp-content\\\/uploads\\\/2023\\\/10\\\/crecida.jpg\",\"contentUrl\":\"https:\\\/\\\/caru.org.uy\\\/nuevositio\\\/wp-content\\\/uploads\\\/2023\\\/10\\\/crecida.jpg\",\"width\":525,\"height\":350},{\"@type\":\"BreadcrumbList\",\"@id\":\"https:\\\/\\\/caru.org.uy\\\/nuevositio\\\/2025\\\/06\\\/18\\\/informe-diario-de-la-crecida-en-transcurso-del-rio-uruguay\\\/#breadcrumb\",\"itemListElement\":[{\"@type\":\"ListItem\",\"position\":1,\"name\":\"Portada\",\"item\":\"https:\\\/\\\/caru.org.uy\\\/nuevositio\\\/\"},{\"@type\":\"ListItem\",\"position\":2,\"name\":\"Informe diario de la crecida en transcurso del R\u00edo Uruguay\"}]},{\"@type\":\"WebSite\",\"@id\":\"https:\\\/\\\/caru.org.uy\\\/nuevositio\\\/#website\",\"url\":\"https:\\\/\\\/caru.org.uy\\\/nuevositio\\\/\",\"name\":\"C.A.R.U.\",\"description\":\"Comisi\u00f3n Administradora del R\u00edo Uruguay\",\"publisher\":{\"@id\":\"https:\\\/\\\/caru.org.uy\\\/nuevositio\\\/#organization\"},\"potentialAction\":[{\"@type\":\"SearchAction\",\"target\":{\"@type\":\"EntryPoint\",\"urlTemplate\":\"https:\\\/\\\/caru.org.uy\\\/nuevositio\\\/?s={search_term_string}\"},\"query-input\":{\"@type\":\"PropertyValueSpecification\",\"valueRequired\":true,\"valueName\":\"search_term_string\"}}],\"inLanguage\":\"es\"},{\"@type\":\"Organization\",\"@id\":\"https:\\\/\\\/caru.org.uy\\\/nuevositio\\\/#organization\",\"name\":\"C.A.R.U.\",\"url\":\"https:\\\/\\\/caru.org.uy\\\/nuevositio\\\/\",\"logo\":{\"@type\":\"ImageObject\",\"inLanguage\":\"es\",\"@id\":\"https:\\\/\\\/caru.org.uy\\\/nuevositio\\\/#\\\/schema\\\/logo\\\/image\\\/\",\"url\":\"https:\\\/\\\/caru.org.uy\\\/nuevositio\\\/wp-content\\\/uploads\\\/2023\\\/11\\\/logo-nuevo.jpg\",\"contentUrl\":\"https:\\\/\\\/caru.org.uy\\\/nuevositio\\\/wp-content\\\/uploads\\\/2023\\\/11\\\/logo-nuevo.jpg\",\"width\":1,\"height\":1,\"caption\":\"C.A.R.U.\"},\"image\":{\"@id\":\"https:\\\/\\\/caru.org.uy\\\/nuevositio\\\/#\\\/schema\\\/logo\\\/image\\\/\"}},{\"@type\":\"Person\",\"@id\":\"https:\\\/\\\/caru.org.uy\\\/nuevositio\\\/#\\\/schema\\\/person\\\/9a11b7bc115602d2066d4c695b2aa3e5\",\"name\":\"Noma\",\"image\":{\"@type\":\"ImageObject\",\"inLanguage\":\"es\",\"@id\":\"https:\\\/\\\/secure.gravatar.com\\\/avatar\\\/8b0eb2764fe524b07cdc015df29e7576c061e58c50641dd8ccc46d3d448307e5?s=96&d=mm&r=g\",\"url\":\"https:\\\/\\\/secure.gravatar.com\\\/avatar\\\/8b0eb2764fe524b07cdc015df29e7576c061e58c50641dd8ccc46d3d448307e5?s=96&d=mm&r=g\",\"contentUrl\":\"https:\\\/\\\/secure.gravatar.com\\\/avatar\\\/8b0eb2764fe524b07cdc015df29e7576c061e58c50641dd8ccc46d3d448307e5?s=96&d=mm&r=g\",\"caption\":\"Noma\"},\"url\":\"https:\\\/\\\/caru.org.uy\\\/nuevositio\\\/author\\\/admin\\\/\"}]}<\/script>\n<!-- \/ Yoast SEO plugin. -->","yoast_head_json":{"title":"Informe diario de la crecida en transcurso del R\u00edo Uruguay % C.A.R.U. imagen","robots":{"index":"index","follow":"follow","max-snippet":"max-snippet:-1","max-image-preview":"max-image-preview:large","max-video-preview":"max-video-preview:-1"},"canonical":"https:\/\/caru.org.uy\/nuevositio\/2025\/06\/18\/informe-diario-de-la-crecida-en-transcurso-del-rio-uruguay\/","og_locale":"es_ES","og_type":"article","og_title":"Informe diario de la crecida en transcurso del R\u00edo Uruguay % C.A.R.U. imagen","og_description":"Ante la previsi\u00f3n de una erogaci\u00f3n mayor a 15.000 m3\/s de la represa de Salto Grande, el Departamento de Hidrolog\u00eda (Secretar\u00eda T\u00e9cnica) de la CARU emite un informe diario con los niveles que podr\u00edan alcanzarse aguas abajo. INFORME 10\/07\/2025 INFORME 09\/07\/2025 INFORME 08\/07\/2025 INFORME 07\/07\/2025 INFORME 06\/07\/2025 INFORME 05\/07\/2025 INFORME 04\/07\/2025 INFORME 03\/07\/2025 Enlace a [&hellip;]","og_url":"https:\/\/caru.org.uy\/nuevositio\/2025\/06\/18\/informe-diario-de-la-crecida-en-transcurso-del-rio-uruguay\/","og_site_name":"C.A.R.U.","article_published_time":"2025-06-18T08:45:00+00:00","article_modified_time":"2025-08-18T23:51:03+00:00","og_image":[{"width":525,"height":350,"url":"https:\/\/caru.org.uy\/nuevositio\/wp-content\/uploads\/2023\/10\/crecida.jpg","type":"image\/jpeg"}],"author":"Noma","twitter_card":"summary_large_image","twitter_misc":{"Escrito por":"Noma","Tiempo de lectura":"1 minuto"},"schema":{"@context":"https:\/\/schema.org","@graph":[{"@type":["Article","BlogPosting"],"@id":"https:\/\/caru.org.uy\/nuevositio\/2025\/06\/18\/informe-diario-de-la-crecida-en-transcurso-del-rio-uruguay\/#article","isPartOf":{"@id":"https:\/\/caru.org.uy\/nuevositio\/2025\/06\/18\/informe-diario-de-la-crecida-en-transcurso-del-rio-uruguay\/"},"author":{"name":"Noma","@id":"https:\/\/caru.org.uy\/nuevositio\/#\/schema\/person\/9a11b7bc115602d2066d4c695b2aa3e5"},"headline":"Informe diario de la crecida en transcurso del R\u00edo Uruguay","datePublished":"2025-06-18T08:45:00+00:00","dateModified":"2025-08-18T23:51:03+00:00","mainEntityOfPage":{"@id":"https:\/\/caru.org.uy\/nuevositio\/2025\/06\/18\/informe-diario-de-la-crecida-en-transcurso-del-rio-uruguay\/"},"wordCount":67,"commentCount":0,"publisher":{"@id":"https:\/\/caru.org.uy\/nuevositio\/#organization"},"image":{"@id":"https:\/\/caru.org.uy\/nuevositio\/2025\/06\/18\/informe-diario-de-la-crecida-en-transcurso-del-rio-uruguay\/#primaryimage"},"thumbnailUrl":"https:\/\/caru.org.uy\/nuevositio\/wp-content\/uploads\/2023\/10\/crecida.jpg","articleSection":["Noticias","Novedades"],"inLanguage":"es","potentialAction":[{"@type":"CommentAction","name":"Comment","target":["https:\/\/caru.org.uy\/nuevositio\/2025\/06\/18\/informe-diario-de-la-crecida-en-transcurso-del-rio-uruguay\/#respond"]}]},{"@type":"WebPage","@id":"https:\/\/caru.org.uy\/nuevositio\/2025\/06\/18\/informe-diario-de-la-crecida-en-transcurso-del-rio-uruguay\/","url":"https:\/\/caru.org.uy\/nuevositio\/2025\/06\/18\/informe-diario-de-la-crecida-en-transcurso-del-rio-uruguay\/","name":"Informe diario de la crecida en transcurso del R\u00edo Uruguay % C.A.R.U. imagen","isPartOf":{"@id":"https:\/\/caru.org.uy\/nuevositio\/#website"},"primaryImageOfPage":{"@id":"https:\/\/caru.org.uy\/nuevositio\/2025\/06\/18\/informe-diario-de-la-crecida-en-transcurso-del-rio-uruguay\/#primaryimage"},"image":{"@id":"https:\/\/caru.org.uy\/nuevositio\/2025\/06\/18\/informe-diario-de-la-crecida-en-transcurso-del-rio-uruguay\/#primaryimage"},"thumbnailUrl":"https:\/\/caru.org.uy\/nuevositio\/wp-content\/uploads\/2023\/10\/crecida.jpg","datePublished":"2025-06-18T08:45:00+00:00","dateModified":"2025-08-18T23:51:03+00:00","breadcrumb":{"@id":"https:\/\/caru.org.uy\/nuevositio\/2025\/06\/18\/informe-diario-de-la-crecida-en-transcurso-del-rio-uruguay\/#breadcrumb"},"inLanguage":"es","potentialAction":[{"@type":"ReadAction","target":["https:\/\/caru.org.uy\/nuevositio\/2025\/06\/18\/informe-diario-de-la-crecida-en-transcurso-del-rio-uruguay\/"]}]},{"@type":"ImageObject","inLanguage":"es","@id":"https:\/\/caru.org.uy\/nuevositio\/2025\/06\/18\/informe-diario-de-la-crecida-en-transcurso-del-rio-uruguay\/#primaryimage","url":"https:\/\/caru.org.uy\/nuevositio\/wp-content\/uploads\/2023\/10\/crecida.jpg","contentUrl":"https:\/\/caru.org.uy\/nuevositio\/wp-content\/uploads\/2023\/10\/crecida.jpg","width":525,"height":350},{"@type":"BreadcrumbList","@id":"https:\/\/caru.org.uy\/nuevositio\/2025\/06\/18\/informe-diario-de-la-crecida-en-transcurso-del-rio-uruguay\/#breadcrumb","itemListElement":[{"@type":"ListItem","position":1,"name":"Portada","item":"https:\/\/caru.org.uy\/nuevositio\/"},{"@type":"ListItem","position":2,"name":"Informe diario de la crecida en transcurso del R\u00edo Uruguay"}]},{"@type":"WebSite","@id":"https:\/\/caru.org.uy\/nuevositio\/#website","url":"https:\/\/caru.org.uy\/nuevositio\/","name":"C.A.R.U.","description":"Comisi\u00f3n Administradora del R\u00edo Uruguay","publisher":{"@id":"https:\/\/caru.org.uy\/nuevositio\/#organization"},"potentialAction":[{"@type":"SearchAction","target":{"@type":"EntryPoint","urlTemplate":"https:\/\/caru.org.uy\/nuevositio\/?s={search_term_string}"},"query-input":{"@type":"PropertyValueSpecification","valueRequired":true,"valueName":"search_term_string"}}],"inLanguage":"es"},{"@type":"Organization","@id":"https:\/\/caru.org.uy\/nuevositio\/#organization","name":"C.A.R.U.","url":"https:\/\/caru.org.uy\/nuevositio\/","logo":{"@type":"ImageObject","inLanguage":"es","@id":"https:\/\/caru.org.uy\/nuevositio\/#\/schema\/logo\/image\/","url":"https:\/\/caru.org.uy\/nuevositio\/wp-content\/uploads\/2023\/11\/logo-nuevo.jpg","contentUrl":"https:\/\/caru.org.uy\/nuevositio\/wp-content\/uploads\/2023\/11\/logo-nuevo.jpg","width":1,"height":1,"caption":"C.A.R.U."},"image":{"@id":"https:\/\/caru.org.uy\/nuevositio\/#\/schema\/logo\/image\/"}},{"@type":"Person","@id":"https:\/\/caru.org.uy\/nuevositio\/#\/schema\/person\/9a11b7bc115602d2066d4c695b2aa3e5","name":"Noma","image":{"@type":"ImageObject","inLanguage":"es","@id":"https:\/\/secure.gravatar.com\/avatar\/8b0eb2764fe524b07cdc015df29e7576c061e58c50641dd8ccc46d3d448307e5?s=96&d=mm&r=g","url":"https:\/\/secure.gravatar.com\/avatar\/8b0eb2764fe524b07cdc015df29e7576c061e58c50641dd8ccc46d3d448307e5?s=96&d=mm&r=g","contentUrl":"https:\/\/secure.gravatar.com\/avatar\/8b0eb2764fe524b07cdc015df29e7576c061e58c50641dd8ccc46d3d448307e5?s=96&d=mm&r=g","caption":"Noma"},"url":"https:\/\/caru.org.uy\/nuevositio\/author\/admin\/"}]}},"_links":{"self":[{"href":"https:\/\/caru.org.uy\/nuevositio\/wp-json\/wp\/v2\/posts\/8282","targetHints":{"allow":["GET"]}}],"collection":[{"href":"https:\/\/caru.org.uy\/nuevositio\/wp-json\/wp\/v2\/posts"}],"about":[{"href":"https:\/\/caru.org.uy\/nuevositio\/wp-json\/wp\/v2\/types\/post"}],"author":[{"embeddable":true,"href":"https:\/\/caru.org.uy\/nuevositio\/wp-json\/wp\/v2\/users\/1"}],"replies":[{"embeddable":true,"href":"https:\/\/caru.org.uy\/nuevositio\/wp-json\/wp\/v2\/comments?post=8282"}],"version-history":[{"count":5,"href":"https:\/\/caru.org.uy\/nuevositio\/wp-json\/wp\/v2\/posts\/8282\/revisions"}],"predecessor-version":[{"id":11522,"href":"https:\/\/caru.org.uy\/nuevositio\/wp-json\/wp\/v2\/posts\/8282\/revisions\/11522"}],"wp:featuredmedia":[{"embeddable":true,"href":"https:\/\/caru.org.uy\/nuevositio\/wp-json\/wp\/v2\/media\/8283"}],"wp:attachment":[{"href":"https:\/\/caru.org.uy\/nuevositio\/wp-json\/wp\/v2\/media?parent=8282"}],"wp:term":[{"taxonomy":"category","embeddable":true,"href":"https:\/\/caru.org.uy\/nuevositio\/wp-json\/wp\/v2\/categories?post=8282"},{"taxonomy":"post_tag","embeddable":true,"href":"https:\/\/caru.org.uy\/nuevositio\/wp-json\/wp\/v2\/tags?post=8282"}],"curies":[{"name":"wp","href":"https:\/\/api.w.org\/{rel}","templated":true}]}}