{"id":8286,"date":"2023-06-29T05:53:00","date_gmt":"2023-06-29T05:53:00","guid":{"rendered":"https:\/\/caru.org.uy\/nuevositio\/?p=8286"},"modified":"2023-10-17T05:57:24","modified_gmt":"2023-10-17T05:57:24","slug":"concurso-de-precios-n01-23-adquisicion-de-linternas-marinas-para-el-balizamiento-fisico-y-virtual-del-tramo-del-rio-uruguay-entre-el-km-2078-al-336","status":"publish","type":"post","link":"https:\/\/caru.org.uy\/nuevositio\/2023\/06\/29\/concurso-de-precios-n01-23-adquisicion-de-linternas-marinas-para-el-balizamiento-fisico-y-virtual-del-tramo-del-rio-uruguay-entre-el-km-2078-al-336\/","title":{"rendered":"Concurso de Precios N\u00b001\/23 \u201cAdquisici\u00f3n de Linternas Marinas para el Balizamiento F\u00edsico y virtual del tramo del r\u00edo Uruguay entre el Km 207,8 al 336\u201d"},"content":{"rendered":"\n<p><a href=\"https:\/\/www.caru.org.uy\/web\/wp-content\/uploads\/2023\/06\/PLIEGO-CP-01.23.pdf\">Bases y Condiciones<\/a><\/p>\n\n\n\n<p><a href=\"https:\/\/www.caru.org.uy\/web\/wp-content\/uploads\/2023\/06\/ANEXO-1-CP-01.23.pdf\">ANEXO 1<\/a><\/p>\n\n\n\n<p><a href=\"https:\/\/www.caru.org.uy\/web\/wp-content\/uploads\/2023\/06\/ANEXO-1-CP-01-23-OFERTA-TECNICA.docx\">ANEXO 1 \u2013 OFERTA TECNICA<\/a><\/p>\n\n\n\n<p><a href=\"https:\/\/www.caru.org.uy\/web\/wp-content\/uploads\/2023\/06\/ANEXO-2-CP-01.23.pdf\">ANEXO 2<\/a><\/p>\n\n\n\n<p><a href=\"https:\/\/www.caru.org.uy\/web\/wp-content\/uploads\/2023\/06\/ANEXO-2-CP-03-23-OFERTA-ECONOMICA.docx\">ANEXO 2 \u2013 OFERTA ECONOMICA<\/a><\/p>\n\n\n\n<p><a href=\"https:\/\/www.caru.org.uy\/web\/wp-content\/uploads\/2023\/06\/ANEXO-3-CP-01.23.pdf\">ANEXO 3<\/a><\/p>\n\n\n\n<p><a href=\"https:\/\/www.caru.org.uy\/web\/wp-content\/uploads\/2023\/06\/ANEXO-3-CP-01-23-DECLARACION-JURADA.docx\">ANEXO 3 \u2013 DECLARACION-JURADA<\/a><\/p>\n\n\n\n<p><a href=\"https:\/\/www.caru.org.uy\/web\/wp-content\/uploads\/2023\/06\/ANEXO-4-CP01.23.pdf\">ANEXO 4<\/a><\/p>\n\n\n\n<p><a href=\"https:\/\/www.caru.org.uy\/web\/wp-content\/uploads\/2023\/06\/ANEXO-4-CP-01-23-DECLARACION-JURADA.docx\">ANEXO 4 \u2013 DECLARACION-JURADA<\/a><\/p>\n\n\n\n<p><a href=\"https:\/\/www.caru.org.uy\/web\/wp-content\/uploads\/2023\/07\/CIRCULAR-No-1-PRORROGA-CP-01-23-.pdf\">CIRCULAR N\u00b0 1 \u2013 PR\u00d3RROGA<\/a><\/p>\n\n\n\n<p><a href=\"https:\/\/www.caru.org.uy\/web\/wp-content\/uploads\/2023\/07\/CIRCULAR-No-2.pdf\">CIRCULAR N\u00b0 2<\/a><\/p>\n\n\n\n<p><\/p>\n","protected":false},"excerpt":{"rendered":"<p>Bases y Condiciones ANEXO 1 ANEXO 1 \u2013 OFERTA TECNICA ANEXO 2 ANEXO 2 \u2013 OFERTA ECONOMICA ANEXO 3 ANEXO 3 \u2013 DECLARACION-JURADA ANEXO 4 ANEXO 4 \u2013 DECLARACION-JURADA CIRCULAR N\u00b0 1 \u2013 PR\u00d3RROGA CIRCULAR N\u00b0 2<\/p>\n","protected":false},"author":1,"featured_media":0,"comment_status":"closed","ping_status":"open","sticky":false,"template":"","format":"standard","meta":{"_acf_changed":false,"_joinchat":[],"footnotes":""},"categories":[36],"tags":[],"class_list":["post-8286","post","type-post","status-publish","format-standard","hentry","category-concursos"],"acf":[],"yoast_head":"<!-- This site is optimized with the Yoast SEO plugin v27.3 - https:\/\/yoast.com\/product\/yoast-seo-wordpress\/ -->\n<title>Concurso de Precios N\u00b001\/23 \u201cAdquisici\u00f3n de Linternas Marinas para el Balizamiento F\u00edsico y virtual del tramo del r\u00edo Uruguay entre el Km 207,8 al 336\u201d % C.A.R.U. imagen<\/title>\n<meta name=\"robots\" content=\"index, follow, max-snippet:-1, max-image-preview:large, max-video-preview:-1\" \/>\n<link rel=\"canonical\" href=\"https:\/\/caru.org.uy\/nuevositio\/2023\/06\/29\/concurso-de-precios-n01-23-adquisicion-de-linternas-marinas-para-el-balizamiento-fisico-y-virtual-del-tramo-del-rio-uruguay-entre-el-km-2078-al-336\/\" \/>\n<meta property=\"og:locale\" content=\"es_ES\" \/>\n<meta property=\"og:type\" content=\"article\" \/>\n<meta property=\"og:title\" content=\"Concurso de Precios N\u00b001\/23 \u201cAdquisici\u00f3n de Linternas Marinas para el Balizamiento F\u00edsico y virtual del tramo del r\u00edo Uruguay entre el Km 207,8 al 336\u201d % C.A.R.U. imagen\" \/>\n<meta property=\"og:description\" content=\"Bases y Condiciones ANEXO 1 ANEXO 1 \u2013 OFERTA TECNICA ANEXO 2 ANEXO 2 \u2013 OFERTA ECONOMICA ANEXO 3 ANEXO 3 \u2013 DECLARACION-JURADA ANEXO 4 ANEXO 4 \u2013 DECLARACION-JURADA CIRCULAR N\u00b0 1 \u2013 PR\u00d3RROGA CIRCULAR N\u00b0 2\" \/>\n<meta property=\"og:url\" content=\"https:\/\/caru.org.uy\/nuevositio\/2023\/06\/29\/concurso-de-precios-n01-23-adquisicion-de-linternas-marinas-para-el-balizamiento-fisico-y-virtual-del-tramo-del-rio-uruguay-entre-el-km-2078-al-336\/\" \/>\n<meta property=\"og:site_name\" content=\"C.A.R.U.\" \/>\n<meta property=\"article:published_time\" content=\"2023-06-29T05:53:00+00:00\" \/>\n<meta property=\"article:modified_time\" content=\"2023-10-17T05:57:24+00:00\" \/>\n<meta name=\"author\" content=\"Noma\" \/>\n<meta name=\"twitter:card\" content=\"summary_large_image\" \/>\n<meta name=\"twitter:label1\" content=\"Escrito por\" \/>\n\t<meta name=\"twitter:data1\" content=\"Noma\" \/>\n<script type=\"application\/ld+json\" class=\"yoast-schema-graph\">{\"@context\":\"https:\\\/\\\/schema.org\",\"@graph\":[{\"@type\":[\"Article\",\"BlogPosting\"],\"@id\":\"https:\\\/\\\/caru.org.uy\\\/nuevositio\\\/2023\\\/06\\\/29\\\/concurso-de-precios-n01-23-adquisicion-de-linternas-marinas-para-el-balizamiento-fisico-y-virtual-del-tramo-del-rio-uruguay-entre-el-km-2078-al-336\\\/#article\",\"isPartOf\":{\"@id\":\"https:\\\/\\\/caru.org.uy\\\/nuevositio\\\/2023\\\/06\\\/29\\\/concurso-de-precios-n01-23-adquisicion-de-linternas-marinas-para-el-balizamiento-fisico-y-virtual-del-tramo-del-rio-uruguay-entre-el-km-2078-al-336\\\/\"},\"author\":{\"name\":\"Noma\",\"@id\":\"https:\\\/\\\/caru.org.uy\\\/nuevositio\\\/#\\\/schema\\\/person\\\/9a11b7bc115602d2066d4c695b2aa3e5\"},\"headline\":\"Concurso de Precios N\u00b001\\\/23 \u201cAdquisici\u00f3n de Linternas Marinas para el Balizamiento F\u00edsico y virtual del tramo del r\u00edo Uruguay entre el Km 207,8 al 336\u201d\",\"datePublished\":\"2023-06-29T05:53:00+00:00\",\"dateModified\":\"2023-10-17T05:57:24+00:00\",\"mainEntityOfPage\":{\"@id\":\"https:\\\/\\\/caru.org.uy\\\/nuevositio\\\/2023\\\/06\\\/29\\\/concurso-de-precios-n01-23-adquisicion-de-linternas-marinas-para-el-balizamiento-fisico-y-virtual-del-tramo-del-rio-uruguay-entre-el-km-2078-al-336\\\/\"},\"wordCount\":49,\"publisher\":{\"@id\":\"https:\\\/\\\/caru.org.uy\\\/nuevositio\\\/#organization\"},\"articleSection\":[\"Concursos\"],\"inLanguage\":\"es\"},{\"@type\":\"WebPage\",\"@id\":\"https:\\\/\\\/caru.org.uy\\\/nuevositio\\\/2023\\\/06\\\/29\\\/concurso-de-precios-n01-23-adquisicion-de-linternas-marinas-para-el-balizamiento-fisico-y-virtual-del-tramo-del-rio-uruguay-entre-el-km-2078-al-336\\\/\",\"url\":\"https:\\\/\\\/caru.org.uy\\\/nuevositio\\\/2023\\\/06\\\/29\\\/concurso-de-precios-n01-23-adquisicion-de-linternas-marinas-para-el-balizamiento-fisico-y-virtual-del-tramo-del-rio-uruguay-entre-el-km-2078-al-336\\\/\",\"name\":\"Concurso de Precios N\u00b001\\\/23 \u201cAdquisici\u00f3n de Linternas Marinas para el Balizamiento F\u00edsico y virtual del tramo del r\u00edo Uruguay entre el Km 207,8 al 336\u201d % C.A.R.U. imagen\",\"isPartOf\":{\"@id\":\"https:\\\/\\\/caru.org.uy\\\/nuevositio\\\/#website\"},\"datePublished\":\"2023-06-29T05:53:00+00:00\",\"dateModified\":\"2023-10-17T05:57:24+00:00\",\"breadcrumb\":{\"@id\":\"https:\\\/\\\/caru.org.uy\\\/nuevositio\\\/2023\\\/06\\\/29\\\/concurso-de-precios-n01-23-adquisicion-de-linternas-marinas-para-el-balizamiento-fisico-y-virtual-del-tramo-del-rio-uruguay-entre-el-km-2078-al-336\\\/#breadcrumb\"},\"inLanguage\":\"es\",\"potentialAction\":[{\"@type\":\"ReadAction\",\"target\":[\"https:\\\/\\\/caru.org.uy\\\/nuevositio\\\/2023\\\/06\\\/29\\\/concurso-de-precios-n01-23-adquisicion-de-linternas-marinas-para-el-balizamiento-fisico-y-virtual-del-tramo-del-rio-uruguay-entre-el-km-2078-al-336\\\/\"]}]},{\"@type\":\"BreadcrumbList\",\"@id\":\"https:\\\/\\\/caru.org.uy\\\/nuevositio\\\/2023\\\/06\\\/29\\\/concurso-de-precios-n01-23-adquisicion-de-linternas-marinas-para-el-balizamiento-fisico-y-virtual-del-tramo-del-rio-uruguay-entre-el-km-2078-al-336\\\/#breadcrumb\",\"itemListElement\":[{\"@type\":\"ListItem\",\"position\":1,\"name\":\"Portada\",\"item\":\"https:\\\/\\\/caru.org.uy\\\/nuevositio\\\/\"},{\"@type\":\"ListItem\",\"position\":2,\"name\":\"Concurso de Precios N\u00b001\\\/23 \u201cAdquisici\u00f3n de Linternas Marinas para el Balizamiento F\u00edsico y virtual del tramo del r\u00edo Uruguay entre el Km 207,8 al 336\u201d\"}]},{\"@type\":\"WebSite\",\"@id\":\"https:\\\/\\\/caru.org.uy\\\/nuevositio\\\/#website\",\"url\":\"https:\\\/\\\/caru.org.uy\\\/nuevositio\\\/\",\"name\":\"C.A.R.U.\",\"description\":\"Comisi\u00f3n Administradora del R\u00edo Uruguay\",\"publisher\":{\"@id\":\"https:\\\/\\\/caru.org.uy\\\/nuevositio\\\/#organization\"},\"potentialAction\":[{\"@type\":\"SearchAction\",\"target\":{\"@type\":\"EntryPoint\",\"urlTemplate\":\"https:\\\/\\\/caru.org.uy\\\/nuevositio\\\/?s={search_term_string}\"},\"query-input\":{\"@type\":\"PropertyValueSpecification\",\"valueRequired\":true,\"valueName\":\"search_term_string\"}}],\"inLanguage\":\"es\"},{\"@type\":\"Organization\",\"@id\":\"https:\\\/\\\/caru.org.uy\\\/nuevositio\\\/#organization\",\"name\":\"C.A.R.U.\",\"url\":\"https:\\\/\\\/caru.org.uy\\\/nuevositio\\\/\",\"logo\":{\"@type\":\"ImageObject\",\"inLanguage\":\"es\",\"@id\":\"https:\\\/\\\/caru.org.uy\\\/nuevositio\\\/#\\\/schema\\\/logo\\\/image\\\/\",\"url\":\"https:\\\/\\\/caru.org.uy\\\/nuevositio\\\/wp-content\\\/uploads\\\/2023\\\/11\\\/logo-nuevo.jpg\",\"contentUrl\":\"https:\\\/\\\/caru.org.uy\\\/nuevositio\\\/wp-content\\\/uploads\\\/2023\\\/11\\\/logo-nuevo.jpg\",\"width\":1,\"height\":1,\"caption\":\"C.A.R.U.\"},\"image\":{\"@id\":\"https:\\\/\\\/caru.org.uy\\\/nuevositio\\\/#\\\/schema\\\/logo\\\/image\\\/\"}},{\"@type\":\"Person\",\"@id\":\"https:\\\/\\\/caru.org.uy\\\/nuevositio\\\/#\\\/schema\\\/person\\\/9a11b7bc115602d2066d4c695b2aa3e5\",\"name\":\"Noma\",\"image\":{\"@type\":\"ImageObject\",\"inLanguage\":\"es\",\"@id\":\"https:\\\/\\\/secure.gravatar.com\\\/avatar\\\/8b0eb2764fe524b07cdc015df29e7576c061e58c50641dd8ccc46d3d448307e5?s=96&d=mm&r=g\",\"url\":\"https:\\\/\\\/secure.gravatar.com\\\/avatar\\\/8b0eb2764fe524b07cdc015df29e7576c061e58c50641dd8ccc46d3d448307e5?s=96&d=mm&r=g\",\"contentUrl\":\"https:\\\/\\\/secure.gravatar.com\\\/avatar\\\/8b0eb2764fe524b07cdc015df29e7576c061e58c50641dd8ccc46d3d448307e5?s=96&d=mm&r=g\",\"caption\":\"Noma\"},\"url\":\"https:\\\/\\\/caru.org.uy\\\/nuevositio\\\/author\\\/admin\\\/\"}]}<\/script>\n<!-- \/ Yoast SEO plugin. -->","yoast_head_json":{"title":"Concurso de Precios N\u00b001\/23 \u201cAdquisici\u00f3n de Linternas Marinas para el Balizamiento F\u00edsico y virtual del tramo del r\u00edo Uruguay entre el Km 207,8 al 336\u201d % C.A.R.U. imagen","robots":{"index":"index","follow":"follow","max-snippet":"max-snippet:-1","max-image-preview":"max-image-preview:large","max-video-preview":"max-video-preview:-1"},"canonical":"https:\/\/caru.org.uy\/nuevositio\/2023\/06\/29\/concurso-de-precios-n01-23-adquisicion-de-linternas-marinas-para-el-balizamiento-fisico-y-virtual-del-tramo-del-rio-uruguay-entre-el-km-2078-al-336\/","og_locale":"es_ES","og_type":"article","og_title":"Concurso de Precios N\u00b001\/23 \u201cAdquisici\u00f3n de Linternas Marinas para el Balizamiento F\u00edsico y virtual del tramo del r\u00edo Uruguay entre el Km 207,8 al 336\u201d % C.A.R.U. imagen","og_description":"Bases y Condiciones ANEXO 1 ANEXO 1 \u2013 OFERTA TECNICA ANEXO 2 ANEXO 2 \u2013 OFERTA ECONOMICA ANEXO 3 ANEXO 3 \u2013 DECLARACION-JURADA ANEXO 4 ANEXO 4 \u2013 DECLARACION-JURADA CIRCULAR N\u00b0 1 \u2013 PR\u00d3RROGA CIRCULAR N\u00b0 2","og_url":"https:\/\/caru.org.uy\/nuevositio\/2023\/06\/29\/concurso-de-precios-n01-23-adquisicion-de-linternas-marinas-para-el-balizamiento-fisico-y-virtual-del-tramo-del-rio-uruguay-entre-el-km-2078-al-336\/","og_site_name":"C.A.R.U.","article_published_time":"2023-06-29T05:53:00+00:00","article_modified_time":"2023-10-17T05:57:24+00:00","author":"Noma","twitter_card":"summary_large_image","twitter_misc":{"Escrito por":"Noma"},"schema":{"@context":"https:\/\/schema.org","@graph":[{"@type":["Article","BlogPosting"],"@id":"https:\/\/caru.org.uy\/nuevositio\/2023\/06\/29\/concurso-de-precios-n01-23-adquisicion-de-linternas-marinas-para-el-balizamiento-fisico-y-virtual-del-tramo-del-rio-uruguay-entre-el-km-2078-al-336\/#article","isPartOf":{"@id":"https:\/\/caru.org.uy\/nuevositio\/2023\/06\/29\/concurso-de-precios-n01-23-adquisicion-de-linternas-marinas-para-el-balizamiento-fisico-y-virtual-del-tramo-del-rio-uruguay-entre-el-km-2078-al-336\/"},"author":{"name":"Noma","@id":"https:\/\/caru.org.uy\/nuevositio\/#\/schema\/person\/9a11b7bc115602d2066d4c695b2aa3e5"},"headline":"Concurso de Precios N\u00b001\/23 \u201cAdquisici\u00f3n de Linternas Marinas para el Balizamiento F\u00edsico y virtual del tramo del r\u00edo Uruguay entre el Km 207,8 al 336\u201d","datePublished":"2023-06-29T05:53:00+00:00","dateModified":"2023-10-17T05:57:24+00:00","mainEntityOfPage":{"@id":"https:\/\/caru.org.uy\/nuevositio\/2023\/06\/29\/concurso-de-precios-n01-23-adquisicion-de-linternas-marinas-para-el-balizamiento-fisico-y-virtual-del-tramo-del-rio-uruguay-entre-el-km-2078-al-336\/"},"wordCount":49,"publisher":{"@id":"https:\/\/caru.org.uy\/nuevositio\/#organization"},"articleSection":["Concursos"],"inLanguage":"es"},{"@type":"WebPage","@id":"https:\/\/caru.org.uy\/nuevositio\/2023\/06\/29\/concurso-de-precios-n01-23-adquisicion-de-linternas-marinas-para-el-balizamiento-fisico-y-virtual-del-tramo-del-rio-uruguay-entre-el-km-2078-al-336\/","url":"https:\/\/caru.org.uy\/nuevositio\/2023\/06\/29\/concurso-de-precios-n01-23-adquisicion-de-linternas-marinas-para-el-balizamiento-fisico-y-virtual-del-tramo-del-rio-uruguay-entre-el-km-2078-al-336\/","name":"Concurso de Precios N\u00b001\/23 \u201cAdquisici\u00f3n de Linternas Marinas para el Balizamiento F\u00edsico y virtual del tramo del r\u00edo Uruguay entre el Km 207,8 al 336\u201d % C.A.R.U. imagen","isPartOf":{"@id":"https:\/\/caru.org.uy\/nuevositio\/#website"},"datePublished":"2023-06-29T05:53:00+00:00","dateModified":"2023-10-17T05:57:24+00:00","breadcrumb":{"@id":"https:\/\/caru.org.uy\/nuevositio\/2023\/06\/29\/concurso-de-precios-n01-23-adquisicion-de-linternas-marinas-para-el-balizamiento-fisico-y-virtual-del-tramo-del-rio-uruguay-entre-el-km-2078-al-336\/#breadcrumb"},"inLanguage":"es","potentialAction":[{"@type":"ReadAction","target":["https:\/\/caru.org.uy\/nuevositio\/2023\/06\/29\/concurso-de-precios-n01-23-adquisicion-de-linternas-marinas-para-el-balizamiento-fisico-y-virtual-del-tramo-del-rio-uruguay-entre-el-km-2078-al-336\/"]}]},{"@type":"BreadcrumbList","@id":"https:\/\/caru.org.uy\/nuevositio\/2023\/06\/29\/concurso-de-precios-n01-23-adquisicion-de-linternas-marinas-para-el-balizamiento-fisico-y-virtual-del-tramo-del-rio-uruguay-entre-el-km-2078-al-336\/#breadcrumb","itemListElement":[{"@type":"ListItem","position":1,"name":"Portada","item":"https:\/\/caru.org.uy\/nuevositio\/"},{"@type":"ListItem","position":2,"name":"Concurso de Precios N\u00b001\/23 \u201cAdquisici\u00f3n de Linternas Marinas para el Balizamiento F\u00edsico y virtual del tramo del r\u00edo Uruguay entre el Km 207,8 al 336\u201d"}]},{"@type":"WebSite","@id":"https:\/\/caru.org.uy\/nuevositio\/#website","url":"https:\/\/caru.org.uy\/nuevositio\/","name":"C.A.R.U.","description":"Comisi\u00f3n Administradora del R\u00edo Uruguay","publisher":{"@id":"https:\/\/caru.org.uy\/nuevositio\/#organization"},"potentialAction":[{"@type":"SearchAction","target":{"@type":"EntryPoint","urlTemplate":"https:\/\/caru.org.uy\/nuevositio\/?s={search_term_string}"},"query-input":{"@type":"PropertyValueSpecification","valueRequired":true,"valueName":"search_term_string"}}],"inLanguage":"es"},{"@type":"Organization","@id":"https:\/\/caru.org.uy\/nuevositio\/#organization","name":"C.A.R.U.","url":"https:\/\/caru.org.uy\/nuevositio\/","logo":{"@type":"ImageObject","inLanguage":"es","@id":"https:\/\/caru.org.uy\/nuevositio\/#\/schema\/logo\/image\/","url":"https:\/\/caru.org.uy\/nuevositio\/wp-content\/uploads\/2023\/11\/logo-nuevo.jpg","contentUrl":"https:\/\/caru.org.uy\/nuevositio\/wp-content\/uploads\/2023\/11\/logo-nuevo.jpg","width":1,"height":1,"caption":"C.A.R.U."},"image":{"@id":"https:\/\/caru.org.uy\/nuevositio\/#\/schema\/logo\/image\/"}},{"@type":"Person","@id":"https:\/\/caru.org.uy\/nuevositio\/#\/schema\/person\/9a11b7bc115602d2066d4c695b2aa3e5","name":"Noma","image":{"@type":"ImageObject","inLanguage":"es","@id":"https:\/\/secure.gravatar.com\/avatar\/8b0eb2764fe524b07cdc015df29e7576c061e58c50641dd8ccc46d3d448307e5?s=96&d=mm&r=g","url":"https:\/\/secure.gravatar.com\/avatar\/8b0eb2764fe524b07cdc015df29e7576c061e58c50641dd8ccc46d3d448307e5?s=96&d=mm&r=g","contentUrl":"https:\/\/secure.gravatar.com\/avatar\/8b0eb2764fe524b07cdc015df29e7576c061e58c50641dd8ccc46d3d448307e5?s=96&d=mm&r=g","caption":"Noma"},"url":"https:\/\/caru.org.uy\/nuevositio\/author\/admin\/"}]}},"_links":{"self":[{"href":"https:\/\/caru.org.uy\/nuevositio\/wp-json\/wp\/v2\/posts\/8286","targetHints":{"allow":["GET"]}}],"collection":[{"href":"https:\/\/caru.org.uy\/nuevositio\/wp-json\/wp\/v2\/posts"}],"about":[{"href":"https:\/\/caru.org.uy\/nuevositio\/wp-json\/wp\/v2\/types\/post"}],"author":[{"embeddable":true,"href":"https:\/\/caru.org.uy\/nuevositio\/wp-json\/wp\/v2\/users\/1"}],"replies":[{"embeddable":true,"href":"https:\/\/caru.org.uy\/nuevositio\/wp-json\/wp\/v2\/comments?post=8286"}],"version-history":[{"count":3,"href":"https:\/\/caru.org.uy\/nuevositio\/wp-json\/wp\/v2\/posts\/8286\/revisions"}],"predecessor-version":[{"id":8681,"href":"https:\/\/caru.org.uy\/nuevositio\/wp-json\/wp\/v2\/posts\/8286\/revisions\/8681"}],"wp:attachment":[{"href":"https:\/\/caru.org.uy\/nuevositio\/wp-json\/wp\/v2\/media?parent=8286"}],"wp:term":[{"taxonomy":"category","embeddable":true,"href":"https:\/\/caru.org.uy\/nuevositio\/wp-json\/wp\/v2\/categories?post=8286"},{"taxonomy":"post_tag","embeddable":true,"href":"https:\/\/caru.org.uy\/nuevositio\/wp-json\/wp\/v2\/tags?post=8286"}],"curies":[{"name":"wp","href":"https:\/\/api.w.org\/{rel}","templated":true}]}}