{"id":8626,"date":"2023-11-14T15:49:15","date_gmt":"2023-11-14T15:49:15","guid":{"rendered":"https:\/\/caru.org.uy\/nuevositio\/?p=8626"},"modified":"2023-12-08T13:21:50","modified_gmt":"2023-12-08T13:21:50","slug":"programa-para-que-alumnos-conozcan-el-parque-el-palmar","status":"publish","type":"post","link":"https:\/\/caru.org.uy\/nuevositio\/2023\/11\/14\/programa-para-que-alumnos-conozcan-el-parque-el-palmar\/","title":{"rendered":"Programa para que alumnos\u00a0conozcan el Parque El Palmar"},"content":{"rendered":"\t\t<div data-elementor-type=\"wp-post\" data-elementor-id=\"8626\" class=\"elementor elementor-8626\" data-elementor-post-type=\"post\">\n\t\t\t\t\t\t<section class=\"elementor-section elementor-top-section elementor-element elementor-element-4feae308 elementor-section-boxed elementor-section-height-default elementor-section-height-default\" data-id=\"4feae308\" data-element_type=\"section\" data-e-type=\"section\" data-settings=\"{&quot;jet_parallax_layout_list&quot;:[]}\">\n\t\t\t\t\t\t<div class=\"elementor-container elementor-column-gap-default\">\n\t\t\t\t\t<div class=\"elementor-column elementor-col-50 elementor-top-column elementor-element elementor-element-4dbfcf90\" data-id=\"4dbfcf90\" data-element_type=\"column\" data-e-type=\"column\">\n\t\t\t<div class=\"elementor-widget-wrap elementor-element-populated\">\n\t\t\t\t\t\t<div class=\"elementor-element elementor-element-ea08453 elementor-arrows-position-inside elementor-pagination-position-outside elementor-widget elementor-widget-image-carousel\" data-id=\"ea08453\" data-element_type=\"widget\" data-e-type=\"widget\" data-settings=\"{&quot;slides_to_show&quot;:&quot;1&quot;,&quot;navigation&quot;:&quot;both&quot;,&quot;autoplay&quot;:&quot;yes&quot;,&quot;pause_on_hover&quot;:&quot;yes&quot;,&quot;pause_on_interaction&quot;:&quot;yes&quot;,&quot;autoplay_speed&quot;:5000,&quot;infinite&quot;:&quot;yes&quot;,&quot;effect&quot;:&quot;slide&quot;,&quot;speed&quot;:500}\" data-widget_type=\"image-carousel.default\">\n\t\t\t\t<div class=\"elementor-widget-container\">\n\t\t\t\t\t\t\t<div class=\"elementor-image-carousel-wrapper swiper\" role=\"region\" aria-roledescription=\"carousel\" aria-label=\"Carrusel de im\u00e1genes\" dir=\"ltr\">\n\t\t\t<div class=\"elementor-image-carousel swiper-wrapper\" aria-live=\"off\">\n\t\t\t\t\t\t\t\t<div class=\"swiper-slide\" role=\"group\" aria-roledescription=\"slide\" aria-label=\"1 de 4\"><figure class=\"swiper-slide-inner\"><img decoding=\"async\" class=\"swiper-slide-image\" src=\"https:\/\/caru.org.uy\/nuevositio\/wp-content\/uploads\/2023\/11\/El-Palmar-1-1024x768.jpg\" alt=\"El Palmar 1\" \/><\/figure><\/div><div class=\"swiper-slide\" role=\"group\" aria-roledescription=\"slide\" aria-label=\"2 de 4\"><figure class=\"swiper-slide-inner\"><img decoding=\"async\" class=\"swiper-slide-image\" src=\"https:\/\/caru.org.uy\/nuevositio\/wp-content\/uploads\/2023\/11\/El-Palmar-2-1024x768.jpeg\" alt=\"El Palmar 2\" \/><\/figure><\/div><div class=\"swiper-slide\" role=\"group\" aria-roledescription=\"slide\" aria-label=\"3 de 4\"><figure class=\"swiper-slide-inner\"><img decoding=\"async\" class=\"swiper-slide-image\" src=\"https:\/\/caru.org.uy\/nuevositio\/wp-content\/uploads\/2023\/11\/El-Palmar-3-1024x768.jpeg\" alt=\"El Palmar 3\" \/><\/figure><\/div><div class=\"swiper-slide\" role=\"group\" aria-roledescription=\"slide\" aria-label=\"4 de 4\"><figure class=\"swiper-slide-inner\"><img decoding=\"async\" class=\"swiper-slide-image\" src=\"https:\/\/caru.org.uy\/nuevositio\/wp-content\/uploads\/2023\/11\/El-Palmar-4-1024x768.jpg\" alt=\"El Palmar 4\" \/><\/figure><\/div>\t\t\t<\/div>\n\t\t\t\t\t\t\t\t\t\t\t\t<div class=\"elementor-swiper-button elementor-swiper-button-prev\" role=\"button\" tabindex=\"0\">\n\t\t\t\t\t\t<i aria-hidden=\"true\" class=\"eicon-chevron-left\"><\/i>\t\t\t\t\t<\/div>\n\t\t\t\t\t<div class=\"elementor-swiper-button elementor-swiper-button-next\" role=\"button\" tabindex=\"0\">\n\t\t\t\t\t\t<i aria-hidden=\"true\" class=\"eicon-chevron-right\"><\/i>\t\t\t\t\t<\/div>\n\t\t\t\t\n\t\t\t\t\t\t\t\t\t<div class=\"swiper-pagination\"><\/div>\n\t\t\t\t\t\t\t\t\t<\/div>\n\t\t\t\t\t\t<\/div>\n\t\t\t\t<\/div>\n\t\t\t\t\t<\/div>\n\t\t<\/div>\n\t\t\t\t<div class=\"elementor-column elementor-col-50 elementor-top-column elementor-element elementor-element-5b870e46\" data-id=\"5b870e46\" data-element_type=\"column\" data-e-type=\"column\">\n\t\t\t<div class=\"elementor-widget-wrap elementor-element-populated\">\n\t\t\t\t\t\t<div class=\"elementor-element elementor-element-135d6dca elementor-widget elementor-widget-text-editor\" data-id=\"135d6dca\" data-element_type=\"widget\" data-e-type=\"widget\" data-widget_type=\"text-editor.default\">\n\t\t\t\t<div class=\"elementor-widget-container\">\n\t\t\t\t\t\t\t\t\t<p><strong>Alumnos de 22 escuelas de Concepci\u00f3n del Uruguay viajar\u00e1n por primera vez al Parque Nacional El Palmar, en el marco del Programa de Sensibilizaci\u00f3n Ambiental \u201cConociendo nuestro Parque Nacional\u201d que se desarrolla en forma conjunta entre la Comisi\u00f3n Administradora del R\u00edo Uruguay (CARU) y El Palmar.<\/strong><\/p><p>El programa \u201cConociendo nuestro Parque Nacional\u201d, realizado en el marco de un Convenio entre el Parque Nacional El Palmar (APN) \u00a0y la CARU, lleva siete a\u00f1os de funcionamiento a partir de una visi\u00f3n integradora sobre el desarrollo tur\u00edstico regional y la contribuci\u00f3n al conocimiento y compromiso social con el ambiente que conlleva dicho desarrollo. El programa tiene como objetivo divulgar la importancia de la labor que se lleva a cabo d\u00eda a d\u00eda en los Parques Nacionales para la protecci\u00f3n de las \u00e1reas naturales, as\u00ed como la sensibilizaci\u00f3n por los valores de conservaci\u00f3n de estas \u00e1reas y los ecosistemas que resguardan.<\/p><p>Para los m\u00e1s chicos significa una oportunidad de enorme valor educativo ya que cientos de alumnos y alumnas tienen la oportunidad de conocer el Parque Nacional, y all\u00ed nuestro ecosistema, nuestro ambiente y nuestra naturaleza.<\/p><p>La CARU decidi\u00f3 extender el Programa que realiza 5 excursiones al a\u00f1o y sumar a 736 alumnos y 66 docentes de 22 escuelas de Concepci\u00f3n del Uruguay, definiendo un cronograma que se extender\u00e1 desde el 7 hasta el 27 de Noviembre para que los alumnos junto a sus docentes, conozcan el Palmar. &#8220;Hay muchos chicos y chicas de Concepci\u00f3n del Uruguay que no conocen el Parque Nacional El Palmar y consideramos que era necesario hacer un esfuerzo para ayudar. Especialmente en los alumnos de segundo ciclo, que es donde las materias ligadas al medio ambiente son tan importantes&#8221;, se\u00f1al\u00f3 Jos\u00e9 Lauritto, presidente de la Delegaci\u00f3n Argentina de CARU.<\/p><p>La CARU a trav\u00e9s de este programa, se hace cargo del transporte, las meriendas y los gu\u00edas necesarios para que puedan recorrer el Parque Nacional y aprender sobre sus beneficios.<\/p><p>Los primeros contingentes ya realizaron su viaje durante la semana pasada, se trata de las escuelas N\u00b05 \u201cRocamora\u201d (16 alumnos, 2 docentes); Escuela N\u00b06 \u201cManuel Belgrano\u201d (20 alumnos, 2 docentes); Escuela 116 \u201cCabo Misael Pereyra\u201d (16 alumnos, 2 docentes). Escuela N\u00b0110 \u201cVictorica\u201d (13 alumnos, 1 docente); Escuela N\u00b0113 \u201cMaestro Soto\u201d (24 alumnos, 2 docentes) y Escuela N\u00b083 \u201cMesopotamia\u201d (15 alumnos, 2 docentes). La Escuela N\u00b0118 \u201cLa Capitana\u201d (22 alumnos, 2 docentes); Escuela N\u00b0119 \u201cJuana Azurduy\u201d (30 alumnos, 2 docentes) la Escuela N\u00b0114 \u201cOctavio Paoli\u201d (35 alumnos, 3 docentes); la Escuela N\u00b031 \u201cMart\u00edn Fierro\u201d; la Escuela N\u00b093 \u201cSantiago del Estero\u201d (23 alumnos, 2 docentes); Escuela N\u00b0117 \u201c20 de Junio\u201d (32 alumnos, 3 docentes), y la Escuela N\u00b0109 \u201cJJ Mill\u00e1n\u201d (50 alumnos, 4 docentes).<\/p><p>Tambi\u00e9n la Escuela N\u00ba25 \u201cRoberto Nouche\u201d ubicada en el barrio Cristo de los Olivos pudo realizar su viaje con colaboraci\u00f3n de CARU. En este caso, la instituci\u00f3n y las familias de los chicos hab\u00edan logrado abonar un micro para el viaje, y la CARU colabor\u00f3 con el otro colectivo para que puedan completar el contingente de alumnos de la instituci\u00f3n, viajando el mismo d\u00eda.<\/p><p>En coordinaci\u00f3n con la Directora Departamental de Educaci\u00f3n del Departamento Uruguay y las autoridades del Parque Nacional El Palmar, se definieron la cantidad de escuelas, alumnos y viajes, as\u00ed como tambi\u00e9n las fechas disponibles en agenda del parque Nacional para recibir excursiones.<\/p><p><strong>El cronograma de viajes pendientes:<\/strong><\/p><ul><li><strong>Lunes 13 de Noviembre<\/strong>: Escuela N\u00b0102 \u201cPaula Sarmiento\u201d (21 alumnos, 2 docentes); Escuela N\u00b092 \u201cTucum\u00e1n\u201d (77 alumnos, 7 docentes)<\/li><li><strong>Martes 14 de Noviembre:<\/strong> Escuela N\u00ba 36 \u201cEsteban Echeverr\u00eda\u201d (83 alumnos y 7 docentes).<\/li><li><strong>Mi\u00e9rcoles 15 de Noviembre<\/strong>: Escuela N\u00b038 \u201cRoque S\u00e1enz Pe\u00f1a\u201d (36 alumnos, 3 docentes) y Escuela N\u00b048 \u201cRecuerdos de Provincia\u201d (47 alumnos, 4 docentes).<\/li><li><strong>Jueves 16 de Noviembre: <\/strong>Escuela N\u00b085 \u201cVictoriano Montes\u201d (53 alumnos, 5 docentes).<\/li><\/ul><ul><li><strong>Martes 28 de Noviembre: <\/strong>Escuela N\u00ba 88 \u201cBuenos Aires\u201d (71 alumnos y 6 docentes) y Escuela Normal Mariano Moreno (21 alumnos, 2 docentes).<\/li><\/ul>\t\t\t\t\t\t\t\t<\/div>\n\t\t\t\t<\/div>\n\t\t\t\t\t<\/div>\n\t\t<\/div>\n\t\t\t\t\t<\/div>\n\t\t<\/section>\n\t\t\t\t<\/div>\n\t\t","protected":false},"excerpt":{"rendered":"<p>Alumnos de 22 escuelas de Concepci\u00f3n del Uruguay viajar\u00e1n por primera vez al Parque Nacional El Palmar, en el marco del Programa de Sensibilizaci\u00f3n Ambiental \u201cConociendo nuestro Parque Nacional\u201d que se desarrolla en forma conjunta entre la Comisi\u00f3n Administradora del R\u00edo Uruguay (CARU) y El Palmar. El programa \u201cConociendo nuestro Parque Nacional\u201d, realizado en el [&hellip;]<\/p>\n","protected":false},"author":1,"featured_media":8631,"comment_status":"open","ping_status":"open","sticky":false,"template":"","format":"standard","meta":{"_acf_changed":false,"_joinchat":[],"footnotes":""},"categories":[37,27],"tags":[],"class_list":["post-8626","post","type-post","status-publish","format-standard","has-post-thumbnail","hentry","category-noticias","category-novedades"],"acf":[],"yoast_head":"<!-- This site is optimized with the Yoast SEO plugin v27.3 - https:\/\/yoast.com\/product\/yoast-seo-wordpress\/ -->\n<title>Programa para que alumnos\u00a0conozcan el Parque El Palmar % C.A.R.U. imagen<\/title>\n<meta name=\"robots\" content=\"index, follow, max-snippet:-1, max-image-preview:large, max-video-preview:-1\" \/>\n<link rel=\"canonical\" href=\"https:\/\/caru.org.uy\/nuevositio\/2023\/11\/14\/programa-para-que-alumnos-conozcan-el-parque-el-palmar\/\" \/>\n<meta property=\"og:locale\" content=\"es_ES\" \/>\n<meta property=\"og:type\" content=\"article\" \/>\n<meta property=\"og:title\" content=\"Programa para que alumnos\u00a0conozcan el Parque El Palmar % C.A.R.U. imagen\" \/>\n<meta property=\"og:description\" content=\"Alumnos de 22 escuelas de Concepci\u00f3n del Uruguay viajar\u00e1n por primera vez al Parque Nacional El Palmar, en el marco del Programa de Sensibilizaci\u00f3n Ambiental \u201cConociendo nuestro Parque Nacional\u201d que se desarrolla en forma conjunta entre la Comisi\u00f3n Administradora del R\u00edo Uruguay (CARU) y El Palmar. El programa \u201cConociendo nuestro Parque Nacional\u201d, realizado en el [&hellip;]\" \/>\n<meta property=\"og:url\" content=\"https:\/\/caru.org.uy\/nuevositio\/2023\/11\/14\/programa-para-que-alumnos-conozcan-el-parque-el-palmar\/\" \/>\n<meta property=\"og:site_name\" content=\"C.A.R.U.\" \/>\n<meta property=\"article:published_time\" content=\"2023-11-14T15:49:15+00:00\" \/>\n<meta property=\"article:modified_time\" content=\"2023-12-08T13:21:50+00:00\" \/>\n<meta property=\"og:image\" content=\"https:\/\/caru.org.uy\/nuevositio\/wp-content\/uploads\/2023\/11\/El-Palmar-3.jpeg\" \/>\n\t<meta property=\"og:image:width\" content=\"1280\" \/>\n\t<meta property=\"og:image:height\" content=\"960\" \/>\n\t<meta property=\"og:image:type\" content=\"image\/jpeg\" \/>\n<meta name=\"author\" content=\"Noma\" \/>\n<meta name=\"twitter:card\" content=\"summary_large_image\" \/>\n<meta name=\"twitter:label1\" content=\"Escrito por\" \/>\n\t<meta name=\"twitter:data1\" content=\"Noma\" \/>\n\t<meta name=\"twitter:label2\" content=\"Tiempo de lectura\" \/>\n\t<meta name=\"twitter:data2\" content=\"3 minutos\" \/>\n<script type=\"application\/ld+json\" class=\"yoast-schema-graph\">{\"@context\":\"https:\\\/\\\/schema.org\",\"@graph\":[{\"@type\":[\"Article\",\"BlogPosting\"],\"@id\":\"https:\\\/\\\/caru.org.uy\\\/nuevositio\\\/2023\\\/11\\\/14\\\/programa-para-que-alumnos-conozcan-el-parque-el-palmar\\\/#article\",\"isPartOf\":{\"@id\":\"https:\\\/\\\/caru.org.uy\\\/nuevositio\\\/2023\\\/11\\\/14\\\/programa-para-que-alumnos-conozcan-el-parque-el-palmar\\\/\"},\"author\":{\"name\":\"Noma\",\"@id\":\"https:\\\/\\\/caru.org.uy\\\/nuevositio\\\/#\\\/schema\\\/person\\\/9a11b7bc115602d2066d4c695b2aa3e5\"},\"headline\":\"Programa para que alumnos\u00a0conozcan el Parque El Palmar\",\"datePublished\":\"2023-11-14T15:49:15+00:00\",\"dateModified\":\"2023-12-08T13:21:50+00:00\",\"mainEntityOfPage\":{\"@id\":\"https:\\\/\\\/caru.org.uy\\\/nuevositio\\\/2023\\\/11\\\/14\\\/programa-para-que-alumnos-conozcan-el-parque-el-palmar\\\/\"},\"wordCount\":635,\"commentCount\":0,\"publisher\":{\"@id\":\"https:\\\/\\\/caru.org.uy\\\/nuevositio\\\/#organization\"},\"image\":{\"@id\":\"https:\\\/\\\/caru.org.uy\\\/nuevositio\\\/2023\\\/11\\\/14\\\/programa-para-que-alumnos-conozcan-el-parque-el-palmar\\\/#primaryimage\"},\"thumbnailUrl\":\"https:\\\/\\\/caru.org.uy\\\/nuevositio\\\/wp-content\\\/uploads\\\/2023\\\/11\\\/El-Palmar-3.jpeg\",\"articleSection\":[\"Noticias\",\"Novedades\"],\"inLanguage\":\"es\",\"potentialAction\":[{\"@type\":\"CommentAction\",\"name\":\"Comment\",\"target\":[\"https:\\\/\\\/caru.org.uy\\\/nuevositio\\\/2023\\\/11\\\/14\\\/programa-para-que-alumnos-conozcan-el-parque-el-palmar\\\/#respond\"]}]},{\"@type\":\"WebPage\",\"@id\":\"https:\\\/\\\/caru.org.uy\\\/nuevositio\\\/2023\\\/11\\\/14\\\/programa-para-que-alumnos-conozcan-el-parque-el-palmar\\\/\",\"url\":\"https:\\\/\\\/caru.org.uy\\\/nuevositio\\\/2023\\\/11\\\/14\\\/programa-para-que-alumnos-conozcan-el-parque-el-palmar\\\/\",\"name\":\"Programa para que alumnos\u00a0conozcan el Parque El Palmar % C.A.R.U. imagen\",\"isPartOf\":{\"@id\":\"https:\\\/\\\/caru.org.uy\\\/nuevositio\\\/#website\"},\"primaryImageOfPage\":{\"@id\":\"https:\\\/\\\/caru.org.uy\\\/nuevositio\\\/2023\\\/11\\\/14\\\/programa-para-que-alumnos-conozcan-el-parque-el-palmar\\\/#primaryimage\"},\"image\":{\"@id\":\"https:\\\/\\\/caru.org.uy\\\/nuevositio\\\/2023\\\/11\\\/14\\\/programa-para-que-alumnos-conozcan-el-parque-el-palmar\\\/#primaryimage\"},\"thumbnailUrl\":\"https:\\\/\\\/caru.org.uy\\\/nuevositio\\\/wp-content\\\/uploads\\\/2023\\\/11\\\/El-Palmar-3.jpeg\",\"datePublished\":\"2023-11-14T15:49:15+00:00\",\"dateModified\":\"2023-12-08T13:21:50+00:00\",\"breadcrumb\":{\"@id\":\"https:\\\/\\\/caru.org.uy\\\/nuevositio\\\/2023\\\/11\\\/14\\\/programa-para-que-alumnos-conozcan-el-parque-el-palmar\\\/#breadcrumb\"},\"inLanguage\":\"es\",\"potentialAction\":[{\"@type\":\"ReadAction\",\"target\":[\"https:\\\/\\\/caru.org.uy\\\/nuevositio\\\/2023\\\/11\\\/14\\\/programa-para-que-alumnos-conozcan-el-parque-el-palmar\\\/\"]}]},{\"@type\":\"ImageObject\",\"inLanguage\":\"es\",\"@id\":\"https:\\\/\\\/caru.org.uy\\\/nuevositio\\\/2023\\\/11\\\/14\\\/programa-para-que-alumnos-conozcan-el-parque-el-palmar\\\/#primaryimage\",\"url\":\"https:\\\/\\\/caru.org.uy\\\/nuevositio\\\/wp-content\\\/uploads\\\/2023\\\/11\\\/El-Palmar-3.jpeg\",\"contentUrl\":\"https:\\\/\\\/caru.org.uy\\\/nuevositio\\\/wp-content\\\/uploads\\\/2023\\\/11\\\/El-Palmar-3.jpeg\",\"width\":1280,\"height\":960},{\"@type\":\"BreadcrumbList\",\"@id\":\"https:\\\/\\\/caru.org.uy\\\/nuevositio\\\/2023\\\/11\\\/14\\\/programa-para-que-alumnos-conozcan-el-parque-el-palmar\\\/#breadcrumb\",\"itemListElement\":[{\"@type\":\"ListItem\",\"position\":1,\"name\":\"Portada\",\"item\":\"https:\\\/\\\/caru.org.uy\\\/nuevositio\\\/\"},{\"@type\":\"ListItem\",\"position\":2,\"name\":\"Programa para que alumnos\u00a0conozcan el Parque El Palmar\"}]},{\"@type\":\"WebSite\",\"@id\":\"https:\\\/\\\/caru.org.uy\\\/nuevositio\\\/#website\",\"url\":\"https:\\\/\\\/caru.org.uy\\\/nuevositio\\\/\",\"name\":\"C.A.R.U.\",\"description\":\"Comisi\u00f3n Administradora del R\u00edo Uruguay\",\"publisher\":{\"@id\":\"https:\\\/\\\/caru.org.uy\\\/nuevositio\\\/#organization\"},\"potentialAction\":[{\"@type\":\"SearchAction\",\"target\":{\"@type\":\"EntryPoint\",\"urlTemplate\":\"https:\\\/\\\/caru.org.uy\\\/nuevositio\\\/?s={search_term_string}\"},\"query-input\":{\"@type\":\"PropertyValueSpecification\",\"valueRequired\":true,\"valueName\":\"search_term_string\"}}],\"inLanguage\":\"es\"},{\"@type\":\"Organization\",\"@id\":\"https:\\\/\\\/caru.org.uy\\\/nuevositio\\\/#organization\",\"name\":\"C.A.R.U.\",\"url\":\"https:\\\/\\\/caru.org.uy\\\/nuevositio\\\/\",\"logo\":{\"@type\":\"ImageObject\",\"inLanguage\":\"es\",\"@id\":\"https:\\\/\\\/caru.org.uy\\\/nuevositio\\\/#\\\/schema\\\/logo\\\/image\\\/\",\"url\":\"https:\\\/\\\/caru.org.uy\\\/nuevositio\\\/wp-content\\\/uploads\\\/2023\\\/11\\\/logo-nuevo.jpg\",\"contentUrl\":\"https:\\\/\\\/caru.org.uy\\\/nuevositio\\\/wp-content\\\/uploads\\\/2023\\\/11\\\/logo-nuevo.jpg\",\"width\":1,\"height\":1,\"caption\":\"C.A.R.U.\"},\"image\":{\"@id\":\"https:\\\/\\\/caru.org.uy\\\/nuevositio\\\/#\\\/schema\\\/logo\\\/image\\\/\"}},{\"@type\":\"Person\",\"@id\":\"https:\\\/\\\/caru.org.uy\\\/nuevositio\\\/#\\\/schema\\\/person\\\/9a11b7bc115602d2066d4c695b2aa3e5\",\"name\":\"Noma\",\"image\":{\"@type\":\"ImageObject\",\"inLanguage\":\"es\",\"@id\":\"https:\\\/\\\/secure.gravatar.com\\\/avatar\\\/8b0eb2764fe524b07cdc015df29e7576c061e58c50641dd8ccc46d3d448307e5?s=96&d=mm&r=g\",\"url\":\"https:\\\/\\\/secure.gravatar.com\\\/avatar\\\/8b0eb2764fe524b07cdc015df29e7576c061e58c50641dd8ccc46d3d448307e5?s=96&d=mm&r=g\",\"contentUrl\":\"https:\\\/\\\/secure.gravatar.com\\\/avatar\\\/8b0eb2764fe524b07cdc015df29e7576c061e58c50641dd8ccc46d3d448307e5?s=96&d=mm&r=g\",\"caption\":\"Noma\"},\"url\":\"https:\\\/\\\/caru.org.uy\\\/nuevositio\\\/author\\\/admin\\\/\"}]}<\/script>\n<!-- \/ Yoast SEO plugin. -->","yoast_head_json":{"title":"Programa para que alumnos\u00a0conozcan el Parque El Palmar % C.A.R.U. imagen","robots":{"index":"index","follow":"follow","max-snippet":"max-snippet:-1","max-image-preview":"max-image-preview:large","max-video-preview":"max-video-preview:-1"},"canonical":"https:\/\/caru.org.uy\/nuevositio\/2023\/11\/14\/programa-para-que-alumnos-conozcan-el-parque-el-palmar\/","og_locale":"es_ES","og_type":"article","og_title":"Programa para que alumnos\u00a0conozcan el Parque El Palmar % C.A.R.U. imagen","og_description":"Alumnos de 22 escuelas de Concepci\u00f3n del Uruguay viajar\u00e1n por primera vez al Parque Nacional El Palmar, en el marco del Programa de Sensibilizaci\u00f3n Ambiental \u201cConociendo nuestro Parque Nacional\u201d que se desarrolla en forma conjunta entre la Comisi\u00f3n Administradora del R\u00edo Uruguay (CARU) y El Palmar. El programa \u201cConociendo nuestro Parque Nacional\u201d, realizado en el [&hellip;]","og_url":"https:\/\/caru.org.uy\/nuevositio\/2023\/11\/14\/programa-para-que-alumnos-conozcan-el-parque-el-palmar\/","og_site_name":"C.A.R.U.","article_published_time":"2023-11-14T15:49:15+00:00","article_modified_time":"2023-12-08T13:21:50+00:00","og_image":[{"width":1280,"height":960,"url":"https:\/\/caru.org.uy\/nuevositio\/wp-content\/uploads\/2023\/11\/El-Palmar-3.jpeg","type":"image\/jpeg"}],"author":"Noma","twitter_card":"summary_large_image","twitter_misc":{"Escrito por":"Noma","Tiempo de lectura":"3 minutos"},"schema":{"@context":"https:\/\/schema.org","@graph":[{"@type":["Article","BlogPosting"],"@id":"https:\/\/caru.org.uy\/nuevositio\/2023\/11\/14\/programa-para-que-alumnos-conozcan-el-parque-el-palmar\/#article","isPartOf":{"@id":"https:\/\/caru.org.uy\/nuevositio\/2023\/11\/14\/programa-para-que-alumnos-conozcan-el-parque-el-palmar\/"},"author":{"name":"Noma","@id":"https:\/\/caru.org.uy\/nuevositio\/#\/schema\/person\/9a11b7bc115602d2066d4c695b2aa3e5"},"headline":"Programa para que alumnos\u00a0conozcan el Parque El Palmar","datePublished":"2023-11-14T15:49:15+00:00","dateModified":"2023-12-08T13:21:50+00:00","mainEntityOfPage":{"@id":"https:\/\/caru.org.uy\/nuevositio\/2023\/11\/14\/programa-para-que-alumnos-conozcan-el-parque-el-palmar\/"},"wordCount":635,"commentCount":0,"publisher":{"@id":"https:\/\/caru.org.uy\/nuevositio\/#organization"},"image":{"@id":"https:\/\/caru.org.uy\/nuevositio\/2023\/11\/14\/programa-para-que-alumnos-conozcan-el-parque-el-palmar\/#primaryimage"},"thumbnailUrl":"https:\/\/caru.org.uy\/nuevositio\/wp-content\/uploads\/2023\/11\/El-Palmar-3.jpeg","articleSection":["Noticias","Novedades"],"inLanguage":"es","potentialAction":[{"@type":"CommentAction","name":"Comment","target":["https:\/\/caru.org.uy\/nuevositio\/2023\/11\/14\/programa-para-que-alumnos-conozcan-el-parque-el-palmar\/#respond"]}]},{"@type":"WebPage","@id":"https:\/\/caru.org.uy\/nuevositio\/2023\/11\/14\/programa-para-que-alumnos-conozcan-el-parque-el-palmar\/","url":"https:\/\/caru.org.uy\/nuevositio\/2023\/11\/14\/programa-para-que-alumnos-conozcan-el-parque-el-palmar\/","name":"Programa para que alumnos\u00a0conozcan el Parque El Palmar % C.A.R.U. imagen","isPartOf":{"@id":"https:\/\/caru.org.uy\/nuevositio\/#website"},"primaryImageOfPage":{"@id":"https:\/\/caru.org.uy\/nuevositio\/2023\/11\/14\/programa-para-que-alumnos-conozcan-el-parque-el-palmar\/#primaryimage"},"image":{"@id":"https:\/\/caru.org.uy\/nuevositio\/2023\/11\/14\/programa-para-que-alumnos-conozcan-el-parque-el-palmar\/#primaryimage"},"thumbnailUrl":"https:\/\/caru.org.uy\/nuevositio\/wp-content\/uploads\/2023\/11\/El-Palmar-3.jpeg","datePublished":"2023-11-14T15:49:15+00:00","dateModified":"2023-12-08T13:21:50+00:00","breadcrumb":{"@id":"https:\/\/caru.org.uy\/nuevositio\/2023\/11\/14\/programa-para-que-alumnos-conozcan-el-parque-el-palmar\/#breadcrumb"},"inLanguage":"es","potentialAction":[{"@type":"ReadAction","target":["https:\/\/caru.org.uy\/nuevositio\/2023\/11\/14\/programa-para-que-alumnos-conozcan-el-parque-el-palmar\/"]}]},{"@type":"ImageObject","inLanguage":"es","@id":"https:\/\/caru.org.uy\/nuevositio\/2023\/11\/14\/programa-para-que-alumnos-conozcan-el-parque-el-palmar\/#primaryimage","url":"https:\/\/caru.org.uy\/nuevositio\/wp-content\/uploads\/2023\/11\/El-Palmar-3.jpeg","contentUrl":"https:\/\/caru.org.uy\/nuevositio\/wp-content\/uploads\/2023\/11\/El-Palmar-3.jpeg","width":1280,"height":960},{"@type":"BreadcrumbList","@id":"https:\/\/caru.org.uy\/nuevositio\/2023\/11\/14\/programa-para-que-alumnos-conozcan-el-parque-el-palmar\/#breadcrumb","itemListElement":[{"@type":"ListItem","position":1,"name":"Portada","item":"https:\/\/caru.org.uy\/nuevositio\/"},{"@type":"ListItem","position":2,"name":"Programa para que alumnos\u00a0conozcan el Parque El Palmar"}]},{"@type":"WebSite","@id":"https:\/\/caru.org.uy\/nuevositio\/#website","url":"https:\/\/caru.org.uy\/nuevositio\/","name":"C.A.R.U.","description":"Comisi\u00f3n Administradora del R\u00edo Uruguay","publisher":{"@id":"https:\/\/caru.org.uy\/nuevositio\/#organization"},"potentialAction":[{"@type":"SearchAction","target":{"@type":"EntryPoint","urlTemplate":"https:\/\/caru.org.uy\/nuevositio\/?s={search_term_string}"},"query-input":{"@type":"PropertyValueSpecification","valueRequired":true,"valueName":"search_term_string"}}],"inLanguage":"es"},{"@type":"Organization","@id":"https:\/\/caru.org.uy\/nuevositio\/#organization","name":"C.A.R.U.","url":"https:\/\/caru.org.uy\/nuevositio\/","logo":{"@type":"ImageObject","inLanguage":"es","@id":"https:\/\/caru.org.uy\/nuevositio\/#\/schema\/logo\/image\/","url":"https:\/\/caru.org.uy\/nuevositio\/wp-content\/uploads\/2023\/11\/logo-nuevo.jpg","contentUrl":"https:\/\/caru.org.uy\/nuevositio\/wp-content\/uploads\/2023\/11\/logo-nuevo.jpg","width":1,"height":1,"caption":"C.A.R.U."},"image":{"@id":"https:\/\/caru.org.uy\/nuevositio\/#\/schema\/logo\/image\/"}},{"@type":"Person","@id":"https:\/\/caru.org.uy\/nuevositio\/#\/schema\/person\/9a11b7bc115602d2066d4c695b2aa3e5","name":"Noma","image":{"@type":"ImageObject","inLanguage":"es","@id":"https:\/\/secure.gravatar.com\/avatar\/8b0eb2764fe524b07cdc015df29e7576c061e58c50641dd8ccc46d3d448307e5?s=96&d=mm&r=g","url":"https:\/\/secure.gravatar.com\/avatar\/8b0eb2764fe524b07cdc015df29e7576c061e58c50641dd8ccc46d3d448307e5?s=96&d=mm&r=g","contentUrl":"https:\/\/secure.gravatar.com\/avatar\/8b0eb2764fe524b07cdc015df29e7576c061e58c50641dd8ccc46d3d448307e5?s=96&d=mm&r=g","caption":"Noma"},"url":"https:\/\/caru.org.uy\/nuevositio\/author\/admin\/"}]}},"_links":{"self":[{"href":"https:\/\/caru.org.uy\/nuevositio\/wp-json\/wp\/v2\/posts\/8626","targetHints":{"allow":["GET"]}}],"collection":[{"href":"https:\/\/caru.org.uy\/nuevositio\/wp-json\/wp\/v2\/posts"}],"about":[{"href":"https:\/\/caru.org.uy\/nuevositio\/wp-json\/wp\/v2\/types\/post"}],"author":[{"embeddable":true,"href":"https:\/\/caru.org.uy\/nuevositio\/wp-json\/wp\/v2\/users\/1"}],"replies":[{"embeddable":true,"href":"https:\/\/caru.org.uy\/nuevositio\/wp-json\/wp\/v2\/comments?post=8626"}],"version-history":[{"count":5,"href":"https:\/\/caru.org.uy\/nuevositio\/wp-json\/wp\/v2\/posts\/8626\/revisions"}],"predecessor-version":[{"id":8929,"href":"https:\/\/caru.org.uy\/nuevositio\/wp-json\/wp\/v2\/posts\/8626\/revisions\/8929"}],"wp:featuredmedia":[{"embeddable":true,"href":"https:\/\/caru.org.uy\/nuevositio\/wp-json\/wp\/v2\/media\/8631"}],"wp:attachment":[{"href":"https:\/\/caru.org.uy\/nuevositio\/wp-json\/wp\/v2\/media?parent=8626"}],"wp:term":[{"taxonomy":"category","embeddable":true,"href":"https:\/\/caru.org.uy\/nuevositio\/wp-json\/wp\/v2\/categories?post=8626"},{"taxonomy":"post_tag","embeddable":true,"href":"https:\/\/caru.org.uy\/nuevositio\/wp-json\/wp\/v2\/tags?post=8626"}],"curies":[{"name":"wp","href":"https:\/\/api.w.org\/{rel}","templated":true}]}}