{"id":8649,"date":"2023-11-14T15:59:31","date_gmt":"2023-11-14T15:59:31","guid":{"rendered":"https:\/\/caru.org.uy\/nuevositio\/?p=8649"},"modified":"2025-03-03T06:35:39","modified_gmt":"2025-03-03T09:35:39","slug":"se-confirmo-grupo-de-trabajo-para-la-revision-del-digesto-del-rio-uruguay","status":"publish","type":"post","link":"https:\/\/caru.org.uy\/nuevositio\/2023\/11\/14\/se-confirmo-grupo-de-trabajo-para-la-revision-del-digesto-del-rio-uruguay\/","title":{"rendered":"Se confirm\u00f3 grupo de trabajo para la revisi\u00f3n del Digesto del R\u00edo Uruguay"},"content":{"rendered":" <img loading=\"lazy\" decoding=\"async\" width=\"1024\" height=\"472\" src=\"https:\/\/caru.org.uy\/nuevositio\/wp-content\/uploads\/2023\/11\/Caru-digesto-1024x472.jpeg\" alt=\"\" loading=\"lazy\" srcset=\"https:\/\/caru.org.uy\/nuevositio\/wp-content\/uploads\/2023\/11\/Caru-digesto-1024x472.jpeg 1024w, https:\/\/caru.org.uy\/nuevositio\/wp-content\/uploads\/2023\/11\/Caru-digesto-300x138.jpeg 300w, https:\/\/caru.org.uy\/nuevositio\/wp-content\/uploads\/2023\/11\/Caru-digesto-768x354.jpeg 768w, https:\/\/caru.org.uy\/nuevositio\/wp-content\/uploads\/2023\/11\/Caru-digesto-1536x708.jpeg 1536w, https:\/\/caru.org.uy\/nuevositio\/wp-content\/uploads\/2023\/11\/Caru-digesto.jpeg 1600w\" sizes=\"auto, (max-width: 1024px) 100vw, 1024px\" \/>\t\t\t\t\t\t\t\t\t\t\t\t\t\t\t\n\t\t<p><\/p>\n<p><\/p>\n<p><\/p>\n<p>El pasado mi\u00e9rcoles 25 de Octubre se llev\u00f3 a cabo una reuni\u00f3n en la sede de la Comisi\u00f3n Administradora del R\u00edo Uruguay (CARU), en Paysand\u00fa, a fin de constituir el Grupo de Trabajo T\u00e9cnico para la revisi\u00f3n del Digesto sobre el Uso y Aprovechamiento del R\u00edo Uruguay. Este encuentro fue encabezado por los Presidentes de las Delegaciones Argentina y Uruguaya Jos\u00e9 Eduardo Lauritto y Mario Ayala Barrios, respectivamente.<\/p>\n<p>Por directivas de los Gobiernos de la Rep\u00fablica Argentina y la Rep\u00fablica Oriental del Uruguay, se dispuso que la CARU conforme un Grupo de Trabajo T\u00e9cnico para la revisi\u00f3n del Digesto sobre el Uso y Aprovechamiento del R\u00edo Uruguay. El mismo estar\u00e1 constituido por el Presidente de la Delegaci\u00f3n Argentina, Jos\u00e9 Lauritto, el Presidente de la Delegaci\u00f3n Uruguaya, Mario Ayala, el Delegado Argentino Hern\u00e1n Orduna, el Delegado Uruguayo Roberto P\u00e9rez Rodino, el Secretario T\u00e9cnico de la CARU Juan Carlos Mart\u00ednez, los miembros del Comit\u00e9 Cient\u00edfico lng. Eugenio Lorenzo, Dr. Iv\u00e1n Gonz\u00e1lez, MSc. Ricardo Ju\u00e1rez y Mtr. Emilio Menvielle.<\/p>\n<p>Se acuerda la incorporaci\u00f3n a este Grupo de Trabajo del Dr. Gustavo Seoane, Asesor de la Comisi\u00f3n, y se expresa la posibilidad de que la Delegaci\u00f3n Argentina proponga &#8211; a futuro &#8211; la designaci\u00f3n de otro Asesor. Se acuerda, adem\u00e1s, que en futuras reuniones de este Grupo podr\u00e1n estar presentes los funcionarios de la Secretar\u00eda T\u00e9cnica, Ing. Alejandro Nard\u00edn, Dra. Natalia Rougier y T\u00e9c Qca. Gabriela Sena, as\u00ed como tambi\u00e9n otras personas que las Delegaciones puedan proponer y que est\u00e9n vinculadas al tema.<\/p>\n<p>Se acuerda la incorporaci\u00f3n a este Grupo de Trabajo del Dr. Gustavo Seoane, Asesor de la Comisi\u00f3n, y se expresa la posibilidad de que la Delegaci\u00f3n Argentina proponga &#8211; a futuro &#8211; la designaci\u00f3n de otro Asesor. Se acuerda, adem\u00e1s, que en futuras reuniones de este Grupo podr\u00e1n estar presentes los funcionarios de la Secretar\u00eda T\u00e9cnica, Ing. Alejandro Nard\u00edn, Dra. Natalia Rougier y T\u00e9c Qca. Gabriela Sena, as\u00ed como tambi\u00e9n otras personas que las Delegaciones puedan proponer y que est\u00e9n vinculadas al tema.<\/p>\n<p>Durante el encuentro se procedi\u00f3 a mencionar las Notas intercambiadas entre las Delegaciones relacionadas a las discrepancias que existen sobre el Digesto del R\u00edo Uruguay que fuera reformado en 2019 y que motivaron la conformaci\u00f3n del equipo de trabajo para su revisi\u00f3n. Se estableci\u00f3, como metodolog\u00eda de trabajo, la presentaci\u00f3n por escrito de los temas a tratar, para su an\u00e1lisis y posterior tratamiento en las reuniones que defina el Grupo de Trabajo. Se deja expresado que ser\u00e1 la Delegaci\u00f3n Argentina la que eleve los temas a tratar para consideraci\u00f3n de la Delegaci\u00f3n Uruguaya, en virtud de que esta \u00faltima no tiene &#8211; por el momento &#8211; temas a introducir.<\/p>\n<p>Por \u00faltimo, ambas Delegaciones celebraron el esp\u00edritu de di\u00e1logo y consenso que ha impulsado la constituci\u00f3n de este Grupo de Trabajo, lo que permitir\u00e1 la b\u00fasqueda de acuerdos sobre los que primen los objetivos de la Comisi\u00f3n Administradora del R\u00edo Uruguay.<\/p>\n<p><\/p>\n<p><\/p>\n<p><\/p>","protected":false},"excerpt":{"rendered":"<p>El pasado mi\u00e9rcoles 25 de Octubre se llev\u00f3 a cabo una reuni\u00f3n en la sede de la Comisi\u00f3n Administradora del R\u00edo Uruguay (CARU), en Paysand\u00fa, a fin de constituir el Grupo de Trabajo T\u00e9cnico para la revisi\u00f3n del Digesto sobre el Uso y Aprovechamiento del R\u00edo Uruguay. Este encuentro fue encabezado por los Presidentes de [&hellip;]<\/p>\n","protected":false},"author":1,"featured_media":8650,"comment_status":"open","ping_status":"open","sticky":false,"template":"","format":"standard","meta":{"_acf_changed":false,"_joinchat":[],"footnotes":""},"categories":[37,27],"tags":[],"class_list":["post-8649","post","type-post","status-publish","format-standard","has-post-thumbnail","hentry","category-noticias","category-novedades"],"acf":[],"yoast_head":"<!-- This site is optimized with the Yoast SEO plugin v27.3 - https:\/\/yoast.com\/product\/yoast-seo-wordpress\/ -->\n<title>Se confirm\u00f3 grupo de trabajo para la revisi\u00f3n del Digesto del R\u00edo Uruguay % C.A.R.U. imagen<\/title>\n<meta name=\"robots\" content=\"index, follow, max-snippet:-1, max-image-preview:large, max-video-preview:-1\" \/>\n<link rel=\"canonical\" href=\"https:\/\/caru.org.uy\/nuevositio\/2023\/11\/14\/se-confirmo-grupo-de-trabajo-para-la-revision-del-digesto-del-rio-uruguay\/\" \/>\n<meta property=\"og:locale\" content=\"es_ES\" \/>\n<meta property=\"og:type\" content=\"article\" \/>\n<meta property=\"og:title\" content=\"Se confirm\u00f3 grupo de trabajo para la revisi\u00f3n del Digesto del R\u00edo Uruguay % C.A.R.U. imagen\" \/>\n<meta property=\"og:description\" content=\"El pasado mi\u00e9rcoles 25 de Octubre se llev\u00f3 a cabo una reuni\u00f3n en la sede de la Comisi\u00f3n Administradora del R\u00edo Uruguay (CARU), en Paysand\u00fa, a fin de constituir el Grupo de Trabajo T\u00e9cnico para la revisi\u00f3n del Digesto sobre el Uso y Aprovechamiento del R\u00edo Uruguay. Este encuentro fue encabezado por los Presidentes de [&hellip;]\" \/>\n<meta property=\"og:url\" content=\"https:\/\/caru.org.uy\/nuevositio\/2023\/11\/14\/se-confirmo-grupo-de-trabajo-para-la-revision-del-digesto-del-rio-uruguay\/\" \/>\n<meta property=\"og:site_name\" content=\"C.A.R.U.\" \/>\n<meta property=\"article:published_time\" content=\"2023-11-14T15:59:31+00:00\" \/>\n<meta property=\"article:modified_time\" content=\"2025-03-03T09:35:39+00:00\" \/>\n<meta property=\"og:image\" content=\"https:\/\/caru.org.uy\/nuevositio\/wp-content\/uploads\/2023\/11\/Caru-digesto.jpeg\" \/>\n\t<meta property=\"og:image:width\" content=\"1600\" \/>\n\t<meta property=\"og:image:height\" content=\"738\" \/>\n\t<meta property=\"og:image:type\" content=\"image\/jpeg\" \/>\n<meta name=\"author\" content=\"Noma\" \/>\n<meta name=\"twitter:card\" content=\"summary_large_image\" \/>\n<meta name=\"twitter:label1\" content=\"Escrito por\" \/>\n\t<meta name=\"twitter:data1\" content=\"Noma\" \/>\n\t<meta name=\"twitter:label2\" content=\"Tiempo de lectura\" \/>\n\t<meta name=\"twitter:data2\" content=\"3 minutos\" \/>\n<script type=\"application\/ld+json\" class=\"yoast-schema-graph\">{\"@context\":\"https:\\\/\\\/schema.org\",\"@graph\":[{\"@type\":[\"Article\",\"BlogPosting\"],\"@id\":\"https:\\\/\\\/caru.org.uy\\\/nuevositio\\\/2023\\\/11\\\/14\\\/se-confirmo-grupo-de-trabajo-para-la-revision-del-digesto-del-rio-uruguay\\\/#article\",\"isPartOf\":{\"@id\":\"https:\\\/\\\/caru.org.uy\\\/nuevositio\\\/2023\\\/11\\\/14\\\/se-confirmo-grupo-de-trabajo-para-la-revision-del-digesto-del-rio-uruguay\\\/\"},\"author\":{\"name\":\"Noma\",\"@id\":\"https:\\\/\\\/caru.org.uy\\\/nuevositio\\\/#\\\/schema\\\/person\\\/9a11b7bc115602d2066d4c695b2aa3e5\"},\"headline\":\"Se confirm\u00f3 grupo de trabajo para la revisi\u00f3n del Digesto del R\u00edo Uruguay\",\"datePublished\":\"2023-11-14T15:59:31+00:00\",\"dateModified\":\"2025-03-03T09:35:39+00:00\",\"mainEntityOfPage\":{\"@id\":\"https:\\\/\\\/caru.org.uy\\\/nuevositio\\\/2023\\\/11\\\/14\\\/se-confirmo-grupo-de-trabajo-para-la-revision-del-digesto-del-rio-uruguay\\\/\"},\"wordCount\":558,\"commentCount\":0,\"publisher\":{\"@id\":\"https:\\\/\\\/caru.org.uy\\\/nuevositio\\\/#organization\"},\"image\":{\"@id\":\"https:\\\/\\\/caru.org.uy\\\/nuevositio\\\/2023\\\/11\\\/14\\\/se-confirmo-grupo-de-trabajo-para-la-revision-del-digesto-del-rio-uruguay\\\/#primaryimage\"},\"thumbnailUrl\":\"https:\\\/\\\/caru.org.uy\\\/nuevositio\\\/wp-content\\\/uploads\\\/2023\\\/11\\\/Caru-digesto.jpeg\",\"articleSection\":[\"Noticias\",\"Novedades\"],\"inLanguage\":\"es\",\"potentialAction\":[{\"@type\":\"CommentAction\",\"name\":\"Comment\",\"target\":[\"https:\\\/\\\/caru.org.uy\\\/nuevositio\\\/2023\\\/11\\\/14\\\/se-confirmo-grupo-de-trabajo-para-la-revision-del-digesto-del-rio-uruguay\\\/#respond\"]}]},{\"@type\":\"WebPage\",\"@id\":\"https:\\\/\\\/caru.org.uy\\\/nuevositio\\\/2023\\\/11\\\/14\\\/se-confirmo-grupo-de-trabajo-para-la-revision-del-digesto-del-rio-uruguay\\\/\",\"url\":\"https:\\\/\\\/caru.org.uy\\\/nuevositio\\\/2023\\\/11\\\/14\\\/se-confirmo-grupo-de-trabajo-para-la-revision-del-digesto-del-rio-uruguay\\\/\",\"name\":\"Se confirm\u00f3 grupo de trabajo para la revisi\u00f3n del Digesto del R\u00edo Uruguay % C.A.R.U. imagen\",\"isPartOf\":{\"@id\":\"https:\\\/\\\/caru.org.uy\\\/nuevositio\\\/#website\"},\"primaryImageOfPage\":{\"@id\":\"https:\\\/\\\/caru.org.uy\\\/nuevositio\\\/2023\\\/11\\\/14\\\/se-confirmo-grupo-de-trabajo-para-la-revision-del-digesto-del-rio-uruguay\\\/#primaryimage\"},\"image\":{\"@id\":\"https:\\\/\\\/caru.org.uy\\\/nuevositio\\\/2023\\\/11\\\/14\\\/se-confirmo-grupo-de-trabajo-para-la-revision-del-digesto-del-rio-uruguay\\\/#primaryimage\"},\"thumbnailUrl\":\"https:\\\/\\\/caru.org.uy\\\/nuevositio\\\/wp-content\\\/uploads\\\/2023\\\/11\\\/Caru-digesto.jpeg\",\"datePublished\":\"2023-11-14T15:59:31+00:00\",\"dateModified\":\"2025-03-03T09:35:39+00:00\",\"breadcrumb\":{\"@id\":\"https:\\\/\\\/caru.org.uy\\\/nuevositio\\\/2023\\\/11\\\/14\\\/se-confirmo-grupo-de-trabajo-para-la-revision-del-digesto-del-rio-uruguay\\\/#breadcrumb\"},\"inLanguage\":\"es\",\"potentialAction\":[{\"@type\":\"ReadAction\",\"target\":[\"https:\\\/\\\/caru.org.uy\\\/nuevositio\\\/2023\\\/11\\\/14\\\/se-confirmo-grupo-de-trabajo-para-la-revision-del-digesto-del-rio-uruguay\\\/\"]}]},{\"@type\":\"ImageObject\",\"inLanguage\":\"es\",\"@id\":\"https:\\\/\\\/caru.org.uy\\\/nuevositio\\\/2023\\\/11\\\/14\\\/se-confirmo-grupo-de-trabajo-para-la-revision-del-digesto-del-rio-uruguay\\\/#primaryimage\",\"url\":\"https:\\\/\\\/caru.org.uy\\\/nuevositio\\\/wp-content\\\/uploads\\\/2023\\\/11\\\/Caru-digesto.jpeg\",\"contentUrl\":\"https:\\\/\\\/caru.org.uy\\\/nuevositio\\\/wp-content\\\/uploads\\\/2023\\\/11\\\/Caru-digesto.jpeg\",\"width\":1600,\"height\":738},{\"@type\":\"BreadcrumbList\",\"@id\":\"https:\\\/\\\/caru.org.uy\\\/nuevositio\\\/2023\\\/11\\\/14\\\/se-confirmo-grupo-de-trabajo-para-la-revision-del-digesto-del-rio-uruguay\\\/#breadcrumb\",\"itemListElement\":[{\"@type\":\"ListItem\",\"position\":1,\"name\":\"Portada\",\"item\":\"https:\\\/\\\/caru.org.uy\\\/nuevositio\\\/\"},{\"@type\":\"ListItem\",\"position\":2,\"name\":\"Se confirm\u00f3 grupo de trabajo para la revisi\u00f3n del Digesto del R\u00edo Uruguay\"}]},{\"@type\":\"WebSite\",\"@id\":\"https:\\\/\\\/caru.org.uy\\\/nuevositio\\\/#website\",\"url\":\"https:\\\/\\\/caru.org.uy\\\/nuevositio\\\/\",\"name\":\"C.A.R.U.\",\"description\":\"Comisi\u00f3n Administradora del R\u00edo Uruguay\",\"publisher\":{\"@id\":\"https:\\\/\\\/caru.org.uy\\\/nuevositio\\\/#organization\"},\"potentialAction\":[{\"@type\":\"SearchAction\",\"target\":{\"@type\":\"EntryPoint\",\"urlTemplate\":\"https:\\\/\\\/caru.org.uy\\\/nuevositio\\\/?s={search_term_string}\"},\"query-input\":{\"@type\":\"PropertyValueSpecification\",\"valueRequired\":true,\"valueName\":\"search_term_string\"}}],\"inLanguage\":\"es\"},{\"@type\":\"Organization\",\"@id\":\"https:\\\/\\\/caru.org.uy\\\/nuevositio\\\/#organization\",\"name\":\"C.A.R.U.\",\"url\":\"https:\\\/\\\/caru.org.uy\\\/nuevositio\\\/\",\"logo\":{\"@type\":\"ImageObject\",\"inLanguage\":\"es\",\"@id\":\"https:\\\/\\\/caru.org.uy\\\/nuevositio\\\/#\\\/schema\\\/logo\\\/image\\\/\",\"url\":\"https:\\\/\\\/caru.org.uy\\\/nuevositio\\\/wp-content\\\/uploads\\\/2023\\\/11\\\/logo-nuevo.jpg\",\"contentUrl\":\"https:\\\/\\\/caru.org.uy\\\/nuevositio\\\/wp-content\\\/uploads\\\/2023\\\/11\\\/logo-nuevo.jpg\",\"width\":1,\"height\":1,\"caption\":\"C.A.R.U.\"},\"image\":{\"@id\":\"https:\\\/\\\/caru.org.uy\\\/nuevositio\\\/#\\\/schema\\\/logo\\\/image\\\/\"}},{\"@type\":\"Person\",\"@id\":\"https:\\\/\\\/caru.org.uy\\\/nuevositio\\\/#\\\/schema\\\/person\\\/9a11b7bc115602d2066d4c695b2aa3e5\",\"name\":\"Noma\",\"image\":{\"@type\":\"ImageObject\",\"inLanguage\":\"es\",\"@id\":\"https:\\\/\\\/secure.gravatar.com\\\/avatar\\\/8b0eb2764fe524b07cdc015df29e7576c061e58c50641dd8ccc46d3d448307e5?s=96&d=mm&r=g\",\"url\":\"https:\\\/\\\/secure.gravatar.com\\\/avatar\\\/8b0eb2764fe524b07cdc015df29e7576c061e58c50641dd8ccc46d3d448307e5?s=96&d=mm&r=g\",\"contentUrl\":\"https:\\\/\\\/secure.gravatar.com\\\/avatar\\\/8b0eb2764fe524b07cdc015df29e7576c061e58c50641dd8ccc46d3d448307e5?s=96&d=mm&r=g\",\"caption\":\"Noma\"},\"url\":\"https:\\\/\\\/caru.org.uy\\\/nuevositio\\\/author\\\/admin\\\/\"}]}<\/script>\n<!-- \/ Yoast SEO plugin. -->","yoast_head_json":{"title":"Se confirm\u00f3 grupo de trabajo para la revisi\u00f3n del Digesto del R\u00edo Uruguay % C.A.R.U. imagen","robots":{"index":"index","follow":"follow","max-snippet":"max-snippet:-1","max-image-preview":"max-image-preview:large","max-video-preview":"max-video-preview:-1"},"canonical":"https:\/\/caru.org.uy\/nuevositio\/2023\/11\/14\/se-confirmo-grupo-de-trabajo-para-la-revision-del-digesto-del-rio-uruguay\/","og_locale":"es_ES","og_type":"article","og_title":"Se confirm\u00f3 grupo de trabajo para la revisi\u00f3n del Digesto del R\u00edo Uruguay % C.A.R.U. imagen","og_description":"El pasado mi\u00e9rcoles 25 de Octubre se llev\u00f3 a cabo una reuni\u00f3n en la sede de la Comisi\u00f3n Administradora del R\u00edo Uruguay (CARU), en Paysand\u00fa, a fin de constituir el Grupo de Trabajo T\u00e9cnico para la revisi\u00f3n del Digesto sobre el Uso y Aprovechamiento del R\u00edo Uruguay. Este encuentro fue encabezado por los Presidentes de [&hellip;]","og_url":"https:\/\/caru.org.uy\/nuevositio\/2023\/11\/14\/se-confirmo-grupo-de-trabajo-para-la-revision-del-digesto-del-rio-uruguay\/","og_site_name":"C.A.R.U.","article_published_time":"2023-11-14T15:59:31+00:00","article_modified_time":"2025-03-03T09:35:39+00:00","og_image":[{"width":1600,"height":738,"url":"https:\/\/caru.org.uy\/nuevositio\/wp-content\/uploads\/2023\/11\/Caru-digesto.jpeg","type":"image\/jpeg"}],"author":"Noma","twitter_card":"summary_large_image","twitter_misc":{"Escrito por":"Noma","Tiempo de lectura":"3 minutos"},"schema":{"@context":"https:\/\/schema.org","@graph":[{"@type":["Article","BlogPosting"],"@id":"https:\/\/caru.org.uy\/nuevositio\/2023\/11\/14\/se-confirmo-grupo-de-trabajo-para-la-revision-del-digesto-del-rio-uruguay\/#article","isPartOf":{"@id":"https:\/\/caru.org.uy\/nuevositio\/2023\/11\/14\/se-confirmo-grupo-de-trabajo-para-la-revision-del-digesto-del-rio-uruguay\/"},"author":{"name":"Noma","@id":"https:\/\/caru.org.uy\/nuevositio\/#\/schema\/person\/9a11b7bc115602d2066d4c695b2aa3e5"},"headline":"Se confirm\u00f3 grupo de trabajo para la revisi\u00f3n del Digesto del R\u00edo Uruguay","datePublished":"2023-11-14T15:59:31+00:00","dateModified":"2025-03-03T09:35:39+00:00","mainEntityOfPage":{"@id":"https:\/\/caru.org.uy\/nuevositio\/2023\/11\/14\/se-confirmo-grupo-de-trabajo-para-la-revision-del-digesto-del-rio-uruguay\/"},"wordCount":558,"commentCount":0,"publisher":{"@id":"https:\/\/caru.org.uy\/nuevositio\/#organization"},"image":{"@id":"https:\/\/caru.org.uy\/nuevositio\/2023\/11\/14\/se-confirmo-grupo-de-trabajo-para-la-revision-del-digesto-del-rio-uruguay\/#primaryimage"},"thumbnailUrl":"https:\/\/caru.org.uy\/nuevositio\/wp-content\/uploads\/2023\/11\/Caru-digesto.jpeg","articleSection":["Noticias","Novedades"],"inLanguage":"es","potentialAction":[{"@type":"CommentAction","name":"Comment","target":["https:\/\/caru.org.uy\/nuevositio\/2023\/11\/14\/se-confirmo-grupo-de-trabajo-para-la-revision-del-digesto-del-rio-uruguay\/#respond"]}]},{"@type":"WebPage","@id":"https:\/\/caru.org.uy\/nuevositio\/2023\/11\/14\/se-confirmo-grupo-de-trabajo-para-la-revision-del-digesto-del-rio-uruguay\/","url":"https:\/\/caru.org.uy\/nuevositio\/2023\/11\/14\/se-confirmo-grupo-de-trabajo-para-la-revision-del-digesto-del-rio-uruguay\/","name":"Se confirm\u00f3 grupo de trabajo para la revisi\u00f3n del Digesto del R\u00edo Uruguay % C.A.R.U. imagen","isPartOf":{"@id":"https:\/\/caru.org.uy\/nuevositio\/#website"},"primaryImageOfPage":{"@id":"https:\/\/caru.org.uy\/nuevositio\/2023\/11\/14\/se-confirmo-grupo-de-trabajo-para-la-revision-del-digesto-del-rio-uruguay\/#primaryimage"},"image":{"@id":"https:\/\/caru.org.uy\/nuevositio\/2023\/11\/14\/se-confirmo-grupo-de-trabajo-para-la-revision-del-digesto-del-rio-uruguay\/#primaryimage"},"thumbnailUrl":"https:\/\/caru.org.uy\/nuevositio\/wp-content\/uploads\/2023\/11\/Caru-digesto.jpeg","datePublished":"2023-11-14T15:59:31+00:00","dateModified":"2025-03-03T09:35:39+00:00","breadcrumb":{"@id":"https:\/\/caru.org.uy\/nuevositio\/2023\/11\/14\/se-confirmo-grupo-de-trabajo-para-la-revision-del-digesto-del-rio-uruguay\/#breadcrumb"},"inLanguage":"es","potentialAction":[{"@type":"ReadAction","target":["https:\/\/caru.org.uy\/nuevositio\/2023\/11\/14\/se-confirmo-grupo-de-trabajo-para-la-revision-del-digesto-del-rio-uruguay\/"]}]},{"@type":"ImageObject","inLanguage":"es","@id":"https:\/\/caru.org.uy\/nuevositio\/2023\/11\/14\/se-confirmo-grupo-de-trabajo-para-la-revision-del-digesto-del-rio-uruguay\/#primaryimage","url":"https:\/\/caru.org.uy\/nuevositio\/wp-content\/uploads\/2023\/11\/Caru-digesto.jpeg","contentUrl":"https:\/\/caru.org.uy\/nuevositio\/wp-content\/uploads\/2023\/11\/Caru-digesto.jpeg","width":1600,"height":738},{"@type":"BreadcrumbList","@id":"https:\/\/caru.org.uy\/nuevositio\/2023\/11\/14\/se-confirmo-grupo-de-trabajo-para-la-revision-del-digesto-del-rio-uruguay\/#breadcrumb","itemListElement":[{"@type":"ListItem","position":1,"name":"Portada","item":"https:\/\/caru.org.uy\/nuevositio\/"},{"@type":"ListItem","position":2,"name":"Se confirm\u00f3 grupo de trabajo para la revisi\u00f3n del Digesto del R\u00edo Uruguay"}]},{"@type":"WebSite","@id":"https:\/\/caru.org.uy\/nuevositio\/#website","url":"https:\/\/caru.org.uy\/nuevositio\/","name":"C.A.R.U.","description":"Comisi\u00f3n Administradora del R\u00edo Uruguay","publisher":{"@id":"https:\/\/caru.org.uy\/nuevositio\/#organization"},"potentialAction":[{"@type":"SearchAction","target":{"@type":"EntryPoint","urlTemplate":"https:\/\/caru.org.uy\/nuevositio\/?s={search_term_string}"},"query-input":{"@type":"PropertyValueSpecification","valueRequired":true,"valueName":"search_term_string"}}],"inLanguage":"es"},{"@type":"Organization","@id":"https:\/\/caru.org.uy\/nuevositio\/#organization","name":"C.A.R.U.","url":"https:\/\/caru.org.uy\/nuevositio\/","logo":{"@type":"ImageObject","inLanguage":"es","@id":"https:\/\/caru.org.uy\/nuevositio\/#\/schema\/logo\/image\/","url":"https:\/\/caru.org.uy\/nuevositio\/wp-content\/uploads\/2023\/11\/logo-nuevo.jpg","contentUrl":"https:\/\/caru.org.uy\/nuevositio\/wp-content\/uploads\/2023\/11\/logo-nuevo.jpg","width":1,"height":1,"caption":"C.A.R.U."},"image":{"@id":"https:\/\/caru.org.uy\/nuevositio\/#\/schema\/logo\/image\/"}},{"@type":"Person","@id":"https:\/\/caru.org.uy\/nuevositio\/#\/schema\/person\/9a11b7bc115602d2066d4c695b2aa3e5","name":"Noma","image":{"@type":"ImageObject","inLanguage":"es","@id":"https:\/\/secure.gravatar.com\/avatar\/8b0eb2764fe524b07cdc015df29e7576c061e58c50641dd8ccc46d3d448307e5?s=96&d=mm&r=g","url":"https:\/\/secure.gravatar.com\/avatar\/8b0eb2764fe524b07cdc015df29e7576c061e58c50641dd8ccc46d3d448307e5?s=96&d=mm&r=g","contentUrl":"https:\/\/secure.gravatar.com\/avatar\/8b0eb2764fe524b07cdc015df29e7576c061e58c50641dd8ccc46d3d448307e5?s=96&d=mm&r=g","caption":"Noma"},"url":"https:\/\/caru.org.uy\/nuevositio\/author\/admin\/"}]}},"_links":{"self":[{"href":"https:\/\/caru.org.uy\/nuevositio\/wp-json\/wp\/v2\/posts\/8649","targetHints":{"allow":["GET"]}}],"collection":[{"href":"https:\/\/caru.org.uy\/nuevositio\/wp-json\/wp\/v2\/posts"}],"about":[{"href":"https:\/\/caru.org.uy\/nuevositio\/wp-json\/wp\/v2\/types\/post"}],"author":[{"embeddable":true,"href":"https:\/\/caru.org.uy\/nuevositio\/wp-json\/wp\/v2\/users\/1"}],"replies":[{"embeddable":true,"href":"https:\/\/caru.org.uy\/nuevositio\/wp-json\/wp\/v2\/comments?post=8649"}],"version-history":[{"count":5,"href":"https:\/\/caru.org.uy\/nuevositio\/wp-json\/wp\/v2\/posts\/8649\/revisions"}],"predecessor-version":[{"id":11003,"href":"https:\/\/caru.org.uy\/nuevositio\/wp-json\/wp\/v2\/posts\/8649\/revisions\/11003"}],"wp:featuredmedia":[{"embeddable":true,"href":"https:\/\/caru.org.uy\/nuevositio\/wp-json\/wp\/v2\/media\/8650"}],"wp:attachment":[{"href":"https:\/\/caru.org.uy\/nuevositio\/wp-json\/wp\/v2\/media?parent=8649"}],"wp:term":[{"taxonomy":"category","embeddable":true,"href":"https:\/\/caru.org.uy\/nuevositio\/wp-json\/wp\/v2\/categories?post=8649"},{"taxonomy":"post_tag","embeddable":true,"href":"https:\/\/caru.org.uy\/nuevositio\/wp-json\/wp\/v2\/tags?post=8649"}],"curies":[{"name":"wp","href":"https:\/\/api.w.org\/{rel}","templated":true}]}}