{"id":8794,"date":"2023-11-01T17:11:00","date_gmt":"2023-11-01T17:11:00","guid":{"rendered":"https:\/\/caru.org.uy\/nuevositio\/?p=8794"},"modified":"2023-11-17T05:34:46","modified_gmt":"2023-11-17T05:34:46","slug":"estudios-de-impacto-ambiental-y-social-del-proyecto-de-dragado-y-balizamiento-del-rio-uruguay-entre-los-kilometros-2078-y-336","status":"publish","type":"post","link":"https:\/\/caru.org.uy\/nuevositio\/2023\/11\/01\/estudios-de-impacto-ambiental-y-social-del-proyecto-de-dragado-y-balizamiento-del-rio-uruguay-entre-los-kilometros-2078-y-336\/","title":{"rendered":"Estudios de Impacto Ambiental y Social del Proyecto de Dragado entre los Kil\u00f3metros 207,8 y 336"},"content":{"rendered":"\t\t<div data-elementor-type=\"wp-post\" data-elementor-id=\"8794\" class=\"elementor elementor-8794\" data-elementor-post-type=\"post\">\n\t\t\t\t\t\t<section class=\"elementor-section elementor-top-section elementor-element elementor-element-6332506 elementor-section-boxed elementor-section-height-default elementor-section-height-default\" data-id=\"6332506\" data-element_type=\"section\" data-e-type=\"section\" data-settings=\"{&quot;jet_parallax_layout_list&quot;:[]}\">\n\t\t\t\t\t\t<div class=\"elementor-container elementor-column-gap-default\">\n\t\t\t\t\t<div class=\"elementor-column elementor-col-100 elementor-top-column elementor-element elementor-element-ab0d433\" data-id=\"ab0d433\" data-element_type=\"column\" data-e-type=\"column\">\n\t\t\t<div class=\"elementor-widget-wrap elementor-element-populated\">\n\t\t\t\t\t\t<section class=\"elementor-section elementor-inner-section elementor-element elementor-element-0572996 elementor-section-height-default elementor-section-boxed elementor-section-height-default\" data-id=\"0572996\" data-element_type=\"section\" data-e-type=\"section\" data-settings=\"{&quot;jet_parallax_layout_list&quot;:[]}\">\n\t\t\t\t\t\t<div class=\"elementor-container elementor-column-gap-default\">\n\t\t\t\t\t<div class=\"elementor-column elementor-col-50 elementor-top-column elementor-element elementor-element-bc5161b\" data-id=\"bc5161b\" data-element_type=\"column\" data-e-type=\"column\">\n\t\t\t<div class=\"elementor-widget-wrap elementor-element-populated\">\n\t\t\t\t\t\t<div class=\"elementor-element elementor-element-91f1325 elementor-widget elementor-widget-image\" data-id=\"91f1325\" data-element_type=\"widget\" data-e-type=\"widget\" data-widget_type=\"image.default\">\n\t\t\t\t<div class=\"elementor-widget-container\">\n\t\t\t\t\t\t\t\t\t\t\t\t\t\t\t<img fetchpriority=\"high\" decoding=\"async\" width=\"1024\" height=\"768\" src=\"https:\/\/caru.org.uy\/nuevositio\/wp-content\/uploads\/2023\/11\/Colon-3-1024x768.jpeg\" class=\"attachment-large size-large wp-image-8797\" alt=\"\" srcset=\"https:\/\/caru.org.uy\/nuevositio\/wp-content\/uploads\/2023\/11\/Colon-3-1024x768.jpeg 1024w, https:\/\/caru.org.uy\/nuevositio\/wp-content\/uploads\/2023\/11\/Colon-3-300x225.jpeg 300w, https:\/\/caru.org.uy\/nuevositio\/wp-content\/uploads\/2023\/11\/Colon-3-768x576.jpeg 768w, https:\/\/caru.org.uy\/nuevositio\/wp-content\/uploads\/2023\/11\/Colon-3-1536x1152.jpeg 1536w, https:\/\/caru.org.uy\/nuevositio\/wp-content\/uploads\/2023\/11\/Colon-3.jpeg 1600w\" sizes=\"(max-width: 1024px) 100vw, 1024px\" \/>\t\t\t\t\t\t\t\t\t\t\t\t\t\t\t<\/div>\n\t\t\t\t<\/div>\n\t\t\t\t\t<\/div>\n\t\t<\/div>\n\t\t\t\t<div class=\"elementor-column elementor-col-50 elementor-top-column elementor-element elementor-element-6490e69\" data-id=\"6490e69\" data-element_type=\"column\" data-e-type=\"column\">\n\t\t\t<div class=\"elementor-widget-wrap elementor-element-populated\">\n\t\t\t\t\t\t<div class=\"elementor-element elementor-element-376d5d8 elementor-widget elementor-widget-text-editor\" data-id=\"376d5d8\" data-element_type=\"widget\" data-e-type=\"widget\" data-widget_type=\"text-editor.default\">\n\t\t\t\t<div class=\"elementor-widget-container\">\n\t\t\t\t\t\t\t\t\t<p><\/p><p>El d\u00eda 31 de octubre del corriente a\u00f1o se llev\u00f3 a cabo en la Sede de la Comisi\u00f3n Administradora del R\u00edo Uruguay la Jornada de Participaci\u00f3n P\u00fablica Abierta sobre los Estudios de Impacto Ambiental y Social del Proyecto de Dragado y Balizamiento del R\u00edo Uruguay entre los Kil\u00f3metros 207,8 y 336.<br \/>En el siguiente link se encuentra disponible la documentaci\u00f3n que constituye el avance de dicho estudio hasta el d\u00eda 31 de octubre. Hasta el d\u00eda 7 de noviembre se recibir\u00e1n observaciones y aportes, que podr\u00e1n ser incorporadas al documento final de dicho estudio, a la direcci\u00f3n de correo electr\u00f3nico esiacaru@gmail.com.<\/p><p><\/p><p><\/p><p><a href=\"https:\/\/www.caru.org.uy\/web\/wp-content\/uploads\/2023\/08\/DO-UR-111-23.pdf\">link:<br \/><\/a><a href=\"https:\/\/drive.google.com\/drive\/folders\/1GEFkTpAR0jLCLJmJCBAk0yZ9054q69lV?usp=sharing\">https:\/\/drive.google.com\/drive\/folders\/1GEFkTpAR0jLCLJmJCBAk0yZ9054q69lV?usp=sharing<\/a><\/p><p>Acceda al documento de divulgaci\u00f3n:\u00a0<a href=\"https:\/\/drive.google.com\/file\/d\/1UD8o2xUyUtBKPJRWNf__YbMDBrscA8yr\/view?usp=share_link\">Documento de divulgaci\u00f3n EsIAS<\/a><\/p><p>Acceda al Resumen Ejecutivo:\u00a0<a href=\"https:\/\/drive.google.com\/file\/d\/1kKAW8OuA1MW0nk1k2GzbTvru71_eW3U_\/view?usp=share_link\">Resumen Ejecutivo EsIAS<\/a><\/p><p><\/p>\t\t\t\t\t\t\t\t<\/div>\n\t\t\t\t<\/div>\n\t\t\t\t\t<\/div>\n\t\t<\/div>\n\t\t\t\t\t<\/div>\n\t\t<\/section>\n\t\t\t\t\t<\/div>\n\t\t<\/div>\n\t\t\t\t\t<\/div>\n\t\t<\/section>\n\t\t\t\t<\/div>\n\t\t","protected":false},"excerpt":{"rendered":"<p>El d\u00eda 31 de octubre del corriente a\u00f1o se llev\u00f3 a cabo en la Sede de la Comisi\u00f3n Administradora del R\u00edo Uruguay la Jornada de Participaci\u00f3n P\u00fablica Abierta sobre los Estudios de Impacto Ambiental y Social del Proyecto de Dragado y Balizamiento del R\u00edo Uruguay entre los Kil\u00f3metros 207,8 y 336.En el siguiente link se [&hellip;]<\/p>\n","protected":false},"author":1,"featured_media":8797,"comment_status":"closed","ping_status":"open","sticky":false,"template":"","format":"standard","meta":{"_acf_changed":false,"_joinchat":[],"footnotes":""},"categories":[37],"tags":[],"class_list":["post-8794","post","type-post","status-publish","format-standard","has-post-thumbnail","hentry","category-noticias"],"acf":[],"yoast_head":"<!-- This site is optimized with the Yoast SEO plugin v27.3 - https:\/\/yoast.com\/product\/yoast-seo-wordpress\/ -->\n<title>Estudios de Impacto Ambiental y Social del Proyecto de Dragado entre los Kil\u00f3metros 207,8 y 336 % C.A.R.U. imagen<\/title>\n<meta name=\"robots\" content=\"index, follow, max-snippet:-1, max-image-preview:large, max-video-preview:-1\" \/>\n<link rel=\"canonical\" href=\"https:\/\/caru.org.uy\/nuevositio\/2023\/11\/01\/estudios-de-impacto-ambiental-y-social-del-proyecto-de-dragado-y-balizamiento-del-rio-uruguay-entre-los-kilometros-2078-y-336\/\" \/>\n<meta property=\"og:locale\" content=\"es_ES\" \/>\n<meta property=\"og:type\" content=\"article\" \/>\n<meta property=\"og:title\" content=\"Estudios de Impacto Ambiental y Social del Proyecto de Dragado entre los Kil\u00f3metros 207,8 y 336 % C.A.R.U. imagen\" \/>\n<meta property=\"og:description\" content=\"El d\u00eda 31 de octubre del corriente a\u00f1o se llev\u00f3 a cabo en la Sede de la Comisi\u00f3n Administradora del R\u00edo Uruguay la Jornada de Participaci\u00f3n P\u00fablica Abierta sobre los Estudios de Impacto Ambiental y Social del Proyecto de Dragado y Balizamiento del R\u00edo Uruguay entre los Kil\u00f3metros 207,8 y 336.En el siguiente link se [&hellip;]\" \/>\n<meta property=\"og:url\" content=\"https:\/\/caru.org.uy\/nuevositio\/2023\/11\/01\/estudios-de-impacto-ambiental-y-social-del-proyecto-de-dragado-y-balizamiento-del-rio-uruguay-entre-los-kilometros-2078-y-336\/\" \/>\n<meta property=\"og:site_name\" content=\"C.A.R.U.\" \/>\n<meta property=\"article:published_time\" content=\"2023-11-01T17:11:00+00:00\" \/>\n<meta property=\"article:modified_time\" content=\"2023-11-17T05:34:46+00:00\" \/>\n<meta property=\"og:image\" content=\"https:\/\/caru.org.uy\/nuevositio\/wp-content\/uploads\/2023\/11\/Colon-3.jpeg\" \/>\n\t<meta property=\"og:image:width\" content=\"1600\" \/>\n\t<meta property=\"og:image:height\" content=\"1200\" \/>\n\t<meta property=\"og:image:type\" content=\"image\/jpeg\" \/>\n<meta name=\"author\" content=\"Noma\" \/>\n<meta name=\"twitter:card\" content=\"summary_large_image\" \/>\n<meta name=\"twitter:label1\" content=\"Escrito por\" \/>\n\t<meta name=\"twitter:data1\" content=\"Noma\" \/>\n\t<meta name=\"twitter:label2\" content=\"Tiempo de lectura\" \/>\n\t<meta name=\"twitter:data2\" content=\"1 minuto\" \/>\n<script type=\"application\/ld+json\" class=\"yoast-schema-graph\">{\"@context\":\"https:\\\/\\\/schema.org\",\"@graph\":[{\"@type\":[\"Article\",\"BlogPosting\"],\"@id\":\"https:\\\/\\\/caru.org.uy\\\/nuevositio\\\/2023\\\/11\\\/01\\\/estudios-de-impacto-ambiental-y-social-del-proyecto-de-dragado-y-balizamiento-del-rio-uruguay-entre-los-kilometros-2078-y-336\\\/#article\",\"isPartOf\":{\"@id\":\"https:\\\/\\\/caru.org.uy\\\/nuevositio\\\/2023\\\/11\\\/01\\\/estudios-de-impacto-ambiental-y-social-del-proyecto-de-dragado-y-balizamiento-del-rio-uruguay-entre-los-kilometros-2078-y-336\\\/\"},\"author\":{\"name\":\"Noma\",\"@id\":\"https:\\\/\\\/caru.org.uy\\\/nuevositio\\\/#\\\/schema\\\/person\\\/9a11b7bc115602d2066d4c695b2aa3e5\"},\"headline\":\"Estudios de Impacto Ambiental y Social del Proyecto de Dragado entre los Kil\u00f3metros 207,8 y 336\",\"datePublished\":\"2023-11-01T17:11:00+00:00\",\"dateModified\":\"2023-11-17T05:34:46+00:00\",\"mainEntityOfPage\":{\"@id\":\"https:\\\/\\\/caru.org.uy\\\/nuevositio\\\/2023\\\/11\\\/01\\\/estudios-de-impacto-ambiental-y-social-del-proyecto-de-dragado-y-balizamiento-del-rio-uruguay-entre-los-kilometros-2078-y-336\\\/\"},\"wordCount\":160,\"publisher\":{\"@id\":\"https:\\\/\\\/caru.org.uy\\\/nuevositio\\\/#organization\"},\"image\":{\"@id\":\"https:\\\/\\\/caru.org.uy\\\/nuevositio\\\/2023\\\/11\\\/01\\\/estudios-de-impacto-ambiental-y-social-del-proyecto-de-dragado-y-balizamiento-del-rio-uruguay-entre-los-kilometros-2078-y-336\\\/#primaryimage\"},\"thumbnailUrl\":\"https:\\\/\\\/caru.org.uy\\\/nuevositio\\\/wp-content\\\/uploads\\\/2023\\\/11\\\/Colon-3.jpeg\",\"articleSection\":[\"Noticias\"],\"inLanguage\":\"es\"},{\"@type\":\"WebPage\",\"@id\":\"https:\\\/\\\/caru.org.uy\\\/nuevositio\\\/2023\\\/11\\\/01\\\/estudios-de-impacto-ambiental-y-social-del-proyecto-de-dragado-y-balizamiento-del-rio-uruguay-entre-los-kilometros-2078-y-336\\\/\",\"url\":\"https:\\\/\\\/caru.org.uy\\\/nuevositio\\\/2023\\\/11\\\/01\\\/estudios-de-impacto-ambiental-y-social-del-proyecto-de-dragado-y-balizamiento-del-rio-uruguay-entre-los-kilometros-2078-y-336\\\/\",\"name\":\"Estudios de Impacto Ambiental y Social del Proyecto de Dragado entre los Kil\u00f3metros 207,8 y 336 % C.A.R.U. imagen\",\"isPartOf\":{\"@id\":\"https:\\\/\\\/caru.org.uy\\\/nuevositio\\\/#website\"},\"primaryImageOfPage\":{\"@id\":\"https:\\\/\\\/caru.org.uy\\\/nuevositio\\\/2023\\\/11\\\/01\\\/estudios-de-impacto-ambiental-y-social-del-proyecto-de-dragado-y-balizamiento-del-rio-uruguay-entre-los-kilometros-2078-y-336\\\/#primaryimage\"},\"image\":{\"@id\":\"https:\\\/\\\/caru.org.uy\\\/nuevositio\\\/2023\\\/11\\\/01\\\/estudios-de-impacto-ambiental-y-social-del-proyecto-de-dragado-y-balizamiento-del-rio-uruguay-entre-los-kilometros-2078-y-336\\\/#primaryimage\"},\"thumbnailUrl\":\"https:\\\/\\\/caru.org.uy\\\/nuevositio\\\/wp-content\\\/uploads\\\/2023\\\/11\\\/Colon-3.jpeg\",\"datePublished\":\"2023-11-01T17:11:00+00:00\",\"dateModified\":\"2023-11-17T05:34:46+00:00\",\"breadcrumb\":{\"@id\":\"https:\\\/\\\/caru.org.uy\\\/nuevositio\\\/2023\\\/11\\\/01\\\/estudios-de-impacto-ambiental-y-social-del-proyecto-de-dragado-y-balizamiento-del-rio-uruguay-entre-los-kilometros-2078-y-336\\\/#breadcrumb\"},\"inLanguage\":\"es\",\"potentialAction\":[{\"@type\":\"ReadAction\",\"target\":[\"https:\\\/\\\/caru.org.uy\\\/nuevositio\\\/2023\\\/11\\\/01\\\/estudios-de-impacto-ambiental-y-social-del-proyecto-de-dragado-y-balizamiento-del-rio-uruguay-entre-los-kilometros-2078-y-336\\\/\"]}]},{\"@type\":\"ImageObject\",\"inLanguage\":\"es\",\"@id\":\"https:\\\/\\\/caru.org.uy\\\/nuevositio\\\/2023\\\/11\\\/01\\\/estudios-de-impacto-ambiental-y-social-del-proyecto-de-dragado-y-balizamiento-del-rio-uruguay-entre-los-kilometros-2078-y-336\\\/#primaryimage\",\"url\":\"https:\\\/\\\/caru.org.uy\\\/nuevositio\\\/wp-content\\\/uploads\\\/2023\\\/11\\\/Colon-3.jpeg\",\"contentUrl\":\"https:\\\/\\\/caru.org.uy\\\/nuevositio\\\/wp-content\\\/uploads\\\/2023\\\/11\\\/Colon-3.jpeg\",\"width\":1600,\"height\":1200},{\"@type\":\"BreadcrumbList\",\"@id\":\"https:\\\/\\\/caru.org.uy\\\/nuevositio\\\/2023\\\/11\\\/01\\\/estudios-de-impacto-ambiental-y-social-del-proyecto-de-dragado-y-balizamiento-del-rio-uruguay-entre-los-kilometros-2078-y-336\\\/#breadcrumb\",\"itemListElement\":[{\"@type\":\"ListItem\",\"position\":1,\"name\":\"Portada\",\"item\":\"https:\\\/\\\/caru.org.uy\\\/nuevositio\\\/\"},{\"@type\":\"ListItem\",\"position\":2,\"name\":\"Estudios de Impacto Ambiental y Social del Proyecto de Dragado entre los Kil\u00f3metros 207,8 y 336\"}]},{\"@type\":\"WebSite\",\"@id\":\"https:\\\/\\\/caru.org.uy\\\/nuevositio\\\/#website\",\"url\":\"https:\\\/\\\/caru.org.uy\\\/nuevositio\\\/\",\"name\":\"C.A.R.U.\",\"description\":\"Comisi\u00f3n Administradora del R\u00edo Uruguay\",\"publisher\":{\"@id\":\"https:\\\/\\\/caru.org.uy\\\/nuevositio\\\/#organization\"},\"potentialAction\":[{\"@type\":\"SearchAction\",\"target\":{\"@type\":\"EntryPoint\",\"urlTemplate\":\"https:\\\/\\\/caru.org.uy\\\/nuevositio\\\/?s={search_term_string}\"},\"query-input\":{\"@type\":\"PropertyValueSpecification\",\"valueRequired\":true,\"valueName\":\"search_term_string\"}}],\"inLanguage\":\"es\"},{\"@type\":\"Organization\",\"@id\":\"https:\\\/\\\/caru.org.uy\\\/nuevositio\\\/#organization\",\"name\":\"C.A.R.U.\",\"url\":\"https:\\\/\\\/caru.org.uy\\\/nuevositio\\\/\",\"logo\":{\"@type\":\"ImageObject\",\"inLanguage\":\"es\",\"@id\":\"https:\\\/\\\/caru.org.uy\\\/nuevositio\\\/#\\\/schema\\\/logo\\\/image\\\/\",\"url\":\"https:\\\/\\\/caru.org.uy\\\/nuevositio\\\/wp-content\\\/uploads\\\/2023\\\/11\\\/logo-nuevo.jpg\",\"contentUrl\":\"https:\\\/\\\/caru.org.uy\\\/nuevositio\\\/wp-content\\\/uploads\\\/2023\\\/11\\\/logo-nuevo.jpg\",\"width\":1,\"height\":1,\"caption\":\"C.A.R.U.\"},\"image\":{\"@id\":\"https:\\\/\\\/caru.org.uy\\\/nuevositio\\\/#\\\/schema\\\/logo\\\/image\\\/\"}},{\"@type\":\"Person\",\"@id\":\"https:\\\/\\\/caru.org.uy\\\/nuevositio\\\/#\\\/schema\\\/person\\\/9a11b7bc115602d2066d4c695b2aa3e5\",\"name\":\"Noma\",\"image\":{\"@type\":\"ImageObject\",\"inLanguage\":\"es\",\"@id\":\"https:\\\/\\\/secure.gravatar.com\\\/avatar\\\/8b0eb2764fe524b07cdc015df29e7576c061e58c50641dd8ccc46d3d448307e5?s=96&d=mm&r=g\",\"url\":\"https:\\\/\\\/secure.gravatar.com\\\/avatar\\\/8b0eb2764fe524b07cdc015df29e7576c061e58c50641dd8ccc46d3d448307e5?s=96&d=mm&r=g\",\"contentUrl\":\"https:\\\/\\\/secure.gravatar.com\\\/avatar\\\/8b0eb2764fe524b07cdc015df29e7576c061e58c50641dd8ccc46d3d448307e5?s=96&d=mm&r=g\",\"caption\":\"Noma\"},\"url\":\"https:\\\/\\\/caru.org.uy\\\/nuevositio\\\/author\\\/admin\\\/\"}]}<\/script>\n<!-- \/ Yoast SEO plugin. -->","yoast_head_json":{"title":"Estudios de Impacto Ambiental y Social del Proyecto de Dragado entre los Kil\u00f3metros 207,8 y 336 % C.A.R.U. imagen","robots":{"index":"index","follow":"follow","max-snippet":"max-snippet:-1","max-image-preview":"max-image-preview:large","max-video-preview":"max-video-preview:-1"},"canonical":"https:\/\/caru.org.uy\/nuevositio\/2023\/11\/01\/estudios-de-impacto-ambiental-y-social-del-proyecto-de-dragado-y-balizamiento-del-rio-uruguay-entre-los-kilometros-2078-y-336\/","og_locale":"es_ES","og_type":"article","og_title":"Estudios de Impacto Ambiental y Social del Proyecto de Dragado entre los Kil\u00f3metros 207,8 y 336 % C.A.R.U. imagen","og_description":"El d\u00eda 31 de octubre del corriente a\u00f1o se llev\u00f3 a cabo en la Sede de la Comisi\u00f3n Administradora del R\u00edo Uruguay la Jornada de Participaci\u00f3n P\u00fablica Abierta sobre los Estudios de Impacto Ambiental y Social del Proyecto de Dragado y Balizamiento del R\u00edo Uruguay entre los Kil\u00f3metros 207,8 y 336.En el siguiente link se [&hellip;]","og_url":"https:\/\/caru.org.uy\/nuevositio\/2023\/11\/01\/estudios-de-impacto-ambiental-y-social-del-proyecto-de-dragado-y-balizamiento-del-rio-uruguay-entre-los-kilometros-2078-y-336\/","og_site_name":"C.A.R.U.","article_published_time":"2023-11-01T17:11:00+00:00","article_modified_time":"2023-11-17T05:34:46+00:00","og_image":[{"width":1600,"height":1200,"url":"https:\/\/caru.org.uy\/nuevositio\/wp-content\/uploads\/2023\/11\/Colon-3.jpeg","type":"image\/jpeg"}],"author":"Noma","twitter_card":"summary_large_image","twitter_misc":{"Escrito por":"Noma","Tiempo de lectura":"1 minuto"},"schema":{"@context":"https:\/\/schema.org","@graph":[{"@type":["Article","BlogPosting"],"@id":"https:\/\/caru.org.uy\/nuevositio\/2023\/11\/01\/estudios-de-impacto-ambiental-y-social-del-proyecto-de-dragado-y-balizamiento-del-rio-uruguay-entre-los-kilometros-2078-y-336\/#article","isPartOf":{"@id":"https:\/\/caru.org.uy\/nuevositio\/2023\/11\/01\/estudios-de-impacto-ambiental-y-social-del-proyecto-de-dragado-y-balizamiento-del-rio-uruguay-entre-los-kilometros-2078-y-336\/"},"author":{"name":"Noma","@id":"https:\/\/caru.org.uy\/nuevositio\/#\/schema\/person\/9a11b7bc115602d2066d4c695b2aa3e5"},"headline":"Estudios de Impacto Ambiental y Social del Proyecto de Dragado entre los Kil\u00f3metros 207,8 y 336","datePublished":"2023-11-01T17:11:00+00:00","dateModified":"2023-11-17T05:34:46+00:00","mainEntityOfPage":{"@id":"https:\/\/caru.org.uy\/nuevositio\/2023\/11\/01\/estudios-de-impacto-ambiental-y-social-del-proyecto-de-dragado-y-balizamiento-del-rio-uruguay-entre-los-kilometros-2078-y-336\/"},"wordCount":160,"publisher":{"@id":"https:\/\/caru.org.uy\/nuevositio\/#organization"},"image":{"@id":"https:\/\/caru.org.uy\/nuevositio\/2023\/11\/01\/estudios-de-impacto-ambiental-y-social-del-proyecto-de-dragado-y-balizamiento-del-rio-uruguay-entre-los-kilometros-2078-y-336\/#primaryimage"},"thumbnailUrl":"https:\/\/caru.org.uy\/nuevositio\/wp-content\/uploads\/2023\/11\/Colon-3.jpeg","articleSection":["Noticias"],"inLanguage":"es"},{"@type":"WebPage","@id":"https:\/\/caru.org.uy\/nuevositio\/2023\/11\/01\/estudios-de-impacto-ambiental-y-social-del-proyecto-de-dragado-y-balizamiento-del-rio-uruguay-entre-los-kilometros-2078-y-336\/","url":"https:\/\/caru.org.uy\/nuevositio\/2023\/11\/01\/estudios-de-impacto-ambiental-y-social-del-proyecto-de-dragado-y-balizamiento-del-rio-uruguay-entre-los-kilometros-2078-y-336\/","name":"Estudios de Impacto Ambiental y Social del Proyecto de Dragado entre los Kil\u00f3metros 207,8 y 336 % C.A.R.U. imagen","isPartOf":{"@id":"https:\/\/caru.org.uy\/nuevositio\/#website"},"primaryImageOfPage":{"@id":"https:\/\/caru.org.uy\/nuevositio\/2023\/11\/01\/estudios-de-impacto-ambiental-y-social-del-proyecto-de-dragado-y-balizamiento-del-rio-uruguay-entre-los-kilometros-2078-y-336\/#primaryimage"},"image":{"@id":"https:\/\/caru.org.uy\/nuevositio\/2023\/11\/01\/estudios-de-impacto-ambiental-y-social-del-proyecto-de-dragado-y-balizamiento-del-rio-uruguay-entre-los-kilometros-2078-y-336\/#primaryimage"},"thumbnailUrl":"https:\/\/caru.org.uy\/nuevositio\/wp-content\/uploads\/2023\/11\/Colon-3.jpeg","datePublished":"2023-11-01T17:11:00+00:00","dateModified":"2023-11-17T05:34:46+00:00","breadcrumb":{"@id":"https:\/\/caru.org.uy\/nuevositio\/2023\/11\/01\/estudios-de-impacto-ambiental-y-social-del-proyecto-de-dragado-y-balizamiento-del-rio-uruguay-entre-los-kilometros-2078-y-336\/#breadcrumb"},"inLanguage":"es","potentialAction":[{"@type":"ReadAction","target":["https:\/\/caru.org.uy\/nuevositio\/2023\/11\/01\/estudios-de-impacto-ambiental-y-social-del-proyecto-de-dragado-y-balizamiento-del-rio-uruguay-entre-los-kilometros-2078-y-336\/"]}]},{"@type":"ImageObject","inLanguage":"es","@id":"https:\/\/caru.org.uy\/nuevositio\/2023\/11\/01\/estudios-de-impacto-ambiental-y-social-del-proyecto-de-dragado-y-balizamiento-del-rio-uruguay-entre-los-kilometros-2078-y-336\/#primaryimage","url":"https:\/\/caru.org.uy\/nuevositio\/wp-content\/uploads\/2023\/11\/Colon-3.jpeg","contentUrl":"https:\/\/caru.org.uy\/nuevositio\/wp-content\/uploads\/2023\/11\/Colon-3.jpeg","width":1600,"height":1200},{"@type":"BreadcrumbList","@id":"https:\/\/caru.org.uy\/nuevositio\/2023\/11\/01\/estudios-de-impacto-ambiental-y-social-del-proyecto-de-dragado-y-balizamiento-del-rio-uruguay-entre-los-kilometros-2078-y-336\/#breadcrumb","itemListElement":[{"@type":"ListItem","position":1,"name":"Portada","item":"https:\/\/caru.org.uy\/nuevositio\/"},{"@type":"ListItem","position":2,"name":"Estudios de Impacto Ambiental y Social del Proyecto de Dragado entre los Kil\u00f3metros 207,8 y 336"}]},{"@type":"WebSite","@id":"https:\/\/caru.org.uy\/nuevositio\/#website","url":"https:\/\/caru.org.uy\/nuevositio\/","name":"C.A.R.U.","description":"Comisi\u00f3n Administradora del R\u00edo Uruguay","publisher":{"@id":"https:\/\/caru.org.uy\/nuevositio\/#organization"},"potentialAction":[{"@type":"SearchAction","target":{"@type":"EntryPoint","urlTemplate":"https:\/\/caru.org.uy\/nuevositio\/?s={search_term_string}"},"query-input":{"@type":"PropertyValueSpecification","valueRequired":true,"valueName":"search_term_string"}}],"inLanguage":"es"},{"@type":"Organization","@id":"https:\/\/caru.org.uy\/nuevositio\/#organization","name":"C.A.R.U.","url":"https:\/\/caru.org.uy\/nuevositio\/","logo":{"@type":"ImageObject","inLanguage":"es","@id":"https:\/\/caru.org.uy\/nuevositio\/#\/schema\/logo\/image\/","url":"https:\/\/caru.org.uy\/nuevositio\/wp-content\/uploads\/2023\/11\/logo-nuevo.jpg","contentUrl":"https:\/\/caru.org.uy\/nuevositio\/wp-content\/uploads\/2023\/11\/logo-nuevo.jpg","width":1,"height":1,"caption":"C.A.R.U."},"image":{"@id":"https:\/\/caru.org.uy\/nuevositio\/#\/schema\/logo\/image\/"}},{"@type":"Person","@id":"https:\/\/caru.org.uy\/nuevositio\/#\/schema\/person\/9a11b7bc115602d2066d4c695b2aa3e5","name":"Noma","image":{"@type":"ImageObject","inLanguage":"es","@id":"https:\/\/secure.gravatar.com\/avatar\/8b0eb2764fe524b07cdc015df29e7576c061e58c50641dd8ccc46d3d448307e5?s=96&d=mm&r=g","url":"https:\/\/secure.gravatar.com\/avatar\/8b0eb2764fe524b07cdc015df29e7576c061e58c50641dd8ccc46d3d448307e5?s=96&d=mm&r=g","contentUrl":"https:\/\/secure.gravatar.com\/avatar\/8b0eb2764fe524b07cdc015df29e7576c061e58c50641dd8ccc46d3d448307e5?s=96&d=mm&r=g","caption":"Noma"},"url":"https:\/\/caru.org.uy\/nuevositio\/author\/admin\/"}]}},"_links":{"self":[{"href":"https:\/\/caru.org.uy\/nuevositio\/wp-json\/wp\/v2\/posts\/8794","targetHints":{"allow":["GET"]}}],"collection":[{"href":"https:\/\/caru.org.uy\/nuevositio\/wp-json\/wp\/v2\/posts"}],"about":[{"href":"https:\/\/caru.org.uy\/nuevositio\/wp-json\/wp\/v2\/types\/post"}],"author":[{"embeddable":true,"href":"https:\/\/caru.org.uy\/nuevositio\/wp-json\/wp\/v2\/users\/1"}],"replies":[{"embeddable":true,"href":"https:\/\/caru.org.uy\/nuevositio\/wp-json\/wp\/v2\/comments?post=8794"}],"version-history":[{"count":5,"href":"https:\/\/caru.org.uy\/nuevositio\/wp-json\/wp\/v2\/posts\/8794\/revisions"}],"predecessor-version":[{"id":8802,"href":"https:\/\/caru.org.uy\/nuevositio\/wp-json\/wp\/v2\/posts\/8794\/revisions\/8802"}],"wp:featuredmedia":[{"embeddable":true,"href":"https:\/\/caru.org.uy\/nuevositio\/wp-json\/wp\/v2\/media\/8797"}],"wp:attachment":[{"href":"https:\/\/caru.org.uy\/nuevositio\/wp-json\/wp\/v2\/media?parent=8794"}],"wp:term":[{"taxonomy":"category","embeddable":true,"href":"https:\/\/caru.org.uy\/nuevositio\/wp-json\/wp\/v2\/categories?post=8794"},{"taxonomy":"post_tag","embeddable":true,"href":"https:\/\/caru.org.uy\/nuevositio\/wp-json\/wp\/v2\/tags?post=8794"}],"curies":[{"name":"wp","href":"https:\/\/api.w.org\/{rel}","templated":true}]}}