{"id":8808,"date":"2023-12-01T09:31:00","date_gmt":"2023-12-01T09:31:00","guid":{"rendered":"https:\/\/caru.org.uy\/nuevositio\/?p=8808"},"modified":"2023-12-12T13:40:59","modified_gmt":"2023-12-12T13:40:59","slug":"inscripcion-para-lista-de-prelacion-de-cargos-eventuales","status":"publish","type":"post","link":"https:\/\/caru.org.uy\/nuevositio\/2023\/12\/01\/inscripcion-para-lista-de-prelacion-de-cargos-eventuales\/","title":{"rendered":"Lista de postulantes a sortear para cargos eventuales"},"content":{"rendered":"\t\t<div data-elementor-type=\"wp-post\" data-elementor-id=\"8808\" class=\"elementor elementor-8808\" data-elementor-post-type=\"post\">\n\t\t\t\t\t\t<section class=\"elementor-section elementor-top-section elementor-element elementor-element-cf47467 elementor-section-boxed elementor-section-height-default elementor-section-height-default\" data-id=\"cf47467\" data-element_type=\"section\" data-e-type=\"section\" data-settings=\"{&quot;jet_parallax_layout_list&quot;:[]}\">\n\t\t\t\t\t\t<div class=\"elementor-container elementor-column-gap-default\">\n\t\t\t\t\t<div class=\"elementor-column elementor-col-100 elementor-top-column elementor-element elementor-element-91705b1\" data-id=\"91705b1\" data-element_type=\"column\" data-e-type=\"column\">\n\t\t\t<div class=\"elementor-widget-wrap elementor-element-populated\">\n\t\t\t\t\t\t<section class=\"elementor-section elementor-inner-section elementor-element elementor-element-749df31 elementor-section-height-default elementor-section-boxed elementor-section-height-default\" data-id=\"749df31\" data-element_type=\"section\" data-e-type=\"section\" data-settings=\"{&quot;jet_parallax_layout_list&quot;:[]}\">\n\t\t\t\t\t\t<div class=\"elementor-container elementor-column-gap-default\">\n\t\t\t\t\t<div class=\"elementor-column elementor-col-50 elementor-top-column elementor-element elementor-element-e7af562\" data-id=\"e7af562\" data-element_type=\"column\" data-e-type=\"column\">\n\t\t\t<div class=\"elementor-widget-wrap elementor-element-populated\">\n\t\t\t\t\t\t<div class=\"elementor-element elementor-element-2e4c3f7 elementor-widget elementor-widget-image\" data-id=\"2e4c3f7\" data-element_type=\"widget\" data-e-type=\"widget\" data-widget_type=\"image.default\">\n\t\t\t\t<div class=\"elementor-widget-container\">\n\t\t\t\t\t\t\t\t\t\t\t\t\t\t\t\t<a href=\"https:\/\/www.caru.org.uy\/web\/servicios\/formulario-para-seleccion-de-personal\/\">\n\t\t\t\t\t\t\t<img decoding=\"async\" width=\"142\" height=\"194\" src=\"https:\/\/caru.org.uy\/nuevositio\/wp-content\/uploads\/2023\/11\/logo_2017.jpg\" class=\"attachment-large size-large wp-image-8864\" alt=\"\" \/>\t\t\t\t\t\t\t\t<\/a>\n\t\t\t\t\t\t\t\t\t\t\t\t\t\t\t<\/div>\n\t\t\t\t<\/div>\n\t\t\t\t\t<\/div>\n\t\t<\/div>\n\t\t\t\t<div class=\"elementor-column elementor-col-50 elementor-top-column elementor-element elementor-element-16ede5b\" data-id=\"16ede5b\" data-element_type=\"column\" data-e-type=\"column\">\n\t\t\t<div class=\"elementor-widget-wrap elementor-element-populated\">\n\t\t\t\t\t\t<div class=\"elementor-element elementor-element-e297a5b elementor-widget elementor-widget-text-editor\" data-id=\"e297a5b\" data-element_type=\"widget\" data-e-type=\"widget\" data-widget_type=\"text-editor.default\">\n\t\t\t\t<div class=\"elementor-widget-container\">\n\t\t\t\t\t\t\t\t\t<p><\/p>\n<p>Finalizada la Inscripci\u00f3n de postulantes de nacionalidad Uruguaya para establecer Orden de Prelaci\u00f3n para los cargos (con contrato eventual) de colaborador en Servicios y Cajeros en Puente Libertador General San Mart\u00edn y Puente General Artigas. Se informa a continuaci\u00f3n el listado de todos los postulantes para cada uno de los cargos.<\/p>\n<p>El d\u00eda Martes 5 de diciembre de 2023 a las 13:00 hs., en las oficinas de Ministerio de Trabajo y Seguridad Social de Paysand\u00fa, se realizar\u00e1n ante Escribano P\u00fablico, dos sorteos mediante los cuales se seleccionar\u00e1n veinte (20) candidatos para conformar el orden de prelaci\u00f3n por cada uno de los cargos en los respectivos puentes.&nbsp;&nbsp;<\/p>\n<p><a href=\"https:\/\/caru.org.uy\/nuevositio\/wp-content\/uploads\/2023\/12\/CARU-postulantes-a-cargo-eventual-CAJERO-PGA.xlsx\" target=\"_blank\" rel=\"noopener\">Lista de Postulantes para cargo CAJEROS PUENTE GENERAL ARTIGAS<\/a><\/p>\n<p>L<a href=\"https:\/\/caru.org.uy\/nuevositio\/wp-content\/uploads\/2023\/12\/CARU-postulantes-a-cargo-eventual-CAJERO-PLGSM.xlsx\" target=\"_blank\" rel=\"noopener\">ista de Postulantes para cargo CAJEROS PUENTE L.G. SAN MARTIN<\/a><\/p>\n<p>L<a href=\"https:\/\/caru.org.uy\/nuevositio\/wp-content\/uploads\/2023\/12\/CARU-postulantes-a-cargo-eventual-SERVICIO-PGA.xlsx\" target=\"_blank\" rel=\"noopener\">ista de Postulantes para cargo SERVICIOS PUENTE GENERAL ARTIGAS<\/a>&nbsp;<\/p>\n<p><a href=\"https:\/\/caru.org.uy\/nuevositio\/wp-content\/uploads\/2023\/12\/CARU-postulantes-a-cargo-eventual-CAJERO-PLGSM.xlsx\" target=\"_blank\" rel=\"noopener\">Lista de Postulantes para cargo SERVICIOS PUENTE L.G. SAN MARTIN<\/a><\/p>\n<p><\/p>\t\t\t\t\t\t\t\t<\/div>\n\t\t\t\t<\/div>\n\t\t\t\t\t<\/div>\n\t\t<\/div>\n\t\t\t\t\t<\/div>\n\t\t<\/section>\n\t\t\t\t\t<\/div>\n\t\t<\/div>\n\t\t\t\t\t<\/div>\n\t\t<\/section>\n\t\t\t\t<\/div>\n\t\t","protected":false},"excerpt":{"rendered":"<p>Finalizada la Inscripci\u00f3n de postulantes de nacionalidad Uruguaya para establecer Orden de Prelaci\u00f3n para los cargos (con contrato eventual) de colaborador en Servicios y Cajeros en Puente Libertador General San Mart\u00edn y Puente General Artigas. Se informa a continuaci\u00f3n el listado de todos los postulantes para cada uno de los cargos. El d\u00eda Martes 5 [&hellip;]<\/p>\n","protected":false},"author":1,"featured_media":8822,"comment_status":"open","ping_status":"open","sticky":false,"template":"","format":"standard","meta":{"_acf_changed":false,"_joinchat":[],"footnotes":""},"categories":[37,27],"tags":[],"class_list":["post-8808","post","type-post","status-publish","format-standard","has-post-thumbnail","hentry","category-noticias","category-novedades"],"acf":[],"yoast_head":"<!-- This site is optimized with the Yoast SEO plugin v27.3 - https:\/\/yoast.com\/product\/yoast-seo-wordpress\/ -->\n<title>Lista de postulantes a sortear para cargos eventuales % C.A.R.U. imagen<\/title>\n<meta name=\"robots\" content=\"index, follow, max-snippet:-1, max-image-preview:large, max-video-preview:-1\" \/>\n<link rel=\"canonical\" href=\"https:\/\/caru.org.uy\/nuevositio\/2023\/12\/01\/inscripcion-para-lista-de-prelacion-de-cargos-eventuales\/\" \/>\n<meta property=\"og:locale\" content=\"es_ES\" \/>\n<meta property=\"og:type\" content=\"article\" \/>\n<meta property=\"og:title\" content=\"Lista de postulantes a sortear para cargos eventuales % C.A.R.U. imagen\" \/>\n<meta property=\"og:description\" content=\"Finalizada la Inscripci\u00f3n de postulantes de nacionalidad Uruguaya para establecer Orden de Prelaci\u00f3n para los cargos (con contrato eventual) de colaborador en Servicios y Cajeros en Puente Libertador General San Mart\u00edn y Puente General Artigas. Se informa a continuaci\u00f3n el listado de todos los postulantes para cada uno de los cargos. El d\u00eda Martes 5 [&hellip;]\" \/>\n<meta property=\"og:url\" content=\"https:\/\/caru.org.uy\/nuevositio\/2023\/12\/01\/inscripcion-para-lista-de-prelacion-de-cargos-eventuales\/\" \/>\n<meta property=\"og:site_name\" content=\"C.A.R.U.\" \/>\n<meta property=\"article:published_time\" content=\"2023-12-01T09:31:00+00:00\" \/>\n<meta property=\"article:modified_time\" content=\"2023-12-12T13:40:59+00:00\" \/>\n<meta property=\"og:image\" content=\"https:\/\/caru.org.uy\/nuevositio\/wp-content\/uploads\/2023\/11\/formu-caru-e1701453267857.jpg\" \/>\n\t<meta property=\"og:image:width\" content=\"512\" \/>\n\t<meta property=\"og:image:height\" content=\"342\" \/>\n\t<meta property=\"og:image:type\" content=\"image\/jpeg\" \/>\n<meta name=\"author\" content=\"Noma\" \/>\n<meta name=\"twitter:card\" content=\"summary_large_image\" \/>\n<meta name=\"twitter:label1\" content=\"Escrito por\" \/>\n\t<meta name=\"twitter:data1\" content=\"Noma\" \/>\n\t<meta name=\"twitter:label2\" content=\"Tiempo de lectura\" \/>\n\t<meta name=\"twitter:data2\" content=\"1 minuto\" \/>\n<script type=\"application\/ld+json\" class=\"yoast-schema-graph\">{\"@context\":\"https:\\\/\\\/schema.org\",\"@graph\":[{\"@type\":[\"Article\",\"BlogPosting\"],\"@id\":\"https:\\\/\\\/caru.org.uy\\\/nuevositio\\\/2023\\\/12\\\/01\\\/inscripcion-para-lista-de-prelacion-de-cargos-eventuales\\\/#article\",\"isPartOf\":{\"@id\":\"https:\\\/\\\/caru.org.uy\\\/nuevositio\\\/2023\\\/12\\\/01\\\/inscripcion-para-lista-de-prelacion-de-cargos-eventuales\\\/\"},\"author\":{\"name\":\"Noma\",\"@id\":\"https:\\\/\\\/caru.org.uy\\\/nuevositio\\\/#\\\/schema\\\/person\\\/9a11b7bc115602d2066d4c695b2aa3e5\"},\"headline\":\"Lista de postulantes a sortear para cargos eventuales\",\"datePublished\":\"2023-12-01T09:31:00+00:00\",\"dateModified\":\"2023-12-12T13:40:59+00:00\",\"mainEntityOfPage\":{\"@id\":\"https:\\\/\\\/caru.org.uy\\\/nuevositio\\\/2023\\\/12\\\/01\\\/inscripcion-para-lista-de-prelacion-de-cargos-eventuales\\\/\"},\"wordCount\":162,\"commentCount\":0,\"publisher\":{\"@id\":\"https:\\\/\\\/caru.org.uy\\\/nuevositio\\\/#organization\"},\"image\":{\"@id\":\"https:\\\/\\\/caru.org.uy\\\/nuevositio\\\/2023\\\/12\\\/01\\\/inscripcion-para-lista-de-prelacion-de-cargos-eventuales\\\/#primaryimage\"},\"thumbnailUrl\":\"https:\\\/\\\/caru.org.uy\\\/nuevositio\\\/wp-content\\\/uploads\\\/2023\\\/11\\\/formu-caru-e1701453267857.jpg\",\"articleSection\":[\"Noticias\",\"Novedades\"],\"inLanguage\":\"es\",\"potentialAction\":[{\"@type\":\"CommentAction\",\"name\":\"Comment\",\"target\":[\"https:\\\/\\\/caru.org.uy\\\/nuevositio\\\/2023\\\/12\\\/01\\\/inscripcion-para-lista-de-prelacion-de-cargos-eventuales\\\/#respond\"]}]},{\"@type\":\"WebPage\",\"@id\":\"https:\\\/\\\/caru.org.uy\\\/nuevositio\\\/2023\\\/12\\\/01\\\/inscripcion-para-lista-de-prelacion-de-cargos-eventuales\\\/\",\"url\":\"https:\\\/\\\/caru.org.uy\\\/nuevositio\\\/2023\\\/12\\\/01\\\/inscripcion-para-lista-de-prelacion-de-cargos-eventuales\\\/\",\"name\":\"Lista de postulantes a sortear para cargos eventuales % C.A.R.U. imagen\",\"isPartOf\":{\"@id\":\"https:\\\/\\\/caru.org.uy\\\/nuevositio\\\/#website\"},\"primaryImageOfPage\":{\"@id\":\"https:\\\/\\\/caru.org.uy\\\/nuevositio\\\/2023\\\/12\\\/01\\\/inscripcion-para-lista-de-prelacion-de-cargos-eventuales\\\/#primaryimage\"},\"image\":{\"@id\":\"https:\\\/\\\/caru.org.uy\\\/nuevositio\\\/2023\\\/12\\\/01\\\/inscripcion-para-lista-de-prelacion-de-cargos-eventuales\\\/#primaryimage\"},\"thumbnailUrl\":\"https:\\\/\\\/caru.org.uy\\\/nuevositio\\\/wp-content\\\/uploads\\\/2023\\\/11\\\/formu-caru-e1701453267857.jpg\",\"datePublished\":\"2023-12-01T09:31:00+00:00\",\"dateModified\":\"2023-12-12T13:40:59+00:00\",\"breadcrumb\":{\"@id\":\"https:\\\/\\\/caru.org.uy\\\/nuevositio\\\/2023\\\/12\\\/01\\\/inscripcion-para-lista-de-prelacion-de-cargos-eventuales\\\/#breadcrumb\"},\"inLanguage\":\"es\",\"potentialAction\":[{\"@type\":\"ReadAction\",\"target\":[\"https:\\\/\\\/caru.org.uy\\\/nuevositio\\\/2023\\\/12\\\/01\\\/inscripcion-para-lista-de-prelacion-de-cargos-eventuales\\\/\"]}]},{\"@type\":\"ImageObject\",\"inLanguage\":\"es\",\"@id\":\"https:\\\/\\\/caru.org.uy\\\/nuevositio\\\/2023\\\/12\\\/01\\\/inscripcion-para-lista-de-prelacion-de-cargos-eventuales\\\/#primaryimage\",\"url\":\"https:\\\/\\\/caru.org.uy\\\/nuevositio\\\/wp-content\\\/uploads\\\/2023\\\/11\\\/formu-caru-e1701453267857.jpg\",\"contentUrl\":\"https:\\\/\\\/caru.org.uy\\\/nuevositio\\\/wp-content\\\/uploads\\\/2023\\\/11\\\/formu-caru-e1701453267857.jpg\",\"width\":512,\"height\":342},{\"@type\":\"BreadcrumbList\",\"@id\":\"https:\\\/\\\/caru.org.uy\\\/nuevositio\\\/2023\\\/12\\\/01\\\/inscripcion-para-lista-de-prelacion-de-cargos-eventuales\\\/#breadcrumb\",\"itemListElement\":[{\"@type\":\"ListItem\",\"position\":1,\"name\":\"Portada\",\"item\":\"https:\\\/\\\/caru.org.uy\\\/nuevositio\\\/\"},{\"@type\":\"ListItem\",\"position\":2,\"name\":\"Lista de postulantes a sortear para cargos eventuales\"}]},{\"@type\":\"WebSite\",\"@id\":\"https:\\\/\\\/caru.org.uy\\\/nuevositio\\\/#website\",\"url\":\"https:\\\/\\\/caru.org.uy\\\/nuevositio\\\/\",\"name\":\"C.A.R.U.\",\"description\":\"Comisi\u00f3n Administradora del R\u00edo Uruguay\",\"publisher\":{\"@id\":\"https:\\\/\\\/caru.org.uy\\\/nuevositio\\\/#organization\"},\"potentialAction\":[{\"@type\":\"SearchAction\",\"target\":{\"@type\":\"EntryPoint\",\"urlTemplate\":\"https:\\\/\\\/caru.org.uy\\\/nuevositio\\\/?s={search_term_string}\"},\"query-input\":{\"@type\":\"PropertyValueSpecification\",\"valueRequired\":true,\"valueName\":\"search_term_string\"}}],\"inLanguage\":\"es\"},{\"@type\":\"Organization\",\"@id\":\"https:\\\/\\\/caru.org.uy\\\/nuevositio\\\/#organization\",\"name\":\"C.A.R.U.\",\"url\":\"https:\\\/\\\/caru.org.uy\\\/nuevositio\\\/\",\"logo\":{\"@type\":\"ImageObject\",\"inLanguage\":\"es\",\"@id\":\"https:\\\/\\\/caru.org.uy\\\/nuevositio\\\/#\\\/schema\\\/logo\\\/image\\\/\",\"url\":\"https:\\\/\\\/caru.org.uy\\\/nuevositio\\\/wp-content\\\/uploads\\\/2023\\\/11\\\/logo-nuevo.jpg\",\"contentUrl\":\"https:\\\/\\\/caru.org.uy\\\/nuevositio\\\/wp-content\\\/uploads\\\/2023\\\/11\\\/logo-nuevo.jpg\",\"width\":1,\"height\":1,\"caption\":\"C.A.R.U.\"},\"image\":{\"@id\":\"https:\\\/\\\/caru.org.uy\\\/nuevositio\\\/#\\\/schema\\\/logo\\\/image\\\/\"}},{\"@type\":\"Person\",\"@id\":\"https:\\\/\\\/caru.org.uy\\\/nuevositio\\\/#\\\/schema\\\/person\\\/9a11b7bc115602d2066d4c695b2aa3e5\",\"name\":\"Noma\",\"image\":{\"@type\":\"ImageObject\",\"inLanguage\":\"es\",\"@id\":\"https:\\\/\\\/secure.gravatar.com\\\/avatar\\\/8b0eb2764fe524b07cdc015df29e7576c061e58c50641dd8ccc46d3d448307e5?s=96&d=mm&r=g\",\"url\":\"https:\\\/\\\/secure.gravatar.com\\\/avatar\\\/8b0eb2764fe524b07cdc015df29e7576c061e58c50641dd8ccc46d3d448307e5?s=96&d=mm&r=g\",\"contentUrl\":\"https:\\\/\\\/secure.gravatar.com\\\/avatar\\\/8b0eb2764fe524b07cdc015df29e7576c061e58c50641dd8ccc46d3d448307e5?s=96&d=mm&r=g\",\"caption\":\"Noma\"},\"url\":\"https:\\\/\\\/caru.org.uy\\\/nuevositio\\\/author\\\/admin\\\/\"}]}<\/script>\n<!-- \/ Yoast SEO plugin. -->","yoast_head_json":{"title":"Lista de postulantes a sortear para cargos eventuales % C.A.R.U. imagen","robots":{"index":"index","follow":"follow","max-snippet":"max-snippet:-1","max-image-preview":"max-image-preview:large","max-video-preview":"max-video-preview:-1"},"canonical":"https:\/\/caru.org.uy\/nuevositio\/2023\/12\/01\/inscripcion-para-lista-de-prelacion-de-cargos-eventuales\/","og_locale":"es_ES","og_type":"article","og_title":"Lista de postulantes a sortear para cargos eventuales % C.A.R.U. imagen","og_description":"Finalizada la Inscripci\u00f3n de postulantes de nacionalidad Uruguaya para establecer Orden de Prelaci\u00f3n para los cargos (con contrato eventual) de colaborador en Servicios y Cajeros en Puente Libertador General San Mart\u00edn y Puente General Artigas. Se informa a continuaci\u00f3n el listado de todos los postulantes para cada uno de los cargos. El d\u00eda Martes 5 [&hellip;]","og_url":"https:\/\/caru.org.uy\/nuevositio\/2023\/12\/01\/inscripcion-para-lista-de-prelacion-de-cargos-eventuales\/","og_site_name":"C.A.R.U.","article_published_time":"2023-12-01T09:31:00+00:00","article_modified_time":"2023-12-12T13:40:59+00:00","og_image":[{"width":512,"height":342,"url":"https:\/\/caru.org.uy\/nuevositio\/wp-content\/uploads\/2023\/11\/formu-caru-e1701453267857.jpg","type":"image\/jpeg"}],"author":"Noma","twitter_card":"summary_large_image","twitter_misc":{"Escrito por":"Noma","Tiempo de lectura":"1 minuto"},"schema":{"@context":"https:\/\/schema.org","@graph":[{"@type":["Article","BlogPosting"],"@id":"https:\/\/caru.org.uy\/nuevositio\/2023\/12\/01\/inscripcion-para-lista-de-prelacion-de-cargos-eventuales\/#article","isPartOf":{"@id":"https:\/\/caru.org.uy\/nuevositio\/2023\/12\/01\/inscripcion-para-lista-de-prelacion-de-cargos-eventuales\/"},"author":{"name":"Noma","@id":"https:\/\/caru.org.uy\/nuevositio\/#\/schema\/person\/9a11b7bc115602d2066d4c695b2aa3e5"},"headline":"Lista de postulantes a sortear para cargos eventuales","datePublished":"2023-12-01T09:31:00+00:00","dateModified":"2023-12-12T13:40:59+00:00","mainEntityOfPage":{"@id":"https:\/\/caru.org.uy\/nuevositio\/2023\/12\/01\/inscripcion-para-lista-de-prelacion-de-cargos-eventuales\/"},"wordCount":162,"commentCount":0,"publisher":{"@id":"https:\/\/caru.org.uy\/nuevositio\/#organization"},"image":{"@id":"https:\/\/caru.org.uy\/nuevositio\/2023\/12\/01\/inscripcion-para-lista-de-prelacion-de-cargos-eventuales\/#primaryimage"},"thumbnailUrl":"https:\/\/caru.org.uy\/nuevositio\/wp-content\/uploads\/2023\/11\/formu-caru-e1701453267857.jpg","articleSection":["Noticias","Novedades"],"inLanguage":"es","potentialAction":[{"@type":"CommentAction","name":"Comment","target":["https:\/\/caru.org.uy\/nuevositio\/2023\/12\/01\/inscripcion-para-lista-de-prelacion-de-cargos-eventuales\/#respond"]}]},{"@type":"WebPage","@id":"https:\/\/caru.org.uy\/nuevositio\/2023\/12\/01\/inscripcion-para-lista-de-prelacion-de-cargos-eventuales\/","url":"https:\/\/caru.org.uy\/nuevositio\/2023\/12\/01\/inscripcion-para-lista-de-prelacion-de-cargos-eventuales\/","name":"Lista de postulantes a sortear para cargos eventuales % C.A.R.U. imagen","isPartOf":{"@id":"https:\/\/caru.org.uy\/nuevositio\/#website"},"primaryImageOfPage":{"@id":"https:\/\/caru.org.uy\/nuevositio\/2023\/12\/01\/inscripcion-para-lista-de-prelacion-de-cargos-eventuales\/#primaryimage"},"image":{"@id":"https:\/\/caru.org.uy\/nuevositio\/2023\/12\/01\/inscripcion-para-lista-de-prelacion-de-cargos-eventuales\/#primaryimage"},"thumbnailUrl":"https:\/\/caru.org.uy\/nuevositio\/wp-content\/uploads\/2023\/11\/formu-caru-e1701453267857.jpg","datePublished":"2023-12-01T09:31:00+00:00","dateModified":"2023-12-12T13:40:59+00:00","breadcrumb":{"@id":"https:\/\/caru.org.uy\/nuevositio\/2023\/12\/01\/inscripcion-para-lista-de-prelacion-de-cargos-eventuales\/#breadcrumb"},"inLanguage":"es","potentialAction":[{"@type":"ReadAction","target":["https:\/\/caru.org.uy\/nuevositio\/2023\/12\/01\/inscripcion-para-lista-de-prelacion-de-cargos-eventuales\/"]}]},{"@type":"ImageObject","inLanguage":"es","@id":"https:\/\/caru.org.uy\/nuevositio\/2023\/12\/01\/inscripcion-para-lista-de-prelacion-de-cargos-eventuales\/#primaryimage","url":"https:\/\/caru.org.uy\/nuevositio\/wp-content\/uploads\/2023\/11\/formu-caru-e1701453267857.jpg","contentUrl":"https:\/\/caru.org.uy\/nuevositio\/wp-content\/uploads\/2023\/11\/formu-caru-e1701453267857.jpg","width":512,"height":342},{"@type":"BreadcrumbList","@id":"https:\/\/caru.org.uy\/nuevositio\/2023\/12\/01\/inscripcion-para-lista-de-prelacion-de-cargos-eventuales\/#breadcrumb","itemListElement":[{"@type":"ListItem","position":1,"name":"Portada","item":"https:\/\/caru.org.uy\/nuevositio\/"},{"@type":"ListItem","position":2,"name":"Lista de postulantes a sortear para cargos eventuales"}]},{"@type":"WebSite","@id":"https:\/\/caru.org.uy\/nuevositio\/#website","url":"https:\/\/caru.org.uy\/nuevositio\/","name":"C.A.R.U.","description":"Comisi\u00f3n Administradora del R\u00edo Uruguay","publisher":{"@id":"https:\/\/caru.org.uy\/nuevositio\/#organization"},"potentialAction":[{"@type":"SearchAction","target":{"@type":"EntryPoint","urlTemplate":"https:\/\/caru.org.uy\/nuevositio\/?s={search_term_string}"},"query-input":{"@type":"PropertyValueSpecification","valueRequired":true,"valueName":"search_term_string"}}],"inLanguage":"es"},{"@type":"Organization","@id":"https:\/\/caru.org.uy\/nuevositio\/#organization","name":"C.A.R.U.","url":"https:\/\/caru.org.uy\/nuevositio\/","logo":{"@type":"ImageObject","inLanguage":"es","@id":"https:\/\/caru.org.uy\/nuevositio\/#\/schema\/logo\/image\/","url":"https:\/\/caru.org.uy\/nuevositio\/wp-content\/uploads\/2023\/11\/logo-nuevo.jpg","contentUrl":"https:\/\/caru.org.uy\/nuevositio\/wp-content\/uploads\/2023\/11\/logo-nuevo.jpg","width":1,"height":1,"caption":"C.A.R.U."},"image":{"@id":"https:\/\/caru.org.uy\/nuevositio\/#\/schema\/logo\/image\/"}},{"@type":"Person","@id":"https:\/\/caru.org.uy\/nuevositio\/#\/schema\/person\/9a11b7bc115602d2066d4c695b2aa3e5","name":"Noma","image":{"@type":"ImageObject","inLanguage":"es","@id":"https:\/\/secure.gravatar.com\/avatar\/8b0eb2764fe524b07cdc015df29e7576c061e58c50641dd8ccc46d3d448307e5?s=96&d=mm&r=g","url":"https:\/\/secure.gravatar.com\/avatar\/8b0eb2764fe524b07cdc015df29e7576c061e58c50641dd8ccc46d3d448307e5?s=96&d=mm&r=g","contentUrl":"https:\/\/secure.gravatar.com\/avatar\/8b0eb2764fe524b07cdc015df29e7576c061e58c50641dd8ccc46d3d448307e5?s=96&d=mm&r=g","caption":"Noma"},"url":"https:\/\/caru.org.uy\/nuevositio\/author\/admin\/"}]}},"_links":{"self":[{"href":"https:\/\/caru.org.uy\/nuevositio\/wp-json\/wp\/v2\/posts\/8808","targetHints":{"allow":["GET"]}}],"collection":[{"href":"https:\/\/caru.org.uy\/nuevositio\/wp-json\/wp\/v2\/posts"}],"about":[{"href":"https:\/\/caru.org.uy\/nuevositio\/wp-json\/wp\/v2\/types\/post"}],"author":[{"embeddable":true,"href":"https:\/\/caru.org.uy\/nuevositio\/wp-json\/wp\/v2\/users\/1"}],"replies":[{"embeddable":true,"href":"https:\/\/caru.org.uy\/nuevositio\/wp-json\/wp\/v2\/comments?post=8808"}],"version-history":[{"count":5,"href":"https:\/\/caru.org.uy\/nuevositio\/wp-json\/wp\/v2\/posts\/8808\/revisions"}],"predecessor-version":[{"id":8919,"href":"https:\/\/caru.org.uy\/nuevositio\/wp-json\/wp\/v2\/posts\/8808\/revisions\/8919"}],"wp:featuredmedia":[{"embeddable":true,"href":"https:\/\/caru.org.uy\/nuevositio\/wp-json\/wp\/v2\/media\/8822"}],"wp:attachment":[{"href":"https:\/\/caru.org.uy\/nuevositio\/wp-json\/wp\/v2\/media?parent=8808"}],"wp:term":[{"taxonomy":"category","embeddable":true,"href":"https:\/\/caru.org.uy\/nuevositio\/wp-json\/wp\/v2\/categories?post=8808"},{"taxonomy":"post_tag","embeddable":true,"href":"https:\/\/caru.org.uy\/nuevositio\/wp-json\/wp\/v2\/tags?post=8808"}],"curies":[{"name":"wp","href":"https:\/\/api.w.org\/{rel}","templated":true}]}}