{"id":8881,"date":"2023-12-03T03:45:59","date_gmt":"2023-12-03T03:45:59","guid":{"rendered":"https:\/\/caru.org.uy\/nuevositio\/?p=8881"},"modified":"2023-12-03T04:06:09","modified_gmt":"2023-12-03T04:06:09","slug":"reunion-de-trabajo-sobre-adaptacion-al-cambio-climatico-en-el-rio-uruguay","status":"publish","type":"post","link":"https:\/\/caru.org.uy\/nuevositio\/2023\/12\/03\/reunion-de-trabajo-sobre-adaptacion-al-cambio-climatico-en-el-rio-uruguay\/","title":{"rendered":"Reuni\u00f3n de trabajo sobre Adaptaci\u00f3n al Cambio Clim\u00e1tico en el R\u00edo Uruguay"},"content":{"rendered":"\t\t<div data-elementor-type=\"wp-post\" data-elementor-id=\"8881\" class=\"elementor elementor-8881\" data-elementor-post-type=\"post\">\n\t\t\t\t\t\t<section class=\"elementor-section elementor-top-section elementor-element elementor-element-6652cb46 elementor-section-boxed elementor-section-height-default elementor-section-height-default\" data-id=\"6652cb46\" data-element_type=\"section\" data-e-type=\"section\" data-settings=\"{&quot;jet_parallax_layout_list&quot;:[]}\">\n\t\t\t\t\t\t<div class=\"elementor-container elementor-column-gap-default\">\n\t\t\t\t\t<div class=\"elementor-column elementor-col-50 elementor-top-column elementor-element elementor-element-4f0feecc\" data-id=\"4f0feecc\" data-element_type=\"column\" data-e-type=\"column\">\n\t\t\t<div class=\"elementor-widget-wrap elementor-element-populated\">\n\t\t\t\t\t\t<div class=\"elementor-element elementor-element-3dabd54b elementor-arrows-position-inside elementor-pagination-position-outside elementor-widget elementor-widget-image-carousel\" data-id=\"3dabd54b\" data-element_type=\"widget\" data-e-type=\"widget\" data-settings=\"{&quot;slides_to_show&quot;:&quot;1&quot;,&quot;navigation&quot;:&quot;both&quot;,&quot;autoplay&quot;:&quot;yes&quot;,&quot;pause_on_hover&quot;:&quot;yes&quot;,&quot;pause_on_interaction&quot;:&quot;yes&quot;,&quot;autoplay_speed&quot;:5000,&quot;infinite&quot;:&quot;yes&quot;,&quot;effect&quot;:&quot;slide&quot;,&quot;speed&quot;:500}\" data-widget_type=\"image-carousel.default\">\n\t\t\t\t<div class=\"elementor-widget-container\">\n\t\t\t\t\t\t\t<div class=\"elementor-image-carousel-wrapper swiper\" role=\"region\" aria-roledescription=\"carousel\" aria-label=\"Carrusel de im\u00e1genes\" dir=\"ltr\">\n\t\t\t<div class=\"elementor-image-carousel swiper-wrapper\" aria-live=\"off\">\n\t\t\t\t\t\t\t\t<div class=\"swiper-slide\" role=\"group\" aria-roledescription=\"slide\" aria-label=\"1 de 2\"><figure class=\"swiper-slide-inner\"><img decoding=\"async\" class=\"swiper-slide-image\" src=\"https:\/\/caru.org.uy\/nuevositio\/wp-content\/uploads\/2023\/12\/Cambio-Climatico-1-1024x514.jpg\" alt=\"Cambio Climatico 1\" \/><\/figure><\/div><div class=\"swiper-slide\" role=\"group\" aria-roledescription=\"slide\" aria-label=\"2 de 2\"><figure class=\"swiper-slide-inner\"><img decoding=\"async\" class=\"swiper-slide-image\" src=\"https:\/\/caru.org.uy\/nuevositio\/wp-content\/uploads\/2023\/12\/Cambio-Climatico-2-1024x484.jpg\" alt=\"Cambio Climatico 2\" \/><\/figure><\/div>\t\t\t<\/div>\n\t\t\t\t\t\t\t\t\t\t\t\t<div class=\"elementor-swiper-button elementor-swiper-button-prev\" role=\"button\" tabindex=\"0\">\n\t\t\t\t\t\t<i aria-hidden=\"true\" class=\"eicon-chevron-left\"><\/i>\t\t\t\t\t<\/div>\n\t\t\t\t\t<div class=\"elementor-swiper-button elementor-swiper-button-next\" role=\"button\" tabindex=\"0\">\n\t\t\t\t\t\t<i aria-hidden=\"true\" class=\"eicon-chevron-right\"><\/i>\t\t\t\t\t<\/div>\n\t\t\t\t\n\t\t\t\t\t\t\t\t\t<div class=\"swiper-pagination\"><\/div>\n\t\t\t\t\t\t\t\t\t<\/div>\n\t\t\t\t\t\t<\/div>\n\t\t\t\t<\/div>\n\t\t\t\t\t<\/div>\n\t\t<\/div>\n\t\t\t\t<div class=\"elementor-column elementor-col-50 elementor-top-column elementor-element elementor-element-673aa7e4\" data-id=\"673aa7e4\" data-element_type=\"column\" data-e-type=\"column\">\n\t\t\t<div class=\"elementor-widget-wrap elementor-element-populated\">\n\t\t\t\t\t\t<div class=\"elementor-element elementor-element-3b80e1ab elementor-widget elementor-widget-text-editor\" data-id=\"3b80e1ab\" data-element_type=\"widget\" data-e-type=\"widget\" data-widget_type=\"text-editor.default\">\n\t\t\t\t<div class=\"elementor-widget-container\">\n\t\t\t\t\t\t\t\t\t<p><em>La CARU recibi\u00f3 al equipo t\u00e9cnico del Proyecto Adaptaci\u00f3n Cambio Clim\u00e1tico regi\u00f3n R\u00edo Uruguay. Se consensu\u00f3 una agenda binacional para el a\u00f1o 2024 y un repaso de las acciones que tanto la CARU como el proyecto ACC desarrollan en la regi\u00f3n.<\/em><\/p>\n<p>\u00a0<\/p>\n<p>En la sede de la Comisi\u00f3n Administradora del R\u00edo Uruguay (CARU) referentes de los equipos del Proyecto Regional Uruguay-Argentina de Adaptaci\u00f3n al Cambio Clim\u00e1tico en ciudades y ecosistemas costeros vulnerables del R\u00edo Uruguay clim\u00e1tico en ciudades y ecosistemas costeros vulnerables del R\u00edo Uruguay. A instancias del presidente, Jos\u00e9 Eduardo Lauritto, se realiz\u00f3 este encuentro que estuvo centrado en consensuar una agenda de trabajo binacional para el a\u00f1o 2024 y un repaso de las acciones que tanto la CARU como el proyecto ACC desarrollan en la regi\u00f3n.<\/p>\n<p>\u201cPara nosotros es muy importante poder propiciar este espacio de encuentro, de compartir conocimiento, buenas pr\u00e1cticas, de trabajar sobre preocupaciones comunes. Creemos en la sinergia de toda esta capacidad t\u00e9cnica y masa cr\u00edtica que existe en los equipos de CARU y del Proyecto de Adaptaci\u00f3n al Cambio Clim\u00e1tico. Hemos compartido muchos talleres, acciones y colaboraciones mutuas, y esta posibilidad de encontrarnos y fortalecernos en el conocimiento y la informaci\u00f3n compartida, creo que nos hace muy bien\u201d, destac\u00f3 Jos\u00e9 Lauritto al abrir el encuentro acompa\u00f1ado por el Presidente de la Delegaci\u00f3n Uruguaya Mario Ayala Barrios y la Delegada argentina Miriam Lambert.<\/p>\n<p>En la reuni\u00f3n de trabajo, los equipos t\u00e9cnicos de ACC y los referentes de cada Departamento de CARU (Ambiente, Hidrolog\u00eda, Navegaci\u00f3n) m\u00e1s el aporte de los integrantes argentinos del Comit\u00e9 Cient\u00edfico y asesores de Pesca, expusieron sus competencias y acciones que realizan en cada \u00e1mbito con el objetivo de visualizar l\u00edneas de articulaci\u00f3n para futuras actividades que est\u00e9n contenidas en una agenda clim\u00e1tica para ambos pa\u00edses. Cabe destacar, que el proyecto viene trabajando con iniciativas que impulsa la instituci\u00f3n en comunidades ribere\u00f1as.<\/p>\n<p>\u201cUna de las misiones del Proyecto binacional es acompa\u00f1ar y articular diferentes pr\u00e1cticas existentes en gobiernos e instituciones, y contribuir a mejorar la calidad de vida de las comunidades y sus ecosistemas en el r\u00edo Uruguay\u201d, se\u00f1al\u00f3 Myrna\u00a0Campoleoni, Coordinadora Regional del Proyecto ACC R\u00edo Uruguay, y agreg\u00f3: \u201cPor ello valoramos mucho el rol de CARU en todas las actividades que se promueven, pero tambi\u00e9n en esta instancia de trabajo que nos permite fortalecernos m\u00e1s en este camino\u201d.<\/p>\n<p>El &#8220;Proyecto binacional Uruguay-Argentina sobre adaptaci\u00f3n al cambio clim\u00e1tico en ciudades y ecosistemas costeros vulnerables del r\u00edo Uruguay&#8221; tiene el objetivo de mejorar la convivencia con el r\u00edo, fortalecer a las ciudades costeras del bajo Uruguay como territorios de convivencia respetuosa con el agua y proteger a sus poblaciones. Para ello, se promueve el desarrollo de la resiliencia y la reducci\u00f3n de la vulnerabilidad de las ciudades costeras y los ecosistemas a lo largo del r\u00edo Uruguay.<\/p>\n<p>\u201cNos llevamos la agenda cargada de ideas y propuestas para avanzar en el 2024. CARU realiza un trabajo muy importante en el monitoreo de la calidad de las aguas, en la preservaci\u00f3n de la fauna ict\u00edcola, en los controles de las playas de uso recreativo, en todas las variables que tienen que ver con el ecosistema del r\u00edo Uruguay, y por eso para nosotros este v\u00ednculo es fundamental\u201d, finaliz\u00f3 Campoleoni tras agradecer a las autoridades de CARU por propiciar el encuentro.<\/p>\t\t\t\t\t\t\t\t<\/div>\n\t\t\t\t<\/div>\n\t\t\t\t\t<\/div>\n\t\t<\/div>\n\t\t\t\t\t<\/div>\n\t\t<\/section>\n\t\t\t\t<\/div>\n\t\t","protected":false},"excerpt":{"rendered":"<p>La CARU recibi\u00f3 al equipo t\u00e9cnico del Proyecto Adaptaci\u00f3n Cambio Clim\u00e1tico regi\u00f3n R\u00edo Uruguay. Se consensu\u00f3 una agenda binacional para el a\u00f1o 2024 y un repaso de las acciones que tanto la CARU como el proyecto ACC desarrollan en la regi\u00f3n. En la sede de la Comisi\u00f3n Administradora del R\u00edo Uruguay (CARU) referentes de los [&hellip;]<\/p>\n","protected":false},"author":1,"featured_media":8883,"comment_status":"open","ping_status":"open","sticky":false,"template":"","format":"standard","meta":{"_acf_changed":false,"_joinchat":[],"footnotes":""},"categories":[37,27],"tags":[],"class_list":["post-8881","post","type-post","status-publish","format-standard","has-post-thumbnail","hentry","category-noticias","category-novedades"],"acf":[],"yoast_head":"<!-- This site is optimized with the Yoast SEO plugin v27.3 - https:\/\/yoast.com\/product\/yoast-seo-wordpress\/ -->\n<title>Reuni\u00f3n de trabajo sobre Adaptaci\u00f3n al Cambio Clim\u00e1tico en el R\u00edo Uruguay % C.A.R.U. imagen<\/title>\n<meta name=\"robots\" content=\"index, follow, max-snippet:-1, max-image-preview:large, max-video-preview:-1\" \/>\n<link rel=\"canonical\" href=\"https:\/\/caru.org.uy\/nuevositio\/2023\/12\/03\/reunion-de-trabajo-sobre-adaptacion-al-cambio-climatico-en-el-rio-uruguay\/\" \/>\n<meta property=\"og:locale\" content=\"es_ES\" \/>\n<meta property=\"og:type\" content=\"article\" \/>\n<meta property=\"og:title\" content=\"Reuni\u00f3n de trabajo sobre Adaptaci\u00f3n al Cambio Clim\u00e1tico en el R\u00edo Uruguay % C.A.R.U. imagen\" \/>\n<meta property=\"og:description\" content=\"La CARU recibi\u00f3 al equipo t\u00e9cnico del Proyecto Adaptaci\u00f3n Cambio Clim\u00e1tico regi\u00f3n R\u00edo Uruguay. Se consensu\u00f3 una agenda binacional para el a\u00f1o 2024 y un repaso de las acciones que tanto la CARU como el proyecto ACC desarrollan en la regi\u00f3n. En la sede de la Comisi\u00f3n Administradora del R\u00edo Uruguay (CARU) referentes de los [&hellip;]\" \/>\n<meta property=\"og:url\" content=\"https:\/\/caru.org.uy\/nuevositio\/2023\/12\/03\/reunion-de-trabajo-sobre-adaptacion-al-cambio-climatico-en-el-rio-uruguay\/\" \/>\n<meta property=\"og:site_name\" content=\"C.A.R.U.\" \/>\n<meta property=\"article:published_time\" content=\"2023-12-03T03:45:59+00:00\" \/>\n<meta property=\"article:modified_time\" content=\"2023-12-03T04:06:09+00:00\" \/>\n<meta property=\"og:image\" content=\"https:\/\/caru.org.uy\/nuevositio\/wp-content\/uploads\/2023\/12\/Cambio-Climatico-1.jpg\" \/>\n\t<meta property=\"og:image:width\" content=\"1535\" \/>\n\t<meta property=\"og:image:height\" content=\"770\" \/>\n\t<meta property=\"og:image:type\" content=\"image\/jpeg\" \/>\n<meta name=\"author\" content=\"Noma\" \/>\n<meta name=\"twitter:card\" content=\"summary_large_image\" \/>\n<meta name=\"twitter:label1\" content=\"Escrito por\" \/>\n\t<meta name=\"twitter:data1\" content=\"Noma\" \/>\n\t<meta name=\"twitter:label2\" content=\"Tiempo de lectura\" \/>\n\t<meta name=\"twitter:data2\" content=\"3 minutos\" \/>\n<script type=\"application\/ld+json\" class=\"yoast-schema-graph\">{\"@context\":\"https:\\\/\\\/schema.org\",\"@graph\":[{\"@type\":[\"Article\",\"BlogPosting\"],\"@id\":\"https:\\\/\\\/caru.org.uy\\\/nuevositio\\\/2023\\\/12\\\/03\\\/reunion-de-trabajo-sobre-adaptacion-al-cambio-climatico-en-el-rio-uruguay\\\/#article\",\"isPartOf\":{\"@id\":\"https:\\\/\\\/caru.org.uy\\\/nuevositio\\\/2023\\\/12\\\/03\\\/reunion-de-trabajo-sobre-adaptacion-al-cambio-climatico-en-el-rio-uruguay\\\/\"},\"author\":{\"name\":\"Noma\",\"@id\":\"https:\\\/\\\/caru.org.uy\\\/nuevositio\\\/#\\\/schema\\\/person\\\/9a11b7bc115602d2066d4c695b2aa3e5\"},\"headline\":\"Reuni\u00f3n de trabajo sobre Adaptaci\u00f3n al Cambio Clim\u00e1tico en el R\u00edo Uruguay\",\"datePublished\":\"2023-12-03T03:45:59+00:00\",\"dateModified\":\"2023-12-03T04:06:09+00:00\",\"mainEntityOfPage\":{\"@id\":\"https:\\\/\\\/caru.org.uy\\\/nuevositio\\\/2023\\\/12\\\/03\\\/reunion-de-trabajo-sobre-adaptacion-al-cambio-climatico-en-el-rio-uruguay\\\/\"},\"wordCount\":613,\"commentCount\":0,\"publisher\":{\"@id\":\"https:\\\/\\\/caru.org.uy\\\/nuevositio\\\/#organization\"},\"image\":{\"@id\":\"https:\\\/\\\/caru.org.uy\\\/nuevositio\\\/2023\\\/12\\\/03\\\/reunion-de-trabajo-sobre-adaptacion-al-cambio-climatico-en-el-rio-uruguay\\\/#primaryimage\"},\"thumbnailUrl\":\"https:\\\/\\\/caru.org.uy\\\/nuevositio\\\/wp-content\\\/uploads\\\/2023\\\/12\\\/Cambio-Climatico-1.jpg\",\"articleSection\":[\"Noticias\",\"Novedades\"],\"inLanguage\":\"es\",\"potentialAction\":[{\"@type\":\"CommentAction\",\"name\":\"Comment\",\"target\":[\"https:\\\/\\\/caru.org.uy\\\/nuevositio\\\/2023\\\/12\\\/03\\\/reunion-de-trabajo-sobre-adaptacion-al-cambio-climatico-en-el-rio-uruguay\\\/#respond\"]}]},{\"@type\":\"WebPage\",\"@id\":\"https:\\\/\\\/caru.org.uy\\\/nuevositio\\\/2023\\\/12\\\/03\\\/reunion-de-trabajo-sobre-adaptacion-al-cambio-climatico-en-el-rio-uruguay\\\/\",\"url\":\"https:\\\/\\\/caru.org.uy\\\/nuevositio\\\/2023\\\/12\\\/03\\\/reunion-de-trabajo-sobre-adaptacion-al-cambio-climatico-en-el-rio-uruguay\\\/\",\"name\":\"Reuni\u00f3n de trabajo sobre Adaptaci\u00f3n al Cambio Clim\u00e1tico en el R\u00edo Uruguay % C.A.R.U. imagen\",\"isPartOf\":{\"@id\":\"https:\\\/\\\/caru.org.uy\\\/nuevositio\\\/#website\"},\"primaryImageOfPage\":{\"@id\":\"https:\\\/\\\/caru.org.uy\\\/nuevositio\\\/2023\\\/12\\\/03\\\/reunion-de-trabajo-sobre-adaptacion-al-cambio-climatico-en-el-rio-uruguay\\\/#primaryimage\"},\"image\":{\"@id\":\"https:\\\/\\\/caru.org.uy\\\/nuevositio\\\/2023\\\/12\\\/03\\\/reunion-de-trabajo-sobre-adaptacion-al-cambio-climatico-en-el-rio-uruguay\\\/#primaryimage\"},\"thumbnailUrl\":\"https:\\\/\\\/caru.org.uy\\\/nuevositio\\\/wp-content\\\/uploads\\\/2023\\\/12\\\/Cambio-Climatico-1.jpg\",\"datePublished\":\"2023-12-03T03:45:59+00:00\",\"dateModified\":\"2023-12-03T04:06:09+00:00\",\"breadcrumb\":{\"@id\":\"https:\\\/\\\/caru.org.uy\\\/nuevositio\\\/2023\\\/12\\\/03\\\/reunion-de-trabajo-sobre-adaptacion-al-cambio-climatico-en-el-rio-uruguay\\\/#breadcrumb\"},\"inLanguage\":\"es\",\"potentialAction\":[{\"@type\":\"ReadAction\",\"target\":[\"https:\\\/\\\/caru.org.uy\\\/nuevositio\\\/2023\\\/12\\\/03\\\/reunion-de-trabajo-sobre-adaptacion-al-cambio-climatico-en-el-rio-uruguay\\\/\"]}]},{\"@type\":\"ImageObject\",\"inLanguage\":\"es\",\"@id\":\"https:\\\/\\\/caru.org.uy\\\/nuevositio\\\/2023\\\/12\\\/03\\\/reunion-de-trabajo-sobre-adaptacion-al-cambio-climatico-en-el-rio-uruguay\\\/#primaryimage\",\"url\":\"https:\\\/\\\/caru.org.uy\\\/nuevositio\\\/wp-content\\\/uploads\\\/2023\\\/12\\\/Cambio-Climatico-1.jpg\",\"contentUrl\":\"https:\\\/\\\/caru.org.uy\\\/nuevositio\\\/wp-content\\\/uploads\\\/2023\\\/12\\\/Cambio-Climatico-1.jpg\",\"width\":1535,\"height\":770},{\"@type\":\"BreadcrumbList\",\"@id\":\"https:\\\/\\\/caru.org.uy\\\/nuevositio\\\/2023\\\/12\\\/03\\\/reunion-de-trabajo-sobre-adaptacion-al-cambio-climatico-en-el-rio-uruguay\\\/#breadcrumb\",\"itemListElement\":[{\"@type\":\"ListItem\",\"position\":1,\"name\":\"Portada\",\"item\":\"https:\\\/\\\/caru.org.uy\\\/nuevositio\\\/\"},{\"@type\":\"ListItem\",\"position\":2,\"name\":\"Reuni\u00f3n de trabajo sobre Adaptaci\u00f3n al Cambio Clim\u00e1tico en el R\u00edo Uruguay\"}]},{\"@type\":\"WebSite\",\"@id\":\"https:\\\/\\\/caru.org.uy\\\/nuevositio\\\/#website\",\"url\":\"https:\\\/\\\/caru.org.uy\\\/nuevositio\\\/\",\"name\":\"C.A.R.U.\",\"description\":\"Comisi\u00f3n Administradora del R\u00edo Uruguay\",\"publisher\":{\"@id\":\"https:\\\/\\\/caru.org.uy\\\/nuevositio\\\/#organization\"},\"potentialAction\":[{\"@type\":\"SearchAction\",\"target\":{\"@type\":\"EntryPoint\",\"urlTemplate\":\"https:\\\/\\\/caru.org.uy\\\/nuevositio\\\/?s={search_term_string}\"},\"query-input\":{\"@type\":\"PropertyValueSpecification\",\"valueRequired\":true,\"valueName\":\"search_term_string\"}}],\"inLanguage\":\"es\"},{\"@type\":\"Organization\",\"@id\":\"https:\\\/\\\/caru.org.uy\\\/nuevositio\\\/#organization\",\"name\":\"C.A.R.U.\",\"url\":\"https:\\\/\\\/caru.org.uy\\\/nuevositio\\\/\",\"logo\":{\"@type\":\"ImageObject\",\"inLanguage\":\"es\",\"@id\":\"https:\\\/\\\/caru.org.uy\\\/nuevositio\\\/#\\\/schema\\\/logo\\\/image\\\/\",\"url\":\"https:\\\/\\\/caru.org.uy\\\/nuevositio\\\/wp-content\\\/uploads\\\/2023\\\/11\\\/logo-nuevo.jpg\",\"contentUrl\":\"https:\\\/\\\/caru.org.uy\\\/nuevositio\\\/wp-content\\\/uploads\\\/2023\\\/11\\\/logo-nuevo.jpg\",\"width\":1,\"height\":1,\"caption\":\"C.A.R.U.\"},\"image\":{\"@id\":\"https:\\\/\\\/caru.org.uy\\\/nuevositio\\\/#\\\/schema\\\/logo\\\/image\\\/\"}},{\"@type\":\"Person\",\"@id\":\"https:\\\/\\\/caru.org.uy\\\/nuevositio\\\/#\\\/schema\\\/person\\\/9a11b7bc115602d2066d4c695b2aa3e5\",\"name\":\"Noma\",\"image\":{\"@type\":\"ImageObject\",\"inLanguage\":\"es\",\"@id\":\"https:\\\/\\\/secure.gravatar.com\\\/avatar\\\/8b0eb2764fe524b07cdc015df29e7576c061e58c50641dd8ccc46d3d448307e5?s=96&d=mm&r=g\",\"url\":\"https:\\\/\\\/secure.gravatar.com\\\/avatar\\\/8b0eb2764fe524b07cdc015df29e7576c061e58c50641dd8ccc46d3d448307e5?s=96&d=mm&r=g\",\"contentUrl\":\"https:\\\/\\\/secure.gravatar.com\\\/avatar\\\/8b0eb2764fe524b07cdc015df29e7576c061e58c50641dd8ccc46d3d448307e5?s=96&d=mm&r=g\",\"caption\":\"Noma\"},\"url\":\"https:\\\/\\\/caru.org.uy\\\/nuevositio\\\/author\\\/admin\\\/\"}]}<\/script>\n<!-- \/ Yoast SEO plugin. -->","yoast_head_json":{"title":"Reuni\u00f3n de trabajo sobre Adaptaci\u00f3n al Cambio Clim\u00e1tico en el R\u00edo Uruguay % C.A.R.U. imagen","robots":{"index":"index","follow":"follow","max-snippet":"max-snippet:-1","max-image-preview":"max-image-preview:large","max-video-preview":"max-video-preview:-1"},"canonical":"https:\/\/caru.org.uy\/nuevositio\/2023\/12\/03\/reunion-de-trabajo-sobre-adaptacion-al-cambio-climatico-en-el-rio-uruguay\/","og_locale":"es_ES","og_type":"article","og_title":"Reuni\u00f3n de trabajo sobre Adaptaci\u00f3n al Cambio Clim\u00e1tico en el R\u00edo Uruguay % C.A.R.U. imagen","og_description":"La CARU recibi\u00f3 al equipo t\u00e9cnico del Proyecto Adaptaci\u00f3n Cambio Clim\u00e1tico regi\u00f3n R\u00edo Uruguay. Se consensu\u00f3 una agenda binacional para el a\u00f1o 2024 y un repaso de las acciones que tanto la CARU como el proyecto ACC desarrollan en la regi\u00f3n. En la sede de la Comisi\u00f3n Administradora del R\u00edo Uruguay (CARU) referentes de los [&hellip;]","og_url":"https:\/\/caru.org.uy\/nuevositio\/2023\/12\/03\/reunion-de-trabajo-sobre-adaptacion-al-cambio-climatico-en-el-rio-uruguay\/","og_site_name":"C.A.R.U.","article_published_time":"2023-12-03T03:45:59+00:00","article_modified_time":"2023-12-03T04:06:09+00:00","og_image":[{"width":1535,"height":770,"url":"https:\/\/caru.org.uy\/nuevositio\/wp-content\/uploads\/2023\/12\/Cambio-Climatico-1.jpg","type":"image\/jpeg"}],"author":"Noma","twitter_card":"summary_large_image","twitter_misc":{"Escrito por":"Noma","Tiempo de lectura":"3 minutos"},"schema":{"@context":"https:\/\/schema.org","@graph":[{"@type":["Article","BlogPosting"],"@id":"https:\/\/caru.org.uy\/nuevositio\/2023\/12\/03\/reunion-de-trabajo-sobre-adaptacion-al-cambio-climatico-en-el-rio-uruguay\/#article","isPartOf":{"@id":"https:\/\/caru.org.uy\/nuevositio\/2023\/12\/03\/reunion-de-trabajo-sobre-adaptacion-al-cambio-climatico-en-el-rio-uruguay\/"},"author":{"name":"Noma","@id":"https:\/\/caru.org.uy\/nuevositio\/#\/schema\/person\/9a11b7bc115602d2066d4c695b2aa3e5"},"headline":"Reuni\u00f3n de trabajo sobre Adaptaci\u00f3n al Cambio Clim\u00e1tico en el R\u00edo Uruguay","datePublished":"2023-12-03T03:45:59+00:00","dateModified":"2023-12-03T04:06:09+00:00","mainEntityOfPage":{"@id":"https:\/\/caru.org.uy\/nuevositio\/2023\/12\/03\/reunion-de-trabajo-sobre-adaptacion-al-cambio-climatico-en-el-rio-uruguay\/"},"wordCount":613,"commentCount":0,"publisher":{"@id":"https:\/\/caru.org.uy\/nuevositio\/#organization"},"image":{"@id":"https:\/\/caru.org.uy\/nuevositio\/2023\/12\/03\/reunion-de-trabajo-sobre-adaptacion-al-cambio-climatico-en-el-rio-uruguay\/#primaryimage"},"thumbnailUrl":"https:\/\/caru.org.uy\/nuevositio\/wp-content\/uploads\/2023\/12\/Cambio-Climatico-1.jpg","articleSection":["Noticias","Novedades"],"inLanguage":"es","potentialAction":[{"@type":"CommentAction","name":"Comment","target":["https:\/\/caru.org.uy\/nuevositio\/2023\/12\/03\/reunion-de-trabajo-sobre-adaptacion-al-cambio-climatico-en-el-rio-uruguay\/#respond"]}]},{"@type":"WebPage","@id":"https:\/\/caru.org.uy\/nuevositio\/2023\/12\/03\/reunion-de-trabajo-sobre-adaptacion-al-cambio-climatico-en-el-rio-uruguay\/","url":"https:\/\/caru.org.uy\/nuevositio\/2023\/12\/03\/reunion-de-trabajo-sobre-adaptacion-al-cambio-climatico-en-el-rio-uruguay\/","name":"Reuni\u00f3n de trabajo sobre Adaptaci\u00f3n al Cambio Clim\u00e1tico en el R\u00edo Uruguay % C.A.R.U. imagen","isPartOf":{"@id":"https:\/\/caru.org.uy\/nuevositio\/#website"},"primaryImageOfPage":{"@id":"https:\/\/caru.org.uy\/nuevositio\/2023\/12\/03\/reunion-de-trabajo-sobre-adaptacion-al-cambio-climatico-en-el-rio-uruguay\/#primaryimage"},"image":{"@id":"https:\/\/caru.org.uy\/nuevositio\/2023\/12\/03\/reunion-de-trabajo-sobre-adaptacion-al-cambio-climatico-en-el-rio-uruguay\/#primaryimage"},"thumbnailUrl":"https:\/\/caru.org.uy\/nuevositio\/wp-content\/uploads\/2023\/12\/Cambio-Climatico-1.jpg","datePublished":"2023-12-03T03:45:59+00:00","dateModified":"2023-12-03T04:06:09+00:00","breadcrumb":{"@id":"https:\/\/caru.org.uy\/nuevositio\/2023\/12\/03\/reunion-de-trabajo-sobre-adaptacion-al-cambio-climatico-en-el-rio-uruguay\/#breadcrumb"},"inLanguage":"es","potentialAction":[{"@type":"ReadAction","target":["https:\/\/caru.org.uy\/nuevositio\/2023\/12\/03\/reunion-de-trabajo-sobre-adaptacion-al-cambio-climatico-en-el-rio-uruguay\/"]}]},{"@type":"ImageObject","inLanguage":"es","@id":"https:\/\/caru.org.uy\/nuevositio\/2023\/12\/03\/reunion-de-trabajo-sobre-adaptacion-al-cambio-climatico-en-el-rio-uruguay\/#primaryimage","url":"https:\/\/caru.org.uy\/nuevositio\/wp-content\/uploads\/2023\/12\/Cambio-Climatico-1.jpg","contentUrl":"https:\/\/caru.org.uy\/nuevositio\/wp-content\/uploads\/2023\/12\/Cambio-Climatico-1.jpg","width":1535,"height":770},{"@type":"BreadcrumbList","@id":"https:\/\/caru.org.uy\/nuevositio\/2023\/12\/03\/reunion-de-trabajo-sobre-adaptacion-al-cambio-climatico-en-el-rio-uruguay\/#breadcrumb","itemListElement":[{"@type":"ListItem","position":1,"name":"Portada","item":"https:\/\/caru.org.uy\/nuevositio\/"},{"@type":"ListItem","position":2,"name":"Reuni\u00f3n de trabajo sobre Adaptaci\u00f3n al Cambio Clim\u00e1tico en el R\u00edo Uruguay"}]},{"@type":"WebSite","@id":"https:\/\/caru.org.uy\/nuevositio\/#website","url":"https:\/\/caru.org.uy\/nuevositio\/","name":"C.A.R.U.","description":"Comisi\u00f3n Administradora del R\u00edo Uruguay","publisher":{"@id":"https:\/\/caru.org.uy\/nuevositio\/#organization"},"potentialAction":[{"@type":"SearchAction","target":{"@type":"EntryPoint","urlTemplate":"https:\/\/caru.org.uy\/nuevositio\/?s={search_term_string}"},"query-input":{"@type":"PropertyValueSpecification","valueRequired":true,"valueName":"search_term_string"}}],"inLanguage":"es"},{"@type":"Organization","@id":"https:\/\/caru.org.uy\/nuevositio\/#organization","name":"C.A.R.U.","url":"https:\/\/caru.org.uy\/nuevositio\/","logo":{"@type":"ImageObject","inLanguage":"es","@id":"https:\/\/caru.org.uy\/nuevositio\/#\/schema\/logo\/image\/","url":"https:\/\/caru.org.uy\/nuevositio\/wp-content\/uploads\/2023\/11\/logo-nuevo.jpg","contentUrl":"https:\/\/caru.org.uy\/nuevositio\/wp-content\/uploads\/2023\/11\/logo-nuevo.jpg","width":1,"height":1,"caption":"C.A.R.U."},"image":{"@id":"https:\/\/caru.org.uy\/nuevositio\/#\/schema\/logo\/image\/"}},{"@type":"Person","@id":"https:\/\/caru.org.uy\/nuevositio\/#\/schema\/person\/9a11b7bc115602d2066d4c695b2aa3e5","name":"Noma","image":{"@type":"ImageObject","inLanguage":"es","@id":"https:\/\/secure.gravatar.com\/avatar\/8b0eb2764fe524b07cdc015df29e7576c061e58c50641dd8ccc46d3d448307e5?s=96&d=mm&r=g","url":"https:\/\/secure.gravatar.com\/avatar\/8b0eb2764fe524b07cdc015df29e7576c061e58c50641dd8ccc46d3d448307e5?s=96&d=mm&r=g","contentUrl":"https:\/\/secure.gravatar.com\/avatar\/8b0eb2764fe524b07cdc015df29e7576c061e58c50641dd8ccc46d3d448307e5?s=96&d=mm&r=g","caption":"Noma"},"url":"https:\/\/caru.org.uy\/nuevositio\/author\/admin\/"}]}},"_links":{"self":[{"href":"https:\/\/caru.org.uy\/nuevositio\/wp-json\/wp\/v2\/posts\/8881","targetHints":{"allow":["GET"]}}],"collection":[{"href":"https:\/\/caru.org.uy\/nuevositio\/wp-json\/wp\/v2\/posts"}],"about":[{"href":"https:\/\/caru.org.uy\/nuevositio\/wp-json\/wp\/v2\/types\/post"}],"author":[{"embeddable":true,"href":"https:\/\/caru.org.uy\/nuevositio\/wp-json\/wp\/v2\/users\/1"}],"replies":[{"embeddable":true,"href":"https:\/\/caru.org.uy\/nuevositio\/wp-json\/wp\/v2\/comments?post=8881"}],"version-history":[{"count":5,"href":"https:\/\/caru.org.uy\/nuevositio\/wp-json\/wp\/v2\/posts\/8881\/revisions"}],"predecessor-version":[{"id":8901,"href":"https:\/\/caru.org.uy\/nuevositio\/wp-json\/wp\/v2\/posts\/8881\/revisions\/8901"}],"wp:featuredmedia":[{"embeddable":true,"href":"https:\/\/caru.org.uy\/nuevositio\/wp-json\/wp\/v2\/media\/8883"}],"wp:attachment":[{"href":"https:\/\/caru.org.uy\/nuevositio\/wp-json\/wp\/v2\/media?parent=8881"}],"wp:term":[{"taxonomy":"category","embeddable":true,"href":"https:\/\/caru.org.uy\/nuevositio\/wp-json\/wp\/v2\/categories?post=8881"},{"taxonomy":"post_tag","embeddable":true,"href":"https:\/\/caru.org.uy\/nuevositio\/wp-json\/wp\/v2\/tags?post=8881"}],"curies":[{"name":"wp","href":"https:\/\/api.w.org\/{rel}","templated":true}]}}