{"id":8906,"date":"2023-12-01T16:30:00","date_gmt":"2023-12-01T16:30:00","guid":{"rendered":"https:\/\/caru.org.uy\/nuevositio\/?p=8906"},"modified":"2023-12-03T04:35:11","modified_gmt":"2023-12-03T04:35:11","slug":"informe-final-estudio-de-impacto-ambiental-y-social-proyecto-de-dragado-y-balizamiento-del-rio-uruguay-entre-los-km-2078-y-336","status":"publish","type":"post","link":"https:\/\/caru.org.uy\/nuevositio\/2023\/12\/01\/informe-final-estudio-de-impacto-ambiental-y-social-proyecto-de-dragado-y-balizamiento-del-rio-uruguay-entre-los-km-2078-y-336\/","title":{"rendered":"Informe Final &#8211; Estudio de Impacto Ambiental y Social Proyecto de dragado y balizamiento del r\u00edo Uruguay entre los km 207,8 y 336"},"content":{"rendered":"\t\t<div data-elementor-type=\"wp-post\" data-elementor-id=\"8906\" class=\"elementor elementor-8906\" data-elementor-post-type=\"post\">\n\t\t\t\t\t\t<section class=\"elementor-section elementor-top-section elementor-element elementor-element-125ac18d elementor-section-boxed elementor-section-height-default elementor-section-height-default\" data-id=\"125ac18d\" data-element_type=\"section\" data-e-type=\"section\" data-settings=\"{&quot;jet_parallax_layout_list&quot;:[]}\">\n\t\t\t\t\t\t<div class=\"elementor-container elementor-column-gap-default\">\n\t\t\t\t\t<div class=\"elementor-column elementor-col-50 elementor-top-column elementor-element elementor-element-49a96a2f\" data-id=\"49a96a2f\" data-element_type=\"column\" data-e-type=\"column\">\n\t\t\t<div class=\"elementor-widget-wrap elementor-element-populated\">\n\t\t\t\t\t\t<div class=\"elementor-element elementor-element-6eb97098 elementor-widget elementor-widget-image\" data-id=\"6eb97098\" data-element_type=\"widget\" data-e-type=\"widget\" data-widget_type=\"image.default\">\n\t\t\t\t<div class=\"elementor-widget-container\">\n\t\t\t\t\t\t\t\t\t\t\t\t\t\t\t<img fetchpriority=\"high\" decoding=\"async\" width=\"1024\" height=\"768\" src=\"https:\/\/caru.org.uy\/nuevositio\/wp-content\/uploads\/2023\/11\/Colon-3-1024x768.jpeg\" class=\"attachment-large size-large wp-image-8797\" alt=\"\" srcset=\"https:\/\/caru.org.uy\/nuevositio\/wp-content\/uploads\/2023\/11\/Colon-3-1024x768.jpeg 1024w, https:\/\/caru.org.uy\/nuevositio\/wp-content\/uploads\/2023\/11\/Colon-3-300x225.jpeg 300w, https:\/\/caru.org.uy\/nuevositio\/wp-content\/uploads\/2023\/11\/Colon-3-768x576.jpeg 768w, https:\/\/caru.org.uy\/nuevositio\/wp-content\/uploads\/2023\/11\/Colon-3-1536x1152.jpeg 1536w, https:\/\/caru.org.uy\/nuevositio\/wp-content\/uploads\/2023\/11\/Colon-3.jpeg 1600w\" sizes=\"(max-width: 1024px) 100vw, 1024px\" \/>\t\t\t\t\t\t\t\t\t\t\t\t\t\t\t<\/div>\n\t\t\t\t<\/div>\n\t\t\t\t\t<\/div>\n\t\t<\/div>\n\t\t\t\t<div class=\"elementor-column elementor-col-50 elementor-top-column elementor-element elementor-element-6ad7990d\" data-id=\"6ad7990d\" data-element_type=\"column\" data-e-type=\"column\">\n\t\t\t<div class=\"elementor-widget-wrap elementor-element-populated\">\n\t\t\t\t\t\t<div class=\"elementor-element elementor-element-3432a7df elementor-widget elementor-widget-text-editor\" data-id=\"3432a7df\" data-element_type=\"widget\" data-e-type=\"widget\" data-widget_type=\"text-editor.default\">\n\t\t\t\t<div class=\"elementor-widget-container\">\n\t\t\t\t\t\t\t\t\t<p><\/p><p>El pasado 31 de octubre del corriente se present\u00f3, en una jornada de participaci\u00f3n p\u00fablica abierta, una versi\u00f3n avanzada del Estudio de Impacto Ambiental y Social correspondiente al\u00a0 Proyecto de dragado y balizamiento del r\u00edo Uruguay entre los km 207,8 y 336. En dicha jornada se recibieron y contestaron consultas de las\/os participantes. Luego, el documento avanzado del EsIAS fue publicado en la web de la CARU al d\u00eda siguiente de la Jornada Publica y, por un plazo de siete d\u00edas, se recibieron observaciones y consultas por correo electr\u00f3nico. Todas las observaciones y consultas recibidas fueron consideradas. Aquellas pertinentes se encuentran atendidas y comprendidas en esta versi\u00f3n final del EsIAS, que qued\u00f3 publicado en el siguiente v\u00ednculo:<\/p><div><a href=\"https:\/\/drive.google.com\/drive\/folders\/1uVM70ByloGABJT5cvHS7XNdvnq6SfSbX?usp=sharing\" target=\"_blank\" rel=\"noopener noreferrer\" data-saferedirecturl=\"https:\/\/www.google.com\/url?q=https:\/\/drive.google.com\/drive\/folders\/1uVM70ByloGABJT5cvHS7XNdvnq6SfSbX?usp%3Dsharing&amp;source=gmail&amp;ust=1701560901300000&amp;usg=AOvVaw0n_wgXYM1Kx93kds40tAhV\">https:\/\/drive.google.com\/<wbr \/>drive\/folders\/<wbr \/>1uVM70ByloGABJT5cvHS7XNdvnq6Sf<wbr \/>SbX?usp=sharing<\/a><\/div><p><\/p>\t\t\t\t\t\t\t\t<\/div>\n\t\t\t\t<\/div>\n\t\t\t\t\t<\/div>\n\t\t<\/div>\n\t\t\t\t\t<\/div>\n\t\t<\/section>\n\t\t\t\t<\/div>\n\t\t","protected":false},"excerpt":{"rendered":"<p>El pasado 31 de octubre del corriente se present\u00f3, en una jornada de participaci\u00f3n p\u00fablica abierta, una versi\u00f3n avanzada del Estudio de Impacto Ambiental y Social correspondiente al\u00a0 Proyecto de dragado y balizamiento del r\u00edo Uruguay entre los km 207,8 y 336. En dicha jornada se recibieron y contestaron consultas de las\/os participantes. Luego, el [&hellip;]<\/p>\n","protected":false},"author":4,"featured_media":8279,"comment_status":"open","ping_status":"open","sticky":false,"template":"","format":"standard","meta":{"_acf_changed":false,"_joinchat":[],"footnotes":""},"categories":[37,27],"tags":[],"class_list":["post-8906","post","type-post","status-publish","format-standard","has-post-thumbnail","hentry","category-noticias","category-novedades"],"acf":[],"yoast_head":"<!-- This site is optimized with the Yoast SEO plugin v27.3 - https:\/\/yoast.com\/product\/yoast-seo-wordpress\/ -->\n<title>Informe Final - Estudio de Impacto Ambiental y Social Proyecto de dragado y balizamiento del r\u00edo Uruguay entre los km 207,8 y 336 % C.A.R.U. imagen<\/title>\n<meta name=\"robots\" content=\"index, follow, max-snippet:-1, max-image-preview:large, max-video-preview:-1\" \/>\n<link rel=\"canonical\" href=\"https:\/\/caru.org.uy\/nuevositio\/2023\/12\/01\/informe-final-estudio-de-impacto-ambiental-y-social-proyecto-de-dragado-y-balizamiento-del-rio-uruguay-entre-los-km-2078-y-336\/\" \/>\n<meta property=\"og:locale\" content=\"es_ES\" \/>\n<meta property=\"og:type\" content=\"article\" \/>\n<meta property=\"og:title\" content=\"Informe Final - Estudio de Impacto Ambiental y Social Proyecto de dragado y balizamiento del r\u00edo Uruguay entre los km 207,8 y 336 % C.A.R.U. imagen\" \/>\n<meta property=\"og:description\" content=\"El pasado 31 de octubre del corriente se present\u00f3, en una jornada de participaci\u00f3n p\u00fablica abierta, una versi\u00f3n avanzada del Estudio de Impacto Ambiental y Social correspondiente al\u00a0 Proyecto de dragado y balizamiento del r\u00edo Uruguay entre los km 207,8 y 336. En dicha jornada se recibieron y contestaron consultas de las\/os participantes. Luego, el [&hellip;]\" \/>\n<meta property=\"og:url\" content=\"https:\/\/caru.org.uy\/nuevositio\/2023\/12\/01\/informe-final-estudio-de-impacto-ambiental-y-social-proyecto-de-dragado-y-balizamiento-del-rio-uruguay-entre-los-km-2078-y-336\/\" \/>\n<meta property=\"og:site_name\" content=\"C.A.R.U.\" \/>\n<meta property=\"article:published_time\" content=\"2023-12-01T16:30:00+00:00\" \/>\n<meta property=\"article:modified_time\" content=\"2023-12-03T04:35:11+00:00\" \/>\n<meta property=\"og:image\" content=\"https:\/\/caru.org.uy\/nuevositio\/wp-content\/uploads\/2023\/10\/Navegabilidad-taller.jpeg\" \/>\n\t<meta property=\"og:image:width\" content=\"1600\" \/>\n\t<meta property=\"og:image:height\" content=\"1200\" \/>\n\t<meta property=\"og:image:type\" content=\"image\/jpeg\" \/>\n<meta name=\"author\" content=\"caru\" \/>\n<meta name=\"twitter:card\" content=\"summary_large_image\" \/>\n<meta name=\"twitter:label1\" content=\"Escrito por\" \/>\n\t<meta name=\"twitter:data1\" content=\"caru\" \/>\n\t<meta name=\"twitter:label2\" content=\"Tiempo de lectura\" \/>\n\t<meta name=\"twitter:data2\" content=\"1 minuto\" \/>\n<script type=\"application\/ld+json\" class=\"yoast-schema-graph\">{\"@context\":\"https:\\\/\\\/schema.org\",\"@graph\":[{\"@type\":[\"Article\",\"BlogPosting\"],\"@id\":\"https:\\\/\\\/caru.org.uy\\\/nuevositio\\\/2023\\\/12\\\/01\\\/informe-final-estudio-de-impacto-ambiental-y-social-proyecto-de-dragado-y-balizamiento-del-rio-uruguay-entre-los-km-2078-y-336\\\/#article\",\"isPartOf\":{\"@id\":\"https:\\\/\\\/caru.org.uy\\\/nuevositio\\\/2023\\\/12\\\/01\\\/informe-final-estudio-de-impacto-ambiental-y-social-proyecto-de-dragado-y-balizamiento-del-rio-uruguay-entre-los-km-2078-y-336\\\/\"},\"author\":{\"name\":\"caru\",\"@id\":\"https:\\\/\\\/caru.org.uy\\\/nuevositio\\\/#\\\/schema\\\/person\\\/a11a10d2bd384715613c6b044a27d1ba\"},\"headline\":\"Informe Final &#8211; Estudio de Impacto Ambiental y Social Proyecto de dragado y balizamiento del r\u00edo Uruguay entre los km 207,8 y 336\",\"datePublished\":\"2023-12-01T16:30:00+00:00\",\"dateModified\":\"2023-12-03T04:35:11+00:00\",\"mainEntityOfPage\":{\"@id\":\"https:\\\/\\\/caru.org.uy\\\/nuevositio\\\/2023\\\/12\\\/01\\\/informe-final-estudio-de-impacto-ambiental-y-social-proyecto-de-dragado-y-balizamiento-del-rio-uruguay-entre-los-km-2078-y-336\\\/\"},\"wordCount\":159,\"commentCount\":0,\"publisher\":{\"@id\":\"https:\\\/\\\/caru.org.uy\\\/nuevositio\\\/#organization\"},\"image\":{\"@id\":\"https:\\\/\\\/caru.org.uy\\\/nuevositio\\\/2023\\\/12\\\/01\\\/informe-final-estudio-de-impacto-ambiental-y-social-proyecto-de-dragado-y-balizamiento-del-rio-uruguay-entre-los-km-2078-y-336\\\/#primaryimage\"},\"thumbnailUrl\":\"https:\\\/\\\/caru.org.uy\\\/nuevositio\\\/wp-content\\\/uploads\\\/2023\\\/10\\\/Navegabilidad-taller.jpeg\",\"articleSection\":[\"Noticias\",\"Novedades\"],\"inLanguage\":\"es\",\"potentialAction\":[{\"@type\":\"CommentAction\",\"name\":\"Comment\",\"target\":[\"https:\\\/\\\/caru.org.uy\\\/nuevositio\\\/2023\\\/12\\\/01\\\/informe-final-estudio-de-impacto-ambiental-y-social-proyecto-de-dragado-y-balizamiento-del-rio-uruguay-entre-los-km-2078-y-336\\\/#respond\"]}]},{\"@type\":\"WebPage\",\"@id\":\"https:\\\/\\\/caru.org.uy\\\/nuevositio\\\/2023\\\/12\\\/01\\\/informe-final-estudio-de-impacto-ambiental-y-social-proyecto-de-dragado-y-balizamiento-del-rio-uruguay-entre-los-km-2078-y-336\\\/\",\"url\":\"https:\\\/\\\/caru.org.uy\\\/nuevositio\\\/2023\\\/12\\\/01\\\/informe-final-estudio-de-impacto-ambiental-y-social-proyecto-de-dragado-y-balizamiento-del-rio-uruguay-entre-los-km-2078-y-336\\\/\",\"name\":\"Informe Final - Estudio de Impacto Ambiental y Social Proyecto de dragado y balizamiento del r\u00edo Uruguay entre los km 207,8 y 336 % C.A.R.U. imagen\",\"isPartOf\":{\"@id\":\"https:\\\/\\\/caru.org.uy\\\/nuevositio\\\/#website\"},\"primaryImageOfPage\":{\"@id\":\"https:\\\/\\\/caru.org.uy\\\/nuevositio\\\/2023\\\/12\\\/01\\\/informe-final-estudio-de-impacto-ambiental-y-social-proyecto-de-dragado-y-balizamiento-del-rio-uruguay-entre-los-km-2078-y-336\\\/#primaryimage\"},\"image\":{\"@id\":\"https:\\\/\\\/caru.org.uy\\\/nuevositio\\\/2023\\\/12\\\/01\\\/informe-final-estudio-de-impacto-ambiental-y-social-proyecto-de-dragado-y-balizamiento-del-rio-uruguay-entre-los-km-2078-y-336\\\/#primaryimage\"},\"thumbnailUrl\":\"https:\\\/\\\/caru.org.uy\\\/nuevositio\\\/wp-content\\\/uploads\\\/2023\\\/10\\\/Navegabilidad-taller.jpeg\",\"datePublished\":\"2023-12-01T16:30:00+00:00\",\"dateModified\":\"2023-12-03T04:35:11+00:00\",\"breadcrumb\":{\"@id\":\"https:\\\/\\\/caru.org.uy\\\/nuevositio\\\/2023\\\/12\\\/01\\\/informe-final-estudio-de-impacto-ambiental-y-social-proyecto-de-dragado-y-balizamiento-del-rio-uruguay-entre-los-km-2078-y-336\\\/#breadcrumb\"},\"inLanguage\":\"es\",\"potentialAction\":[{\"@type\":\"ReadAction\",\"target\":[\"https:\\\/\\\/caru.org.uy\\\/nuevositio\\\/2023\\\/12\\\/01\\\/informe-final-estudio-de-impacto-ambiental-y-social-proyecto-de-dragado-y-balizamiento-del-rio-uruguay-entre-los-km-2078-y-336\\\/\"]}]},{\"@type\":\"ImageObject\",\"inLanguage\":\"es\",\"@id\":\"https:\\\/\\\/caru.org.uy\\\/nuevositio\\\/2023\\\/12\\\/01\\\/informe-final-estudio-de-impacto-ambiental-y-social-proyecto-de-dragado-y-balizamiento-del-rio-uruguay-entre-los-km-2078-y-336\\\/#primaryimage\",\"url\":\"https:\\\/\\\/caru.org.uy\\\/nuevositio\\\/wp-content\\\/uploads\\\/2023\\\/10\\\/Navegabilidad-taller.jpeg\",\"contentUrl\":\"https:\\\/\\\/caru.org.uy\\\/nuevositio\\\/wp-content\\\/uploads\\\/2023\\\/10\\\/Navegabilidad-taller.jpeg\",\"width\":1600,\"height\":1200},{\"@type\":\"BreadcrumbList\",\"@id\":\"https:\\\/\\\/caru.org.uy\\\/nuevositio\\\/2023\\\/12\\\/01\\\/informe-final-estudio-de-impacto-ambiental-y-social-proyecto-de-dragado-y-balizamiento-del-rio-uruguay-entre-los-km-2078-y-336\\\/#breadcrumb\",\"itemListElement\":[{\"@type\":\"ListItem\",\"position\":1,\"name\":\"Portada\",\"item\":\"https:\\\/\\\/caru.org.uy\\\/nuevositio\\\/\"},{\"@type\":\"ListItem\",\"position\":2,\"name\":\"Informe Final &#8211; Estudio de Impacto Ambiental y Social Proyecto de dragado y balizamiento del r\u00edo Uruguay entre los km 207,8 y 336\"}]},{\"@type\":\"WebSite\",\"@id\":\"https:\\\/\\\/caru.org.uy\\\/nuevositio\\\/#website\",\"url\":\"https:\\\/\\\/caru.org.uy\\\/nuevositio\\\/\",\"name\":\"C.A.R.U.\",\"description\":\"Comisi\u00f3n Administradora del R\u00edo Uruguay\",\"publisher\":{\"@id\":\"https:\\\/\\\/caru.org.uy\\\/nuevositio\\\/#organization\"},\"potentialAction\":[{\"@type\":\"SearchAction\",\"target\":{\"@type\":\"EntryPoint\",\"urlTemplate\":\"https:\\\/\\\/caru.org.uy\\\/nuevositio\\\/?s={search_term_string}\"},\"query-input\":{\"@type\":\"PropertyValueSpecification\",\"valueRequired\":true,\"valueName\":\"search_term_string\"}}],\"inLanguage\":\"es\"},{\"@type\":\"Organization\",\"@id\":\"https:\\\/\\\/caru.org.uy\\\/nuevositio\\\/#organization\",\"name\":\"C.A.R.U.\",\"url\":\"https:\\\/\\\/caru.org.uy\\\/nuevositio\\\/\",\"logo\":{\"@type\":\"ImageObject\",\"inLanguage\":\"es\",\"@id\":\"https:\\\/\\\/caru.org.uy\\\/nuevositio\\\/#\\\/schema\\\/logo\\\/image\\\/\",\"url\":\"https:\\\/\\\/caru.org.uy\\\/nuevositio\\\/wp-content\\\/uploads\\\/2023\\\/11\\\/logo-nuevo.jpg\",\"contentUrl\":\"https:\\\/\\\/caru.org.uy\\\/nuevositio\\\/wp-content\\\/uploads\\\/2023\\\/11\\\/logo-nuevo.jpg\",\"width\":1,\"height\":1,\"caption\":\"C.A.R.U.\"},\"image\":{\"@id\":\"https:\\\/\\\/caru.org.uy\\\/nuevositio\\\/#\\\/schema\\\/logo\\\/image\\\/\"}},{\"@type\":\"Person\",\"@id\":\"https:\\\/\\\/caru.org.uy\\\/nuevositio\\\/#\\\/schema\\\/person\\\/a11a10d2bd384715613c6b044a27d1ba\",\"name\":\"caru\",\"image\":{\"@type\":\"ImageObject\",\"inLanguage\":\"es\",\"@id\":\"https:\\\/\\\/secure.gravatar.com\\\/avatar\\\/86ba182d7acad2432cf163079f88cc0a44b466058678a46e1ef1f53304562f8b?s=96&d=mm&r=g\",\"url\":\"https:\\\/\\\/secure.gravatar.com\\\/avatar\\\/86ba182d7acad2432cf163079f88cc0a44b466058678a46e1ef1f53304562f8b?s=96&d=mm&r=g\",\"contentUrl\":\"https:\\\/\\\/secure.gravatar.com\\\/avatar\\\/86ba182d7acad2432cf163079f88cc0a44b466058678a46e1ef1f53304562f8b?s=96&d=mm&r=g\",\"caption\":\"caru\"},\"url\":\"https:\\\/\\\/caru.org.uy\\\/nuevositio\\\/author\\\/caru\\\/\"}]}<\/script>\n<!-- \/ Yoast SEO plugin. -->","yoast_head_json":{"title":"Informe Final - Estudio de Impacto Ambiental y Social Proyecto de dragado y balizamiento del r\u00edo Uruguay entre los km 207,8 y 336 % C.A.R.U. imagen","robots":{"index":"index","follow":"follow","max-snippet":"max-snippet:-1","max-image-preview":"max-image-preview:large","max-video-preview":"max-video-preview:-1"},"canonical":"https:\/\/caru.org.uy\/nuevositio\/2023\/12\/01\/informe-final-estudio-de-impacto-ambiental-y-social-proyecto-de-dragado-y-balizamiento-del-rio-uruguay-entre-los-km-2078-y-336\/","og_locale":"es_ES","og_type":"article","og_title":"Informe Final - Estudio de Impacto Ambiental y Social Proyecto de dragado y balizamiento del r\u00edo Uruguay entre los km 207,8 y 336 % C.A.R.U. imagen","og_description":"El pasado 31 de octubre del corriente se present\u00f3, en una jornada de participaci\u00f3n p\u00fablica abierta, una versi\u00f3n avanzada del Estudio de Impacto Ambiental y Social correspondiente al\u00a0 Proyecto de dragado y balizamiento del r\u00edo Uruguay entre los km 207,8 y 336. En dicha jornada se recibieron y contestaron consultas de las\/os participantes. Luego, el [&hellip;]","og_url":"https:\/\/caru.org.uy\/nuevositio\/2023\/12\/01\/informe-final-estudio-de-impacto-ambiental-y-social-proyecto-de-dragado-y-balizamiento-del-rio-uruguay-entre-los-km-2078-y-336\/","og_site_name":"C.A.R.U.","article_published_time":"2023-12-01T16:30:00+00:00","article_modified_time":"2023-12-03T04:35:11+00:00","og_image":[{"width":1600,"height":1200,"url":"https:\/\/caru.org.uy\/nuevositio\/wp-content\/uploads\/2023\/10\/Navegabilidad-taller.jpeg","type":"image\/jpeg"}],"author":"caru","twitter_card":"summary_large_image","twitter_misc":{"Escrito por":"caru","Tiempo de lectura":"1 minuto"},"schema":{"@context":"https:\/\/schema.org","@graph":[{"@type":["Article","BlogPosting"],"@id":"https:\/\/caru.org.uy\/nuevositio\/2023\/12\/01\/informe-final-estudio-de-impacto-ambiental-y-social-proyecto-de-dragado-y-balizamiento-del-rio-uruguay-entre-los-km-2078-y-336\/#article","isPartOf":{"@id":"https:\/\/caru.org.uy\/nuevositio\/2023\/12\/01\/informe-final-estudio-de-impacto-ambiental-y-social-proyecto-de-dragado-y-balizamiento-del-rio-uruguay-entre-los-km-2078-y-336\/"},"author":{"name":"caru","@id":"https:\/\/caru.org.uy\/nuevositio\/#\/schema\/person\/a11a10d2bd384715613c6b044a27d1ba"},"headline":"Informe Final &#8211; Estudio de Impacto Ambiental y Social Proyecto de dragado y balizamiento del r\u00edo Uruguay entre los km 207,8 y 336","datePublished":"2023-12-01T16:30:00+00:00","dateModified":"2023-12-03T04:35:11+00:00","mainEntityOfPage":{"@id":"https:\/\/caru.org.uy\/nuevositio\/2023\/12\/01\/informe-final-estudio-de-impacto-ambiental-y-social-proyecto-de-dragado-y-balizamiento-del-rio-uruguay-entre-los-km-2078-y-336\/"},"wordCount":159,"commentCount":0,"publisher":{"@id":"https:\/\/caru.org.uy\/nuevositio\/#organization"},"image":{"@id":"https:\/\/caru.org.uy\/nuevositio\/2023\/12\/01\/informe-final-estudio-de-impacto-ambiental-y-social-proyecto-de-dragado-y-balizamiento-del-rio-uruguay-entre-los-km-2078-y-336\/#primaryimage"},"thumbnailUrl":"https:\/\/caru.org.uy\/nuevositio\/wp-content\/uploads\/2023\/10\/Navegabilidad-taller.jpeg","articleSection":["Noticias","Novedades"],"inLanguage":"es","potentialAction":[{"@type":"CommentAction","name":"Comment","target":["https:\/\/caru.org.uy\/nuevositio\/2023\/12\/01\/informe-final-estudio-de-impacto-ambiental-y-social-proyecto-de-dragado-y-balizamiento-del-rio-uruguay-entre-los-km-2078-y-336\/#respond"]}]},{"@type":"WebPage","@id":"https:\/\/caru.org.uy\/nuevositio\/2023\/12\/01\/informe-final-estudio-de-impacto-ambiental-y-social-proyecto-de-dragado-y-balizamiento-del-rio-uruguay-entre-los-km-2078-y-336\/","url":"https:\/\/caru.org.uy\/nuevositio\/2023\/12\/01\/informe-final-estudio-de-impacto-ambiental-y-social-proyecto-de-dragado-y-balizamiento-del-rio-uruguay-entre-los-km-2078-y-336\/","name":"Informe Final - Estudio de Impacto Ambiental y Social Proyecto de dragado y balizamiento del r\u00edo Uruguay entre los km 207,8 y 336 % C.A.R.U. imagen","isPartOf":{"@id":"https:\/\/caru.org.uy\/nuevositio\/#website"},"primaryImageOfPage":{"@id":"https:\/\/caru.org.uy\/nuevositio\/2023\/12\/01\/informe-final-estudio-de-impacto-ambiental-y-social-proyecto-de-dragado-y-balizamiento-del-rio-uruguay-entre-los-km-2078-y-336\/#primaryimage"},"image":{"@id":"https:\/\/caru.org.uy\/nuevositio\/2023\/12\/01\/informe-final-estudio-de-impacto-ambiental-y-social-proyecto-de-dragado-y-balizamiento-del-rio-uruguay-entre-los-km-2078-y-336\/#primaryimage"},"thumbnailUrl":"https:\/\/caru.org.uy\/nuevositio\/wp-content\/uploads\/2023\/10\/Navegabilidad-taller.jpeg","datePublished":"2023-12-01T16:30:00+00:00","dateModified":"2023-12-03T04:35:11+00:00","breadcrumb":{"@id":"https:\/\/caru.org.uy\/nuevositio\/2023\/12\/01\/informe-final-estudio-de-impacto-ambiental-y-social-proyecto-de-dragado-y-balizamiento-del-rio-uruguay-entre-los-km-2078-y-336\/#breadcrumb"},"inLanguage":"es","potentialAction":[{"@type":"ReadAction","target":["https:\/\/caru.org.uy\/nuevositio\/2023\/12\/01\/informe-final-estudio-de-impacto-ambiental-y-social-proyecto-de-dragado-y-balizamiento-del-rio-uruguay-entre-los-km-2078-y-336\/"]}]},{"@type":"ImageObject","inLanguage":"es","@id":"https:\/\/caru.org.uy\/nuevositio\/2023\/12\/01\/informe-final-estudio-de-impacto-ambiental-y-social-proyecto-de-dragado-y-balizamiento-del-rio-uruguay-entre-los-km-2078-y-336\/#primaryimage","url":"https:\/\/caru.org.uy\/nuevositio\/wp-content\/uploads\/2023\/10\/Navegabilidad-taller.jpeg","contentUrl":"https:\/\/caru.org.uy\/nuevositio\/wp-content\/uploads\/2023\/10\/Navegabilidad-taller.jpeg","width":1600,"height":1200},{"@type":"BreadcrumbList","@id":"https:\/\/caru.org.uy\/nuevositio\/2023\/12\/01\/informe-final-estudio-de-impacto-ambiental-y-social-proyecto-de-dragado-y-balizamiento-del-rio-uruguay-entre-los-km-2078-y-336\/#breadcrumb","itemListElement":[{"@type":"ListItem","position":1,"name":"Portada","item":"https:\/\/caru.org.uy\/nuevositio\/"},{"@type":"ListItem","position":2,"name":"Informe Final &#8211; Estudio de Impacto Ambiental y Social Proyecto de dragado y balizamiento del r\u00edo Uruguay entre los km 207,8 y 336"}]},{"@type":"WebSite","@id":"https:\/\/caru.org.uy\/nuevositio\/#website","url":"https:\/\/caru.org.uy\/nuevositio\/","name":"C.A.R.U.","description":"Comisi\u00f3n Administradora del R\u00edo Uruguay","publisher":{"@id":"https:\/\/caru.org.uy\/nuevositio\/#organization"},"potentialAction":[{"@type":"SearchAction","target":{"@type":"EntryPoint","urlTemplate":"https:\/\/caru.org.uy\/nuevositio\/?s={search_term_string}"},"query-input":{"@type":"PropertyValueSpecification","valueRequired":true,"valueName":"search_term_string"}}],"inLanguage":"es"},{"@type":"Organization","@id":"https:\/\/caru.org.uy\/nuevositio\/#organization","name":"C.A.R.U.","url":"https:\/\/caru.org.uy\/nuevositio\/","logo":{"@type":"ImageObject","inLanguage":"es","@id":"https:\/\/caru.org.uy\/nuevositio\/#\/schema\/logo\/image\/","url":"https:\/\/caru.org.uy\/nuevositio\/wp-content\/uploads\/2023\/11\/logo-nuevo.jpg","contentUrl":"https:\/\/caru.org.uy\/nuevositio\/wp-content\/uploads\/2023\/11\/logo-nuevo.jpg","width":1,"height":1,"caption":"C.A.R.U."},"image":{"@id":"https:\/\/caru.org.uy\/nuevositio\/#\/schema\/logo\/image\/"}},{"@type":"Person","@id":"https:\/\/caru.org.uy\/nuevositio\/#\/schema\/person\/a11a10d2bd384715613c6b044a27d1ba","name":"caru","image":{"@type":"ImageObject","inLanguage":"es","@id":"https:\/\/secure.gravatar.com\/avatar\/86ba182d7acad2432cf163079f88cc0a44b466058678a46e1ef1f53304562f8b?s=96&d=mm&r=g","url":"https:\/\/secure.gravatar.com\/avatar\/86ba182d7acad2432cf163079f88cc0a44b466058678a46e1ef1f53304562f8b?s=96&d=mm&r=g","contentUrl":"https:\/\/secure.gravatar.com\/avatar\/86ba182d7acad2432cf163079f88cc0a44b466058678a46e1ef1f53304562f8b?s=96&d=mm&r=g","caption":"caru"},"url":"https:\/\/caru.org.uy\/nuevositio\/author\/caru\/"}]}},"_links":{"self":[{"href":"https:\/\/caru.org.uy\/nuevositio\/wp-json\/wp\/v2\/posts\/8906","targetHints":{"allow":["GET"]}}],"collection":[{"href":"https:\/\/caru.org.uy\/nuevositio\/wp-json\/wp\/v2\/posts"}],"about":[{"href":"https:\/\/caru.org.uy\/nuevositio\/wp-json\/wp\/v2\/types\/post"}],"author":[{"embeddable":true,"href":"https:\/\/caru.org.uy\/nuevositio\/wp-json\/wp\/v2\/users\/4"}],"replies":[{"embeddable":true,"href":"https:\/\/caru.org.uy\/nuevositio\/wp-json\/wp\/v2\/comments?post=8906"}],"version-history":[{"count":5,"href":"https:\/\/caru.org.uy\/nuevositio\/wp-json\/wp\/v2\/posts\/8906\/revisions"}],"predecessor-version":[{"id":8911,"href":"https:\/\/caru.org.uy\/nuevositio\/wp-json\/wp\/v2\/posts\/8906\/revisions\/8911"}],"wp:featuredmedia":[{"embeddable":true,"href":"https:\/\/caru.org.uy\/nuevositio\/wp-json\/wp\/v2\/media\/8279"}],"wp:attachment":[{"href":"https:\/\/caru.org.uy\/nuevositio\/wp-json\/wp\/v2\/media?parent=8906"}],"wp:term":[{"taxonomy":"category","embeddable":true,"href":"https:\/\/caru.org.uy\/nuevositio\/wp-json\/wp\/v2\/categories?post=8906"},{"taxonomy":"post_tag","embeddable":true,"href":"https:\/\/caru.org.uy\/nuevositio\/wp-json\/wp\/v2\/tags?post=8906"}],"curies":[{"name":"wp","href":"https:\/\/api.w.org\/{rel}","templated":true}]}}