{"id":8912,"date":"2023-12-06T01:05:26","date_gmt":"2023-12-06T01:05:26","guid":{"rendered":"https:\/\/caru.org.uy\/nuevositio\/?p=8912"},"modified":"2023-12-29T14:26:52","modified_gmt":"2023-12-29T14:26:52","slug":"se-realizo-el-sorteo-para-lista-de-prelacion-en-cargos-eventuales-de-servicios-y-cajeros","status":"publish","type":"post","link":"https:\/\/caru.org.uy\/nuevositio\/2023\/12\/06\/se-realizo-el-sorteo-para-lista-de-prelacion-en-cargos-eventuales-de-servicios-y-cajeros\/","title":{"rendered":"Se realiz\u00f3 el sorteo para lista de prelaci\u00f3n en cargos eventuales de Servicios y Cajeros"},"content":{"rendered":"\t\t<div data-elementor-type=\"wp-post\" data-elementor-id=\"8912\" class=\"elementor elementor-8912\" data-elementor-post-type=\"post\">\n\t\t\t\t\t\t<section class=\"elementor-section elementor-top-section elementor-element elementor-element-85c85c6 elementor-section-boxed elementor-section-height-default elementor-section-height-default\" data-id=\"85c85c6\" data-element_type=\"section\" data-e-type=\"section\" data-settings=\"{&quot;jet_parallax_layout_list&quot;:[]}\">\n\t\t\t\t\t\t<div class=\"elementor-container elementor-column-gap-default\">\n\t\t\t\t\t<div class=\"elementor-column elementor-col-50 elementor-top-column elementor-element elementor-element-7898dcd\" data-id=\"7898dcd\" data-element_type=\"column\" data-e-type=\"column\">\n\t\t\t<div class=\"elementor-widget-wrap elementor-element-populated\">\n\t\t\t\t\t\t<div class=\"elementor-element elementor-element-71b98188 elementor-widget elementor-widget-image\" data-id=\"71b98188\" data-element_type=\"widget\" data-e-type=\"widget\" data-widget_type=\"image.default\">\n\t\t\t\t<div class=\"elementor-widget-container\">\n\t\t\t\t\t\t\t\t\t\t\t\t\t\t\t<img fetchpriority=\"high\" decoding=\"async\" width=\"512\" height=\"342\" src=\"https:\/\/caru.org.uy\/nuevositio\/wp-content\/uploads\/2023\/11\/formu-caru-e1701453267857.jpg\" class=\"attachment-large size-large wp-image-8822\" alt=\"\" srcset=\"https:\/\/caru.org.uy\/nuevositio\/wp-content\/uploads\/2023\/11\/formu-caru-e1701453267857.jpg 512w, https:\/\/caru.org.uy\/nuevositio\/wp-content\/uploads\/2023\/11\/formu-caru-e1701453267857-300x200.jpg 300w\" sizes=\"(max-width: 512px) 100vw, 512px\" \/>\t\t\t\t\t\t\t\t\t\t\t\t\t\t\t<\/div>\n\t\t\t\t<\/div>\n\t\t\t\t\t<\/div>\n\t\t<\/div>\n\t\t\t\t<div class=\"elementor-column elementor-col-50 elementor-top-column elementor-element elementor-element-1a9f0324\" data-id=\"1a9f0324\" data-element_type=\"column\" data-e-type=\"column\">\n\t\t\t<div class=\"elementor-widget-wrap elementor-element-populated\">\n\t\t\t\t\t\t<div class=\"elementor-element elementor-element-56b44090 elementor-widget elementor-widget-text-editor\" data-id=\"56b44090\" data-element_type=\"widget\" data-e-type=\"widget\" data-widget_type=\"text-editor.default\">\n\t\t\t\t<div class=\"elementor-widget-container\">\n\t\t\t\t\t\t\t\t\t<p><\/p>\n<p style=\"font-weight: 400;\">Se llev\u00f3 a cabo este martes tal cual se hab\u00eda anunciado,\u00a0en la Oficina Departamental de Trabajo de Paysand\u00fa, dependiente del Ministerio de Trabajo y Seguridad Social ROU,\u00a0el sorteo p\u00fablico para la conformaci\u00f3n\u00a0<strong>de la lista de prelaci\u00f3n para cargos eventuales\u00a0<\/strong>en la Comisi\u00f3n Administradora del R\u00edo Uruguay, previsto para personas de nacionalidad uruguaya para desempe\u00f1arse como Colaborador de Servicios (limpieza y mantenimiento) en el Puente Libertador General San Mart\u00edn (Fray Bentos) y en el Puente General Artigas (Paysand\u00fa), y como Colaborador de Cajeros en el Puente Libertador General San Mart\u00edn (Fray Bentos) y en el Puente General Artigas (Paysand\u00fa).<\/p>\n<p style=\"font-weight: 400;\">Los 20 primeros sorteados para desempe\u00f1arse como\u00a0<strong>Colaborador de Servicios en el Puente<\/strong>\u00a0<strong>General Artigas<\/strong>\u00a0resultaron ser las siguientes personas inscriptas.<\/p>\n<p style=\"font-weight: 400;\">1- 52764599<\/p>\n<p style=\"font-weight: 400;\">2-\u00a0 54947892<\/p>\n<p style=\"font-weight: 400;\">3- 43896319<\/p>\n<p style=\"font-weight: 400;\">4 &#8211; 53069411<\/p>\n<p style=\"font-weight: 400;\">5-\u00a0 46787634<\/p>\n<p style=\"font-weight: 400;\">6 &#8211; 43434735<\/p>\n<p style=\"font-weight: 400;\">7- 52362446<\/p>\n<p>8- 49641792<\/p>\n<p style=\"font-weight: 400;\">9-\u00a0 29040803<\/p>\n<p style=\"font-weight: 400;\">10-\u00a0 52171792<\/p>\n<p style=\"font-weight: 400;\">11-\u00a0 46881262<\/p>\n<p style=\"font-weight: 400;\">12- 40904943<\/p>\n<p style=\"font-weight: 400;\">13-\u00a0 55223740<\/p>\n<p style=\"font-weight: 400;\">14-\u00a0 47681269<\/p>\n<p style=\"font-weight: 400;\">15-\u00a0 52456805<\/p>\n<p style=\"font-weight: 400;\">16-\u00a0 48702397<\/p>\n<p style=\"font-weight: 400;\">17-\u00a0 55784792<\/p>\n<p style=\"font-weight: 400;\">18-\u00a0 54190730<\/p>\n<p style=\"font-weight: 400;\">19-\u00a0 53573244<\/p>\n<p style=\"font-weight: 400;\">20-\u00a0 52212314<\/p>\n<p style=\"font-weight: 400;\">Los 20 primeros sorteados para desempe\u00f1arse como\u00a0<strong>Colaborador de Servicios en el Puente<\/strong>\u00a0<strong>Libertador General San Mart\u00edn\u00a0<\/strong>resultaron ser las siguientes personas inscriptas.<\/p>\n<p style=\"font-weight: 400;\">1-\u00a0 36418724<\/p>\n<p style=\"font-weight: 400;\">2-\u00a0 53993630<\/p>\n<p style=\"font-weight: 400;\">3 &#8211; 34762694<\/p>\n<p style=\"font-weight: 400;\">4 &#8211; 43081661<\/p>\n<p style=\"font-weight: 400;\">5-\u00a0 53591935<\/p>\n<p style=\"font-weight: 400;\">6-\u00a0 53860756<\/p>\n<p style=\"font-weight: 400;\">7 &#8211; 52614558<\/p>\n<p style=\"font-weight: 400;\">8-\u00a0 53443798<\/p>\n<p style=\"font-weight: 400;\">9-\u00a0 49804661<\/p>\n<p style=\"font-weight: 400;\">10- 39643037<\/p>\n<p style=\"font-weight: 400;\">11- 52325377<\/p>\n<p style=\"font-weight: 400;\">12- 51992424<\/p>\n<p style=\"font-weight: 400;\">13- 45097400<\/p>\n<p style=\"font-weight: 400;\">14-\u00a0 33838822<\/p>\n<p style=\"font-weight: 400;\">15- 48554261<\/p>\n<p style=\"font-weight: 400;\">16- 52545236<\/p>\n<p style=\"font-weight: 400;\">17- 53863980<\/p>\n<p style=\"font-weight: 400;\">18-\u00a0 54949511<\/p>\n<p style=\"font-weight: 400;\">19-\u00a0 52917669<\/p>\n<p style=\"font-weight: 400;\">20 -52869381<\/p>\n<p style=\"font-weight: 400;\">Los 20 primeros sorteados para desempe\u00f1arse como\u00a0<strong>Colaborador de Cajeros en el Puente<\/strong>\u00a0<strong>General Artigas<\/strong>\u00a0resultaron ser las siguientes personas inscriptas.<\/p>\n<p style=\"font-weight: 400;\">1-\u00a0 34921658<\/p>\n<p style=\"font-weight: 400;\">2-\u00a0\u00a0 50687509<\/p>\n<p style=\"font-weight: 400;\">3-\u00a0\u00a0 52617168<\/p>\n<p style=\"font-weight: 400;\">4-\u00a0\u00a0 53180350<\/p>\n<p style=\"font-weight: 400;\">5-\u00a0\u00a0 37616931<\/p>\n<p style=\"font-weight: 400;\">6-\u00a0\u00a0 49228956<\/p>\n<p style=\"font-weight: 400;\">7-\u00a0\u00a0 53218303<\/p>\n<p style=\"font-weight: 400;\">8-\u00a0\u00a0\u00a0 46053053<\/p>\n<p style=\"font-weight: 400;\">9-\u00a0\u00a0\u00a0 53183324<\/p>\n<p style=\"font-weight: 400;\">10-\u00a0 41619612<\/p>\n<p style=\"font-weight: 400;\">11-\u00a0 52931990<\/p>\n<p style=\"font-weight: 400;\">12-\u00a0 52782939<\/p>\n<p style=\"font-weight: 400;\">13-\u00a0 49264479<\/p>\n<p style=\"font-weight: 400;\">14-\u00a0 46787634<\/p>\n<p style=\"font-weight: 400;\">15-\u00a0\u00a0 49139804<\/p>\n<p style=\"font-weight: 400;\">16-\u00a0\u00a0 52841214<\/p>\n<p style=\"font-weight: 400;\">17- 49503122<\/p>\n<p style=\"font-weight: 400;\">18-\u00a0 47636270<\/p>\n<p style=\"font-weight: 400;\">19-\u00a0 49239210<\/p>\n<p style=\"font-weight: 400;\">20-\u00a0 50194663<\/p>\n<p style=\"font-weight: 400;\">Los 20 primeros sorteados para desempe\u00f1arse como\u00a0<strong>Colaborador de Cajeros en el Puente<\/strong>\u00a0<strong>Libertador General San Mart\u00edn<\/strong>\u00a0resultaron ser las siguientes personas inscriptas.<\/p>\n<p style=\"font-weight: 400;\">1 51802340<\/p>\n<p style=\"font-weight: 400;\">2 35225601<\/p>\n<p style=\"font-weight: 400;\">3\u00a0 49611470<\/p>\n<p style=\"font-weight: 400;\">4 \u00a051741910<\/p>\n<p style=\"font-weight: 400;\">5 \u00a050646779<\/p>\n<p style=\"font-weight: 400;\">6\u00a0 52364927<\/p>\n<p style=\"font-weight: 400;\">7\u00a0 45859270<\/p>\n<p style=\"font-weight: 400;\">8\u00a0 55667586<\/p>\n<p style=\"font-weight: 400;\">9\u00a0 54565723<\/p>\n<p style=\"font-weight: 400;\">10\u00a0 53021520<\/p>\n<p style=\"font-weight: 400;\">11\u00a0 51724364<\/p>\n<p style=\"font-weight: 400;\">12\u00a0 52764599<\/p>\n<p style=\"font-weight: 400;\">13\u00a0 36464024<\/p>\n<p style=\"font-weight: 400;\">14\u00a0 30822076<\/p>\n<p style=\"font-weight: 400;\">15 45646083<\/p>\n<p style=\"font-weight: 400;\">16 43470816<\/p>\n<p style=\"font-weight: 400;\">17\u00a0 54525652<\/p>\n<p style=\"font-weight: 400;\">18\u00a0 51919183<\/p>\n<p style=\"font-weight: 400;\">19\u00a0 57085073<\/p>\n<p style=\"font-weight: 400;\">20 54515477\u00a0<\/p>\n<p><\/p>\t\t\t\t\t\t\t\t<\/div>\n\t\t\t\t<\/div>\n\t\t\t\t\t<\/div>\n\t\t<\/div>\n\t\t\t\t\t<\/div>\n\t\t<\/section>\n\t\t\t\t<\/div>\n\t\t","protected":false},"excerpt":{"rendered":"<p>Se llev\u00f3 a cabo este martes tal cual se hab\u00eda anunciado,\u00a0en la Oficina Departamental de Trabajo de Paysand\u00fa, dependiente del Ministerio de Trabajo y Seguridad Social ROU,\u00a0el sorteo p\u00fablico para la conformaci\u00f3n\u00a0de la lista de prelaci\u00f3n para cargos eventuales\u00a0en la Comisi\u00f3n Administradora del R\u00edo Uruguay, previsto para personas de nacionalidad uruguaya para desempe\u00f1arse como Colaborador [&hellip;]<\/p>\n","protected":false},"author":1,"featured_media":8870,"comment_status":"open","ping_status":"open","sticky":false,"template":"","format":"standard","meta":{"_acf_changed":false,"_joinchat":[],"footnotes":""},"categories":[37,27],"tags":[],"class_list":["post-8912","post","type-post","status-publish","format-standard","has-post-thumbnail","hentry","category-noticias","category-novedades"],"acf":[],"yoast_head":"<!-- This site is optimized with the Yoast SEO plugin v27.3 - https:\/\/yoast.com\/product\/yoast-seo-wordpress\/ -->\n<title>Se realiz\u00f3 el sorteo para lista de prelaci\u00f3n en cargos eventuales de Servicios y Cajeros % C.A.R.U. imagen<\/title>\n<meta name=\"robots\" content=\"index, follow, max-snippet:-1, max-image-preview:large, max-video-preview:-1\" \/>\n<link rel=\"canonical\" href=\"https:\/\/caru.org.uy\/nuevositio\/2023\/12\/06\/se-realizo-el-sorteo-para-lista-de-prelacion-en-cargos-eventuales-de-servicios-y-cajeros\/\" \/>\n<meta property=\"og:locale\" content=\"es_ES\" \/>\n<meta property=\"og:type\" content=\"article\" \/>\n<meta property=\"og:title\" content=\"Se realiz\u00f3 el sorteo para lista de prelaci\u00f3n en cargos eventuales de Servicios y Cajeros % C.A.R.U. imagen\" \/>\n<meta property=\"og:description\" content=\"Se llev\u00f3 a cabo este martes tal cual se hab\u00eda anunciado,\u00a0en la Oficina Departamental de Trabajo de Paysand\u00fa, dependiente del Ministerio de Trabajo y Seguridad Social ROU,\u00a0el sorteo p\u00fablico para la conformaci\u00f3n\u00a0de la lista de prelaci\u00f3n para cargos eventuales\u00a0en la Comisi\u00f3n Administradora del R\u00edo Uruguay, previsto para personas de nacionalidad uruguaya para desempe\u00f1arse como Colaborador [&hellip;]\" \/>\n<meta property=\"og:url\" content=\"https:\/\/caru.org.uy\/nuevositio\/2023\/12\/06\/se-realizo-el-sorteo-para-lista-de-prelacion-en-cargos-eventuales-de-servicios-y-cajeros\/\" \/>\n<meta property=\"og:site_name\" content=\"C.A.R.U.\" \/>\n<meta property=\"article:published_time\" content=\"2023-12-06T01:05:26+00:00\" \/>\n<meta property=\"article:modified_time\" content=\"2023-12-29T14:26:52+00:00\" \/>\n<meta property=\"og:image\" content=\"https:\/\/caru.org.uy\/nuevositio\/wp-content\/uploads\/2023\/11\/logo-nuevo.jpg\" \/>\n\t<meta property=\"og:image:width\" content=\"1\" \/>\n\t<meta property=\"og:image:height\" content=\"1\" \/>\n\t<meta property=\"og:image:type\" content=\"image\/jpeg\" \/>\n<meta name=\"author\" content=\"Noma\" \/>\n<meta name=\"twitter:card\" content=\"summary_large_image\" \/>\n<meta name=\"twitter:label1\" content=\"Escrito por\" \/>\n\t<meta name=\"twitter:data1\" content=\"Noma\" \/>\n\t<meta name=\"twitter:label2\" content=\"Tiempo de lectura\" \/>\n\t<meta name=\"twitter:data2\" content=\"1 minuto\" \/>\n<script type=\"application\/ld+json\" class=\"yoast-schema-graph\">{\"@context\":\"https:\\\/\\\/schema.org\",\"@graph\":[{\"@type\":[\"Article\",\"BlogPosting\"],\"@id\":\"https:\\\/\\\/caru.org.uy\\\/nuevositio\\\/2023\\\/12\\\/06\\\/se-realizo-el-sorteo-para-lista-de-prelacion-en-cargos-eventuales-de-servicios-y-cajeros\\\/#article\",\"isPartOf\":{\"@id\":\"https:\\\/\\\/caru.org.uy\\\/nuevositio\\\/2023\\\/12\\\/06\\\/se-realizo-el-sorteo-para-lista-de-prelacion-en-cargos-eventuales-de-servicios-y-cajeros\\\/\"},\"author\":{\"name\":\"Noma\",\"@id\":\"https:\\\/\\\/caru.org.uy\\\/nuevositio\\\/#\\\/schema\\\/person\\\/9a11b7bc115602d2066d4c695b2aa3e5\"},\"headline\":\"Se realiz\u00f3 el sorteo para lista de prelaci\u00f3n en cargos eventuales de Servicios y Cajeros\",\"datePublished\":\"2023-12-06T01:05:26+00:00\",\"dateModified\":\"2023-12-29T14:26:52+00:00\",\"mainEntityOfPage\":{\"@id\":\"https:\\\/\\\/caru.org.uy\\\/nuevositio\\\/2023\\\/12\\\/06\\\/se-realizo-el-sorteo-para-lista-de-prelacion-en-cargos-eventuales-de-servicios-y-cajeros\\\/\"},\"wordCount\":276,\"commentCount\":0,\"publisher\":{\"@id\":\"https:\\\/\\\/caru.org.uy\\\/nuevositio\\\/#organization\"},\"image\":{\"@id\":\"https:\\\/\\\/caru.org.uy\\\/nuevositio\\\/2023\\\/12\\\/06\\\/se-realizo-el-sorteo-para-lista-de-prelacion-en-cargos-eventuales-de-servicios-y-cajeros\\\/#primaryimage\"},\"thumbnailUrl\":\"https:\\\/\\\/caru.org.uy\\\/nuevositio\\\/wp-content\\\/uploads\\\/2023\\\/11\\\/logo-nuevo.jpg\",\"articleSection\":[\"Noticias\",\"Novedades\"],\"inLanguage\":\"es\",\"potentialAction\":[{\"@type\":\"CommentAction\",\"name\":\"Comment\",\"target\":[\"https:\\\/\\\/caru.org.uy\\\/nuevositio\\\/2023\\\/12\\\/06\\\/se-realizo-el-sorteo-para-lista-de-prelacion-en-cargos-eventuales-de-servicios-y-cajeros\\\/#respond\"]}]},{\"@type\":\"WebPage\",\"@id\":\"https:\\\/\\\/caru.org.uy\\\/nuevositio\\\/2023\\\/12\\\/06\\\/se-realizo-el-sorteo-para-lista-de-prelacion-en-cargos-eventuales-de-servicios-y-cajeros\\\/\",\"url\":\"https:\\\/\\\/caru.org.uy\\\/nuevositio\\\/2023\\\/12\\\/06\\\/se-realizo-el-sorteo-para-lista-de-prelacion-en-cargos-eventuales-de-servicios-y-cajeros\\\/\",\"name\":\"Se realiz\u00f3 el sorteo para lista de prelaci\u00f3n en cargos eventuales de Servicios y Cajeros % C.A.R.U. imagen\",\"isPartOf\":{\"@id\":\"https:\\\/\\\/caru.org.uy\\\/nuevositio\\\/#website\"},\"primaryImageOfPage\":{\"@id\":\"https:\\\/\\\/caru.org.uy\\\/nuevositio\\\/2023\\\/12\\\/06\\\/se-realizo-el-sorteo-para-lista-de-prelacion-en-cargos-eventuales-de-servicios-y-cajeros\\\/#primaryimage\"},\"image\":{\"@id\":\"https:\\\/\\\/caru.org.uy\\\/nuevositio\\\/2023\\\/12\\\/06\\\/se-realizo-el-sorteo-para-lista-de-prelacion-en-cargos-eventuales-de-servicios-y-cajeros\\\/#primaryimage\"},\"thumbnailUrl\":\"https:\\\/\\\/caru.org.uy\\\/nuevositio\\\/wp-content\\\/uploads\\\/2023\\\/11\\\/logo-nuevo.jpg\",\"datePublished\":\"2023-12-06T01:05:26+00:00\",\"dateModified\":\"2023-12-29T14:26:52+00:00\",\"breadcrumb\":{\"@id\":\"https:\\\/\\\/caru.org.uy\\\/nuevositio\\\/2023\\\/12\\\/06\\\/se-realizo-el-sorteo-para-lista-de-prelacion-en-cargos-eventuales-de-servicios-y-cajeros\\\/#breadcrumb\"},\"inLanguage\":\"es\",\"potentialAction\":[{\"@type\":\"ReadAction\",\"target\":[\"https:\\\/\\\/caru.org.uy\\\/nuevositio\\\/2023\\\/12\\\/06\\\/se-realizo-el-sorteo-para-lista-de-prelacion-en-cargos-eventuales-de-servicios-y-cajeros\\\/\"]}]},{\"@type\":\"ImageObject\",\"inLanguage\":\"es\",\"@id\":\"https:\\\/\\\/caru.org.uy\\\/nuevositio\\\/2023\\\/12\\\/06\\\/se-realizo-el-sorteo-para-lista-de-prelacion-en-cargos-eventuales-de-servicios-y-cajeros\\\/#primaryimage\",\"url\":\"https:\\\/\\\/caru.org.uy\\\/nuevositio\\\/wp-content\\\/uploads\\\/2023\\\/11\\\/logo-nuevo.jpg\",\"contentUrl\":\"https:\\\/\\\/caru.org.uy\\\/nuevositio\\\/wp-content\\\/uploads\\\/2023\\\/11\\\/logo-nuevo.jpg\"},{\"@type\":\"BreadcrumbList\",\"@id\":\"https:\\\/\\\/caru.org.uy\\\/nuevositio\\\/2023\\\/12\\\/06\\\/se-realizo-el-sorteo-para-lista-de-prelacion-en-cargos-eventuales-de-servicios-y-cajeros\\\/#breadcrumb\",\"itemListElement\":[{\"@type\":\"ListItem\",\"position\":1,\"name\":\"Portada\",\"item\":\"https:\\\/\\\/caru.org.uy\\\/nuevositio\\\/\"},{\"@type\":\"ListItem\",\"position\":2,\"name\":\"Se realiz\u00f3 el sorteo para lista de prelaci\u00f3n en cargos eventuales de Servicios y Cajeros\"}]},{\"@type\":\"WebSite\",\"@id\":\"https:\\\/\\\/caru.org.uy\\\/nuevositio\\\/#website\",\"url\":\"https:\\\/\\\/caru.org.uy\\\/nuevositio\\\/\",\"name\":\"C.A.R.U.\",\"description\":\"Comisi\u00f3n Administradora del R\u00edo Uruguay\",\"publisher\":{\"@id\":\"https:\\\/\\\/caru.org.uy\\\/nuevositio\\\/#organization\"},\"potentialAction\":[{\"@type\":\"SearchAction\",\"target\":{\"@type\":\"EntryPoint\",\"urlTemplate\":\"https:\\\/\\\/caru.org.uy\\\/nuevositio\\\/?s={search_term_string}\"},\"query-input\":{\"@type\":\"PropertyValueSpecification\",\"valueRequired\":true,\"valueName\":\"search_term_string\"}}],\"inLanguage\":\"es\"},{\"@type\":\"Organization\",\"@id\":\"https:\\\/\\\/caru.org.uy\\\/nuevositio\\\/#organization\",\"name\":\"C.A.R.U.\",\"url\":\"https:\\\/\\\/caru.org.uy\\\/nuevositio\\\/\",\"logo\":{\"@type\":\"ImageObject\",\"inLanguage\":\"es\",\"@id\":\"https:\\\/\\\/caru.org.uy\\\/nuevositio\\\/#\\\/schema\\\/logo\\\/image\\\/\",\"url\":\"https:\\\/\\\/caru.org.uy\\\/nuevositio\\\/wp-content\\\/uploads\\\/2023\\\/11\\\/logo-nuevo.jpg\",\"contentUrl\":\"https:\\\/\\\/caru.org.uy\\\/nuevositio\\\/wp-content\\\/uploads\\\/2023\\\/11\\\/logo-nuevo.jpg\",\"width\":1,\"height\":1,\"caption\":\"C.A.R.U.\"},\"image\":{\"@id\":\"https:\\\/\\\/caru.org.uy\\\/nuevositio\\\/#\\\/schema\\\/logo\\\/image\\\/\"}},{\"@type\":\"Person\",\"@id\":\"https:\\\/\\\/caru.org.uy\\\/nuevositio\\\/#\\\/schema\\\/person\\\/9a11b7bc115602d2066d4c695b2aa3e5\",\"name\":\"Noma\",\"image\":{\"@type\":\"ImageObject\",\"inLanguage\":\"es\",\"@id\":\"https:\\\/\\\/secure.gravatar.com\\\/avatar\\\/8b0eb2764fe524b07cdc015df29e7576c061e58c50641dd8ccc46d3d448307e5?s=96&d=mm&r=g\",\"url\":\"https:\\\/\\\/secure.gravatar.com\\\/avatar\\\/8b0eb2764fe524b07cdc015df29e7576c061e58c50641dd8ccc46d3d448307e5?s=96&d=mm&r=g\",\"contentUrl\":\"https:\\\/\\\/secure.gravatar.com\\\/avatar\\\/8b0eb2764fe524b07cdc015df29e7576c061e58c50641dd8ccc46d3d448307e5?s=96&d=mm&r=g\",\"caption\":\"Noma\"},\"url\":\"https:\\\/\\\/caru.org.uy\\\/nuevositio\\\/author\\\/admin\\\/\"}]}<\/script>\n<!-- \/ Yoast SEO plugin. -->","yoast_head_json":{"title":"Se realiz\u00f3 el sorteo para lista de prelaci\u00f3n en cargos eventuales de Servicios y Cajeros % C.A.R.U. imagen","robots":{"index":"index","follow":"follow","max-snippet":"max-snippet:-1","max-image-preview":"max-image-preview:large","max-video-preview":"max-video-preview:-1"},"canonical":"https:\/\/caru.org.uy\/nuevositio\/2023\/12\/06\/se-realizo-el-sorteo-para-lista-de-prelacion-en-cargos-eventuales-de-servicios-y-cajeros\/","og_locale":"es_ES","og_type":"article","og_title":"Se realiz\u00f3 el sorteo para lista de prelaci\u00f3n en cargos eventuales de Servicios y Cajeros % C.A.R.U. imagen","og_description":"Se llev\u00f3 a cabo este martes tal cual se hab\u00eda anunciado,\u00a0en la Oficina Departamental de Trabajo de Paysand\u00fa, dependiente del Ministerio de Trabajo y Seguridad Social ROU,\u00a0el sorteo p\u00fablico para la conformaci\u00f3n\u00a0de la lista de prelaci\u00f3n para cargos eventuales\u00a0en la Comisi\u00f3n Administradora del R\u00edo Uruguay, previsto para personas de nacionalidad uruguaya para desempe\u00f1arse como Colaborador [&hellip;]","og_url":"https:\/\/caru.org.uy\/nuevositio\/2023\/12\/06\/se-realizo-el-sorteo-para-lista-de-prelacion-en-cargos-eventuales-de-servicios-y-cajeros\/","og_site_name":"C.A.R.U.","article_published_time":"2023-12-06T01:05:26+00:00","article_modified_time":"2023-12-29T14:26:52+00:00","og_image":[{"url":"https:\/\/caru.org.uy\/nuevositio\/wp-content\/uploads\/2023\/11\/logo-nuevo.jpg","width":1,"height":1,"type":"image\/jpeg"}],"author":"Noma","twitter_card":"summary_large_image","twitter_misc":{"Escrito por":"Noma","Tiempo de lectura":"1 minuto"},"schema":{"@context":"https:\/\/schema.org","@graph":[{"@type":["Article","BlogPosting"],"@id":"https:\/\/caru.org.uy\/nuevositio\/2023\/12\/06\/se-realizo-el-sorteo-para-lista-de-prelacion-en-cargos-eventuales-de-servicios-y-cajeros\/#article","isPartOf":{"@id":"https:\/\/caru.org.uy\/nuevositio\/2023\/12\/06\/se-realizo-el-sorteo-para-lista-de-prelacion-en-cargos-eventuales-de-servicios-y-cajeros\/"},"author":{"name":"Noma","@id":"https:\/\/caru.org.uy\/nuevositio\/#\/schema\/person\/9a11b7bc115602d2066d4c695b2aa3e5"},"headline":"Se realiz\u00f3 el sorteo para lista de prelaci\u00f3n en cargos eventuales de Servicios y Cajeros","datePublished":"2023-12-06T01:05:26+00:00","dateModified":"2023-12-29T14:26:52+00:00","mainEntityOfPage":{"@id":"https:\/\/caru.org.uy\/nuevositio\/2023\/12\/06\/se-realizo-el-sorteo-para-lista-de-prelacion-en-cargos-eventuales-de-servicios-y-cajeros\/"},"wordCount":276,"commentCount":0,"publisher":{"@id":"https:\/\/caru.org.uy\/nuevositio\/#organization"},"image":{"@id":"https:\/\/caru.org.uy\/nuevositio\/2023\/12\/06\/se-realizo-el-sorteo-para-lista-de-prelacion-en-cargos-eventuales-de-servicios-y-cajeros\/#primaryimage"},"thumbnailUrl":"https:\/\/caru.org.uy\/nuevositio\/wp-content\/uploads\/2023\/11\/logo-nuevo.jpg","articleSection":["Noticias","Novedades"],"inLanguage":"es","potentialAction":[{"@type":"CommentAction","name":"Comment","target":["https:\/\/caru.org.uy\/nuevositio\/2023\/12\/06\/se-realizo-el-sorteo-para-lista-de-prelacion-en-cargos-eventuales-de-servicios-y-cajeros\/#respond"]}]},{"@type":"WebPage","@id":"https:\/\/caru.org.uy\/nuevositio\/2023\/12\/06\/se-realizo-el-sorteo-para-lista-de-prelacion-en-cargos-eventuales-de-servicios-y-cajeros\/","url":"https:\/\/caru.org.uy\/nuevositio\/2023\/12\/06\/se-realizo-el-sorteo-para-lista-de-prelacion-en-cargos-eventuales-de-servicios-y-cajeros\/","name":"Se realiz\u00f3 el sorteo para lista de prelaci\u00f3n en cargos eventuales de Servicios y Cajeros % C.A.R.U. imagen","isPartOf":{"@id":"https:\/\/caru.org.uy\/nuevositio\/#website"},"primaryImageOfPage":{"@id":"https:\/\/caru.org.uy\/nuevositio\/2023\/12\/06\/se-realizo-el-sorteo-para-lista-de-prelacion-en-cargos-eventuales-de-servicios-y-cajeros\/#primaryimage"},"image":{"@id":"https:\/\/caru.org.uy\/nuevositio\/2023\/12\/06\/se-realizo-el-sorteo-para-lista-de-prelacion-en-cargos-eventuales-de-servicios-y-cajeros\/#primaryimage"},"thumbnailUrl":"https:\/\/caru.org.uy\/nuevositio\/wp-content\/uploads\/2023\/11\/logo-nuevo.jpg","datePublished":"2023-12-06T01:05:26+00:00","dateModified":"2023-12-29T14:26:52+00:00","breadcrumb":{"@id":"https:\/\/caru.org.uy\/nuevositio\/2023\/12\/06\/se-realizo-el-sorteo-para-lista-de-prelacion-en-cargos-eventuales-de-servicios-y-cajeros\/#breadcrumb"},"inLanguage":"es","potentialAction":[{"@type":"ReadAction","target":["https:\/\/caru.org.uy\/nuevositio\/2023\/12\/06\/se-realizo-el-sorteo-para-lista-de-prelacion-en-cargos-eventuales-de-servicios-y-cajeros\/"]}]},{"@type":"ImageObject","inLanguage":"es","@id":"https:\/\/caru.org.uy\/nuevositio\/2023\/12\/06\/se-realizo-el-sorteo-para-lista-de-prelacion-en-cargos-eventuales-de-servicios-y-cajeros\/#primaryimage","url":"https:\/\/caru.org.uy\/nuevositio\/wp-content\/uploads\/2023\/11\/logo-nuevo.jpg","contentUrl":"https:\/\/caru.org.uy\/nuevositio\/wp-content\/uploads\/2023\/11\/logo-nuevo.jpg"},{"@type":"BreadcrumbList","@id":"https:\/\/caru.org.uy\/nuevositio\/2023\/12\/06\/se-realizo-el-sorteo-para-lista-de-prelacion-en-cargos-eventuales-de-servicios-y-cajeros\/#breadcrumb","itemListElement":[{"@type":"ListItem","position":1,"name":"Portada","item":"https:\/\/caru.org.uy\/nuevositio\/"},{"@type":"ListItem","position":2,"name":"Se realiz\u00f3 el sorteo para lista de prelaci\u00f3n en cargos eventuales de Servicios y Cajeros"}]},{"@type":"WebSite","@id":"https:\/\/caru.org.uy\/nuevositio\/#website","url":"https:\/\/caru.org.uy\/nuevositio\/","name":"C.A.R.U.","description":"Comisi\u00f3n Administradora del R\u00edo Uruguay","publisher":{"@id":"https:\/\/caru.org.uy\/nuevositio\/#organization"},"potentialAction":[{"@type":"SearchAction","target":{"@type":"EntryPoint","urlTemplate":"https:\/\/caru.org.uy\/nuevositio\/?s={search_term_string}"},"query-input":{"@type":"PropertyValueSpecification","valueRequired":true,"valueName":"search_term_string"}}],"inLanguage":"es"},{"@type":"Organization","@id":"https:\/\/caru.org.uy\/nuevositio\/#organization","name":"C.A.R.U.","url":"https:\/\/caru.org.uy\/nuevositio\/","logo":{"@type":"ImageObject","inLanguage":"es","@id":"https:\/\/caru.org.uy\/nuevositio\/#\/schema\/logo\/image\/","url":"https:\/\/caru.org.uy\/nuevositio\/wp-content\/uploads\/2023\/11\/logo-nuevo.jpg","contentUrl":"https:\/\/caru.org.uy\/nuevositio\/wp-content\/uploads\/2023\/11\/logo-nuevo.jpg","width":1,"height":1,"caption":"C.A.R.U."},"image":{"@id":"https:\/\/caru.org.uy\/nuevositio\/#\/schema\/logo\/image\/"}},{"@type":"Person","@id":"https:\/\/caru.org.uy\/nuevositio\/#\/schema\/person\/9a11b7bc115602d2066d4c695b2aa3e5","name":"Noma","image":{"@type":"ImageObject","inLanguage":"es","@id":"https:\/\/secure.gravatar.com\/avatar\/8b0eb2764fe524b07cdc015df29e7576c061e58c50641dd8ccc46d3d448307e5?s=96&d=mm&r=g","url":"https:\/\/secure.gravatar.com\/avatar\/8b0eb2764fe524b07cdc015df29e7576c061e58c50641dd8ccc46d3d448307e5?s=96&d=mm&r=g","contentUrl":"https:\/\/secure.gravatar.com\/avatar\/8b0eb2764fe524b07cdc015df29e7576c061e58c50641dd8ccc46d3d448307e5?s=96&d=mm&r=g","caption":"Noma"},"url":"https:\/\/caru.org.uy\/nuevositio\/author\/admin\/"}]}},"_links":{"self":[{"href":"https:\/\/caru.org.uy\/nuevositio\/wp-json\/wp\/v2\/posts\/8912","targetHints":{"allow":["GET"]}}],"collection":[{"href":"https:\/\/caru.org.uy\/nuevositio\/wp-json\/wp\/v2\/posts"}],"about":[{"href":"https:\/\/caru.org.uy\/nuevositio\/wp-json\/wp\/v2\/types\/post"}],"author":[{"embeddable":true,"href":"https:\/\/caru.org.uy\/nuevositio\/wp-json\/wp\/v2\/users\/1"}],"replies":[{"embeddable":true,"href":"https:\/\/caru.org.uy\/nuevositio\/wp-json\/wp\/v2\/comments?post=8912"}],"version-history":[{"count":5,"href":"https:\/\/caru.org.uy\/nuevositio\/wp-json\/wp\/v2\/posts\/8912\/revisions"}],"predecessor-version":[{"id":8923,"href":"https:\/\/caru.org.uy\/nuevositio\/wp-json\/wp\/v2\/posts\/8912\/revisions\/8923"}],"wp:featuredmedia":[{"embeddable":true,"href":"https:\/\/caru.org.uy\/nuevositio\/wp-json\/wp\/v2\/media\/8870"}],"wp:attachment":[{"href":"https:\/\/caru.org.uy\/nuevositio\/wp-json\/wp\/v2\/media?parent=8912"}],"wp:term":[{"taxonomy":"category","embeddable":true,"href":"https:\/\/caru.org.uy\/nuevositio\/wp-json\/wp\/v2\/categories?post=8912"},{"taxonomy":"post_tag","embeddable":true,"href":"https:\/\/caru.org.uy\/nuevositio\/wp-json\/wp\/v2\/tags?post=8912"}],"curies":[{"name":"wp","href":"https:\/\/api.w.org\/{rel}","templated":true}]}}