{"id":8930,"date":"2023-12-08T13:32:05","date_gmt":"2023-12-08T13:32:05","guid":{"rendered":"https:\/\/caru.org.uy\/nuevositio\/?p=8930"},"modified":"2023-12-08T13:32:59","modified_gmt":"2023-12-08T13:32:59","slug":"caru-realizo-aportes-para-hacer-frente-a-inundaciones","status":"publish","type":"post","link":"https:\/\/caru.org.uy\/nuevositio\/2023\/12\/08\/caru-realizo-aportes-para-hacer-frente-a-inundaciones\/","title":{"rendered":"CARU realiz\u00f3 aportes para hacer frente a Inundaciones"},"content":{"rendered":"\t\t<div data-elementor-type=\"wp-post\" data-elementor-id=\"8930\" class=\"elementor elementor-8930\" data-elementor-post-type=\"post\">\n\t\t\t\t\t\t<section class=\"elementor-section elementor-top-section elementor-element elementor-element-678e432d elementor-section-boxed elementor-section-height-default elementor-section-height-default\" data-id=\"678e432d\" data-element_type=\"section\" data-e-type=\"section\" data-settings=\"{&quot;jet_parallax_layout_list&quot;:[]}\">\n\t\t\t\t\t\t<div class=\"elementor-container elementor-column-gap-default\">\n\t\t\t\t\t<div class=\"elementor-column elementor-col-50 elementor-top-column elementor-element elementor-element-4ca8ba6c\" data-id=\"4ca8ba6c\" data-element_type=\"column\" data-e-type=\"column\">\n\t\t\t<div class=\"elementor-widget-wrap elementor-element-populated\">\n\t\t\t\t\t\t<div class=\"elementor-element elementor-element-2cfdd34e elementor-widget elementor-widget-image\" data-id=\"2cfdd34e\" data-element_type=\"widget\" data-e-type=\"widget\" data-widget_type=\"image.default\">\n\t\t\t\t<div class=\"elementor-widget-container\">\n\t\t\t\t\t\t\t\t\t\t\t\t\t\t\t<img fetchpriority=\"high\" decoding=\"async\" width=\"827\" height=\"829\" src=\"https:\/\/caru.org.uy\/nuevositio\/wp-content\/uploads\/2023\/12\/Aporte-Inundaciones.jpeg\" class=\"attachment-large size-large wp-image-8931\" alt=\"\" srcset=\"https:\/\/caru.org.uy\/nuevositio\/wp-content\/uploads\/2023\/12\/Aporte-Inundaciones.jpeg 827w, https:\/\/caru.org.uy\/nuevositio\/wp-content\/uploads\/2023\/12\/Aporte-Inundaciones-300x300.jpeg 300w, https:\/\/caru.org.uy\/nuevositio\/wp-content\/uploads\/2023\/12\/Aporte-Inundaciones-150x150.jpeg 150w, https:\/\/caru.org.uy\/nuevositio\/wp-content\/uploads\/2023\/12\/Aporte-Inundaciones-768x770.jpeg 768w, https:\/\/caru.org.uy\/nuevositio\/wp-content\/uploads\/2023\/12\/Aporte-Inundaciones-500x500.jpeg 500w\" sizes=\"(max-width: 827px) 100vw, 827px\" \/>\t\t\t\t\t\t\t\t\t\t\t\t\t\t\t<\/div>\n\t\t\t\t<\/div>\n\t\t\t\t\t<\/div>\n\t\t<\/div>\n\t\t\t\t<div class=\"elementor-column elementor-col-50 elementor-top-column elementor-element elementor-element-4cddb161\" data-id=\"4cddb161\" data-element_type=\"column\" data-e-type=\"column\">\n\t\t\t<div class=\"elementor-widget-wrap elementor-element-populated\">\n\t\t\t\t\t\t<div class=\"elementor-element elementor-element-6301415d elementor-widget elementor-widget-text-editor\" data-id=\"6301415d\" data-element_type=\"widget\" data-e-type=\"widget\" data-widget_type=\"text-editor.default\">\n\t\t\t\t<div class=\"elementor-widget-container\">\n\t\t\t\t\t\t\t\t\t<p><\/p><p style=\"font-weight: 400;\">Ante la creciente emergencia clim\u00e1tica que afecta el litoral y las persistentes inundaciones en la regi\u00f3n, la Comisi\u00f3n Administradora del R\u00edo Uruguay (CARU) decidi\u00f3 realizar un aporte a la Argentina y al Uruguay para colaborar en las tareas que demandan las comunidades afectadas. La Delegaci\u00f3n Argentina entreg\u00f3 dinero para apoyo a los municipios afectados y la Delegaci\u00f3n Uruguaya don\u00f3 cuatro contenedores m\u00f3viles, dise\u00f1ados espec\u00edficamente para el asiento de bases operativas en las zonas de crisis, con instalaciones sanitarias y el\u00e9ctricas completas.<\/p><p style=\"font-weight: 400;\">La Delegaci\u00f3n Argentina decidi\u00f3 realizar un aporte econ\u00f3mico a los municipios m\u00e1s afectados por la creciente, dividiendo el dinero de la siguiente manera: 20 mil d\u00f3lares para el municipio de Concordia, 5 mil d\u00f3lares para el Municipio de Col\u00f3n y 5 mil d\u00f3lares para el Municipio de Concepci\u00f3n del Uruguay.<\/p><p style=\"font-weight: 400;\">En la ciudad de Concordia, d\u00edas pasados, el Presidente de CARU, Jos\u00e9 Eduardo Lauritto, realiz\u00f3 la entrega del dinero a las autoridades municipales. El Secretario de Gobierno Aldo Alvarez recibi\u00f3 el aporte en nombre del intendente Enrique Cresto que estaba por gestiones en Buenos Aires y en un gesto para destacar convoc\u00f3 al Presidente Municipal electo Francisco Azcu\u00e9. \u201cQueremos agradecer a CARU por estar atentos a las necesidades de nuestras comunidades. Este dinero ser\u00e1 bien utilizado para que las familias evacuadas puedan tener todos los elementos necesarios para su regreso a sus casas\u201d, destac\u00f3 el Intendente electo.<\/p><p style=\"font-weight: 400;\">Por su parte, Lauritto destac\u00f3 que tanto la Delegaci\u00f3n Argentina y Uruguaya prestaron acuerdo de manera inmediata para colaborar con las comunidades ribere\u00f1as. \u201cAmbas Delegaciones reafirman su compromiso con la seguridad y el bienestar de las comunidades afectadas, trabajando de la mano para mitigar los efectos adversos de las inundaciones proporcionando el apoyo necesario a quienes m\u00e1s lo necesitan\u201d, se\u00f1al\u00f3.<\/p><p style=\"font-weight: 400;\">\u00a0<\/p><p style=\"font-weight: 400;\"><strong>En Uruguay junto al SINAE<\/strong><\/p><p style=\"font-weight: 400;\">En el caso de la Delegaci\u00f3n Uruguaya de CARU, decidi\u00f3 unirse al Sistema Nacional de Emergencias (SINAE) para enfrentar los desaf\u00edos planteados por esta situaci\u00f3n cr\u00edtica. \u201cLa colaboraci\u00f3n estrat\u00e9gica entre ambos organismos busca brindar respuestas eficientes y solidarias a las comunidades afectadas\u201d, destac\u00f3 Mario Ayala Barrios, presidente de la Delegaci\u00f3n Uruguaya.<\/p><p style=\"font-weight: 400;\">En este marco, CARU don\u00f3 cuatro contenedores m\u00f3viles, dise\u00f1ados espec\u00edficamente para el asiento de bases operativas, con instalaciones sanitarias y el\u00e9ctricas completas. \u201cEstos contenedores, son primordiales para hacer frente a la emergencia actual y la entrega de los mismos, es un claro ejemplo de la cooperaci\u00f3n entre instituciones generando soluciones concretas en momentos cr\u00edticos\u201d, afirm\u00f3 Ayala.<\/p><p style=\"font-weight: 400;\">Estos contenedores donados por CARU no solo representan una ayuda material, sino que tambi\u00e9n desempe\u00f1ar\u00e1n un papel esencial en la gesti\u00f3n de los esfuerzos de respuesta. Servir\u00e1n como bases log\u00edsticas para los equipos del SINAE que atienden los complejos escenarios causados por la inundaci\u00f3n del r\u00edo Uruguay, ya que facilitar\u00e1n las operaciones y mejorar\u00e1n las condiciones de trabajo para los equipos de ayuda.\u00a0<\/p><p><\/p>\t\t\t\t\t\t\t\t<\/div>\n\t\t\t\t<\/div>\n\t\t\t\t\t<\/div>\n\t\t<\/div>\n\t\t\t\t\t<\/div>\n\t\t<\/section>\n\t\t\t\t<\/div>\n\t\t","protected":false},"excerpt":{"rendered":"<p>Ante la creciente emergencia clim\u00e1tica que afecta el litoral y las persistentes inundaciones en la regi\u00f3n, la Comisi\u00f3n Administradora del R\u00edo Uruguay (CARU) decidi\u00f3 realizar un aporte a la Argentina y al Uruguay para colaborar en las tareas que demandan las comunidades afectadas. La Delegaci\u00f3n Argentina entreg\u00f3 dinero para apoyo a los municipios afectados y [&hellip;]<\/p>\n","protected":false},"author":1,"featured_media":8931,"comment_status":"open","ping_status":"open","sticky":false,"template":"","format":"standard","meta":{"_acf_changed":false,"_joinchat":[],"footnotes":""},"categories":[37,27],"tags":[],"class_list":["post-8930","post","type-post","status-publish","format-standard","has-post-thumbnail","hentry","category-noticias","category-novedades"],"acf":[],"yoast_head":"<!-- This site is optimized with the Yoast SEO plugin v27.3 - https:\/\/yoast.com\/product\/yoast-seo-wordpress\/ -->\n<title>CARU realiz\u00f3 aportes para hacer frente a Inundaciones % C.A.R.U. imagen<\/title>\n<meta name=\"robots\" content=\"index, follow, max-snippet:-1, max-image-preview:large, max-video-preview:-1\" \/>\n<link rel=\"canonical\" href=\"https:\/\/caru.org.uy\/nuevositio\/2023\/12\/08\/caru-realizo-aportes-para-hacer-frente-a-inundaciones\/\" \/>\n<meta property=\"og:locale\" content=\"es_ES\" \/>\n<meta property=\"og:type\" content=\"article\" \/>\n<meta property=\"og:title\" content=\"CARU realiz\u00f3 aportes para hacer frente a Inundaciones % C.A.R.U. imagen\" \/>\n<meta property=\"og:description\" content=\"Ante la creciente emergencia clim\u00e1tica que afecta el litoral y las persistentes inundaciones en la regi\u00f3n, la Comisi\u00f3n Administradora del R\u00edo Uruguay (CARU) decidi\u00f3 realizar un aporte a la Argentina y al Uruguay para colaborar en las tareas que demandan las comunidades afectadas. La Delegaci\u00f3n Argentina entreg\u00f3 dinero para apoyo a los municipios afectados y [&hellip;]\" \/>\n<meta property=\"og:url\" content=\"https:\/\/caru.org.uy\/nuevositio\/2023\/12\/08\/caru-realizo-aportes-para-hacer-frente-a-inundaciones\/\" \/>\n<meta property=\"og:site_name\" content=\"C.A.R.U.\" \/>\n<meta property=\"article:published_time\" content=\"2023-12-08T13:32:05+00:00\" \/>\n<meta property=\"article:modified_time\" content=\"2023-12-08T13:32:59+00:00\" \/>\n<meta property=\"og:image\" content=\"https:\/\/caru.org.uy\/nuevositio\/wp-content\/uploads\/2023\/12\/Aporte-Inundaciones.jpeg\" \/>\n\t<meta property=\"og:image:width\" content=\"827\" \/>\n\t<meta property=\"og:image:height\" content=\"829\" \/>\n\t<meta property=\"og:image:type\" content=\"image\/jpeg\" \/>\n<meta name=\"author\" content=\"Noma\" \/>\n<meta name=\"twitter:card\" content=\"summary_large_image\" \/>\n<meta name=\"twitter:label1\" content=\"Escrito por\" \/>\n\t<meta name=\"twitter:data1\" content=\"Noma\" \/>\n\t<meta name=\"twitter:label2\" content=\"Tiempo de lectura\" \/>\n\t<meta name=\"twitter:data2\" content=\"3 minutos\" \/>\n<script type=\"application\/ld+json\" class=\"yoast-schema-graph\">{\"@context\":\"https:\\\/\\\/schema.org\",\"@graph\":[{\"@type\":[\"Article\",\"BlogPosting\"],\"@id\":\"https:\\\/\\\/caru.org.uy\\\/nuevositio\\\/2023\\\/12\\\/08\\\/caru-realizo-aportes-para-hacer-frente-a-inundaciones\\\/#article\",\"isPartOf\":{\"@id\":\"https:\\\/\\\/caru.org.uy\\\/nuevositio\\\/2023\\\/12\\\/08\\\/caru-realizo-aportes-para-hacer-frente-a-inundaciones\\\/\"},\"author\":{\"name\":\"Noma\",\"@id\":\"https:\\\/\\\/caru.org.uy\\\/nuevositio\\\/#\\\/schema\\\/person\\\/9a11b7bc115602d2066d4c695b2aa3e5\"},\"headline\":\"CARU realiz\u00f3 aportes para hacer frente a Inundaciones\",\"datePublished\":\"2023-12-08T13:32:05+00:00\",\"dateModified\":\"2023-12-08T13:32:59+00:00\",\"mainEntityOfPage\":{\"@id\":\"https:\\\/\\\/caru.org.uy\\\/nuevositio\\\/2023\\\/12\\\/08\\\/caru-realizo-aportes-para-hacer-frente-a-inundaciones\\\/\"},\"wordCount\":514,\"commentCount\":0,\"publisher\":{\"@id\":\"https:\\\/\\\/caru.org.uy\\\/nuevositio\\\/#organization\"},\"image\":{\"@id\":\"https:\\\/\\\/caru.org.uy\\\/nuevositio\\\/2023\\\/12\\\/08\\\/caru-realizo-aportes-para-hacer-frente-a-inundaciones\\\/#primaryimage\"},\"thumbnailUrl\":\"https:\\\/\\\/caru.org.uy\\\/nuevositio\\\/wp-content\\\/uploads\\\/2023\\\/12\\\/Aporte-Inundaciones.jpeg\",\"articleSection\":[\"Noticias\",\"Novedades\"],\"inLanguage\":\"es\",\"potentialAction\":[{\"@type\":\"CommentAction\",\"name\":\"Comment\",\"target\":[\"https:\\\/\\\/caru.org.uy\\\/nuevositio\\\/2023\\\/12\\\/08\\\/caru-realizo-aportes-para-hacer-frente-a-inundaciones\\\/#respond\"]}]},{\"@type\":\"WebPage\",\"@id\":\"https:\\\/\\\/caru.org.uy\\\/nuevositio\\\/2023\\\/12\\\/08\\\/caru-realizo-aportes-para-hacer-frente-a-inundaciones\\\/\",\"url\":\"https:\\\/\\\/caru.org.uy\\\/nuevositio\\\/2023\\\/12\\\/08\\\/caru-realizo-aportes-para-hacer-frente-a-inundaciones\\\/\",\"name\":\"CARU realiz\u00f3 aportes para hacer frente a Inundaciones % C.A.R.U. imagen\",\"isPartOf\":{\"@id\":\"https:\\\/\\\/caru.org.uy\\\/nuevositio\\\/#website\"},\"primaryImageOfPage\":{\"@id\":\"https:\\\/\\\/caru.org.uy\\\/nuevositio\\\/2023\\\/12\\\/08\\\/caru-realizo-aportes-para-hacer-frente-a-inundaciones\\\/#primaryimage\"},\"image\":{\"@id\":\"https:\\\/\\\/caru.org.uy\\\/nuevositio\\\/2023\\\/12\\\/08\\\/caru-realizo-aportes-para-hacer-frente-a-inundaciones\\\/#primaryimage\"},\"thumbnailUrl\":\"https:\\\/\\\/caru.org.uy\\\/nuevositio\\\/wp-content\\\/uploads\\\/2023\\\/12\\\/Aporte-Inundaciones.jpeg\",\"datePublished\":\"2023-12-08T13:32:05+00:00\",\"dateModified\":\"2023-12-08T13:32:59+00:00\",\"breadcrumb\":{\"@id\":\"https:\\\/\\\/caru.org.uy\\\/nuevositio\\\/2023\\\/12\\\/08\\\/caru-realizo-aportes-para-hacer-frente-a-inundaciones\\\/#breadcrumb\"},\"inLanguage\":\"es\",\"potentialAction\":[{\"@type\":\"ReadAction\",\"target\":[\"https:\\\/\\\/caru.org.uy\\\/nuevositio\\\/2023\\\/12\\\/08\\\/caru-realizo-aportes-para-hacer-frente-a-inundaciones\\\/\"]}]},{\"@type\":\"ImageObject\",\"inLanguage\":\"es\",\"@id\":\"https:\\\/\\\/caru.org.uy\\\/nuevositio\\\/2023\\\/12\\\/08\\\/caru-realizo-aportes-para-hacer-frente-a-inundaciones\\\/#primaryimage\",\"url\":\"https:\\\/\\\/caru.org.uy\\\/nuevositio\\\/wp-content\\\/uploads\\\/2023\\\/12\\\/Aporte-Inundaciones.jpeg\",\"contentUrl\":\"https:\\\/\\\/caru.org.uy\\\/nuevositio\\\/wp-content\\\/uploads\\\/2023\\\/12\\\/Aporte-Inundaciones.jpeg\",\"width\":827,\"height\":829},{\"@type\":\"BreadcrumbList\",\"@id\":\"https:\\\/\\\/caru.org.uy\\\/nuevositio\\\/2023\\\/12\\\/08\\\/caru-realizo-aportes-para-hacer-frente-a-inundaciones\\\/#breadcrumb\",\"itemListElement\":[{\"@type\":\"ListItem\",\"position\":1,\"name\":\"Portada\",\"item\":\"https:\\\/\\\/caru.org.uy\\\/nuevositio\\\/\"},{\"@type\":\"ListItem\",\"position\":2,\"name\":\"CARU realiz\u00f3 aportes para hacer frente a Inundaciones\"}]},{\"@type\":\"WebSite\",\"@id\":\"https:\\\/\\\/caru.org.uy\\\/nuevositio\\\/#website\",\"url\":\"https:\\\/\\\/caru.org.uy\\\/nuevositio\\\/\",\"name\":\"C.A.R.U.\",\"description\":\"Comisi\u00f3n Administradora del R\u00edo Uruguay\",\"publisher\":{\"@id\":\"https:\\\/\\\/caru.org.uy\\\/nuevositio\\\/#organization\"},\"potentialAction\":[{\"@type\":\"SearchAction\",\"target\":{\"@type\":\"EntryPoint\",\"urlTemplate\":\"https:\\\/\\\/caru.org.uy\\\/nuevositio\\\/?s={search_term_string}\"},\"query-input\":{\"@type\":\"PropertyValueSpecification\",\"valueRequired\":true,\"valueName\":\"search_term_string\"}}],\"inLanguage\":\"es\"},{\"@type\":\"Organization\",\"@id\":\"https:\\\/\\\/caru.org.uy\\\/nuevositio\\\/#organization\",\"name\":\"C.A.R.U.\",\"url\":\"https:\\\/\\\/caru.org.uy\\\/nuevositio\\\/\",\"logo\":{\"@type\":\"ImageObject\",\"inLanguage\":\"es\",\"@id\":\"https:\\\/\\\/caru.org.uy\\\/nuevositio\\\/#\\\/schema\\\/logo\\\/image\\\/\",\"url\":\"https:\\\/\\\/caru.org.uy\\\/nuevositio\\\/wp-content\\\/uploads\\\/2023\\\/11\\\/logo-nuevo.jpg\",\"contentUrl\":\"https:\\\/\\\/caru.org.uy\\\/nuevositio\\\/wp-content\\\/uploads\\\/2023\\\/11\\\/logo-nuevo.jpg\",\"width\":1,\"height\":1,\"caption\":\"C.A.R.U.\"},\"image\":{\"@id\":\"https:\\\/\\\/caru.org.uy\\\/nuevositio\\\/#\\\/schema\\\/logo\\\/image\\\/\"}},{\"@type\":\"Person\",\"@id\":\"https:\\\/\\\/caru.org.uy\\\/nuevositio\\\/#\\\/schema\\\/person\\\/9a11b7bc115602d2066d4c695b2aa3e5\",\"name\":\"Noma\",\"image\":{\"@type\":\"ImageObject\",\"inLanguage\":\"es\",\"@id\":\"https:\\\/\\\/secure.gravatar.com\\\/avatar\\\/8b0eb2764fe524b07cdc015df29e7576c061e58c50641dd8ccc46d3d448307e5?s=96&d=mm&r=g\",\"url\":\"https:\\\/\\\/secure.gravatar.com\\\/avatar\\\/8b0eb2764fe524b07cdc015df29e7576c061e58c50641dd8ccc46d3d448307e5?s=96&d=mm&r=g\",\"contentUrl\":\"https:\\\/\\\/secure.gravatar.com\\\/avatar\\\/8b0eb2764fe524b07cdc015df29e7576c061e58c50641dd8ccc46d3d448307e5?s=96&d=mm&r=g\",\"caption\":\"Noma\"},\"url\":\"https:\\\/\\\/caru.org.uy\\\/nuevositio\\\/author\\\/admin\\\/\"}]}<\/script>\n<!-- \/ Yoast SEO plugin. -->","yoast_head_json":{"title":"CARU realiz\u00f3 aportes para hacer frente a Inundaciones % C.A.R.U. imagen","robots":{"index":"index","follow":"follow","max-snippet":"max-snippet:-1","max-image-preview":"max-image-preview:large","max-video-preview":"max-video-preview:-1"},"canonical":"https:\/\/caru.org.uy\/nuevositio\/2023\/12\/08\/caru-realizo-aportes-para-hacer-frente-a-inundaciones\/","og_locale":"es_ES","og_type":"article","og_title":"CARU realiz\u00f3 aportes para hacer frente a Inundaciones % C.A.R.U. imagen","og_description":"Ante la creciente emergencia clim\u00e1tica que afecta el litoral y las persistentes inundaciones en la regi\u00f3n, la Comisi\u00f3n Administradora del R\u00edo Uruguay (CARU) decidi\u00f3 realizar un aporte a la Argentina y al Uruguay para colaborar en las tareas que demandan las comunidades afectadas. La Delegaci\u00f3n Argentina entreg\u00f3 dinero para apoyo a los municipios afectados y [&hellip;]","og_url":"https:\/\/caru.org.uy\/nuevositio\/2023\/12\/08\/caru-realizo-aportes-para-hacer-frente-a-inundaciones\/","og_site_name":"C.A.R.U.","article_published_time":"2023-12-08T13:32:05+00:00","article_modified_time":"2023-12-08T13:32:59+00:00","og_image":[{"width":827,"height":829,"url":"https:\/\/caru.org.uy\/nuevositio\/wp-content\/uploads\/2023\/12\/Aporte-Inundaciones.jpeg","type":"image\/jpeg"}],"author":"Noma","twitter_card":"summary_large_image","twitter_misc":{"Escrito por":"Noma","Tiempo de lectura":"3 minutos"},"schema":{"@context":"https:\/\/schema.org","@graph":[{"@type":["Article","BlogPosting"],"@id":"https:\/\/caru.org.uy\/nuevositio\/2023\/12\/08\/caru-realizo-aportes-para-hacer-frente-a-inundaciones\/#article","isPartOf":{"@id":"https:\/\/caru.org.uy\/nuevositio\/2023\/12\/08\/caru-realizo-aportes-para-hacer-frente-a-inundaciones\/"},"author":{"name":"Noma","@id":"https:\/\/caru.org.uy\/nuevositio\/#\/schema\/person\/9a11b7bc115602d2066d4c695b2aa3e5"},"headline":"CARU realiz\u00f3 aportes para hacer frente a Inundaciones","datePublished":"2023-12-08T13:32:05+00:00","dateModified":"2023-12-08T13:32:59+00:00","mainEntityOfPage":{"@id":"https:\/\/caru.org.uy\/nuevositio\/2023\/12\/08\/caru-realizo-aportes-para-hacer-frente-a-inundaciones\/"},"wordCount":514,"commentCount":0,"publisher":{"@id":"https:\/\/caru.org.uy\/nuevositio\/#organization"},"image":{"@id":"https:\/\/caru.org.uy\/nuevositio\/2023\/12\/08\/caru-realizo-aportes-para-hacer-frente-a-inundaciones\/#primaryimage"},"thumbnailUrl":"https:\/\/caru.org.uy\/nuevositio\/wp-content\/uploads\/2023\/12\/Aporte-Inundaciones.jpeg","articleSection":["Noticias","Novedades"],"inLanguage":"es","potentialAction":[{"@type":"CommentAction","name":"Comment","target":["https:\/\/caru.org.uy\/nuevositio\/2023\/12\/08\/caru-realizo-aportes-para-hacer-frente-a-inundaciones\/#respond"]}]},{"@type":"WebPage","@id":"https:\/\/caru.org.uy\/nuevositio\/2023\/12\/08\/caru-realizo-aportes-para-hacer-frente-a-inundaciones\/","url":"https:\/\/caru.org.uy\/nuevositio\/2023\/12\/08\/caru-realizo-aportes-para-hacer-frente-a-inundaciones\/","name":"CARU realiz\u00f3 aportes para hacer frente a Inundaciones % C.A.R.U. imagen","isPartOf":{"@id":"https:\/\/caru.org.uy\/nuevositio\/#website"},"primaryImageOfPage":{"@id":"https:\/\/caru.org.uy\/nuevositio\/2023\/12\/08\/caru-realizo-aportes-para-hacer-frente-a-inundaciones\/#primaryimage"},"image":{"@id":"https:\/\/caru.org.uy\/nuevositio\/2023\/12\/08\/caru-realizo-aportes-para-hacer-frente-a-inundaciones\/#primaryimage"},"thumbnailUrl":"https:\/\/caru.org.uy\/nuevositio\/wp-content\/uploads\/2023\/12\/Aporte-Inundaciones.jpeg","datePublished":"2023-12-08T13:32:05+00:00","dateModified":"2023-12-08T13:32:59+00:00","breadcrumb":{"@id":"https:\/\/caru.org.uy\/nuevositio\/2023\/12\/08\/caru-realizo-aportes-para-hacer-frente-a-inundaciones\/#breadcrumb"},"inLanguage":"es","potentialAction":[{"@type":"ReadAction","target":["https:\/\/caru.org.uy\/nuevositio\/2023\/12\/08\/caru-realizo-aportes-para-hacer-frente-a-inundaciones\/"]}]},{"@type":"ImageObject","inLanguage":"es","@id":"https:\/\/caru.org.uy\/nuevositio\/2023\/12\/08\/caru-realizo-aportes-para-hacer-frente-a-inundaciones\/#primaryimage","url":"https:\/\/caru.org.uy\/nuevositio\/wp-content\/uploads\/2023\/12\/Aporte-Inundaciones.jpeg","contentUrl":"https:\/\/caru.org.uy\/nuevositio\/wp-content\/uploads\/2023\/12\/Aporte-Inundaciones.jpeg","width":827,"height":829},{"@type":"BreadcrumbList","@id":"https:\/\/caru.org.uy\/nuevositio\/2023\/12\/08\/caru-realizo-aportes-para-hacer-frente-a-inundaciones\/#breadcrumb","itemListElement":[{"@type":"ListItem","position":1,"name":"Portada","item":"https:\/\/caru.org.uy\/nuevositio\/"},{"@type":"ListItem","position":2,"name":"CARU realiz\u00f3 aportes para hacer frente a Inundaciones"}]},{"@type":"WebSite","@id":"https:\/\/caru.org.uy\/nuevositio\/#website","url":"https:\/\/caru.org.uy\/nuevositio\/","name":"C.A.R.U.","description":"Comisi\u00f3n Administradora del R\u00edo Uruguay","publisher":{"@id":"https:\/\/caru.org.uy\/nuevositio\/#organization"},"potentialAction":[{"@type":"SearchAction","target":{"@type":"EntryPoint","urlTemplate":"https:\/\/caru.org.uy\/nuevositio\/?s={search_term_string}"},"query-input":{"@type":"PropertyValueSpecification","valueRequired":true,"valueName":"search_term_string"}}],"inLanguage":"es"},{"@type":"Organization","@id":"https:\/\/caru.org.uy\/nuevositio\/#organization","name":"C.A.R.U.","url":"https:\/\/caru.org.uy\/nuevositio\/","logo":{"@type":"ImageObject","inLanguage":"es","@id":"https:\/\/caru.org.uy\/nuevositio\/#\/schema\/logo\/image\/","url":"https:\/\/caru.org.uy\/nuevositio\/wp-content\/uploads\/2023\/11\/logo-nuevo.jpg","contentUrl":"https:\/\/caru.org.uy\/nuevositio\/wp-content\/uploads\/2023\/11\/logo-nuevo.jpg","width":1,"height":1,"caption":"C.A.R.U."},"image":{"@id":"https:\/\/caru.org.uy\/nuevositio\/#\/schema\/logo\/image\/"}},{"@type":"Person","@id":"https:\/\/caru.org.uy\/nuevositio\/#\/schema\/person\/9a11b7bc115602d2066d4c695b2aa3e5","name":"Noma","image":{"@type":"ImageObject","inLanguage":"es","@id":"https:\/\/secure.gravatar.com\/avatar\/8b0eb2764fe524b07cdc015df29e7576c061e58c50641dd8ccc46d3d448307e5?s=96&d=mm&r=g","url":"https:\/\/secure.gravatar.com\/avatar\/8b0eb2764fe524b07cdc015df29e7576c061e58c50641dd8ccc46d3d448307e5?s=96&d=mm&r=g","contentUrl":"https:\/\/secure.gravatar.com\/avatar\/8b0eb2764fe524b07cdc015df29e7576c061e58c50641dd8ccc46d3d448307e5?s=96&d=mm&r=g","caption":"Noma"},"url":"https:\/\/caru.org.uy\/nuevositio\/author\/admin\/"}]}},"_links":{"self":[{"href":"https:\/\/caru.org.uy\/nuevositio\/wp-json\/wp\/v2\/posts\/8930","targetHints":{"allow":["GET"]}}],"collection":[{"href":"https:\/\/caru.org.uy\/nuevositio\/wp-json\/wp\/v2\/posts"}],"about":[{"href":"https:\/\/caru.org.uy\/nuevositio\/wp-json\/wp\/v2\/types\/post"}],"author":[{"embeddable":true,"href":"https:\/\/caru.org.uy\/nuevositio\/wp-json\/wp\/v2\/users\/1"}],"replies":[{"embeddable":true,"href":"https:\/\/caru.org.uy\/nuevositio\/wp-json\/wp\/v2\/comments?post=8930"}],"version-history":[{"count":5,"href":"https:\/\/caru.org.uy\/nuevositio\/wp-json\/wp\/v2\/posts\/8930\/revisions"}],"predecessor-version":[{"id":8936,"href":"https:\/\/caru.org.uy\/nuevositio\/wp-json\/wp\/v2\/posts\/8930\/revisions\/8936"}],"wp:featuredmedia":[{"embeddable":true,"href":"https:\/\/caru.org.uy\/nuevositio\/wp-json\/wp\/v2\/media\/8931"}],"wp:attachment":[{"href":"https:\/\/caru.org.uy\/nuevositio\/wp-json\/wp\/v2\/media?parent=8930"}],"wp:term":[{"taxonomy":"category","embeddable":true,"href":"https:\/\/caru.org.uy\/nuevositio\/wp-json\/wp\/v2\/categories?post=8930"},{"taxonomy":"post_tag","embeddable":true,"href":"https:\/\/caru.org.uy\/nuevositio\/wp-json\/wp\/v2\/tags?post=8930"}],"curies":[{"name":"wp","href":"https:\/\/api.w.org\/{rel}","templated":true}]}}