{"id":9146,"date":"2024-01-27T13:50:55","date_gmt":"2024-01-27T13:50:55","guid":{"rendered":"https:\/\/caru.org.uy\/nuevositio\/?p=9146"},"modified":"2024-07-04T03:25:17","modified_gmt":"2024-07-04T03:25:17","slug":"concurso-abierto-de-oposicion-y-antecedentes-para-cuatro-cargos-para-personas-de-nacionalidad-uruguaya","status":"publish","type":"post","link":"https:\/\/caru.org.uy\/nuevositio\/2024\/01\/27\/concurso-abierto-de-oposicion-y-antecedentes-para-cuatro-cargos-para-personas-de-nacionalidad-uruguaya\/","title":{"rendered":"Concurso Abierto de Oposici\u00f3n y Antecedentes para cuatro cargos para personas de nacionalidad uruguaya"},"content":{"rendered":"\t\t<div data-elementor-type=\"wp-post\" data-elementor-id=\"9146\" class=\"elementor elementor-9146\" data-elementor-post-type=\"post\">\n\t\t\t\t\t\t<section class=\"elementor-section elementor-top-section elementor-element elementor-element-4f418d5e elementor-section-boxed elementor-section-height-default elementor-section-height-default\" data-id=\"4f418d5e\" data-element_type=\"section\" data-e-type=\"section\" data-settings=\"{&quot;jet_parallax_layout_list&quot;:[{&quot;jet_parallax_layout_image&quot;:{&quot;url&quot;:&quot;&quot;,&quot;id&quot;:&quot;&quot;,&quot;size&quot;:&quot;&quot;},&quot;_id&quot;:&quot;1219472&quot;,&quot;jet_parallax_layout_image_tablet&quot;:{&quot;url&quot;:&quot;&quot;,&quot;id&quot;:&quot;&quot;,&quot;size&quot;:&quot;&quot;},&quot;jet_parallax_layout_image_mobile&quot;:{&quot;url&quot;:&quot;&quot;,&quot;id&quot;:&quot;&quot;,&quot;size&quot;:&quot;&quot;},&quot;jet_parallax_layout_speed&quot;:{&quot;unit&quot;:&quot;%&quot;,&quot;size&quot;:50,&quot;sizes&quot;:[]},&quot;jet_parallax_layout_type&quot;:&quot;scroll&quot;,&quot;jet_parallax_layout_direction&quot;:&quot;1&quot;,&quot;jet_parallax_layout_fx_direction&quot;:null,&quot;jet_parallax_layout_z_index&quot;:&quot;&quot;,&quot;jet_parallax_layout_bg_x&quot;:50,&quot;jet_parallax_layout_bg_x_tablet&quot;:&quot;&quot;,&quot;jet_parallax_layout_bg_x_mobile&quot;:&quot;&quot;,&quot;jet_parallax_layout_bg_y&quot;:50,&quot;jet_parallax_layout_bg_y_tablet&quot;:&quot;&quot;,&quot;jet_parallax_layout_bg_y_mobile&quot;:&quot;&quot;,&quot;jet_parallax_layout_bg_size&quot;:&quot;auto&quot;,&quot;jet_parallax_layout_bg_size_tablet&quot;:&quot;&quot;,&quot;jet_parallax_layout_bg_size_mobile&quot;:&quot;&quot;,&quot;jet_parallax_layout_animation_prop&quot;:&quot;transform&quot;,&quot;jet_parallax_layout_on&quot;:[&quot;desktop&quot;,&quot;tablet&quot;]}]}\">\n\t\t\t\t\t\t<div class=\"elementor-container elementor-column-gap-default\">\n\t\t\t\t\t<div class=\"elementor-column elementor-col-100 elementor-top-column elementor-element elementor-element-21284d21\" data-id=\"21284d21\" data-element_type=\"column\" data-e-type=\"column\">\n\t\t\t<div class=\"elementor-widget-wrap elementor-element-populated\">\n\t\t\t\t\t\t<div class=\"elementor-element elementor-element-56c396b6 elementor-widget elementor-widget-text-editor\" data-id=\"56c396b6\" data-element_type=\"widget\" data-e-type=\"widget\" data-widget_type=\"text-editor.default\">\n\t\t\t\t<div class=\"elementor-widget-container\">\n\t\t\t\t\t\t\t\t\t<p><\/p>\n<p>PLIEGOS<strong> DE BASES Y CONDICIONES<br \/><\/strong><\/p>\n<h5>La Comisi\u00f3n Administradora del R\u00edo Uruguay realiza cuatro llamados a personas de nacionalidad uruguaya que re\u00fanan los requisitos establecidos para participar en los Concursos Abiertos de Oposici\u00f3n y Antecedentes para la selecci\u00f3n de:<\/h5>\n<p>\u00a0<\/p>\n<p><\/p>\n<p><\/p>\n<p><\/p>\n<p><\/p>\n<p><strong><a href=\"https:\/\/caru.org.uy\/nuevositio\/wp-content\/uploads\/2024\/01\/No-1-24-Bases-del-Llamado-a-Ayudante-Administrativo-para-el-Departamento-de-Compras-D2-II-2024.pdf\">N\u00ba 1\/24 &#8211; AYUDANTE ADMINISTRATIVO PARA EL DEPARTAMENTO DE COMPRAS Y CONTRATACIONES<\/a> .<\/strong><u><\/u><\/p>\n<p><a href=\"https:\/\/caru.org.uy\/nuevositio\/wp-content\/uploads\/2024\/01\/N\u00b0-2-24-Bases-del-Llamado-a-Ayudante-Administrativo-para-la-Contaduria-D2-II-2024.pdf\"><strong>N\u00ba 2\/24 &#8211; AYUDANTE ADMINISTRATIVO PARA CONTADUR\u00cdA.<\/strong><\/a><\/p>\n<p><a href=\"https:\/\/caru.org.uy\/nuevositio\/wp-content\/uploads\/2024\/01\/N\u00b0-3-24-Bases-del-Llamado-a-3cobrador-PLGSM-2024.pdf\"><strong>N\u00ba 3\/24 &#8211; COBRADOR \u2013 AYUDANTE ADMINISTRATIVO PARA EL PUENTE LIBERTADOR GENERAL SAN MARTIN<u>.<\/u><\/strong><\/a><\/p>\n<p><a href=\"https:\/\/caru.org.uy\/nuevositio\/wp-content\/uploads\/2024\/01\/N\u00b0-4-24-Bases-del-Llamado-a-2-cobrador-PGA-2024.pdf\"><strong>N\u00ba 4\/24\u00a0 &#8211; COBRADOR \u2013 AYUDANTE ADMINISTRATIVO PARA EL PUENTE GENERAL ARTIGAS.<\/strong><\/a><\/p>\n<p>\u00a0<\/p>\n<h6><span style=\"text-decoration: underline;\"><b><i><u>INSCRIPCI\u00d3N<\/u><\/i><\/b><em style=\"text-decoration-line: underline;\"><strong>\u00a0FINALIZADA EL 13 DE FEBRERO\u00a0<\/strong><\/em><\/span><\/h6>\n<p><\/p>\t\t\t\t\t\t\t\t<\/div>\n\t\t\t\t<\/div>\n\t\t\t\t\t<\/div>\n\t\t<\/div>\n\t\t\t\t\t<\/div>\n\t\t<\/section>\n\t\t\t\t<section class=\"elementor-section elementor-top-section elementor-element elementor-element-43c6ebb elementor-section-boxed elementor-section-height-default elementor-section-height-default\" data-id=\"43c6ebb\" data-element_type=\"section\" data-e-type=\"section\" data-settings=\"{&quot;jet_parallax_layout_list&quot;:[{&quot;jet_parallax_layout_image&quot;:{&quot;url&quot;:&quot;&quot;,&quot;id&quot;:&quot;&quot;,&quot;size&quot;:&quot;&quot;},&quot;_id&quot;:&quot;1219472&quot;,&quot;jet_parallax_layout_image_tablet&quot;:{&quot;url&quot;:&quot;&quot;,&quot;id&quot;:&quot;&quot;,&quot;size&quot;:&quot;&quot;},&quot;jet_parallax_layout_image_mobile&quot;:{&quot;url&quot;:&quot;&quot;,&quot;id&quot;:&quot;&quot;,&quot;size&quot;:&quot;&quot;},&quot;jet_parallax_layout_speed&quot;:{&quot;unit&quot;:&quot;%&quot;,&quot;size&quot;:50,&quot;sizes&quot;:[]},&quot;jet_parallax_layout_type&quot;:&quot;scroll&quot;,&quot;jet_parallax_layout_direction&quot;:&quot;1&quot;,&quot;jet_parallax_layout_fx_direction&quot;:null,&quot;jet_parallax_layout_z_index&quot;:&quot;&quot;,&quot;jet_parallax_layout_bg_x&quot;:50,&quot;jet_parallax_layout_bg_x_tablet&quot;:&quot;&quot;,&quot;jet_parallax_layout_bg_x_mobile&quot;:&quot;&quot;,&quot;jet_parallax_layout_bg_y&quot;:50,&quot;jet_parallax_layout_bg_y_tablet&quot;:&quot;&quot;,&quot;jet_parallax_layout_bg_y_mobile&quot;:&quot;&quot;,&quot;jet_parallax_layout_bg_size&quot;:&quot;auto&quot;,&quot;jet_parallax_layout_bg_size_tablet&quot;:&quot;&quot;,&quot;jet_parallax_layout_bg_size_mobile&quot;:&quot;&quot;,&quot;jet_parallax_layout_animation_prop&quot;:&quot;transform&quot;,&quot;jet_parallax_layout_on&quot;:[&quot;desktop&quot;,&quot;tablet&quot;]}]}\">\n\t\t\t\t\t\t<div class=\"elementor-container elementor-column-gap-default\">\n\t\t\t\t\t<div class=\"elementor-column elementor-col-100 elementor-top-column elementor-element elementor-element-9fbe048\" data-id=\"9fbe048\" data-element_type=\"column\" data-e-type=\"column\">\n\t\t\t<div class=\"elementor-widget-wrap elementor-element-populated\">\n\t\t\t\t\t\t<div class=\"elementor-element elementor-element-ccaf222 elementor-widget elementor-widget-text-editor\" data-id=\"ccaf222\" data-element_type=\"widget\" data-e-type=\"widget\" data-widget_type=\"text-editor.default\">\n\t\t\t\t<div class=\"elementor-widget-container\">\n\t\t\t\t\t\t\t\t\t<p><\/p>\n<ul>\n<li><a href=\"https:\/\/caru.org.uy\/nuevositio\/2024\/03\/18\/novedades-sobre-los-cuatro-llamados-a-concurso-de-caru\/\"><strong>EVALUACIONES TECNICAS Y PRUEBA DE OPOSICION\u00a0<\/strong><\/a><\/li>\n<\/ul>\n<p><\/p>\t\t\t\t\t\t\t\t<\/div>\n\t\t\t\t<\/div>\n\t\t\t\t\t<\/div>\n\t\t<\/div>\n\t\t\t\t\t<\/div>\n\t\t<\/section>\n\t\t\t\t<section class=\"elementor-section elementor-top-section elementor-element elementor-element-ccb5ff5 elementor-section-boxed elementor-section-height-default elementor-section-height-default\" data-id=\"ccb5ff5\" data-element_type=\"section\" data-e-type=\"section\" data-settings=\"{&quot;jet_parallax_layout_list&quot;:[{&quot;jet_parallax_layout_image&quot;:{&quot;url&quot;:&quot;&quot;,&quot;id&quot;:&quot;&quot;,&quot;size&quot;:&quot;&quot;},&quot;_id&quot;:&quot;1219472&quot;,&quot;jet_parallax_layout_image_tablet&quot;:{&quot;url&quot;:&quot;&quot;,&quot;id&quot;:&quot;&quot;,&quot;size&quot;:&quot;&quot;},&quot;jet_parallax_layout_image_mobile&quot;:{&quot;url&quot;:&quot;&quot;,&quot;id&quot;:&quot;&quot;,&quot;size&quot;:&quot;&quot;},&quot;jet_parallax_layout_speed&quot;:{&quot;unit&quot;:&quot;%&quot;,&quot;size&quot;:50,&quot;sizes&quot;:[]},&quot;jet_parallax_layout_type&quot;:&quot;scroll&quot;,&quot;jet_parallax_layout_direction&quot;:&quot;1&quot;,&quot;jet_parallax_layout_fx_direction&quot;:null,&quot;jet_parallax_layout_z_index&quot;:&quot;&quot;,&quot;jet_parallax_layout_bg_x&quot;:50,&quot;jet_parallax_layout_bg_x_tablet&quot;:&quot;&quot;,&quot;jet_parallax_layout_bg_x_mobile&quot;:&quot;&quot;,&quot;jet_parallax_layout_bg_y&quot;:50,&quot;jet_parallax_layout_bg_y_tablet&quot;:&quot;&quot;,&quot;jet_parallax_layout_bg_y_mobile&quot;:&quot;&quot;,&quot;jet_parallax_layout_bg_size&quot;:&quot;auto&quot;,&quot;jet_parallax_layout_bg_size_tablet&quot;:&quot;&quot;,&quot;jet_parallax_layout_bg_size_mobile&quot;:&quot;&quot;,&quot;jet_parallax_layout_animation_prop&quot;:&quot;transform&quot;,&quot;jet_parallax_layout_on&quot;:[&quot;desktop&quot;,&quot;tablet&quot;]}]}\">\n\t\t\t\t\t\t<div class=\"elementor-container elementor-column-gap-default\">\n\t\t\t\t\t<div class=\"elementor-column elementor-col-100 elementor-top-column elementor-element elementor-element-ced8a55\" data-id=\"ced8a55\" data-element_type=\"column\" data-e-type=\"column\">\n\t\t\t<div class=\"elementor-widget-wrap elementor-element-populated\">\n\t\t\t\t\t\t<div class=\"elementor-element elementor-element-5e6988b elementor-widget elementor-widget-text-editor\" data-id=\"5e6988b\" data-element_type=\"widget\" data-e-type=\"widget\" data-widget_type=\"text-editor.default\">\n\t\t\t\t<div class=\"elementor-widget-container\">\n\t\t\t\t\t\t\t\t\t<p><\/p>\n<ul>\n<li><a href=\"https:\/\/caru.org.uy\/nuevositio\/2024\/04\/02\/convocatoria-concurso-abierto-de-oposicion-y-antecedentes-llamados-1-24-2-243-244-24\/\"><strong>CONVOCATORIA A LA EVALUACION PSICOLABORAL Y PSICOTECNICA<\/strong><\/a><\/li>\n<\/ul>\n<p><\/p>\t\t\t\t\t\t\t\t<\/div>\n\t\t\t\t<\/div>\n\t\t\t\t<div class=\"elementor-element elementor-element-c8922f4 elementor-widget elementor-widget-text-editor\" data-id=\"c8922f4\" data-element_type=\"widget\" data-e-type=\"widget\" data-widget_type=\"text-editor.default\">\n\t\t\t\t<div class=\"elementor-widget-container\">\n\t\t\t\t\t\t\t\t\t<p><\/p>\n<ul>\n<li><a href=\"https:\/\/caru.org.uy\/nuevositio\/2024\/05\/17\/se-definio-el-orden-de-prelacion-definitivo-de-aspirantes-a-ocupar-cuatro-cargos-en-caru\/\"><strong>ORDEN DE PRELACION DEFINITIVO DE LOS ASPIRANTES A LOS CUATRO CONCURSOS<\/strong><\/a><\/li>\n<\/ul>\n<p><\/p>\t\t\t\t\t\t\t\t<\/div>\n\t\t\t\t<\/div>\n\t\t\t\t<div class=\"elementor-element elementor-element-cf5b2bc elementor-widget elementor-widget-text-editor\" data-id=\"cf5b2bc\" data-element_type=\"widget\" data-e-type=\"widget\" data-widget_type=\"text-editor.default\">\n\t\t\t\t<div class=\"elementor-widget-container\">\n\t\t\t\t\t\t\t\t\t<p><\/p>\n<ul>\n<li><a href=\"https:\/\/caru.org.uy\/nuevositio\/2024\/07\/03\/designaciones-para-los-cargos-concursados-en-caru\/\"><strong>DESIGNACIONES PARA LOS CUATRO CONCURSOS<\/strong><\/a><\/li>\n<\/ul>\n<p><\/p>\t\t\t\t\t\t\t\t<\/div>\n\t\t\t\t<\/div>\n\t\t\t\t\t<\/div>\n\t\t<\/div>\n\t\t\t\t\t<\/div>\n\t\t<\/section>\n\t\t\t\t<\/div>\n\t\t","protected":false},"excerpt":{"rendered":"<p>PLIEGOS DE BASES Y CONDICIONES La Comisi\u00f3n Administradora del R\u00edo Uruguay realiza cuatro llamados a personas de nacionalidad uruguaya que re\u00fanan los requisitos establecidos para participar en los Concursos Abiertos de Oposici\u00f3n y Antecedentes para la selecci\u00f3n de: \u00a0 N\u00ba 1\/24 &#8211; AYUDANTE ADMINISTRATIVO PARA EL DEPARTAMENTO DE COMPRAS Y CONTRATACIONES . N\u00ba 2\/24 &#8211; [&hellip;]<\/p>\n","protected":false},"author":1,"featured_media":0,"comment_status":"closed","ping_status":"open","sticky":false,"template":"","format":"standard","meta":{"_acf_changed":false,"_joinchat":[],"footnotes":""},"categories":[36],"tags":[],"class_list":["post-9146","post","type-post","status-publish","format-standard","hentry","category-concursos"],"acf":[],"yoast_head":"<!-- This site is optimized with the Yoast SEO plugin v27.3 - https:\/\/yoast.com\/product\/yoast-seo-wordpress\/ -->\n<title>Concurso Abierto de Oposici\u00f3n y Antecedentes para cuatro cargos para personas de nacionalidad uruguaya % C.A.R.U. imagen<\/title>\n<meta name=\"robots\" content=\"index, follow, max-snippet:-1, max-image-preview:large, max-video-preview:-1\" \/>\n<link rel=\"canonical\" href=\"https:\/\/caru.org.uy\/nuevositio\/2024\/01\/27\/concurso-abierto-de-oposicion-y-antecedentes-para-cuatro-cargos-para-personas-de-nacionalidad-uruguaya\/\" \/>\n<meta property=\"og:locale\" content=\"es_ES\" \/>\n<meta property=\"og:type\" content=\"article\" \/>\n<meta property=\"og:title\" content=\"Concurso Abierto de Oposici\u00f3n y Antecedentes para cuatro cargos para personas de nacionalidad uruguaya % C.A.R.U. imagen\" \/>\n<meta property=\"og:description\" content=\"PLIEGOS DE BASES Y CONDICIONES La Comisi\u00f3n Administradora del R\u00edo Uruguay realiza cuatro llamados a personas de nacionalidad uruguaya que re\u00fanan los requisitos establecidos para participar en los Concursos Abiertos de Oposici\u00f3n y Antecedentes para la selecci\u00f3n de: \u00a0 N\u00ba 1\/24 &#8211; AYUDANTE ADMINISTRATIVO PARA EL DEPARTAMENTO DE COMPRAS Y CONTRATACIONES . N\u00ba 2\/24 &#8211; [&hellip;]\" \/>\n<meta property=\"og:url\" content=\"https:\/\/caru.org.uy\/nuevositio\/2024\/01\/27\/concurso-abierto-de-oposicion-y-antecedentes-para-cuatro-cargos-para-personas-de-nacionalidad-uruguaya\/\" \/>\n<meta property=\"og:site_name\" content=\"C.A.R.U.\" \/>\n<meta property=\"article:published_time\" content=\"2024-01-27T13:50:55+00:00\" \/>\n<meta property=\"article:modified_time\" content=\"2024-07-04T03:25:17+00:00\" \/>\n<meta name=\"author\" content=\"Noma\" \/>\n<meta name=\"twitter:card\" content=\"summary_large_image\" \/>\n<meta name=\"twitter:label1\" content=\"Escrito por\" \/>\n\t<meta name=\"twitter:data1\" content=\"Noma\" \/>\n\t<meta name=\"twitter:label2\" content=\"Tiempo de lectura\" \/>\n\t<meta name=\"twitter:data2\" content=\"1 minuto\" \/>\n<script type=\"application\/ld+json\" class=\"yoast-schema-graph\">{\"@context\":\"https:\\\/\\\/schema.org\",\"@graph\":[{\"@type\":[\"Article\",\"BlogPosting\"],\"@id\":\"https:\\\/\\\/caru.org.uy\\\/nuevositio\\\/2024\\\/01\\\/27\\\/concurso-abierto-de-oposicion-y-antecedentes-para-cuatro-cargos-para-personas-de-nacionalidad-uruguaya\\\/#article\",\"isPartOf\":{\"@id\":\"https:\\\/\\\/caru.org.uy\\\/nuevositio\\\/2024\\\/01\\\/27\\\/concurso-abierto-de-oposicion-y-antecedentes-para-cuatro-cargos-para-personas-de-nacionalidad-uruguaya\\\/\"},\"author\":{\"name\":\"Noma\",\"@id\":\"https:\\\/\\\/caru.org.uy\\\/nuevositio\\\/#\\\/schema\\\/person\\\/9a11b7bc115602d2066d4c695b2aa3e5\"},\"headline\":\"Concurso Abierto de Oposici\u00f3n y Antecedentes para cuatro cargos para personas de nacionalidad uruguaya\",\"datePublished\":\"2024-01-27T13:50:55+00:00\",\"dateModified\":\"2024-07-04T03:25:17+00:00\",\"mainEntityOfPage\":{\"@id\":\"https:\\\/\\\/caru.org.uy\\\/nuevositio\\\/2024\\\/01\\\/27\\\/concurso-abierto-de-oposicion-y-antecedentes-para-cuatro-cargos-para-personas-de-nacionalidad-uruguaya\\\/\"},\"wordCount\":133,\"publisher\":{\"@id\":\"https:\\\/\\\/caru.org.uy\\\/nuevositio\\\/#organization\"},\"articleSection\":[\"Concursos\"],\"inLanguage\":\"es\"},{\"@type\":\"WebPage\",\"@id\":\"https:\\\/\\\/caru.org.uy\\\/nuevositio\\\/2024\\\/01\\\/27\\\/concurso-abierto-de-oposicion-y-antecedentes-para-cuatro-cargos-para-personas-de-nacionalidad-uruguaya\\\/\",\"url\":\"https:\\\/\\\/caru.org.uy\\\/nuevositio\\\/2024\\\/01\\\/27\\\/concurso-abierto-de-oposicion-y-antecedentes-para-cuatro-cargos-para-personas-de-nacionalidad-uruguaya\\\/\",\"name\":\"Concurso Abierto de Oposici\u00f3n y Antecedentes para cuatro cargos para personas de nacionalidad uruguaya % C.A.R.U. imagen\",\"isPartOf\":{\"@id\":\"https:\\\/\\\/caru.org.uy\\\/nuevositio\\\/#website\"},\"datePublished\":\"2024-01-27T13:50:55+00:00\",\"dateModified\":\"2024-07-04T03:25:17+00:00\",\"breadcrumb\":{\"@id\":\"https:\\\/\\\/caru.org.uy\\\/nuevositio\\\/2024\\\/01\\\/27\\\/concurso-abierto-de-oposicion-y-antecedentes-para-cuatro-cargos-para-personas-de-nacionalidad-uruguaya\\\/#breadcrumb\"},\"inLanguage\":\"es\",\"potentialAction\":[{\"@type\":\"ReadAction\",\"target\":[\"https:\\\/\\\/caru.org.uy\\\/nuevositio\\\/2024\\\/01\\\/27\\\/concurso-abierto-de-oposicion-y-antecedentes-para-cuatro-cargos-para-personas-de-nacionalidad-uruguaya\\\/\"]}]},{\"@type\":\"BreadcrumbList\",\"@id\":\"https:\\\/\\\/caru.org.uy\\\/nuevositio\\\/2024\\\/01\\\/27\\\/concurso-abierto-de-oposicion-y-antecedentes-para-cuatro-cargos-para-personas-de-nacionalidad-uruguaya\\\/#breadcrumb\",\"itemListElement\":[{\"@type\":\"ListItem\",\"position\":1,\"name\":\"Portada\",\"item\":\"https:\\\/\\\/caru.org.uy\\\/nuevositio\\\/\"},{\"@type\":\"ListItem\",\"position\":2,\"name\":\"Concurso Abierto de Oposici\u00f3n y Antecedentes para cuatro cargos para personas de nacionalidad uruguaya\"}]},{\"@type\":\"WebSite\",\"@id\":\"https:\\\/\\\/caru.org.uy\\\/nuevositio\\\/#website\",\"url\":\"https:\\\/\\\/caru.org.uy\\\/nuevositio\\\/\",\"name\":\"C.A.R.U.\",\"description\":\"Comisi\u00f3n Administradora del R\u00edo Uruguay\",\"publisher\":{\"@id\":\"https:\\\/\\\/caru.org.uy\\\/nuevositio\\\/#organization\"},\"potentialAction\":[{\"@type\":\"SearchAction\",\"target\":{\"@type\":\"EntryPoint\",\"urlTemplate\":\"https:\\\/\\\/caru.org.uy\\\/nuevositio\\\/?s={search_term_string}\"},\"query-input\":{\"@type\":\"PropertyValueSpecification\",\"valueRequired\":true,\"valueName\":\"search_term_string\"}}],\"inLanguage\":\"es\"},{\"@type\":\"Organization\",\"@id\":\"https:\\\/\\\/caru.org.uy\\\/nuevositio\\\/#organization\",\"name\":\"C.A.R.U.\",\"url\":\"https:\\\/\\\/caru.org.uy\\\/nuevositio\\\/\",\"logo\":{\"@type\":\"ImageObject\",\"inLanguage\":\"es\",\"@id\":\"https:\\\/\\\/caru.org.uy\\\/nuevositio\\\/#\\\/schema\\\/logo\\\/image\\\/\",\"url\":\"https:\\\/\\\/caru.org.uy\\\/nuevositio\\\/wp-content\\\/uploads\\\/2023\\\/11\\\/logo-nuevo.jpg\",\"contentUrl\":\"https:\\\/\\\/caru.org.uy\\\/nuevositio\\\/wp-content\\\/uploads\\\/2023\\\/11\\\/logo-nuevo.jpg\",\"width\":1,\"height\":1,\"caption\":\"C.A.R.U.\"},\"image\":{\"@id\":\"https:\\\/\\\/caru.org.uy\\\/nuevositio\\\/#\\\/schema\\\/logo\\\/image\\\/\"}},{\"@type\":\"Person\",\"@id\":\"https:\\\/\\\/caru.org.uy\\\/nuevositio\\\/#\\\/schema\\\/person\\\/9a11b7bc115602d2066d4c695b2aa3e5\",\"name\":\"Noma\",\"image\":{\"@type\":\"ImageObject\",\"inLanguage\":\"es\",\"@id\":\"https:\\\/\\\/secure.gravatar.com\\\/avatar\\\/8b0eb2764fe524b07cdc015df29e7576c061e58c50641dd8ccc46d3d448307e5?s=96&d=mm&r=g\",\"url\":\"https:\\\/\\\/secure.gravatar.com\\\/avatar\\\/8b0eb2764fe524b07cdc015df29e7576c061e58c50641dd8ccc46d3d448307e5?s=96&d=mm&r=g\",\"contentUrl\":\"https:\\\/\\\/secure.gravatar.com\\\/avatar\\\/8b0eb2764fe524b07cdc015df29e7576c061e58c50641dd8ccc46d3d448307e5?s=96&d=mm&r=g\",\"caption\":\"Noma\"},\"url\":\"https:\\\/\\\/caru.org.uy\\\/nuevositio\\\/author\\\/admin\\\/\"}]}<\/script>\n<!-- \/ Yoast SEO plugin. -->","yoast_head_json":{"title":"Concurso Abierto de Oposici\u00f3n y Antecedentes para cuatro cargos para personas de nacionalidad uruguaya % C.A.R.U. imagen","robots":{"index":"index","follow":"follow","max-snippet":"max-snippet:-1","max-image-preview":"max-image-preview:large","max-video-preview":"max-video-preview:-1"},"canonical":"https:\/\/caru.org.uy\/nuevositio\/2024\/01\/27\/concurso-abierto-de-oposicion-y-antecedentes-para-cuatro-cargos-para-personas-de-nacionalidad-uruguaya\/","og_locale":"es_ES","og_type":"article","og_title":"Concurso Abierto de Oposici\u00f3n y Antecedentes para cuatro cargos para personas de nacionalidad uruguaya % C.A.R.U. imagen","og_description":"PLIEGOS DE BASES Y CONDICIONES La Comisi\u00f3n Administradora del R\u00edo Uruguay realiza cuatro llamados a personas de nacionalidad uruguaya que re\u00fanan los requisitos establecidos para participar en los Concursos Abiertos de Oposici\u00f3n y Antecedentes para la selecci\u00f3n de: \u00a0 N\u00ba 1\/24 &#8211; AYUDANTE ADMINISTRATIVO PARA EL DEPARTAMENTO DE COMPRAS Y CONTRATACIONES . N\u00ba 2\/24 &#8211; [&hellip;]","og_url":"https:\/\/caru.org.uy\/nuevositio\/2024\/01\/27\/concurso-abierto-de-oposicion-y-antecedentes-para-cuatro-cargos-para-personas-de-nacionalidad-uruguaya\/","og_site_name":"C.A.R.U.","article_published_time":"2024-01-27T13:50:55+00:00","article_modified_time":"2024-07-04T03:25:17+00:00","author":"Noma","twitter_card":"summary_large_image","twitter_misc":{"Escrito por":"Noma","Tiempo de lectura":"1 minuto"},"schema":{"@context":"https:\/\/schema.org","@graph":[{"@type":["Article","BlogPosting"],"@id":"https:\/\/caru.org.uy\/nuevositio\/2024\/01\/27\/concurso-abierto-de-oposicion-y-antecedentes-para-cuatro-cargos-para-personas-de-nacionalidad-uruguaya\/#article","isPartOf":{"@id":"https:\/\/caru.org.uy\/nuevositio\/2024\/01\/27\/concurso-abierto-de-oposicion-y-antecedentes-para-cuatro-cargos-para-personas-de-nacionalidad-uruguaya\/"},"author":{"name":"Noma","@id":"https:\/\/caru.org.uy\/nuevositio\/#\/schema\/person\/9a11b7bc115602d2066d4c695b2aa3e5"},"headline":"Concurso Abierto de Oposici\u00f3n y Antecedentes para cuatro cargos para personas de nacionalidad uruguaya","datePublished":"2024-01-27T13:50:55+00:00","dateModified":"2024-07-04T03:25:17+00:00","mainEntityOfPage":{"@id":"https:\/\/caru.org.uy\/nuevositio\/2024\/01\/27\/concurso-abierto-de-oposicion-y-antecedentes-para-cuatro-cargos-para-personas-de-nacionalidad-uruguaya\/"},"wordCount":133,"publisher":{"@id":"https:\/\/caru.org.uy\/nuevositio\/#organization"},"articleSection":["Concursos"],"inLanguage":"es"},{"@type":"WebPage","@id":"https:\/\/caru.org.uy\/nuevositio\/2024\/01\/27\/concurso-abierto-de-oposicion-y-antecedentes-para-cuatro-cargos-para-personas-de-nacionalidad-uruguaya\/","url":"https:\/\/caru.org.uy\/nuevositio\/2024\/01\/27\/concurso-abierto-de-oposicion-y-antecedentes-para-cuatro-cargos-para-personas-de-nacionalidad-uruguaya\/","name":"Concurso Abierto de Oposici\u00f3n y Antecedentes para cuatro cargos para personas de nacionalidad uruguaya % C.A.R.U. imagen","isPartOf":{"@id":"https:\/\/caru.org.uy\/nuevositio\/#website"},"datePublished":"2024-01-27T13:50:55+00:00","dateModified":"2024-07-04T03:25:17+00:00","breadcrumb":{"@id":"https:\/\/caru.org.uy\/nuevositio\/2024\/01\/27\/concurso-abierto-de-oposicion-y-antecedentes-para-cuatro-cargos-para-personas-de-nacionalidad-uruguaya\/#breadcrumb"},"inLanguage":"es","potentialAction":[{"@type":"ReadAction","target":["https:\/\/caru.org.uy\/nuevositio\/2024\/01\/27\/concurso-abierto-de-oposicion-y-antecedentes-para-cuatro-cargos-para-personas-de-nacionalidad-uruguaya\/"]}]},{"@type":"BreadcrumbList","@id":"https:\/\/caru.org.uy\/nuevositio\/2024\/01\/27\/concurso-abierto-de-oposicion-y-antecedentes-para-cuatro-cargos-para-personas-de-nacionalidad-uruguaya\/#breadcrumb","itemListElement":[{"@type":"ListItem","position":1,"name":"Portada","item":"https:\/\/caru.org.uy\/nuevositio\/"},{"@type":"ListItem","position":2,"name":"Concurso Abierto de Oposici\u00f3n y Antecedentes para cuatro cargos para personas de nacionalidad uruguaya"}]},{"@type":"WebSite","@id":"https:\/\/caru.org.uy\/nuevositio\/#website","url":"https:\/\/caru.org.uy\/nuevositio\/","name":"C.A.R.U.","description":"Comisi\u00f3n Administradora del R\u00edo Uruguay","publisher":{"@id":"https:\/\/caru.org.uy\/nuevositio\/#organization"},"potentialAction":[{"@type":"SearchAction","target":{"@type":"EntryPoint","urlTemplate":"https:\/\/caru.org.uy\/nuevositio\/?s={search_term_string}"},"query-input":{"@type":"PropertyValueSpecification","valueRequired":true,"valueName":"search_term_string"}}],"inLanguage":"es"},{"@type":"Organization","@id":"https:\/\/caru.org.uy\/nuevositio\/#organization","name":"C.A.R.U.","url":"https:\/\/caru.org.uy\/nuevositio\/","logo":{"@type":"ImageObject","inLanguage":"es","@id":"https:\/\/caru.org.uy\/nuevositio\/#\/schema\/logo\/image\/","url":"https:\/\/caru.org.uy\/nuevositio\/wp-content\/uploads\/2023\/11\/logo-nuevo.jpg","contentUrl":"https:\/\/caru.org.uy\/nuevositio\/wp-content\/uploads\/2023\/11\/logo-nuevo.jpg","width":1,"height":1,"caption":"C.A.R.U."},"image":{"@id":"https:\/\/caru.org.uy\/nuevositio\/#\/schema\/logo\/image\/"}},{"@type":"Person","@id":"https:\/\/caru.org.uy\/nuevositio\/#\/schema\/person\/9a11b7bc115602d2066d4c695b2aa3e5","name":"Noma","image":{"@type":"ImageObject","inLanguage":"es","@id":"https:\/\/secure.gravatar.com\/avatar\/8b0eb2764fe524b07cdc015df29e7576c061e58c50641dd8ccc46d3d448307e5?s=96&d=mm&r=g","url":"https:\/\/secure.gravatar.com\/avatar\/8b0eb2764fe524b07cdc015df29e7576c061e58c50641dd8ccc46d3d448307e5?s=96&d=mm&r=g","contentUrl":"https:\/\/secure.gravatar.com\/avatar\/8b0eb2764fe524b07cdc015df29e7576c061e58c50641dd8ccc46d3d448307e5?s=96&d=mm&r=g","caption":"Noma"},"url":"https:\/\/caru.org.uy\/nuevositio\/author\/admin\/"}]}},"_links":{"self":[{"href":"https:\/\/caru.org.uy\/nuevositio\/wp-json\/wp\/v2\/posts\/9146","targetHints":{"allow":["GET"]}}],"collection":[{"href":"https:\/\/caru.org.uy\/nuevositio\/wp-json\/wp\/v2\/posts"}],"about":[{"href":"https:\/\/caru.org.uy\/nuevositio\/wp-json\/wp\/v2\/types\/post"}],"author":[{"embeddable":true,"href":"https:\/\/caru.org.uy\/nuevositio\/wp-json\/wp\/v2\/users\/1"}],"replies":[{"embeddable":true,"href":"https:\/\/caru.org.uy\/nuevositio\/wp-json\/wp\/v2\/comments?post=9146"}],"version-history":[{"count":5,"href":"https:\/\/caru.org.uy\/nuevositio\/wp-json\/wp\/v2\/posts\/9146\/revisions"}],"predecessor-version":[{"id":9805,"href":"https:\/\/caru.org.uy\/nuevositio\/wp-json\/wp\/v2\/posts\/9146\/revisions\/9805"}],"wp:attachment":[{"href":"https:\/\/caru.org.uy\/nuevositio\/wp-json\/wp\/v2\/media?parent=9146"}],"wp:term":[{"taxonomy":"category","embeddable":true,"href":"https:\/\/caru.org.uy\/nuevositio\/wp-json\/wp\/v2\/categories?post=9146"},{"taxonomy":"post_tag","embeddable":true,"href":"https:\/\/caru.org.uy\/nuevositio\/wp-json\/wp\/v2\/tags?post=9146"}],"curies":[{"name":"wp","href":"https:\/\/api.w.org\/{rel}","templated":true}]}}