{"id":9318,"date":"2024-03-11T13:09:55","date_gmt":"2024-03-11T13:09:55","guid":{"rendered":"https:\/\/caru.org.uy\/nuevositio\/?p=9318"},"modified":"2024-03-11T13:21:00","modified_gmt":"2024-03-11T13:21:00","slug":"la-importancia-de-respetar-la-talla-minima-de-pesca","status":"publish","type":"post","link":"https:\/\/caru.org.uy\/nuevositio\/2024\/03\/11\/la-importancia-de-respetar-la-talla-minima-de-pesca\/","title":{"rendered":"La importancia de respetar la talla m\u00ednima de pesca"},"content":{"rendered":"\t\t<div data-elementor-type=\"wp-post\" data-elementor-id=\"9318\" class=\"elementor elementor-9318\" data-elementor-post-type=\"post\">\n\t\t\t\t\t\t<section class=\"elementor-section elementor-top-section elementor-element elementor-element-5666c0d elementor-section-boxed elementor-section-height-default elementor-section-height-default\" data-id=\"5666c0d\" data-element_type=\"section\" data-e-type=\"section\" data-settings=\"{&quot;jet_parallax_layout_list&quot;:[]}\">\n\t\t\t\t\t\t<div class=\"elementor-container elementor-column-gap-default\">\n\t\t\t\t\t<div class=\"elementor-column elementor-col-50 elementor-top-column elementor-element elementor-element-57975725\" data-id=\"57975725\" data-element_type=\"column\" data-e-type=\"column\">\n\t\t\t<div class=\"elementor-widget-wrap elementor-element-populated\">\n\t\t\t\t\t\t<div class=\"elementor-element elementor-element-4514bc94 elementor-widget elementor-widget-image\" data-id=\"4514bc94\" data-element_type=\"widget\" data-e-type=\"widget\" data-widget_type=\"image.default\">\n\t\t\t\t<div class=\"elementor-widget-container\">\n\t\t\t\t\t\t\t\t\t\t\t\t\t\t\t<img fetchpriority=\"high\" decoding=\"async\" width=\"1024\" height=\"576\" src=\"https:\/\/caru.org.uy\/nuevositio\/wp-content\/uploads\/2024\/03\/medida-peces-1024x576.jpeg\" class=\"attachment-large size-large wp-image-9319\" alt=\"\" srcset=\"https:\/\/caru.org.uy\/nuevositio\/wp-content\/uploads\/2024\/03\/medida-peces-1024x576.jpeg 1024w, https:\/\/caru.org.uy\/nuevositio\/wp-content\/uploads\/2024\/03\/medida-peces-300x169.jpeg 300w, https:\/\/caru.org.uy\/nuevositio\/wp-content\/uploads\/2024\/03\/medida-peces-768x432.jpeg 768w, https:\/\/caru.org.uy\/nuevositio\/wp-content\/uploads\/2024\/03\/medida-peces.jpeg 1200w\" sizes=\"(max-width: 1024px) 100vw, 1024px\" \/>\t\t\t\t\t\t\t\t\t\t\t\t\t\t\t<\/div>\n\t\t\t\t<\/div>\n\t\t\t\t\t<\/div>\n\t\t<\/div>\n\t\t\t\t<div class=\"elementor-column elementor-col-50 elementor-top-column elementor-element elementor-element-24233ee\" data-id=\"24233ee\" data-element_type=\"column\" data-e-type=\"column\">\n\t\t\t<div class=\"elementor-widget-wrap elementor-element-populated\">\n\t\t\t\t\t\t<div class=\"elementor-element elementor-element-12dd5c45 elementor-widget elementor-widget-text-editor\" data-id=\"12dd5c45\" data-element_type=\"widget\" data-e-type=\"widget\" data-widget_type=\"text-editor.default\">\n\t\t\t\t<div class=\"elementor-widget-container\">\n\t\t\t\t\t\t\t\t\t<p><\/p><p>La Comisi\u00f3n Administradora del R\u00edo Uruguay (CARU), realiza peri\u00f3dicamente trabajos de relevamiento de los recursos \u00edcticos del R\u00edo Uruguay.\u00a0 Dichos estudios indican que en coincidencia con las crecientes extraordinarias ocurridas recientemente entre octubre de 2023 y enero de 2024 en el r\u00edo Uruguay, se ha registrado un per\u00edodo reproductivo de peces altamente exitoso. Esto se ha evidenciado por la presencia de grandes cantidades de individuos juveniles de especies de valor econ\u00f3mico como s\u00e1balos, bogas, dorados y surub\u00edes, durante las tareas de campo.<\/p><p>Por este motivo se recuerda al p\u00fablico que desarrolla actividades de pesca en aguas de la cuenca del r\u00edo Uruguay, que deben respetar estrictamente la normativa acerca de las tallas m\u00ednimas de captura de las especies mencionadas en la siguiente Tabla.\u00a0 Individuos por debajo de esas longitudes deben ser devueltos al agua sin excepci\u00f3n y no pueden ser comercializados bajo ning\u00fan concepto.<\/p><p>Se insta a la poblaci\u00f3n a tomar los recaudos necesarios para minimizar el da\u00f1o a los ejemplares mencionados previo a su devoluci\u00f3n al agua:\u00a0<\/p><p>&#8211; En lo posible use anzuelos sin rebaba o con la rebaba aplastada y copos aptos para la pesca y devoluci\u00f3n. \u2013<\/p><p>&#8211; Evite golpearlos, mantenerlos colgando del anzuelo y tocar sus agallas. \u2013<\/p><p>&#8211; Proceda con rapidez. No pasee con el ejemplar fuera del agua.<\/p><p>&#8211; Antes de liberarlo, intente las maniobras de recuperaci\u00f3n realizando movimientos suaves hacia adelante y hacia atr\u00e1s con el ejemplar en al agua hasta que el ejemplar intente comenzar a nadar.<\/p><p>&#8211; En lo posible lib\u00e9relo lejos de la orilla. \u2013<\/p><p>&#8211; Ante la duda de su capacidad de sobrevivencia, lib\u00e9relo de todas formas y evite infracciones.\u00a0<\/p><p>El cuidado de los ejemplares peque\u00f1os en oportunidad de un escenario tan favorable puede constituir una inmejorable oportunidad de expansi\u00f3n de los tama\u00f1os de las poblaciones de peces a futuro, en especial luego del per\u00edodo de bajante ocurrida en a\u00f1os recientes.<\/p><p>\u00a0<\/p><table><tbody><tr><td width=\"189\"><p><strong><em>Especie<\/em><\/strong><\/p><\/td><td width=\"189\"><p><strong><em>Talla M\u00ednima de Captura (largo est\u00e1ndar en cm.)<\/em><\/strong><\/p><\/td><\/tr><tr><td width=\"189\"><p>Bagre amarillo<\/p><\/td><td width=\"189\"><p>20 cm<\/p><\/td><\/tr><tr><td width=\"189\"><p>Bagre blanco<\/p><\/td><td width=\"189\"><p>22 cm<\/p><\/td><\/tr><tr><td width=\"189\"><p>Boga<\/p><\/td><td width=\"189\"><p>34 cm<\/p><\/td><\/tr><tr><td width=\"189\"><p>Dorado<\/p><\/td><td width=\"189\"><p>65 cm<\/p><\/td><\/tr><tr><td width=\"189\"><p>Pat\u00ed<\/p><\/td><td width=\"189\"><p>40 cm<\/p><\/td><\/tr><tr><td width=\"189\"><p>S\u00e1balo<\/p><\/td><td width=\"189\"><p>34 cm<\/p><\/td><\/tr><tr><td width=\"189\"><p>Surubi Pintado<\/p><\/td><td width=\"189\"><p>85 cm<\/p><\/td><\/tr><tr><td width=\"189\"><p>Surub\u00ed Atigrado<\/p><\/td><td width=\"189\"><p><strong>Vedado<\/strong><\/p><\/td><\/tr><tr><td width=\"189\"><p>Tararira<\/p><\/td><td width=\"189\"><p>33 cm<\/p><\/td><\/tr><tr><td width=\"189\"><p>Armado<\/p><\/td><td width=\"189\"><p><strong>Vedado<\/strong><\/p><\/td><\/tr><tr><td width=\"189\"><p>Pejerrey<\/p><\/td><td width=\"189\"><p>25 cm<\/p><\/td><\/tr><tr><td width=\"189\"><p>Manduv\u00ed<\/p><\/td><td width=\"189\"><p>27 cm<\/p><\/td><\/tr><\/tbody><\/table><p>\u00a0<\/p><p>\u00a0<\/p><p>\u00a0<\/p><p>\u00a0<\/p><p>\u00a0<\/p><p>\u00a0<\/p><p>\u00a0<\/p><p>\u00a0<\/p><p>\u00a0<\/p><p>\u00a0<\/p><p>\u00a0<\/p><p>\u00a0<\/p><p>\u00a0<\/p><p>\u00a0<\/p><p>\u00a0<\/p><p>\u00a0<\/p><p><\/p>\t\t\t\t\t\t\t\t<\/div>\n\t\t\t\t<\/div>\n\t\t\t\t\t<\/div>\n\t\t<\/div>\n\t\t\t\t\t<\/div>\n\t\t<\/section>\n\t\t\t\t<\/div>\n\t\t","protected":false},"excerpt":{"rendered":"<p>La Comisi\u00f3n Administradora del R\u00edo Uruguay (CARU), realiza peri\u00f3dicamente trabajos de relevamiento de los recursos \u00edcticos del R\u00edo Uruguay.\u00a0 Dichos estudios indican que en coincidencia con las crecientes extraordinarias ocurridas recientemente entre octubre de 2023 y enero de 2024 en el r\u00edo Uruguay, se ha registrado un per\u00edodo reproductivo de peces altamente exitoso. Esto se [&hellip;]<\/p>\n","protected":false},"author":1,"featured_media":9325,"comment_status":"closed","ping_status":"open","sticky":false,"template":"","format":"standard","meta":{"_acf_changed":false,"_joinchat":[],"footnotes":""},"categories":[37,27],"tags":[],"class_list":["post-9318","post","type-post","status-publish","format-standard","has-post-thumbnail","hentry","category-noticias","category-novedades"],"acf":[],"yoast_head":"<!-- This site is optimized with the Yoast SEO plugin v27.3 - https:\/\/yoast.com\/product\/yoast-seo-wordpress\/ -->\n<title>La importancia de respetar la talla m\u00ednima de pesca % C.A.R.U. imagen<\/title>\n<meta name=\"robots\" content=\"index, follow, max-snippet:-1, max-image-preview:large, max-video-preview:-1\" \/>\n<link rel=\"canonical\" href=\"https:\/\/caru.org.uy\/nuevositio\/2024\/03\/11\/la-importancia-de-respetar-la-talla-minima-de-pesca\/\" \/>\n<meta property=\"og:locale\" content=\"es_ES\" \/>\n<meta property=\"og:type\" content=\"article\" \/>\n<meta property=\"og:title\" content=\"La importancia de respetar la talla m\u00ednima de pesca % C.A.R.U. imagen\" \/>\n<meta property=\"og:description\" content=\"La Comisi\u00f3n Administradora del R\u00edo Uruguay (CARU), realiza peri\u00f3dicamente trabajos de relevamiento de los recursos \u00edcticos del R\u00edo Uruguay.\u00a0 Dichos estudios indican que en coincidencia con las crecientes extraordinarias ocurridas recientemente entre octubre de 2023 y enero de 2024 en el r\u00edo Uruguay, se ha registrado un per\u00edodo reproductivo de peces altamente exitoso. Esto se [&hellip;]\" \/>\n<meta property=\"og:url\" content=\"https:\/\/caru.org.uy\/nuevositio\/2024\/03\/11\/la-importancia-de-respetar-la-talla-minima-de-pesca\/\" \/>\n<meta property=\"og:site_name\" content=\"C.A.R.U.\" \/>\n<meta property=\"article:published_time\" content=\"2024-03-11T13:09:55+00:00\" \/>\n<meta property=\"article:modified_time\" content=\"2024-03-11T13:21:00+00:00\" \/>\n<meta property=\"og:image\" content=\"https:\/\/caru.org.uy\/nuevositio\/wp-content\/uploads\/2024\/03\/medida-peces-2.jpeg\" \/>\n\t<meta property=\"og:image:width\" content=\"938\" \/>\n\t<meta property=\"og:image:height\" content=\"675\" \/>\n\t<meta property=\"og:image:type\" content=\"image\/jpeg\" \/>\n<meta name=\"author\" content=\"Noma\" \/>\n<meta name=\"twitter:card\" content=\"summary_large_image\" \/>\n<meta name=\"twitter:label1\" content=\"Escrito por\" \/>\n\t<meta name=\"twitter:data1\" content=\"Noma\" \/>\n\t<meta name=\"twitter:label2\" content=\"Tiempo de lectura\" \/>\n\t<meta name=\"twitter:data2\" content=\"2 minutos\" \/>\n<script type=\"application\/ld+json\" class=\"yoast-schema-graph\">{\"@context\":\"https:\\\/\\\/schema.org\",\"@graph\":[{\"@type\":[\"Article\",\"BlogPosting\"],\"@id\":\"https:\\\/\\\/caru.org.uy\\\/nuevositio\\\/2024\\\/03\\\/11\\\/la-importancia-de-respetar-la-talla-minima-de-pesca\\\/#article\",\"isPartOf\":{\"@id\":\"https:\\\/\\\/caru.org.uy\\\/nuevositio\\\/2024\\\/03\\\/11\\\/la-importancia-de-respetar-la-talla-minima-de-pesca\\\/\"},\"author\":{\"name\":\"Noma\",\"@id\":\"https:\\\/\\\/caru.org.uy\\\/nuevositio\\\/#\\\/schema\\\/person\\\/9a11b7bc115602d2066d4c695b2aa3e5\"},\"headline\":\"La importancia de respetar la talla m\u00ednima de pesca\",\"datePublished\":\"2024-03-11T13:09:55+00:00\",\"dateModified\":\"2024-03-11T13:21:00+00:00\",\"mainEntityOfPage\":{\"@id\":\"https:\\\/\\\/caru.org.uy\\\/nuevositio\\\/2024\\\/03\\\/11\\\/la-importancia-de-respetar-la-talla-minima-de-pesca\\\/\"},\"wordCount\":384,\"publisher\":{\"@id\":\"https:\\\/\\\/caru.org.uy\\\/nuevositio\\\/#organization\"},\"image\":{\"@id\":\"https:\\\/\\\/caru.org.uy\\\/nuevositio\\\/2024\\\/03\\\/11\\\/la-importancia-de-respetar-la-talla-minima-de-pesca\\\/#primaryimage\"},\"thumbnailUrl\":\"https:\\\/\\\/caru.org.uy\\\/nuevositio\\\/wp-content\\\/uploads\\\/2024\\\/03\\\/medida-peces-2.jpeg\",\"articleSection\":[\"Noticias\",\"Novedades\"],\"inLanguage\":\"es\"},{\"@type\":\"WebPage\",\"@id\":\"https:\\\/\\\/caru.org.uy\\\/nuevositio\\\/2024\\\/03\\\/11\\\/la-importancia-de-respetar-la-talla-minima-de-pesca\\\/\",\"url\":\"https:\\\/\\\/caru.org.uy\\\/nuevositio\\\/2024\\\/03\\\/11\\\/la-importancia-de-respetar-la-talla-minima-de-pesca\\\/\",\"name\":\"La importancia de respetar la talla m\u00ednima de pesca % C.A.R.U. imagen\",\"isPartOf\":{\"@id\":\"https:\\\/\\\/caru.org.uy\\\/nuevositio\\\/#website\"},\"primaryImageOfPage\":{\"@id\":\"https:\\\/\\\/caru.org.uy\\\/nuevositio\\\/2024\\\/03\\\/11\\\/la-importancia-de-respetar-la-talla-minima-de-pesca\\\/#primaryimage\"},\"image\":{\"@id\":\"https:\\\/\\\/caru.org.uy\\\/nuevositio\\\/2024\\\/03\\\/11\\\/la-importancia-de-respetar-la-talla-minima-de-pesca\\\/#primaryimage\"},\"thumbnailUrl\":\"https:\\\/\\\/caru.org.uy\\\/nuevositio\\\/wp-content\\\/uploads\\\/2024\\\/03\\\/medida-peces-2.jpeg\",\"datePublished\":\"2024-03-11T13:09:55+00:00\",\"dateModified\":\"2024-03-11T13:21:00+00:00\",\"breadcrumb\":{\"@id\":\"https:\\\/\\\/caru.org.uy\\\/nuevositio\\\/2024\\\/03\\\/11\\\/la-importancia-de-respetar-la-talla-minima-de-pesca\\\/#breadcrumb\"},\"inLanguage\":\"es\",\"potentialAction\":[{\"@type\":\"ReadAction\",\"target\":[\"https:\\\/\\\/caru.org.uy\\\/nuevositio\\\/2024\\\/03\\\/11\\\/la-importancia-de-respetar-la-talla-minima-de-pesca\\\/\"]}]},{\"@type\":\"ImageObject\",\"inLanguage\":\"es\",\"@id\":\"https:\\\/\\\/caru.org.uy\\\/nuevositio\\\/2024\\\/03\\\/11\\\/la-importancia-de-respetar-la-talla-minima-de-pesca\\\/#primaryimage\",\"url\":\"https:\\\/\\\/caru.org.uy\\\/nuevositio\\\/wp-content\\\/uploads\\\/2024\\\/03\\\/medida-peces-2.jpeg\",\"contentUrl\":\"https:\\\/\\\/caru.org.uy\\\/nuevositio\\\/wp-content\\\/uploads\\\/2024\\\/03\\\/medida-peces-2.jpeg\",\"width\":938,\"height\":675},{\"@type\":\"BreadcrumbList\",\"@id\":\"https:\\\/\\\/caru.org.uy\\\/nuevositio\\\/2024\\\/03\\\/11\\\/la-importancia-de-respetar-la-talla-minima-de-pesca\\\/#breadcrumb\",\"itemListElement\":[{\"@type\":\"ListItem\",\"position\":1,\"name\":\"Portada\",\"item\":\"https:\\\/\\\/caru.org.uy\\\/nuevositio\\\/\"},{\"@type\":\"ListItem\",\"position\":2,\"name\":\"La importancia de respetar la talla m\u00ednima de pesca\"}]},{\"@type\":\"WebSite\",\"@id\":\"https:\\\/\\\/caru.org.uy\\\/nuevositio\\\/#website\",\"url\":\"https:\\\/\\\/caru.org.uy\\\/nuevositio\\\/\",\"name\":\"C.A.R.U.\",\"description\":\"Comisi\u00f3n Administradora del R\u00edo Uruguay\",\"publisher\":{\"@id\":\"https:\\\/\\\/caru.org.uy\\\/nuevositio\\\/#organization\"},\"potentialAction\":[{\"@type\":\"SearchAction\",\"target\":{\"@type\":\"EntryPoint\",\"urlTemplate\":\"https:\\\/\\\/caru.org.uy\\\/nuevositio\\\/?s={search_term_string}\"},\"query-input\":{\"@type\":\"PropertyValueSpecification\",\"valueRequired\":true,\"valueName\":\"search_term_string\"}}],\"inLanguage\":\"es\"},{\"@type\":\"Organization\",\"@id\":\"https:\\\/\\\/caru.org.uy\\\/nuevositio\\\/#organization\",\"name\":\"C.A.R.U.\",\"url\":\"https:\\\/\\\/caru.org.uy\\\/nuevositio\\\/\",\"logo\":{\"@type\":\"ImageObject\",\"inLanguage\":\"es\",\"@id\":\"https:\\\/\\\/caru.org.uy\\\/nuevositio\\\/#\\\/schema\\\/logo\\\/image\\\/\",\"url\":\"https:\\\/\\\/caru.org.uy\\\/nuevositio\\\/wp-content\\\/uploads\\\/2023\\\/11\\\/logo-nuevo.jpg\",\"contentUrl\":\"https:\\\/\\\/caru.org.uy\\\/nuevositio\\\/wp-content\\\/uploads\\\/2023\\\/11\\\/logo-nuevo.jpg\",\"width\":1,\"height\":1,\"caption\":\"C.A.R.U.\"},\"image\":{\"@id\":\"https:\\\/\\\/caru.org.uy\\\/nuevositio\\\/#\\\/schema\\\/logo\\\/image\\\/\"}},{\"@type\":\"Person\",\"@id\":\"https:\\\/\\\/caru.org.uy\\\/nuevositio\\\/#\\\/schema\\\/person\\\/9a11b7bc115602d2066d4c695b2aa3e5\",\"name\":\"Noma\",\"image\":{\"@type\":\"ImageObject\",\"inLanguage\":\"es\",\"@id\":\"https:\\\/\\\/secure.gravatar.com\\\/avatar\\\/8b0eb2764fe524b07cdc015df29e7576c061e58c50641dd8ccc46d3d448307e5?s=96&d=mm&r=g\",\"url\":\"https:\\\/\\\/secure.gravatar.com\\\/avatar\\\/8b0eb2764fe524b07cdc015df29e7576c061e58c50641dd8ccc46d3d448307e5?s=96&d=mm&r=g\",\"contentUrl\":\"https:\\\/\\\/secure.gravatar.com\\\/avatar\\\/8b0eb2764fe524b07cdc015df29e7576c061e58c50641dd8ccc46d3d448307e5?s=96&d=mm&r=g\",\"caption\":\"Noma\"},\"url\":\"https:\\\/\\\/caru.org.uy\\\/nuevositio\\\/author\\\/admin\\\/\"}]}<\/script>\n<!-- \/ Yoast SEO plugin. -->","yoast_head_json":{"title":"La importancia de respetar la talla m\u00ednima de pesca % C.A.R.U. imagen","robots":{"index":"index","follow":"follow","max-snippet":"max-snippet:-1","max-image-preview":"max-image-preview:large","max-video-preview":"max-video-preview:-1"},"canonical":"https:\/\/caru.org.uy\/nuevositio\/2024\/03\/11\/la-importancia-de-respetar-la-talla-minima-de-pesca\/","og_locale":"es_ES","og_type":"article","og_title":"La importancia de respetar la talla m\u00ednima de pesca % C.A.R.U. imagen","og_description":"La Comisi\u00f3n Administradora del R\u00edo Uruguay (CARU), realiza peri\u00f3dicamente trabajos de relevamiento de los recursos \u00edcticos del R\u00edo Uruguay.\u00a0 Dichos estudios indican que en coincidencia con las crecientes extraordinarias ocurridas recientemente entre octubre de 2023 y enero de 2024 en el r\u00edo Uruguay, se ha registrado un per\u00edodo reproductivo de peces altamente exitoso. Esto se [&hellip;]","og_url":"https:\/\/caru.org.uy\/nuevositio\/2024\/03\/11\/la-importancia-de-respetar-la-talla-minima-de-pesca\/","og_site_name":"C.A.R.U.","article_published_time":"2024-03-11T13:09:55+00:00","article_modified_time":"2024-03-11T13:21:00+00:00","og_image":[{"width":938,"height":675,"url":"https:\/\/caru.org.uy\/nuevositio\/wp-content\/uploads\/2024\/03\/medida-peces-2.jpeg","type":"image\/jpeg"}],"author":"Noma","twitter_card":"summary_large_image","twitter_misc":{"Escrito por":"Noma","Tiempo de lectura":"2 minutos"},"schema":{"@context":"https:\/\/schema.org","@graph":[{"@type":["Article","BlogPosting"],"@id":"https:\/\/caru.org.uy\/nuevositio\/2024\/03\/11\/la-importancia-de-respetar-la-talla-minima-de-pesca\/#article","isPartOf":{"@id":"https:\/\/caru.org.uy\/nuevositio\/2024\/03\/11\/la-importancia-de-respetar-la-talla-minima-de-pesca\/"},"author":{"name":"Noma","@id":"https:\/\/caru.org.uy\/nuevositio\/#\/schema\/person\/9a11b7bc115602d2066d4c695b2aa3e5"},"headline":"La importancia de respetar la talla m\u00ednima de pesca","datePublished":"2024-03-11T13:09:55+00:00","dateModified":"2024-03-11T13:21:00+00:00","mainEntityOfPage":{"@id":"https:\/\/caru.org.uy\/nuevositio\/2024\/03\/11\/la-importancia-de-respetar-la-talla-minima-de-pesca\/"},"wordCount":384,"publisher":{"@id":"https:\/\/caru.org.uy\/nuevositio\/#organization"},"image":{"@id":"https:\/\/caru.org.uy\/nuevositio\/2024\/03\/11\/la-importancia-de-respetar-la-talla-minima-de-pesca\/#primaryimage"},"thumbnailUrl":"https:\/\/caru.org.uy\/nuevositio\/wp-content\/uploads\/2024\/03\/medida-peces-2.jpeg","articleSection":["Noticias","Novedades"],"inLanguage":"es"},{"@type":"WebPage","@id":"https:\/\/caru.org.uy\/nuevositio\/2024\/03\/11\/la-importancia-de-respetar-la-talla-minima-de-pesca\/","url":"https:\/\/caru.org.uy\/nuevositio\/2024\/03\/11\/la-importancia-de-respetar-la-talla-minima-de-pesca\/","name":"La importancia de respetar la talla m\u00ednima de pesca % C.A.R.U. imagen","isPartOf":{"@id":"https:\/\/caru.org.uy\/nuevositio\/#website"},"primaryImageOfPage":{"@id":"https:\/\/caru.org.uy\/nuevositio\/2024\/03\/11\/la-importancia-de-respetar-la-talla-minima-de-pesca\/#primaryimage"},"image":{"@id":"https:\/\/caru.org.uy\/nuevositio\/2024\/03\/11\/la-importancia-de-respetar-la-talla-minima-de-pesca\/#primaryimage"},"thumbnailUrl":"https:\/\/caru.org.uy\/nuevositio\/wp-content\/uploads\/2024\/03\/medida-peces-2.jpeg","datePublished":"2024-03-11T13:09:55+00:00","dateModified":"2024-03-11T13:21:00+00:00","breadcrumb":{"@id":"https:\/\/caru.org.uy\/nuevositio\/2024\/03\/11\/la-importancia-de-respetar-la-talla-minima-de-pesca\/#breadcrumb"},"inLanguage":"es","potentialAction":[{"@type":"ReadAction","target":["https:\/\/caru.org.uy\/nuevositio\/2024\/03\/11\/la-importancia-de-respetar-la-talla-minima-de-pesca\/"]}]},{"@type":"ImageObject","inLanguage":"es","@id":"https:\/\/caru.org.uy\/nuevositio\/2024\/03\/11\/la-importancia-de-respetar-la-talla-minima-de-pesca\/#primaryimage","url":"https:\/\/caru.org.uy\/nuevositio\/wp-content\/uploads\/2024\/03\/medida-peces-2.jpeg","contentUrl":"https:\/\/caru.org.uy\/nuevositio\/wp-content\/uploads\/2024\/03\/medida-peces-2.jpeg","width":938,"height":675},{"@type":"BreadcrumbList","@id":"https:\/\/caru.org.uy\/nuevositio\/2024\/03\/11\/la-importancia-de-respetar-la-talla-minima-de-pesca\/#breadcrumb","itemListElement":[{"@type":"ListItem","position":1,"name":"Portada","item":"https:\/\/caru.org.uy\/nuevositio\/"},{"@type":"ListItem","position":2,"name":"La importancia de respetar la talla m\u00ednima de pesca"}]},{"@type":"WebSite","@id":"https:\/\/caru.org.uy\/nuevositio\/#website","url":"https:\/\/caru.org.uy\/nuevositio\/","name":"C.A.R.U.","description":"Comisi\u00f3n Administradora del R\u00edo Uruguay","publisher":{"@id":"https:\/\/caru.org.uy\/nuevositio\/#organization"},"potentialAction":[{"@type":"SearchAction","target":{"@type":"EntryPoint","urlTemplate":"https:\/\/caru.org.uy\/nuevositio\/?s={search_term_string}"},"query-input":{"@type":"PropertyValueSpecification","valueRequired":true,"valueName":"search_term_string"}}],"inLanguage":"es"},{"@type":"Organization","@id":"https:\/\/caru.org.uy\/nuevositio\/#organization","name":"C.A.R.U.","url":"https:\/\/caru.org.uy\/nuevositio\/","logo":{"@type":"ImageObject","inLanguage":"es","@id":"https:\/\/caru.org.uy\/nuevositio\/#\/schema\/logo\/image\/","url":"https:\/\/caru.org.uy\/nuevositio\/wp-content\/uploads\/2023\/11\/logo-nuevo.jpg","contentUrl":"https:\/\/caru.org.uy\/nuevositio\/wp-content\/uploads\/2023\/11\/logo-nuevo.jpg","width":1,"height":1,"caption":"C.A.R.U."},"image":{"@id":"https:\/\/caru.org.uy\/nuevositio\/#\/schema\/logo\/image\/"}},{"@type":"Person","@id":"https:\/\/caru.org.uy\/nuevositio\/#\/schema\/person\/9a11b7bc115602d2066d4c695b2aa3e5","name":"Noma","image":{"@type":"ImageObject","inLanguage":"es","@id":"https:\/\/secure.gravatar.com\/avatar\/8b0eb2764fe524b07cdc015df29e7576c061e58c50641dd8ccc46d3d448307e5?s=96&d=mm&r=g","url":"https:\/\/secure.gravatar.com\/avatar\/8b0eb2764fe524b07cdc015df29e7576c061e58c50641dd8ccc46d3d448307e5?s=96&d=mm&r=g","contentUrl":"https:\/\/secure.gravatar.com\/avatar\/8b0eb2764fe524b07cdc015df29e7576c061e58c50641dd8ccc46d3d448307e5?s=96&d=mm&r=g","caption":"Noma"},"url":"https:\/\/caru.org.uy\/nuevositio\/author\/admin\/"}]}},"_links":{"self":[{"href":"https:\/\/caru.org.uy\/nuevositio\/wp-json\/wp\/v2\/posts\/9318","targetHints":{"allow":["GET"]}}],"collection":[{"href":"https:\/\/caru.org.uy\/nuevositio\/wp-json\/wp\/v2\/posts"}],"about":[{"href":"https:\/\/caru.org.uy\/nuevositio\/wp-json\/wp\/v2\/types\/post"}],"author":[{"embeddable":true,"href":"https:\/\/caru.org.uy\/nuevositio\/wp-json\/wp\/v2\/users\/1"}],"replies":[{"embeddable":true,"href":"https:\/\/caru.org.uy\/nuevositio\/wp-json\/wp\/v2\/comments?post=9318"}],"version-history":[{"count":5,"href":"https:\/\/caru.org.uy\/nuevositio\/wp-json\/wp\/v2\/posts\/9318\/revisions"}],"predecessor-version":[{"id":9326,"href":"https:\/\/caru.org.uy\/nuevositio\/wp-json\/wp\/v2\/posts\/9318\/revisions\/9326"}],"wp:featuredmedia":[{"embeddable":true,"href":"https:\/\/caru.org.uy\/nuevositio\/wp-json\/wp\/v2\/media\/9325"}],"wp:attachment":[{"href":"https:\/\/caru.org.uy\/nuevositio\/wp-json\/wp\/v2\/media?parent=9318"}],"wp:term":[{"taxonomy":"category","embeddable":true,"href":"https:\/\/caru.org.uy\/nuevositio\/wp-json\/wp\/v2\/categories?post=9318"},{"taxonomy":"post_tag","embeddable":true,"href":"https:\/\/caru.org.uy\/nuevositio\/wp-json\/wp\/v2\/tags?post=9318"}],"curies":[{"name":"wp","href":"https:\/\/api.w.org\/{rel}","templated":true}]}}