{"id":9348,"date":"2024-03-14T19:04:18","date_gmt":"2024-03-14T19:04:18","guid":{"rendered":"https:\/\/caru.org.uy\/nuevositio\/?p=9348"},"modified":"2024-03-14T19:07:02","modified_gmt":"2024-03-14T19:07:02","slug":"caru-hizo-entrega-de-libros-a-113-escuelas-de-salto","status":"publish","type":"post","link":"https:\/\/caru.org.uy\/nuevositio\/2024\/03\/14\/caru-hizo-entrega-de-libros-a-113-escuelas-de-salto\/","title":{"rendered":"CARU hizo entrega de libros a 113 Escuelas de Salto"},"content":{"rendered":"\t\t<div data-elementor-type=\"wp-post\" data-elementor-id=\"9348\" class=\"elementor elementor-9348\" data-elementor-post-type=\"post\">\n\t\t\t\t\t\t<section class=\"elementor-section elementor-top-section elementor-element elementor-element-755689c1 elementor-section-boxed elementor-section-height-default elementor-section-height-default\" data-id=\"755689c1\" data-element_type=\"section\" data-e-type=\"section\" data-settings=\"{&quot;jet_parallax_layout_list&quot;:[]}\">\n\t\t\t\t\t\t<div class=\"elementor-container elementor-column-gap-default\">\n\t\t\t\t\t<div class=\"elementor-column elementor-col-50 elementor-top-column elementor-element elementor-element-4719f034\" data-id=\"4719f034\" data-element_type=\"column\" data-e-type=\"column\">\n\t\t\t<div class=\"elementor-widget-wrap elementor-element-populated\">\n\t\t\t\t\t\t<div class=\"elementor-element elementor-element-59e1fff elementor-arrows-position-inside elementor-pagination-position-outside elementor-widget elementor-widget-image-carousel\" data-id=\"59e1fff\" data-element_type=\"widget\" data-e-type=\"widget\" data-settings=\"{&quot;slides_to_show&quot;:&quot;1&quot;,&quot;navigation&quot;:&quot;both&quot;,&quot;autoplay&quot;:&quot;yes&quot;,&quot;pause_on_hover&quot;:&quot;yes&quot;,&quot;pause_on_interaction&quot;:&quot;yes&quot;,&quot;autoplay_speed&quot;:5000,&quot;infinite&quot;:&quot;yes&quot;,&quot;effect&quot;:&quot;slide&quot;,&quot;speed&quot;:500}\" data-widget_type=\"image-carousel.default\">\n\t\t\t\t<div class=\"elementor-widget-container\">\n\t\t\t\t\t\t\t<div class=\"elementor-image-carousel-wrapper swiper\" role=\"region\" aria-roledescription=\"carousel\" aria-label=\"Carrusel de im\u00e1genes\" dir=\"ltr\">\n\t\t\t<div class=\"elementor-image-carousel swiper-wrapper\" aria-live=\"off\">\n\t\t\t\t\t\t\t\t<div class=\"swiper-slide\" role=\"group\" aria-roledescription=\"slide\" aria-label=\"1 de 2\"><figure class=\"swiper-slide-inner\"><img decoding=\"async\" class=\"swiper-slide-image\" src=\"https:\/\/caru.org.uy\/nuevositio\/wp-content\/uploads\/2024\/03\/IMG-6896-1024x768.jpg\" alt=\"IMG-6896\" \/><\/figure><\/div><div class=\"swiper-slide\" role=\"group\" aria-roledescription=\"slide\" aria-label=\"2 de 2\"><figure class=\"swiper-slide-inner\"><img decoding=\"async\" class=\"swiper-slide-image\" src=\"https:\/\/caru.org.uy\/nuevositio\/wp-content\/uploads\/2024\/03\/IMG-6907-1024x768.jpg\" alt=\"IMG-6907\" \/><\/figure><\/div>\t\t\t<\/div>\n\t\t\t\t\t\t\t\t\t\t\t\t<div class=\"elementor-swiper-button elementor-swiper-button-prev\" role=\"button\" tabindex=\"0\">\n\t\t\t\t\t\t<i aria-hidden=\"true\" class=\"eicon-chevron-left\"><\/i>\t\t\t\t\t<\/div>\n\t\t\t\t\t<div class=\"elementor-swiper-button elementor-swiper-button-next\" role=\"button\" tabindex=\"0\">\n\t\t\t\t\t\t<i aria-hidden=\"true\" class=\"eicon-chevron-right\"><\/i>\t\t\t\t\t<\/div>\n\t\t\t\t\n\t\t\t\t\t\t\t\t\t<div class=\"swiper-pagination\"><\/div>\n\t\t\t\t\t\t\t\t\t<\/div>\n\t\t\t\t\t\t<\/div>\n\t\t\t\t<\/div>\n\t\t\t\t\t<\/div>\n\t\t<\/div>\n\t\t\t\t<div class=\"elementor-column elementor-col-50 elementor-top-column elementor-element elementor-element-690ed6c2\" data-id=\"690ed6c2\" data-element_type=\"column\" data-e-type=\"column\">\n\t\t\t<div class=\"elementor-widget-wrap elementor-element-populated\">\n\t\t\t\t\t\t<div class=\"elementor-element elementor-element-13ccb19a elementor-widget elementor-widget-text-editor\" data-id=\"13ccb19a\" data-element_type=\"widget\" data-e-type=\"widget\" data-widget_type=\"text-editor.default\">\n\t\t\t\t<div class=\"elementor-widget-container\">\n\t\t\t\t\t\t\t\t\t<p><strong><em>Integrantes de la Delegaci\u00f3n Uruguaya ante la CARU, proceder\u00e1n este mi\u00e9rcoles 13 de marzo,\u00a0 a la entrega de 2.712 libros publicados por la Comisi\u00f3n Administradora del R\u00edo Uruguay, a la Inspecci\u00f3n Departamental de Educaci\u00f3n P\u00fablica de Salto.<\/em><\/strong><\/p><p>En efecto el Presidente de la Delegaci\u00f3n Uruguaya ante dicho organismo binacional, Sr. Mario Ayala Barrios, el Vicepresidente Sr. Miguel Feris Grassi y la Delegada Mar\u00eda Eugenia Almir\u00f3n, efectivizaron la entrega a la Inspectora Departamental de Educaci\u00f3n Primaria de Salto, Mtra. Lic. Alejandra Leal Ferreira<\/p><p>Se trata de las cuatro obras compuestas por 678 ejemplares pertenecientes a la colecci\u00f3n de publicaciones de la Comisi\u00f3n Administradora del R\u00edo Uruguay (Libro de Aves, Libro de Peces, Libro de Plantas, \u00c1rboles y Arbustos y Libro de Plantas-Hierbas, Lianas Ep\u00edfitas).<\/p><p>Cabe se\u00f1alar que esta acci\u00f3n se encuentra enmarcada dentro de las acciones de Responsabilidad Social de CARU y est\u00e1 orientada a las Escuelas P\u00fablicas de los departamentos vinculados al R\u00edo Uruguay a trav\u00e9s de las Inspecciones Departamentales.<\/p><p>En esta oportunidad se entreg\u00f3 este material de manera que pueda ser distribuido a trav\u00e9s de la Inspecci\u00f3n a las ciento trece escuelas del Departamento de Salto, lo que permitir\u00e1 que un promedio de seis packs con los ejemplares mencionados, ser\u00e1n distribuidos en esos centros escolares.<\/p><p>Estas \u00a0publicaciones son de una excelente calidad que seguramente contribuir\u00e1n a la formaci\u00f3n de los alumnos de cada centro de estudios en los aspectos que hacen a la flora y fauna de nuestro r\u00edo.<\/p>\t\t\t\t\t\t\t\t<\/div>\n\t\t\t\t<\/div>\n\t\t\t\t\t<\/div>\n\t\t<\/div>\n\t\t\t\t\t<\/div>\n\t\t<\/section>\n\t\t\t\t<\/div>\n\t\t","protected":false},"excerpt":{"rendered":"<p>Integrantes de la Delegaci\u00f3n Uruguaya ante la CARU, proceder\u00e1n este mi\u00e9rcoles 13 de marzo,\u00a0 a la entrega de 2.712 libros publicados por la Comisi\u00f3n Administradora del R\u00edo Uruguay, a la Inspecci\u00f3n Departamental de Educaci\u00f3n P\u00fablica de Salto. En efecto el Presidente de la Delegaci\u00f3n Uruguaya ante dicho organismo binacional, Sr. Mario Ayala Barrios, el Vicepresidente [&hellip;]<\/p>\n","protected":false},"author":1,"featured_media":9353,"comment_status":"closed","ping_status":"open","sticky":false,"template":"","format":"standard","meta":{"_acf_changed":false,"_joinchat":[],"footnotes":""},"categories":[37,27],"tags":[],"class_list":["post-9348","post","type-post","status-publish","format-standard","has-post-thumbnail","hentry","category-noticias","category-novedades"],"acf":[],"yoast_head":"<!-- This site is optimized with the Yoast SEO plugin v27.3 - https:\/\/yoast.com\/product\/yoast-seo-wordpress\/ -->\n<title>CARU hizo entrega de libros a 113 Escuelas de Salto % C.A.R.U. imagen<\/title>\n<meta name=\"robots\" content=\"index, follow, max-snippet:-1, max-image-preview:large, max-video-preview:-1\" \/>\n<link rel=\"canonical\" href=\"https:\/\/caru.org.uy\/nuevositio\/2024\/03\/14\/caru-hizo-entrega-de-libros-a-113-escuelas-de-salto\/\" \/>\n<meta property=\"og:locale\" content=\"es_ES\" \/>\n<meta property=\"og:type\" content=\"article\" \/>\n<meta property=\"og:title\" content=\"CARU hizo entrega de libros a 113 Escuelas de Salto % C.A.R.U. imagen\" \/>\n<meta property=\"og:description\" content=\"Integrantes de la Delegaci\u00f3n Uruguaya ante la CARU, proceder\u00e1n este mi\u00e9rcoles 13 de marzo,\u00a0 a la entrega de 2.712 libros publicados por la Comisi\u00f3n Administradora del R\u00edo Uruguay, a la Inspecci\u00f3n Departamental de Educaci\u00f3n P\u00fablica de Salto. En efecto el Presidente de la Delegaci\u00f3n Uruguaya ante dicho organismo binacional, Sr. Mario Ayala Barrios, el Vicepresidente [&hellip;]\" \/>\n<meta property=\"og:url\" content=\"https:\/\/caru.org.uy\/nuevositio\/2024\/03\/14\/caru-hizo-entrega-de-libros-a-113-escuelas-de-salto\/\" \/>\n<meta property=\"og:site_name\" content=\"C.A.R.U.\" \/>\n<meta property=\"article:published_time\" content=\"2024-03-14T19:04:18+00:00\" \/>\n<meta property=\"article:modified_time\" content=\"2024-03-14T19:07:02+00:00\" \/>\n<meta property=\"og:image\" content=\"https:\/\/caru.org.uy\/nuevositio\/wp-content\/uploads\/2024\/03\/IMG-6907-scaled.jpg\" \/>\n\t<meta property=\"og:image:width\" content=\"2560\" \/>\n\t<meta property=\"og:image:height\" content=\"1920\" \/>\n\t<meta property=\"og:image:type\" content=\"image\/jpeg\" \/>\n<meta name=\"author\" content=\"Noma\" \/>\n<meta name=\"twitter:card\" content=\"summary_large_image\" \/>\n<meta name=\"twitter:label1\" content=\"Escrito por\" \/>\n\t<meta name=\"twitter:data1\" content=\"Noma\" \/>\n\t<meta name=\"twitter:label2\" content=\"Tiempo de lectura\" \/>\n\t<meta name=\"twitter:data2\" content=\"1 minuto\" \/>\n<script type=\"application\/ld+json\" class=\"yoast-schema-graph\">{\"@context\":\"https:\\\/\\\/schema.org\",\"@graph\":[{\"@type\":[\"Article\",\"BlogPosting\"],\"@id\":\"https:\\\/\\\/caru.org.uy\\\/nuevositio\\\/2024\\\/03\\\/14\\\/caru-hizo-entrega-de-libros-a-113-escuelas-de-salto\\\/#article\",\"isPartOf\":{\"@id\":\"https:\\\/\\\/caru.org.uy\\\/nuevositio\\\/2024\\\/03\\\/14\\\/caru-hizo-entrega-de-libros-a-113-escuelas-de-salto\\\/\"},\"author\":{\"name\":\"Noma\",\"@id\":\"https:\\\/\\\/caru.org.uy\\\/nuevositio\\\/#\\\/schema\\\/person\\\/9a11b7bc115602d2066d4c695b2aa3e5\"},\"headline\":\"CARU hizo entrega de libros a 113 Escuelas de Salto\",\"datePublished\":\"2024-03-14T19:04:18+00:00\",\"dateModified\":\"2024-03-14T19:07:02+00:00\",\"mainEntityOfPage\":{\"@id\":\"https:\\\/\\\/caru.org.uy\\\/nuevositio\\\/2024\\\/03\\\/14\\\/caru-hizo-entrega-de-libros-a-113-escuelas-de-salto\\\/\"},\"wordCount\":273,\"publisher\":{\"@id\":\"https:\\\/\\\/caru.org.uy\\\/nuevositio\\\/#organization\"},\"image\":{\"@id\":\"https:\\\/\\\/caru.org.uy\\\/nuevositio\\\/2024\\\/03\\\/14\\\/caru-hizo-entrega-de-libros-a-113-escuelas-de-salto\\\/#primaryimage\"},\"thumbnailUrl\":\"https:\\\/\\\/caru.org.uy\\\/nuevositio\\\/wp-content\\\/uploads\\\/2024\\\/03\\\/IMG-6907-scaled.jpg\",\"articleSection\":[\"Noticias\",\"Novedades\"],\"inLanguage\":\"es\"},{\"@type\":\"WebPage\",\"@id\":\"https:\\\/\\\/caru.org.uy\\\/nuevositio\\\/2024\\\/03\\\/14\\\/caru-hizo-entrega-de-libros-a-113-escuelas-de-salto\\\/\",\"url\":\"https:\\\/\\\/caru.org.uy\\\/nuevositio\\\/2024\\\/03\\\/14\\\/caru-hizo-entrega-de-libros-a-113-escuelas-de-salto\\\/\",\"name\":\"CARU hizo entrega de libros a 113 Escuelas de Salto % C.A.R.U. imagen\",\"isPartOf\":{\"@id\":\"https:\\\/\\\/caru.org.uy\\\/nuevositio\\\/#website\"},\"primaryImageOfPage\":{\"@id\":\"https:\\\/\\\/caru.org.uy\\\/nuevositio\\\/2024\\\/03\\\/14\\\/caru-hizo-entrega-de-libros-a-113-escuelas-de-salto\\\/#primaryimage\"},\"image\":{\"@id\":\"https:\\\/\\\/caru.org.uy\\\/nuevositio\\\/2024\\\/03\\\/14\\\/caru-hizo-entrega-de-libros-a-113-escuelas-de-salto\\\/#primaryimage\"},\"thumbnailUrl\":\"https:\\\/\\\/caru.org.uy\\\/nuevositio\\\/wp-content\\\/uploads\\\/2024\\\/03\\\/IMG-6907-scaled.jpg\",\"datePublished\":\"2024-03-14T19:04:18+00:00\",\"dateModified\":\"2024-03-14T19:07:02+00:00\",\"breadcrumb\":{\"@id\":\"https:\\\/\\\/caru.org.uy\\\/nuevositio\\\/2024\\\/03\\\/14\\\/caru-hizo-entrega-de-libros-a-113-escuelas-de-salto\\\/#breadcrumb\"},\"inLanguage\":\"es\",\"potentialAction\":[{\"@type\":\"ReadAction\",\"target\":[\"https:\\\/\\\/caru.org.uy\\\/nuevositio\\\/2024\\\/03\\\/14\\\/caru-hizo-entrega-de-libros-a-113-escuelas-de-salto\\\/\"]}]},{\"@type\":\"ImageObject\",\"inLanguage\":\"es\",\"@id\":\"https:\\\/\\\/caru.org.uy\\\/nuevositio\\\/2024\\\/03\\\/14\\\/caru-hizo-entrega-de-libros-a-113-escuelas-de-salto\\\/#primaryimage\",\"url\":\"https:\\\/\\\/caru.org.uy\\\/nuevositio\\\/wp-content\\\/uploads\\\/2024\\\/03\\\/IMG-6907-scaled.jpg\",\"contentUrl\":\"https:\\\/\\\/caru.org.uy\\\/nuevositio\\\/wp-content\\\/uploads\\\/2024\\\/03\\\/IMG-6907-scaled.jpg\",\"width\":2560,\"height\":1920},{\"@type\":\"BreadcrumbList\",\"@id\":\"https:\\\/\\\/caru.org.uy\\\/nuevositio\\\/2024\\\/03\\\/14\\\/caru-hizo-entrega-de-libros-a-113-escuelas-de-salto\\\/#breadcrumb\",\"itemListElement\":[{\"@type\":\"ListItem\",\"position\":1,\"name\":\"Portada\",\"item\":\"https:\\\/\\\/caru.org.uy\\\/nuevositio\\\/\"},{\"@type\":\"ListItem\",\"position\":2,\"name\":\"CARU hizo entrega de libros a 113 Escuelas de Salto\"}]},{\"@type\":\"WebSite\",\"@id\":\"https:\\\/\\\/caru.org.uy\\\/nuevositio\\\/#website\",\"url\":\"https:\\\/\\\/caru.org.uy\\\/nuevositio\\\/\",\"name\":\"C.A.R.U.\",\"description\":\"Comisi\u00f3n Administradora del R\u00edo Uruguay\",\"publisher\":{\"@id\":\"https:\\\/\\\/caru.org.uy\\\/nuevositio\\\/#organization\"},\"potentialAction\":[{\"@type\":\"SearchAction\",\"target\":{\"@type\":\"EntryPoint\",\"urlTemplate\":\"https:\\\/\\\/caru.org.uy\\\/nuevositio\\\/?s={search_term_string}\"},\"query-input\":{\"@type\":\"PropertyValueSpecification\",\"valueRequired\":true,\"valueName\":\"search_term_string\"}}],\"inLanguage\":\"es\"},{\"@type\":\"Organization\",\"@id\":\"https:\\\/\\\/caru.org.uy\\\/nuevositio\\\/#organization\",\"name\":\"C.A.R.U.\",\"url\":\"https:\\\/\\\/caru.org.uy\\\/nuevositio\\\/\",\"logo\":{\"@type\":\"ImageObject\",\"inLanguage\":\"es\",\"@id\":\"https:\\\/\\\/caru.org.uy\\\/nuevositio\\\/#\\\/schema\\\/logo\\\/image\\\/\",\"url\":\"https:\\\/\\\/caru.org.uy\\\/nuevositio\\\/wp-content\\\/uploads\\\/2023\\\/11\\\/logo-nuevo.jpg\",\"contentUrl\":\"https:\\\/\\\/caru.org.uy\\\/nuevositio\\\/wp-content\\\/uploads\\\/2023\\\/11\\\/logo-nuevo.jpg\",\"width\":1,\"height\":1,\"caption\":\"C.A.R.U.\"},\"image\":{\"@id\":\"https:\\\/\\\/caru.org.uy\\\/nuevositio\\\/#\\\/schema\\\/logo\\\/image\\\/\"}},{\"@type\":\"Person\",\"@id\":\"https:\\\/\\\/caru.org.uy\\\/nuevositio\\\/#\\\/schema\\\/person\\\/9a11b7bc115602d2066d4c695b2aa3e5\",\"name\":\"Noma\",\"image\":{\"@type\":\"ImageObject\",\"inLanguage\":\"es\",\"@id\":\"https:\\\/\\\/secure.gravatar.com\\\/avatar\\\/8b0eb2764fe524b07cdc015df29e7576c061e58c50641dd8ccc46d3d448307e5?s=96&d=mm&r=g\",\"url\":\"https:\\\/\\\/secure.gravatar.com\\\/avatar\\\/8b0eb2764fe524b07cdc015df29e7576c061e58c50641dd8ccc46d3d448307e5?s=96&d=mm&r=g\",\"contentUrl\":\"https:\\\/\\\/secure.gravatar.com\\\/avatar\\\/8b0eb2764fe524b07cdc015df29e7576c061e58c50641dd8ccc46d3d448307e5?s=96&d=mm&r=g\",\"caption\":\"Noma\"},\"url\":\"https:\\\/\\\/caru.org.uy\\\/nuevositio\\\/author\\\/admin\\\/\"}]}<\/script>\n<!-- \/ Yoast SEO plugin. -->","yoast_head_json":{"title":"CARU hizo entrega de libros a 113 Escuelas de Salto % C.A.R.U. imagen","robots":{"index":"index","follow":"follow","max-snippet":"max-snippet:-1","max-image-preview":"max-image-preview:large","max-video-preview":"max-video-preview:-1"},"canonical":"https:\/\/caru.org.uy\/nuevositio\/2024\/03\/14\/caru-hizo-entrega-de-libros-a-113-escuelas-de-salto\/","og_locale":"es_ES","og_type":"article","og_title":"CARU hizo entrega de libros a 113 Escuelas de Salto % C.A.R.U. imagen","og_description":"Integrantes de la Delegaci\u00f3n Uruguaya ante la CARU, proceder\u00e1n este mi\u00e9rcoles 13 de marzo,\u00a0 a la entrega de 2.712 libros publicados por la Comisi\u00f3n Administradora del R\u00edo Uruguay, a la Inspecci\u00f3n Departamental de Educaci\u00f3n P\u00fablica de Salto. En efecto el Presidente de la Delegaci\u00f3n Uruguaya ante dicho organismo binacional, Sr. Mario Ayala Barrios, el Vicepresidente [&hellip;]","og_url":"https:\/\/caru.org.uy\/nuevositio\/2024\/03\/14\/caru-hizo-entrega-de-libros-a-113-escuelas-de-salto\/","og_site_name":"C.A.R.U.","article_published_time":"2024-03-14T19:04:18+00:00","article_modified_time":"2024-03-14T19:07:02+00:00","og_image":[{"width":2560,"height":1920,"url":"https:\/\/caru.org.uy\/nuevositio\/wp-content\/uploads\/2024\/03\/IMG-6907-scaled.jpg","type":"image\/jpeg"}],"author":"Noma","twitter_card":"summary_large_image","twitter_misc":{"Escrito por":"Noma","Tiempo de lectura":"1 minuto"},"schema":{"@context":"https:\/\/schema.org","@graph":[{"@type":["Article","BlogPosting"],"@id":"https:\/\/caru.org.uy\/nuevositio\/2024\/03\/14\/caru-hizo-entrega-de-libros-a-113-escuelas-de-salto\/#article","isPartOf":{"@id":"https:\/\/caru.org.uy\/nuevositio\/2024\/03\/14\/caru-hizo-entrega-de-libros-a-113-escuelas-de-salto\/"},"author":{"name":"Noma","@id":"https:\/\/caru.org.uy\/nuevositio\/#\/schema\/person\/9a11b7bc115602d2066d4c695b2aa3e5"},"headline":"CARU hizo entrega de libros a 113 Escuelas de Salto","datePublished":"2024-03-14T19:04:18+00:00","dateModified":"2024-03-14T19:07:02+00:00","mainEntityOfPage":{"@id":"https:\/\/caru.org.uy\/nuevositio\/2024\/03\/14\/caru-hizo-entrega-de-libros-a-113-escuelas-de-salto\/"},"wordCount":273,"publisher":{"@id":"https:\/\/caru.org.uy\/nuevositio\/#organization"},"image":{"@id":"https:\/\/caru.org.uy\/nuevositio\/2024\/03\/14\/caru-hizo-entrega-de-libros-a-113-escuelas-de-salto\/#primaryimage"},"thumbnailUrl":"https:\/\/caru.org.uy\/nuevositio\/wp-content\/uploads\/2024\/03\/IMG-6907-scaled.jpg","articleSection":["Noticias","Novedades"],"inLanguage":"es"},{"@type":"WebPage","@id":"https:\/\/caru.org.uy\/nuevositio\/2024\/03\/14\/caru-hizo-entrega-de-libros-a-113-escuelas-de-salto\/","url":"https:\/\/caru.org.uy\/nuevositio\/2024\/03\/14\/caru-hizo-entrega-de-libros-a-113-escuelas-de-salto\/","name":"CARU hizo entrega de libros a 113 Escuelas de Salto % C.A.R.U. imagen","isPartOf":{"@id":"https:\/\/caru.org.uy\/nuevositio\/#website"},"primaryImageOfPage":{"@id":"https:\/\/caru.org.uy\/nuevositio\/2024\/03\/14\/caru-hizo-entrega-de-libros-a-113-escuelas-de-salto\/#primaryimage"},"image":{"@id":"https:\/\/caru.org.uy\/nuevositio\/2024\/03\/14\/caru-hizo-entrega-de-libros-a-113-escuelas-de-salto\/#primaryimage"},"thumbnailUrl":"https:\/\/caru.org.uy\/nuevositio\/wp-content\/uploads\/2024\/03\/IMG-6907-scaled.jpg","datePublished":"2024-03-14T19:04:18+00:00","dateModified":"2024-03-14T19:07:02+00:00","breadcrumb":{"@id":"https:\/\/caru.org.uy\/nuevositio\/2024\/03\/14\/caru-hizo-entrega-de-libros-a-113-escuelas-de-salto\/#breadcrumb"},"inLanguage":"es","potentialAction":[{"@type":"ReadAction","target":["https:\/\/caru.org.uy\/nuevositio\/2024\/03\/14\/caru-hizo-entrega-de-libros-a-113-escuelas-de-salto\/"]}]},{"@type":"ImageObject","inLanguage":"es","@id":"https:\/\/caru.org.uy\/nuevositio\/2024\/03\/14\/caru-hizo-entrega-de-libros-a-113-escuelas-de-salto\/#primaryimage","url":"https:\/\/caru.org.uy\/nuevositio\/wp-content\/uploads\/2024\/03\/IMG-6907-scaled.jpg","contentUrl":"https:\/\/caru.org.uy\/nuevositio\/wp-content\/uploads\/2024\/03\/IMG-6907-scaled.jpg","width":2560,"height":1920},{"@type":"BreadcrumbList","@id":"https:\/\/caru.org.uy\/nuevositio\/2024\/03\/14\/caru-hizo-entrega-de-libros-a-113-escuelas-de-salto\/#breadcrumb","itemListElement":[{"@type":"ListItem","position":1,"name":"Portada","item":"https:\/\/caru.org.uy\/nuevositio\/"},{"@type":"ListItem","position":2,"name":"CARU hizo entrega de libros a 113 Escuelas de Salto"}]},{"@type":"WebSite","@id":"https:\/\/caru.org.uy\/nuevositio\/#website","url":"https:\/\/caru.org.uy\/nuevositio\/","name":"C.A.R.U.","description":"Comisi\u00f3n Administradora del R\u00edo Uruguay","publisher":{"@id":"https:\/\/caru.org.uy\/nuevositio\/#organization"},"potentialAction":[{"@type":"SearchAction","target":{"@type":"EntryPoint","urlTemplate":"https:\/\/caru.org.uy\/nuevositio\/?s={search_term_string}"},"query-input":{"@type":"PropertyValueSpecification","valueRequired":true,"valueName":"search_term_string"}}],"inLanguage":"es"},{"@type":"Organization","@id":"https:\/\/caru.org.uy\/nuevositio\/#organization","name":"C.A.R.U.","url":"https:\/\/caru.org.uy\/nuevositio\/","logo":{"@type":"ImageObject","inLanguage":"es","@id":"https:\/\/caru.org.uy\/nuevositio\/#\/schema\/logo\/image\/","url":"https:\/\/caru.org.uy\/nuevositio\/wp-content\/uploads\/2023\/11\/logo-nuevo.jpg","contentUrl":"https:\/\/caru.org.uy\/nuevositio\/wp-content\/uploads\/2023\/11\/logo-nuevo.jpg","width":1,"height":1,"caption":"C.A.R.U."},"image":{"@id":"https:\/\/caru.org.uy\/nuevositio\/#\/schema\/logo\/image\/"}},{"@type":"Person","@id":"https:\/\/caru.org.uy\/nuevositio\/#\/schema\/person\/9a11b7bc115602d2066d4c695b2aa3e5","name":"Noma","image":{"@type":"ImageObject","inLanguage":"es","@id":"https:\/\/secure.gravatar.com\/avatar\/8b0eb2764fe524b07cdc015df29e7576c061e58c50641dd8ccc46d3d448307e5?s=96&d=mm&r=g","url":"https:\/\/secure.gravatar.com\/avatar\/8b0eb2764fe524b07cdc015df29e7576c061e58c50641dd8ccc46d3d448307e5?s=96&d=mm&r=g","contentUrl":"https:\/\/secure.gravatar.com\/avatar\/8b0eb2764fe524b07cdc015df29e7576c061e58c50641dd8ccc46d3d448307e5?s=96&d=mm&r=g","caption":"Noma"},"url":"https:\/\/caru.org.uy\/nuevositio\/author\/admin\/"}]}},"_links":{"self":[{"href":"https:\/\/caru.org.uy\/nuevositio\/wp-json\/wp\/v2\/posts\/9348","targetHints":{"allow":["GET"]}}],"collection":[{"href":"https:\/\/caru.org.uy\/nuevositio\/wp-json\/wp\/v2\/posts"}],"about":[{"href":"https:\/\/caru.org.uy\/nuevositio\/wp-json\/wp\/v2\/types\/post"}],"author":[{"embeddable":true,"href":"https:\/\/caru.org.uy\/nuevositio\/wp-json\/wp\/v2\/users\/1"}],"replies":[{"embeddable":true,"href":"https:\/\/caru.org.uy\/nuevositio\/wp-json\/wp\/v2\/comments?post=9348"}],"version-history":[{"count":4,"href":"https:\/\/caru.org.uy\/nuevositio\/wp-json\/wp\/v2\/posts\/9348\/revisions"}],"predecessor-version":[{"id":9358,"href":"https:\/\/caru.org.uy\/nuevositio\/wp-json\/wp\/v2\/posts\/9348\/revisions\/9358"}],"wp:featuredmedia":[{"embeddable":true,"href":"https:\/\/caru.org.uy\/nuevositio\/wp-json\/wp\/v2\/media\/9353"}],"wp:attachment":[{"href":"https:\/\/caru.org.uy\/nuevositio\/wp-json\/wp\/v2\/media?parent=9348"}],"wp:term":[{"taxonomy":"category","embeddable":true,"href":"https:\/\/caru.org.uy\/nuevositio\/wp-json\/wp\/v2\/categories?post=9348"},{"taxonomy":"post_tag","embeddable":true,"href":"https:\/\/caru.org.uy\/nuevositio\/wp-json\/wp\/v2\/tags?post=9348"}],"curies":[{"name":"wp","href":"https:\/\/api.w.org\/{rel}","templated":true}]}}