{"id":9518,"date":"2024-02-05T15:54:00","date_gmt":"2024-02-05T15:54:00","guid":{"rendered":"https:\/\/caru.org.uy\/nuevositio\/?p=9518"},"modified":"2024-04-24T13:52:03","modified_gmt":"2024-04-24T13:52:03","slug":"todo-contra-el-dengue-lo-mejor-es-la-prevencion","status":"publish","type":"post","link":"https:\/\/caru.org.uy\/nuevositio\/2024\/02\/05\/todo-contra-el-dengue-lo-mejor-es-la-prevencion\/","title":{"rendered":"Todos contra el dengue: La importancia de la prevenci\u00f3n"},"content":{"rendered":"\t\t<div data-elementor-type=\"wp-post\" data-elementor-id=\"9518\" class=\"elementor elementor-9518\" data-elementor-post-type=\"post\">\n\t\t\t\t\t\t<section class=\"elementor-section elementor-top-section elementor-element elementor-element-32555024 elementor-section-boxed elementor-section-height-default elementor-section-height-default\" data-id=\"32555024\" data-element_type=\"section\" data-e-type=\"section\" data-settings=\"{&quot;jet_parallax_layout_list&quot;:[]}\">\n\t\t\t\t\t\t<div class=\"elementor-container elementor-column-gap-default\">\n\t\t\t\t\t<div class=\"elementor-column elementor-col-50 elementor-top-column elementor-element elementor-element-2676b347\" data-id=\"2676b347\" data-element_type=\"column\" data-e-type=\"column\">\n\t\t\t<div class=\"elementor-widget-wrap elementor-element-populated\">\n\t\t\t\t\t\t<div class=\"elementor-element elementor-element-36a605be elementor-arrows-position-inside elementor-pagination-position-outside elementor-widget elementor-widget-image-carousel\" data-id=\"36a605be\" data-element_type=\"widget\" data-e-type=\"widget\" data-settings=\"{&quot;slides_to_show&quot;:&quot;1&quot;,&quot;navigation&quot;:&quot;both&quot;,&quot;autoplay&quot;:&quot;yes&quot;,&quot;pause_on_hover&quot;:&quot;yes&quot;,&quot;pause_on_interaction&quot;:&quot;yes&quot;,&quot;autoplay_speed&quot;:5000,&quot;infinite&quot;:&quot;yes&quot;,&quot;effect&quot;:&quot;slide&quot;,&quot;speed&quot;:500}\" data-widget_type=\"image-carousel.default\">\n\t\t\t\t<div class=\"elementor-widget-container\">\n\t\t\t\t\t\t\t<div class=\"elementor-image-carousel-wrapper swiper\" role=\"region\" aria-roledescription=\"carousel\" aria-label=\"Carrusel de im\u00e1genes\" dir=\"ltr\">\n\t\t\t<div class=\"elementor-image-carousel swiper-wrapper\" aria-live=\"off\">\n\t\t\t\t\t\t\t\t<div class=\"swiper-slide\" role=\"group\" aria-roledescription=\"slide\" aria-label=\"1 de 7\"><figure class=\"swiper-slide-inner\"><img decoding=\"async\" class=\"swiper-slide-image\" src=\"https:\/\/caru.org.uy\/nuevositio\/wp-content\/uploads\/2024\/04\/dengueeee-caru.jpg\" alt=\"dengueeee caru\" \/><\/figure><\/div><div class=\"swiper-slide\" role=\"group\" aria-roledescription=\"slide\" aria-label=\"2 de 7\"><figure class=\"swiper-slide-inner\"><img decoding=\"async\" class=\"swiper-slide-image\" src=\"https:\/\/caru.org.uy\/nuevositio\/wp-content\/uploads\/2024\/04\/dengueeee-caru-2.jpg\" alt=\"dengueeee caru 2\" \/><\/figure><\/div><div class=\"swiper-slide\" role=\"group\" aria-roledescription=\"slide\" aria-label=\"3 de 7\"><figure class=\"swiper-slide-inner\"><img decoding=\"async\" class=\"swiper-slide-image\" src=\"https:\/\/caru.org.uy\/nuevositio\/wp-content\/uploads\/2024\/04\/dengueeee-caru-3.jpg\" alt=\"dengueeee caru 3\" \/><\/figure><\/div><div class=\"swiper-slide\" role=\"group\" aria-roledescription=\"slide\" aria-label=\"4 de 7\"><figure class=\"swiper-slide-inner\"><img decoding=\"async\" class=\"swiper-slide-image\" src=\"https:\/\/caru.org.uy\/nuevositio\/wp-content\/uploads\/2024\/04\/dengueeee-caru-4.jpg\" alt=\"dengueeee caru 4\" \/><\/figure><\/div><div class=\"swiper-slide\" role=\"group\" aria-roledescription=\"slide\" aria-label=\"5 de 7\"><figure class=\"swiper-slide-inner\"><img decoding=\"async\" class=\"swiper-slide-image\" src=\"https:\/\/caru.org.uy\/nuevositio\/wp-content\/uploads\/2024\/04\/dengueeee-caru-5-1.jpg\" alt=\"dengueeee caru 5-1\" \/><\/figure><\/div><div class=\"swiper-slide\" role=\"group\" aria-roledescription=\"slide\" aria-label=\"6 de 7\"><figure class=\"swiper-slide-inner\"><img decoding=\"async\" class=\"swiper-slide-image\" src=\"https:\/\/caru.org.uy\/nuevositio\/wp-content\/uploads\/2024\/04\/dengueeee-caru-5.jpg\" alt=\"dengueeee caru 5\" \/><\/figure><\/div><div class=\"swiper-slide\" role=\"group\" aria-roledescription=\"slide\" aria-label=\"7 de 7\"><figure class=\"swiper-slide-inner\"><img decoding=\"async\" class=\"swiper-slide-image\" src=\"https:\/\/caru.org.uy\/nuevositio\/wp-content\/uploads\/2024\/04\/dengueeee-caru-6.jpg\" alt=\"dengueeee caru 6\" \/><\/figure><\/div>\t\t\t<\/div>\n\t\t\t\t\t\t\t\t\t\t\t\t<div class=\"elementor-swiper-button elementor-swiper-button-prev\" role=\"button\" tabindex=\"0\">\n\t\t\t\t\t\t<i aria-hidden=\"true\" class=\"eicon-chevron-left\"><\/i>\t\t\t\t\t<\/div>\n\t\t\t\t\t<div class=\"elementor-swiper-button elementor-swiper-button-next\" role=\"button\" tabindex=\"0\">\n\t\t\t\t\t\t<i aria-hidden=\"true\" class=\"eicon-chevron-right\"><\/i>\t\t\t\t\t<\/div>\n\t\t\t\t\n\t\t\t\t\t\t\t\t\t<div class=\"swiper-pagination\"><\/div>\n\t\t\t\t\t\t\t\t\t<\/div>\n\t\t\t\t\t\t<\/div>\n\t\t\t\t<\/div>\n\t\t\t\t\t<\/div>\n\t\t<\/div>\n\t\t\t\t<div class=\"elementor-column elementor-col-50 elementor-top-column elementor-element elementor-element-297bf872\" data-id=\"297bf872\" data-element_type=\"column\" data-e-type=\"column\">\n\t\t\t<div class=\"elementor-widget-wrap elementor-element-populated\">\n\t\t\t\t\t\t<div class=\"elementor-element elementor-element-512852f8 elementor-widget elementor-widget-text-editor\" data-id=\"512852f8\" data-element_type=\"widget\" data-e-type=\"widget\" data-widget_type=\"text-editor.default\">\n\t\t\t\t<div class=\"elementor-widget-container\">\n\t\t\t\t\t\t\t\t\t<p>La epidemia de dengue en Sudam\u00e9rica alcanz\u00f3 cifras alarmantes en lo que va de 2024,&nbsp;con un notable incremento en casos y fallecimientos en comparaci\u00f3n con el a\u00f1o anterior. Nuestra regi\u00f3n no se encuentra fuera de esta realidad en la que todos podemos aportar nuestro grano de arena, ya sea en la prevenci\u00f3n o en facilitar informaci\u00f3n.<\/p>\n<p>El dengue es una enfermedad viral aguda que puede afectar a personas de cualquier edad, causada por un virus transmitido a trav\u00e9s de la picadura de mosquitos infectados (Aedes aegypti).<\/p>\n<p>Ponen sus huevos en dep\u00f3sitos de agua limpia como piletas, floreros de plantas acu\u00e1ticas, llantas, baldes de agua y cualquier recipiente que est\u00e1 a la intemperie y que puede almacenar agua.<\/p>\n<p>La Organizaci\u00f3n Panamericana de la Salud \/ Organizaci\u00f3n Mundial de la Salud (OPS\/OMS) reitera el llamado a los Estados Miembros para intensificar los esfuerzos y las acciones de control del mosquito&nbsp;Aedes aegypti&nbsp;(principal vector transmisor), adem\u00e1s de continuar con las acciones de vigilancia, diagn\u00f3stico precoz y tratamiento oportuno de casos de dengue.<\/p>\n<p>Al mismo tiempo hace un llamado a las acciones necesarias para la organizaci\u00f3n de la red de servicios de atenci\u00f3n de salud a fin de facilitar el acceso y el manejo adecuado de los pacientes para prevenir complicaciones y defunciones asociadas a esta enfermedad. Es importante tambi\u00e9n, fortalecer las campa\u00f1as de comunicaci\u00f3n para aumentar la participaci\u00f3n comunitaria en funci\u00f3n de reducir los criaderos del mosquito y la b\u00fasqueda de atenci\u00f3n m\u00e9dica oportuna.<\/p><p>M<a href=\"https:\/\/caru.org.uy\/nuevositio\/wp-content\/uploads\/2024\/04\/Recomendaciones-sobre-Dengue-CARU-2024.pdf\" target=\"_blank\" style=\"font-family: var( --e-global-typography-text-font-family ), Sans-serif; font-weight: var( --e-global-typography-text-font-weight ); background-color: rgb(255, 255, 255);\">\u00e1s info aqu\u00ed<\/a><\/p>\t\t\t\t\t\t\t\t<\/div>\n\t\t\t\t<\/div>\n\t\t\t\t\t<\/div>\n\t\t<\/div>\n\t\t\t\t\t<\/div>\n\t\t<\/section>\n\t\t\t\t<\/div>\n\t\t","protected":false},"excerpt":{"rendered":"<p>La epidemia de dengue en Sudam\u00e9rica alcanz\u00f3 cifras alarmantes en lo que va de 2024,&nbsp;con un notable incremento en casos y fallecimientos en comparaci\u00f3n con el a\u00f1o anterior. Nuestra regi\u00f3n no se encuentra fuera de esta realidad en la que todos podemos aportar nuestro grano de arena, ya sea en la prevenci\u00f3n o en facilitar [&hellip;]<\/p>\n","protected":false},"author":1,"featured_media":9528,"comment_status":"open","ping_status":"open","sticky":false,"template":"","format":"standard","meta":{"_acf_changed":false,"_joinchat":[],"footnotes":""},"categories":[37,27],"tags":[],"class_list":["post-9518","post","type-post","status-publish","format-standard","has-post-thumbnail","hentry","category-noticias","category-novedades"],"acf":[],"yoast_head":"<!-- This site is optimized with the Yoast SEO plugin v27.3 - https:\/\/yoast.com\/product\/yoast-seo-wordpress\/ -->\n<title>Todos contra el dengue: La importancia de la prevenci\u00f3n % C.A.R.U. imagen<\/title>\n<meta name=\"robots\" content=\"index, follow, max-snippet:-1, max-image-preview:large, max-video-preview:-1\" \/>\n<link rel=\"canonical\" href=\"https:\/\/caru.org.uy\/nuevositio\/2024\/02\/05\/todo-contra-el-dengue-lo-mejor-es-la-prevencion\/\" \/>\n<meta property=\"og:locale\" content=\"es_ES\" \/>\n<meta property=\"og:type\" content=\"article\" \/>\n<meta property=\"og:title\" content=\"Todos contra el dengue: La importancia de la prevenci\u00f3n % C.A.R.U. imagen\" \/>\n<meta property=\"og:description\" content=\"La epidemia de dengue en Sudam\u00e9rica alcanz\u00f3 cifras alarmantes en lo que va de 2024,&nbsp;con un notable incremento en casos y fallecimientos en comparaci\u00f3n con el a\u00f1o anterior. Nuestra regi\u00f3n no se encuentra fuera de esta realidad en la que todos podemos aportar nuestro grano de arena, ya sea en la prevenci\u00f3n o en facilitar [&hellip;]\" \/>\n<meta property=\"og:url\" content=\"https:\/\/caru.org.uy\/nuevositio\/2024\/02\/05\/todo-contra-el-dengue-lo-mejor-es-la-prevencion\/\" \/>\n<meta property=\"og:site_name\" content=\"C.A.R.U.\" \/>\n<meta property=\"article:published_time\" content=\"2024-02-05T15:54:00+00:00\" \/>\n<meta property=\"article:modified_time\" content=\"2024-04-24T13:52:03+00:00\" \/>\n<meta property=\"og:image\" content=\"https:\/\/caru.org.uy\/nuevositio\/wp-content\/uploads\/2024\/04\/dengues.jpg\" \/>\n\t<meta property=\"og:image:width\" content=\"281\" \/>\n\t<meta property=\"og:image:height\" content=\"179\" \/>\n\t<meta property=\"og:image:type\" content=\"image\/jpeg\" \/>\n<meta name=\"author\" content=\"Noma\" \/>\n<meta name=\"twitter:card\" content=\"summary_large_image\" \/>\n<meta name=\"twitter:label1\" content=\"Escrito por\" \/>\n\t<meta name=\"twitter:data1\" content=\"Noma\" \/>\n\t<meta name=\"twitter:label2\" content=\"Tiempo de lectura\" \/>\n\t<meta name=\"twitter:data2\" content=\"3 minutos\" \/>\n<script type=\"application\/ld+json\" class=\"yoast-schema-graph\">{\"@context\":\"https:\\\/\\\/schema.org\",\"@graph\":[{\"@type\":[\"Article\",\"BlogPosting\"],\"@id\":\"https:\\\/\\\/caru.org.uy\\\/nuevositio\\\/2024\\\/02\\\/05\\\/todo-contra-el-dengue-lo-mejor-es-la-prevencion\\\/#article\",\"isPartOf\":{\"@id\":\"https:\\\/\\\/caru.org.uy\\\/nuevositio\\\/2024\\\/02\\\/05\\\/todo-contra-el-dengue-lo-mejor-es-la-prevencion\\\/\"},\"author\":{\"name\":\"Noma\",\"@id\":\"https:\\\/\\\/caru.org.uy\\\/nuevositio\\\/#\\\/schema\\\/person\\\/9a11b7bc115602d2066d4c695b2aa3e5\"},\"headline\":\"Todos contra el dengue: La importancia de la prevenci\u00f3n\",\"datePublished\":\"2024-02-05T15:54:00+00:00\",\"dateModified\":\"2024-04-24T13:52:03+00:00\",\"mainEntityOfPage\":{\"@id\":\"https:\\\/\\\/caru.org.uy\\\/nuevositio\\\/2024\\\/02\\\/05\\\/todo-contra-el-dengue-lo-mejor-es-la-prevencion\\\/\"},\"wordCount\":282,\"commentCount\":0,\"publisher\":{\"@id\":\"https:\\\/\\\/caru.org.uy\\\/nuevositio\\\/#organization\"},\"image\":{\"@id\":\"https:\\\/\\\/caru.org.uy\\\/nuevositio\\\/2024\\\/02\\\/05\\\/todo-contra-el-dengue-lo-mejor-es-la-prevencion\\\/#primaryimage\"},\"thumbnailUrl\":\"https:\\\/\\\/caru.org.uy\\\/nuevositio\\\/wp-content\\\/uploads\\\/2024\\\/04\\\/dengues.jpg\",\"articleSection\":[\"Noticias\",\"Novedades\"],\"inLanguage\":\"es\",\"potentialAction\":[{\"@type\":\"CommentAction\",\"name\":\"Comment\",\"target\":[\"https:\\\/\\\/caru.org.uy\\\/nuevositio\\\/2024\\\/02\\\/05\\\/todo-contra-el-dengue-lo-mejor-es-la-prevencion\\\/#respond\"]}]},{\"@type\":\"WebPage\",\"@id\":\"https:\\\/\\\/caru.org.uy\\\/nuevositio\\\/2024\\\/02\\\/05\\\/todo-contra-el-dengue-lo-mejor-es-la-prevencion\\\/\",\"url\":\"https:\\\/\\\/caru.org.uy\\\/nuevositio\\\/2024\\\/02\\\/05\\\/todo-contra-el-dengue-lo-mejor-es-la-prevencion\\\/\",\"name\":\"Todos contra el dengue: La importancia de la prevenci\u00f3n % C.A.R.U. imagen\",\"isPartOf\":{\"@id\":\"https:\\\/\\\/caru.org.uy\\\/nuevositio\\\/#website\"},\"primaryImageOfPage\":{\"@id\":\"https:\\\/\\\/caru.org.uy\\\/nuevositio\\\/2024\\\/02\\\/05\\\/todo-contra-el-dengue-lo-mejor-es-la-prevencion\\\/#primaryimage\"},\"image\":{\"@id\":\"https:\\\/\\\/caru.org.uy\\\/nuevositio\\\/2024\\\/02\\\/05\\\/todo-contra-el-dengue-lo-mejor-es-la-prevencion\\\/#primaryimage\"},\"thumbnailUrl\":\"https:\\\/\\\/caru.org.uy\\\/nuevositio\\\/wp-content\\\/uploads\\\/2024\\\/04\\\/dengues.jpg\",\"datePublished\":\"2024-02-05T15:54:00+00:00\",\"dateModified\":\"2024-04-24T13:52:03+00:00\",\"breadcrumb\":{\"@id\":\"https:\\\/\\\/caru.org.uy\\\/nuevositio\\\/2024\\\/02\\\/05\\\/todo-contra-el-dengue-lo-mejor-es-la-prevencion\\\/#breadcrumb\"},\"inLanguage\":\"es\",\"potentialAction\":[{\"@type\":\"ReadAction\",\"target\":[\"https:\\\/\\\/caru.org.uy\\\/nuevositio\\\/2024\\\/02\\\/05\\\/todo-contra-el-dengue-lo-mejor-es-la-prevencion\\\/\"]}]},{\"@type\":\"ImageObject\",\"inLanguage\":\"es\",\"@id\":\"https:\\\/\\\/caru.org.uy\\\/nuevositio\\\/2024\\\/02\\\/05\\\/todo-contra-el-dengue-lo-mejor-es-la-prevencion\\\/#primaryimage\",\"url\":\"https:\\\/\\\/caru.org.uy\\\/nuevositio\\\/wp-content\\\/uploads\\\/2024\\\/04\\\/dengues.jpg\",\"contentUrl\":\"https:\\\/\\\/caru.org.uy\\\/nuevositio\\\/wp-content\\\/uploads\\\/2024\\\/04\\\/dengues.jpg\",\"width\":281,\"height\":179},{\"@type\":\"BreadcrumbList\",\"@id\":\"https:\\\/\\\/caru.org.uy\\\/nuevositio\\\/2024\\\/02\\\/05\\\/todo-contra-el-dengue-lo-mejor-es-la-prevencion\\\/#breadcrumb\",\"itemListElement\":[{\"@type\":\"ListItem\",\"position\":1,\"name\":\"Portada\",\"item\":\"https:\\\/\\\/caru.org.uy\\\/nuevositio\\\/\"},{\"@type\":\"ListItem\",\"position\":2,\"name\":\"Todos contra el dengue: La importancia de la prevenci\u00f3n\"}]},{\"@type\":\"WebSite\",\"@id\":\"https:\\\/\\\/caru.org.uy\\\/nuevositio\\\/#website\",\"url\":\"https:\\\/\\\/caru.org.uy\\\/nuevositio\\\/\",\"name\":\"C.A.R.U.\",\"description\":\"Comisi\u00f3n Administradora del R\u00edo Uruguay\",\"publisher\":{\"@id\":\"https:\\\/\\\/caru.org.uy\\\/nuevositio\\\/#organization\"},\"potentialAction\":[{\"@type\":\"SearchAction\",\"target\":{\"@type\":\"EntryPoint\",\"urlTemplate\":\"https:\\\/\\\/caru.org.uy\\\/nuevositio\\\/?s={search_term_string}\"},\"query-input\":{\"@type\":\"PropertyValueSpecification\",\"valueRequired\":true,\"valueName\":\"search_term_string\"}}],\"inLanguage\":\"es\"},{\"@type\":\"Organization\",\"@id\":\"https:\\\/\\\/caru.org.uy\\\/nuevositio\\\/#organization\",\"name\":\"C.A.R.U.\",\"url\":\"https:\\\/\\\/caru.org.uy\\\/nuevositio\\\/\",\"logo\":{\"@type\":\"ImageObject\",\"inLanguage\":\"es\",\"@id\":\"https:\\\/\\\/caru.org.uy\\\/nuevositio\\\/#\\\/schema\\\/logo\\\/image\\\/\",\"url\":\"https:\\\/\\\/caru.org.uy\\\/nuevositio\\\/wp-content\\\/uploads\\\/2023\\\/11\\\/logo-nuevo.jpg\",\"contentUrl\":\"https:\\\/\\\/caru.org.uy\\\/nuevositio\\\/wp-content\\\/uploads\\\/2023\\\/11\\\/logo-nuevo.jpg\",\"width\":1,\"height\":1,\"caption\":\"C.A.R.U.\"},\"image\":{\"@id\":\"https:\\\/\\\/caru.org.uy\\\/nuevositio\\\/#\\\/schema\\\/logo\\\/image\\\/\"}},{\"@type\":\"Person\",\"@id\":\"https:\\\/\\\/caru.org.uy\\\/nuevositio\\\/#\\\/schema\\\/person\\\/9a11b7bc115602d2066d4c695b2aa3e5\",\"name\":\"Noma\",\"image\":{\"@type\":\"ImageObject\",\"inLanguage\":\"es\",\"@id\":\"https:\\\/\\\/secure.gravatar.com\\\/avatar\\\/8b0eb2764fe524b07cdc015df29e7576c061e58c50641dd8ccc46d3d448307e5?s=96&d=mm&r=g\",\"url\":\"https:\\\/\\\/secure.gravatar.com\\\/avatar\\\/8b0eb2764fe524b07cdc015df29e7576c061e58c50641dd8ccc46d3d448307e5?s=96&d=mm&r=g\",\"contentUrl\":\"https:\\\/\\\/secure.gravatar.com\\\/avatar\\\/8b0eb2764fe524b07cdc015df29e7576c061e58c50641dd8ccc46d3d448307e5?s=96&d=mm&r=g\",\"caption\":\"Noma\"},\"url\":\"https:\\\/\\\/caru.org.uy\\\/nuevositio\\\/author\\\/admin\\\/\"}]}<\/script>\n<!-- \/ Yoast SEO plugin. -->","yoast_head_json":{"title":"Todos contra el dengue: La importancia de la prevenci\u00f3n % C.A.R.U. imagen","robots":{"index":"index","follow":"follow","max-snippet":"max-snippet:-1","max-image-preview":"max-image-preview:large","max-video-preview":"max-video-preview:-1"},"canonical":"https:\/\/caru.org.uy\/nuevositio\/2024\/02\/05\/todo-contra-el-dengue-lo-mejor-es-la-prevencion\/","og_locale":"es_ES","og_type":"article","og_title":"Todos contra el dengue: La importancia de la prevenci\u00f3n % C.A.R.U. imagen","og_description":"La epidemia de dengue en Sudam\u00e9rica alcanz\u00f3 cifras alarmantes en lo que va de 2024,&nbsp;con un notable incremento en casos y fallecimientos en comparaci\u00f3n con el a\u00f1o anterior. Nuestra regi\u00f3n no se encuentra fuera de esta realidad en la que todos podemos aportar nuestro grano de arena, ya sea en la prevenci\u00f3n o en facilitar [&hellip;]","og_url":"https:\/\/caru.org.uy\/nuevositio\/2024\/02\/05\/todo-contra-el-dengue-lo-mejor-es-la-prevencion\/","og_site_name":"C.A.R.U.","article_published_time":"2024-02-05T15:54:00+00:00","article_modified_time":"2024-04-24T13:52:03+00:00","og_image":[{"width":281,"height":179,"url":"https:\/\/caru.org.uy\/nuevositio\/wp-content\/uploads\/2024\/04\/dengues.jpg","type":"image\/jpeg"}],"author":"Noma","twitter_card":"summary_large_image","twitter_misc":{"Escrito por":"Noma","Tiempo de lectura":"3 minutos"},"schema":{"@context":"https:\/\/schema.org","@graph":[{"@type":["Article","BlogPosting"],"@id":"https:\/\/caru.org.uy\/nuevositio\/2024\/02\/05\/todo-contra-el-dengue-lo-mejor-es-la-prevencion\/#article","isPartOf":{"@id":"https:\/\/caru.org.uy\/nuevositio\/2024\/02\/05\/todo-contra-el-dengue-lo-mejor-es-la-prevencion\/"},"author":{"name":"Noma","@id":"https:\/\/caru.org.uy\/nuevositio\/#\/schema\/person\/9a11b7bc115602d2066d4c695b2aa3e5"},"headline":"Todos contra el dengue: La importancia de la prevenci\u00f3n","datePublished":"2024-02-05T15:54:00+00:00","dateModified":"2024-04-24T13:52:03+00:00","mainEntityOfPage":{"@id":"https:\/\/caru.org.uy\/nuevositio\/2024\/02\/05\/todo-contra-el-dengue-lo-mejor-es-la-prevencion\/"},"wordCount":282,"commentCount":0,"publisher":{"@id":"https:\/\/caru.org.uy\/nuevositio\/#organization"},"image":{"@id":"https:\/\/caru.org.uy\/nuevositio\/2024\/02\/05\/todo-contra-el-dengue-lo-mejor-es-la-prevencion\/#primaryimage"},"thumbnailUrl":"https:\/\/caru.org.uy\/nuevositio\/wp-content\/uploads\/2024\/04\/dengues.jpg","articleSection":["Noticias","Novedades"],"inLanguage":"es","potentialAction":[{"@type":"CommentAction","name":"Comment","target":["https:\/\/caru.org.uy\/nuevositio\/2024\/02\/05\/todo-contra-el-dengue-lo-mejor-es-la-prevencion\/#respond"]}]},{"@type":"WebPage","@id":"https:\/\/caru.org.uy\/nuevositio\/2024\/02\/05\/todo-contra-el-dengue-lo-mejor-es-la-prevencion\/","url":"https:\/\/caru.org.uy\/nuevositio\/2024\/02\/05\/todo-contra-el-dengue-lo-mejor-es-la-prevencion\/","name":"Todos contra el dengue: La importancia de la prevenci\u00f3n % C.A.R.U. imagen","isPartOf":{"@id":"https:\/\/caru.org.uy\/nuevositio\/#website"},"primaryImageOfPage":{"@id":"https:\/\/caru.org.uy\/nuevositio\/2024\/02\/05\/todo-contra-el-dengue-lo-mejor-es-la-prevencion\/#primaryimage"},"image":{"@id":"https:\/\/caru.org.uy\/nuevositio\/2024\/02\/05\/todo-contra-el-dengue-lo-mejor-es-la-prevencion\/#primaryimage"},"thumbnailUrl":"https:\/\/caru.org.uy\/nuevositio\/wp-content\/uploads\/2024\/04\/dengues.jpg","datePublished":"2024-02-05T15:54:00+00:00","dateModified":"2024-04-24T13:52:03+00:00","breadcrumb":{"@id":"https:\/\/caru.org.uy\/nuevositio\/2024\/02\/05\/todo-contra-el-dengue-lo-mejor-es-la-prevencion\/#breadcrumb"},"inLanguage":"es","potentialAction":[{"@type":"ReadAction","target":["https:\/\/caru.org.uy\/nuevositio\/2024\/02\/05\/todo-contra-el-dengue-lo-mejor-es-la-prevencion\/"]}]},{"@type":"ImageObject","inLanguage":"es","@id":"https:\/\/caru.org.uy\/nuevositio\/2024\/02\/05\/todo-contra-el-dengue-lo-mejor-es-la-prevencion\/#primaryimage","url":"https:\/\/caru.org.uy\/nuevositio\/wp-content\/uploads\/2024\/04\/dengues.jpg","contentUrl":"https:\/\/caru.org.uy\/nuevositio\/wp-content\/uploads\/2024\/04\/dengues.jpg","width":281,"height":179},{"@type":"BreadcrumbList","@id":"https:\/\/caru.org.uy\/nuevositio\/2024\/02\/05\/todo-contra-el-dengue-lo-mejor-es-la-prevencion\/#breadcrumb","itemListElement":[{"@type":"ListItem","position":1,"name":"Portada","item":"https:\/\/caru.org.uy\/nuevositio\/"},{"@type":"ListItem","position":2,"name":"Todos contra el dengue: La importancia de la prevenci\u00f3n"}]},{"@type":"WebSite","@id":"https:\/\/caru.org.uy\/nuevositio\/#website","url":"https:\/\/caru.org.uy\/nuevositio\/","name":"C.A.R.U.","description":"Comisi\u00f3n Administradora del R\u00edo Uruguay","publisher":{"@id":"https:\/\/caru.org.uy\/nuevositio\/#organization"},"potentialAction":[{"@type":"SearchAction","target":{"@type":"EntryPoint","urlTemplate":"https:\/\/caru.org.uy\/nuevositio\/?s={search_term_string}"},"query-input":{"@type":"PropertyValueSpecification","valueRequired":true,"valueName":"search_term_string"}}],"inLanguage":"es"},{"@type":"Organization","@id":"https:\/\/caru.org.uy\/nuevositio\/#organization","name":"C.A.R.U.","url":"https:\/\/caru.org.uy\/nuevositio\/","logo":{"@type":"ImageObject","inLanguage":"es","@id":"https:\/\/caru.org.uy\/nuevositio\/#\/schema\/logo\/image\/","url":"https:\/\/caru.org.uy\/nuevositio\/wp-content\/uploads\/2023\/11\/logo-nuevo.jpg","contentUrl":"https:\/\/caru.org.uy\/nuevositio\/wp-content\/uploads\/2023\/11\/logo-nuevo.jpg","width":1,"height":1,"caption":"C.A.R.U."},"image":{"@id":"https:\/\/caru.org.uy\/nuevositio\/#\/schema\/logo\/image\/"}},{"@type":"Person","@id":"https:\/\/caru.org.uy\/nuevositio\/#\/schema\/person\/9a11b7bc115602d2066d4c695b2aa3e5","name":"Noma","image":{"@type":"ImageObject","inLanguage":"es","@id":"https:\/\/secure.gravatar.com\/avatar\/8b0eb2764fe524b07cdc015df29e7576c061e58c50641dd8ccc46d3d448307e5?s=96&d=mm&r=g","url":"https:\/\/secure.gravatar.com\/avatar\/8b0eb2764fe524b07cdc015df29e7576c061e58c50641dd8ccc46d3d448307e5?s=96&d=mm&r=g","contentUrl":"https:\/\/secure.gravatar.com\/avatar\/8b0eb2764fe524b07cdc015df29e7576c061e58c50641dd8ccc46d3d448307e5?s=96&d=mm&r=g","caption":"Noma"},"url":"https:\/\/caru.org.uy\/nuevositio\/author\/admin\/"}]}},"_links":{"self":[{"href":"https:\/\/caru.org.uy\/nuevositio\/wp-json\/wp\/v2\/posts\/9518","targetHints":{"allow":["GET"]}}],"collection":[{"href":"https:\/\/caru.org.uy\/nuevositio\/wp-json\/wp\/v2\/posts"}],"about":[{"href":"https:\/\/caru.org.uy\/nuevositio\/wp-json\/wp\/v2\/types\/post"}],"author":[{"embeddable":true,"href":"https:\/\/caru.org.uy\/nuevositio\/wp-json\/wp\/v2\/users\/1"}],"replies":[{"embeddable":true,"href":"https:\/\/caru.org.uy\/nuevositio\/wp-json\/wp\/v2\/comments?post=9518"}],"version-history":[{"count":5,"href":"https:\/\/caru.org.uy\/nuevositio\/wp-json\/wp\/v2\/posts\/9518\/revisions"}],"predecessor-version":[{"id":9606,"href":"https:\/\/caru.org.uy\/nuevositio\/wp-json\/wp\/v2\/posts\/9518\/revisions\/9606"}],"wp:featuredmedia":[{"embeddable":true,"href":"https:\/\/caru.org.uy\/nuevositio\/wp-json\/wp\/v2\/media\/9528"}],"wp:attachment":[{"href":"https:\/\/caru.org.uy\/nuevositio\/wp-json\/wp\/v2\/media?parent=9518"}],"wp:term":[{"taxonomy":"category","embeddable":true,"href":"https:\/\/caru.org.uy\/nuevositio\/wp-json\/wp\/v2\/categories?post=9518"},{"taxonomy":"post_tag","embeddable":true,"href":"https:\/\/caru.org.uy\/nuevositio\/wp-json\/wp\/v2\/tags?post=9518"}],"curies":[{"name":"wp","href":"https:\/\/api.w.org\/{rel}","templated":true}]}}