{"id":9538,"date":"2024-04-08T20:42:31","date_gmt":"2024-04-08T20:42:31","guid":{"rendered":"https:\/\/caru.org.uy\/nuevositio\/?p=9538"},"modified":"2024-05-03T15:30:47","modified_gmt":"2024-05-03T15:30:47","slug":"concurso-abierto-de-oposicion-y-antecedentes-llamados-1-24-2-243-244-24-entrevistas-personales","status":"publish","type":"post","link":"https:\/\/caru.org.uy\/nuevositio\/2024\/04\/08\/concurso-abierto-de-oposicion-y-antecedentes-llamados-1-24-2-243-244-24-entrevistas-personales\/","title":{"rendered":"Concurso Abierto de Oposici\u00f3n y Antecedentes \u2013 Llamados: 1\/24, 2\/24,3\/24,4\/24: entrevistas personales"},"content":{"rendered":"\t\t<div data-elementor-type=\"wp-post\" data-elementor-id=\"9538\" class=\"elementor elementor-9538\" data-elementor-post-type=\"post\">\n\t\t\t\t\t\t<section class=\"elementor-section elementor-top-section elementor-element elementor-element-b409399 elementor-section-boxed elementor-section-height-default elementor-section-height-default\" data-id=\"b409399\" data-element_type=\"section\" data-e-type=\"section\" data-settings=\"{&quot;jet_parallax_layout_list&quot;:[]}\">\n\t\t\t\t\t\t<div class=\"elementor-container elementor-column-gap-default\">\n\t\t\t\t\t<div class=\"elementor-column elementor-col-50 elementor-top-column elementor-element elementor-element-337d0ef0\" data-id=\"337d0ef0\" data-element_type=\"column\" data-e-type=\"column\">\n\t\t\t<div class=\"elementor-widget-wrap elementor-element-populated\">\n\t\t\t\t\t\t<div class=\"elementor-element elementor-element-49ef2040 elementor-widget elementor-widget-image\" data-id=\"49ef2040\" data-element_type=\"widget\" data-e-type=\"widget\" data-widget_type=\"image.default\">\n\t\t\t\t<div class=\"elementor-widget-container\">\n\t\t\t\t\t\t\t\t\t\t\t\t\t\t\t<img fetchpriority=\"high\" decoding=\"async\" width=\"512\" height=\"342\" src=\"https:\/\/caru.org.uy\/nuevositio\/wp-content\/uploads\/2023\/11\/formu-caru-e1701453267857.jpg\" class=\"attachment-large size-large wp-image-8822\" alt=\"\" srcset=\"https:\/\/caru.org.uy\/nuevositio\/wp-content\/uploads\/2023\/11\/formu-caru-e1701453267857.jpg 512w, https:\/\/caru.org.uy\/nuevositio\/wp-content\/uploads\/2023\/11\/formu-caru-e1701453267857-300x200.jpg 300w\" sizes=\"(max-width: 512px) 100vw, 512px\" \/>\t\t\t\t\t\t\t\t\t\t\t\t\t\t\t<\/div>\n\t\t\t\t<\/div>\n\t\t\t\t\t<\/div>\n\t\t<\/div>\n\t\t\t\t<div class=\"elementor-column elementor-col-50 elementor-top-column elementor-element elementor-element-7c24e560\" data-id=\"7c24e560\" data-element_type=\"column\" data-e-type=\"column\">\n\t\t\t<div class=\"elementor-widget-wrap elementor-element-populated\">\n\t\t\t\t\t\t<div class=\"elementor-element elementor-element-696f4f28 elementor-widget elementor-widget-text-editor\" data-id=\"696f4f28\" data-element_type=\"widget\" data-e-type=\"widget\" data-widget_type=\"text-editor.default\">\n\t\t\t\t<div class=\"elementor-widget-container\">\n\t\t\t\t\t\t\t\t\t<p><\/p><p>Se convoca a los siguientes postulantes a presentarse en las instalaciones de CARU \u2013 Costanera Norte S\/N, Paysand\u00fa para la Etapa F (Entrevista Personal) de los Concurso de Oposici\u00f3n y Antecedentes, seg\u00fan el cronograma siguiente.\u00a0\u00a0<\/p><table width=\"317\"><tbody><tr><td width=\"113\"><p><strong>Dia<\/strong><\/p><\/td><td width=\"80\"><p><strong>Hora<\/strong><\/p><\/td><td width=\"124\"><p><strong>CI<\/strong><\/p><\/td><\/tr><tr><td><p>Martes 9<\/p><\/td><td><p>7:30<\/p><\/td><td><p>35712747<\/p><\/td><\/tr><tr><td><p>\u00a0<\/p><\/td><td><p>8:15<\/p><\/td><td><p>47799131<\/p><\/td><\/tr><tr><td><p>\u00a0<\/p><\/td><td><p>9:00<\/p><\/td><td><p>37186788<\/p><\/td><\/tr><tr><td><p>Mi\u00e9rcoles 10<\/p><\/td><td><p>7:30<\/p><\/td><td><p>38874312<\/p><\/td><\/tr><tr><td><p>\u00a0<\/p><\/td><td><p>8:15<\/p><\/td><td><p>41966257<\/p><\/td><\/tr><tr><td><p>\u00a0<\/p><\/td><td><p>9:00<\/p><\/td><td><p>52195114<\/p><\/td><\/tr><tr><td><p>Jueves 11<\/p><\/td><td><p>7:30<\/p><\/td><td><p>39581556<\/p><\/td><\/tr><tr><td><p>\u00a0<\/p><\/td><td><p>8:15<\/p><\/td><td><p>42954796<\/p><\/td><\/tr><tr><td><p>\u00a0<\/p><\/td><td><p>9:00<\/p><\/td><td><p>32780004<\/p><\/td><\/tr><tr><td><p>Viernes 12<\/p><\/td><td><p>7:30<\/p><\/td><td><p>41777880<\/p><\/td><\/tr><tr><td><p>\u00a0<\/p><\/td><td><p>8:15<\/p><\/td><td><p>41842946<\/p><\/td><\/tr><tr><td><p>\u00a0<\/p><\/td><td><p>9:00<\/p><\/td><td><p>43589271<\/p><\/td><\/tr><tr><td><p>\u00a0<\/p><\/td><td><p>9:45<\/p><\/td><td><p>44128119<\/p><\/td><\/tr><tr><td><p>\u00a0<\/p><\/td><td><p>10:30<\/p><\/td><td><p>49129964<\/p><\/td><\/tr><tr><td><p>\u00a0<\/p><\/td><td><p>11:15<\/p><\/td><td><p>30754269<\/p><\/td><\/tr><\/tbody><\/table><p>\u00a0<\/p><p><\/p>\t\t\t\t\t\t\t\t<\/div>\n\t\t\t\t<\/div>\n\t\t\t\t\t<\/div>\n\t\t<\/div>\n\t\t\t\t\t<\/div>\n\t\t<\/section>\n\t\t\t\t<\/div>\n\t\t","protected":false},"excerpt":{"rendered":"<p>Se convoca a los siguientes postulantes a presentarse en las instalaciones de CARU \u2013 Costanera Norte S\/N, Paysand\u00fa para la Etapa F (Entrevista Personal) de los Concurso de Oposici\u00f3n y Antecedentes, seg\u00fan el cronograma siguiente.\u00a0\u00a0 Dia Hora CI Martes 9 7:30 35712747 \u00a0 8:15 47799131 \u00a0 9:00 37186788 Mi\u00e9rcoles 10 7:30 38874312 \u00a0 8:15 41966257 [&hellip;]<\/p>\n","protected":false},"author":1,"featured_media":8870,"comment_status":"open","ping_status":"open","sticky":false,"template":"","format":"standard","meta":{"_acf_changed":false,"_joinchat":[],"footnotes":""},"categories":[27],"tags":[],"class_list":["post-9538","post","type-post","status-publish","format-standard","has-post-thumbnail","hentry","category-novedades"],"acf":[],"yoast_head":"<!-- This site is optimized with the Yoast SEO plugin v27.3 - https:\/\/yoast.com\/product\/yoast-seo-wordpress\/ -->\n<title>Concurso Abierto de Oposici\u00f3n y Antecedentes \u2013 Llamados: 1\/24, 2\/24,3\/24,4\/24: entrevistas personales % C.A.R.U. imagen<\/title>\n<meta name=\"robots\" content=\"index, follow, max-snippet:-1, max-image-preview:large, max-video-preview:-1\" \/>\n<link rel=\"canonical\" href=\"https:\/\/caru.org.uy\/nuevositio\/2024\/04\/08\/concurso-abierto-de-oposicion-y-antecedentes-llamados-1-24-2-243-244-24-entrevistas-personales\/\" \/>\n<meta property=\"og:locale\" content=\"es_ES\" \/>\n<meta property=\"og:type\" content=\"article\" \/>\n<meta property=\"og:title\" content=\"Concurso Abierto de Oposici\u00f3n y Antecedentes \u2013 Llamados: 1\/24, 2\/24,3\/24,4\/24: entrevistas personales % C.A.R.U. imagen\" \/>\n<meta property=\"og:description\" content=\"Se convoca a los siguientes postulantes a presentarse en las instalaciones de CARU \u2013 Costanera Norte S\/N, Paysand\u00fa para la Etapa F (Entrevista Personal) de los Concurso de Oposici\u00f3n y Antecedentes, seg\u00fan el cronograma siguiente.\u00a0\u00a0 Dia Hora CI Martes 9 7:30 35712747 \u00a0 8:15 47799131 \u00a0 9:00 37186788 Mi\u00e9rcoles 10 7:30 38874312 \u00a0 8:15 41966257 [&hellip;]\" \/>\n<meta property=\"og:url\" content=\"https:\/\/caru.org.uy\/nuevositio\/2024\/04\/08\/concurso-abierto-de-oposicion-y-antecedentes-llamados-1-24-2-243-244-24-entrevistas-personales\/\" \/>\n<meta property=\"og:site_name\" content=\"C.A.R.U.\" \/>\n<meta property=\"article:published_time\" content=\"2024-04-08T20:42:31+00:00\" \/>\n<meta property=\"article:modified_time\" content=\"2024-05-03T15:30:47+00:00\" \/>\n<meta property=\"og:image\" content=\"https:\/\/caru.org.uy\/nuevositio\/wp-content\/uploads\/2023\/11\/logo-nuevo.jpg\" \/>\n\t<meta property=\"og:image:width\" content=\"1\" \/>\n\t<meta property=\"og:image:height\" content=\"1\" \/>\n\t<meta property=\"og:image:type\" content=\"image\/jpeg\" \/>\n<meta name=\"author\" content=\"Noma\" \/>\n<meta name=\"twitter:card\" content=\"summary_large_image\" \/>\n<meta name=\"twitter:label1\" content=\"Escrito por\" \/>\n\t<meta name=\"twitter:data1\" content=\"Noma\" \/>\n\t<meta name=\"twitter:label2\" content=\"Tiempo de lectura\" \/>\n\t<meta name=\"twitter:data2\" content=\"1 minuto\" \/>\n<script type=\"application\/ld+json\" class=\"yoast-schema-graph\">{\"@context\":\"https:\\\/\\\/schema.org\",\"@graph\":[{\"@type\":[\"Article\",\"BlogPosting\"],\"@id\":\"https:\\\/\\\/caru.org.uy\\\/nuevositio\\\/2024\\\/04\\\/08\\\/concurso-abierto-de-oposicion-y-antecedentes-llamados-1-24-2-243-244-24-entrevistas-personales\\\/#article\",\"isPartOf\":{\"@id\":\"https:\\\/\\\/caru.org.uy\\\/nuevositio\\\/2024\\\/04\\\/08\\\/concurso-abierto-de-oposicion-y-antecedentes-llamados-1-24-2-243-244-24-entrevistas-personales\\\/\"},\"author\":{\"name\":\"Noma\",\"@id\":\"https:\\\/\\\/caru.org.uy\\\/nuevositio\\\/#\\\/schema\\\/person\\\/9a11b7bc115602d2066d4c695b2aa3e5\"},\"headline\":\"Concurso Abierto de Oposici\u00f3n y Antecedentes \u2013 Llamados: 1\\\/24, 2\\\/24,3\\\/24,4\\\/24: entrevistas personales\",\"datePublished\":\"2024-04-08T20:42:31+00:00\",\"dateModified\":\"2024-05-03T15:30:47+00:00\",\"mainEntityOfPage\":{\"@id\":\"https:\\\/\\\/caru.org.uy\\\/nuevositio\\\/2024\\\/04\\\/08\\\/concurso-abierto-de-oposicion-y-antecedentes-llamados-1-24-2-243-244-24-entrevistas-personales\\\/\"},\"wordCount\":55,\"commentCount\":0,\"publisher\":{\"@id\":\"https:\\\/\\\/caru.org.uy\\\/nuevositio\\\/#organization\"},\"image\":{\"@id\":\"https:\\\/\\\/caru.org.uy\\\/nuevositio\\\/2024\\\/04\\\/08\\\/concurso-abierto-de-oposicion-y-antecedentes-llamados-1-24-2-243-244-24-entrevistas-personales\\\/#primaryimage\"},\"thumbnailUrl\":\"https:\\\/\\\/caru.org.uy\\\/nuevositio\\\/wp-content\\\/uploads\\\/2023\\\/11\\\/logo-nuevo.jpg\",\"articleSection\":[\"Novedades\"],\"inLanguage\":\"es\",\"potentialAction\":[{\"@type\":\"CommentAction\",\"name\":\"Comment\",\"target\":[\"https:\\\/\\\/caru.org.uy\\\/nuevositio\\\/2024\\\/04\\\/08\\\/concurso-abierto-de-oposicion-y-antecedentes-llamados-1-24-2-243-244-24-entrevistas-personales\\\/#respond\"]}]},{\"@type\":\"WebPage\",\"@id\":\"https:\\\/\\\/caru.org.uy\\\/nuevositio\\\/2024\\\/04\\\/08\\\/concurso-abierto-de-oposicion-y-antecedentes-llamados-1-24-2-243-244-24-entrevistas-personales\\\/\",\"url\":\"https:\\\/\\\/caru.org.uy\\\/nuevositio\\\/2024\\\/04\\\/08\\\/concurso-abierto-de-oposicion-y-antecedentes-llamados-1-24-2-243-244-24-entrevistas-personales\\\/\",\"name\":\"Concurso Abierto de Oposici\u00f3n y Antecedentes \u2013 Llamados: 1\\\/24, 2\\\/24,3\\\/24,4\\\/24: entrevistas personales % C.A.R.U. imagen\",\"isPartOf\":{\"@id\":\"https:\\\/\\\/caru.org.uy\\\/nuevositio\\\/#website\"},\"primaryImageOfPage\":{\"@id\":\"https:\\\/\\\/caru.org.uy\\\/nuevositio\\\/2024\\\/04\\\/08\\\/concurso-abierto-de-oposicion-y-antecedentes-llamados-1-24-2-243-244-24-entrevistas-personales\\\/#primaryimage\"},\"image\":{\"@id\":\"https:\\\/\\\/caru.org.uy\\\/nuevositio\\\/2024\\\/04\\\/08\\\/concurso-abierto-de-oposicion-y-antecedentes-llamados-1-24-2-243-244-24-entrevistas-personales\\\/#primaryimage\"},\"thumbnailUrl\":\"https:\\\/\\\/caru.org.uy\\\/nuevositio\\\/wp-content\\\/uploads\\\/2023\\\/11\\\/logo-nuevo.jpg\",\"datePublished\":\"2024-04-08T20:42:31+00:00\",\"dateModified\":\"2024-05-03T15:30:47+00:00\",\"breadcrumb\":{\"@id\":\"https:\\\/\\\/caru.org.uy\\\/nuevositio\\\/2024\\\/04\\\/08\\\/concurso-abierto-de-oposicion-y-antecedentes-llamados-1-24-2-243-244-24-entrevistas-personales\\\/#breadcrumb\"},\"inLanguage\":\"es\",\"potentialAction\":[{\"@type\":\"ReadAction\",\"target\":[\"https:\\\/\\\/caru.org.uy\\\/nuevositio\\\/2024\\\/04\\\/08\\\/concurso-abierto-de-oposicion-y-antecedentes-llamados-1-24-2-243-244-24-entrevistas-personales\\\/\"]}]},{\"@type\":\"ImageObject\",\"inLanguage\":\"es\",\"@id\":\"https:\\\/\\\/caru.org.uy\\\/nuevositio\\\/2024\\\/04\\\/08\\\/concurso-abierto-de-oposicion-y-antecedentes-llamados-1-24-2-243-244-24-entrevistas-personales\\\/#primaryimage\",\"url\":\"https:\\\/\\\/caru.org.uy\\\/nuevositio\\\/wp-content\\\/uploads\\\/2023\\\/11\\\/logo-nuevo.jpg\",\"contentUrl\":\"https:\\\/\\\/caru.org.uy\\\/nuevositio\\\/wp-content\\\/uploads\\\/2023\\\/11\\\/logo-nuevo.jpg\"},{\"@type\":\"BreadcrumbList\",\"@id\":\"https:\\\/\\\/caru.org.uy\\\/nuevositio\\\/2024\\\/04\\\/08\\\/concurso-abierto-de-oposicion-y-antecedentes-llamados-1-24-2-243-244-24-entrevistas-personales\\\/#breadcrumb\",\"itemListElement\":[{\"@type\":\"ListItem\",\"position\":1,\"name\":\"Portada\",\"item\":\"https:\\\/\\\/caru.org.uy\\\/nuevositio\\\/\"},{\"@type\":\"ListItem\",\"position\":2,\"name\":\"Concurso Abierto de Oposici\u00f3n y Antecedentes \u2013 Llamados: 1\\\/24, 2\\\/24,3\\\/24,4\\\/24: entrevistas personales\"}]},{\"@type\":\"WebSite\",\"@id\":\"https:\\\/\\\/caru.org.uy\\\/nuevositio\\\/#website\",\"url\":\"https:\\\/\\\/caru.org.uy\\\/nuevositio\\\/\",\"name\":\"C.A.R.U.\",\"description\":\"Comisi\u00f3n Administradora del R\u00edo Uruguay\",\"publisher\":{\"@id\":\"https:\\\/\\\/caru.org.uy\\\/nuevositio\\\/#organization\"},\"potentialAction\":[{\"@type\":\"SearchAction\",\"target\":{\"@type\":\"EntryPoint\",\"urlTemplate\":\"https:\\\/\\\/caru.org.uy\\\/nuevositio\\\/?s={search_term_string}\"},\"query-input\":{\"@type\":\"PropertyValueSpecification\",\"valueRequired\":true,\"valueName\":\"search_term_string\"}}],\"inLanguage\":\"es\"},{\"@type\":\"Organization\",\"@id\":\"https:\\\/\\\/caru.org.uy\\\/nuevositio\\\/#organization\",\"name\":\"C.A.R.U.\",\"url\":\"https:\\\/\\\/caru.org.uy\\\/nuevositio\\\/\",\"logo\":{\"@type\":\"ImageObject\",\"inLanguage\":\"es\",\"@id\":\"https:\\\/\\\/caru.org.uy\\\/nuevositio\\\/#\\\/schema\\\/logo\\\/image\\\/\",\"url\":\"https:\\\/\\\/caru.org.uy\\\/nuevositio\\\/wp-content\\\/uploads\\\/2023\\\/11\\\/logo-nuevo.jpg\",\"contentUrl\":\"https:\\\/\\\/caru.org.uy\\\/nuevositio\\\/wp-content\\\/uploads\\\/2023\\\/11\\\/logo-nuevo.jpg\",\"width\":1,\"height\":1,\"caption\":\"C.A.R.U.\"},\"image\":{\"@id\":\"https:\\\/\\\/caru.org.uy\\\/nuevositio\\\/#\\\/schema\\\/logo\\\/image\\\/\"}},{\"@type\":\"Person\",\"@id\":\"https:\\\/\\\/caru.org.uy\\\/nuevositio\\\/#\\\/schema\\\/person\\\/9a11b7bc115602d2066d4c695b2aa3e5\",\"name\":\"Noma\",\"image\":{\"@type\":\"ImageObject\",\"inLanguage\":\"es\",\"@id\":\"https:\\\/\\\/secure.gravatar.com\\\/avatar\\\/8b0eb2764fe524b07cdc015df29e7576c061e58c50641dd8ccc46d3d448307e5?s=96&d=mm&r=g\",\"url\":\"https:\\\/\\\/secure.gravatar.com\\\/avatar\\\/8b0eb2764fe524b07cdc015df29e7576c061e58c50641dd8ccc46d3d448307e5?s=96&d=mm&r=g\",\"contentUrl\":\"https:\\\/\\\/secure.gravatar.com\\\/avatar\\\/8b0eb2764fe524b07cdc015df29e7576c061e58c50641dd8ccc46d3d448307e5?s=96&d=mm&r=g\",\"caption\":\"Noma\"},\"url\":\"https:\\\/\\\/caru.org.uy\\\/nuevositio\\\/author\\\/admin\\\/\"}]}<\/script>\n<!-- \/ Yoast SEO plugin. -->","yoast_head_json":{"title":"Concurso Abierto de Oposici\u00f3n y Antecedentes \u2013 Llamados: 1\/24, 2\/24,3\/24,4\/24: entrevistas personales % C.A.R.U. imagen","robots":{"index":"index","follow":"follow","max-snippet":"max-snippet:-1","max-image-preview":"max-image-preview:large","max-video-preview":"max-video-preview:-1"},"canonical":"https:\/\/caru.org.uy\/nuevositio\/2024\/04\/08\/concurso-abierto-de-oposicion-y-antecedentes-llamados-1-24-2-243-244-24-entrevistas-personales\/","og_locale":"es_ES","og_type":"article","og_title":"Concurso Abierto de Oposici\u00f3n y Antecedentes \u2013 Llamados: 1\/24, 2\/24,3\/24,4\/24: entrevistas personales % C.A.R.U. imagen","og_description":"Se convoca a los siguientes postulantes a presentarse en las instalaciones de CARU \u2013 Costanera Norte S\/N, Paysand\u00fa para la Etapa F (Entrevista Personal) de los Concurso de Oposici\u00f3n y Antecedentes, seg\u00fan el cronograma siguiente.\u00a0\u00a0 Dia Hora CI Martes 9 7:30 35712747 \u00a0 8:15 47799131 \u00a0 9:00 37186788 Mi\u00e9rcoles 10 7:30 38874312 \u00a0 8:15 41966257 [&hellip;]","og_url":"https:\/\/caru.org.uy\/nuevositio\/2024\/04\/08\/concurso-abierto-de-oposicion-y-antecedentes-llamados-1-24-2-243-244-24-entrevistas-personales\/","og_site_name":"C.A.R.U.","article_published_time":"2024-04-08T20:42:31+00:00","article_modified_time":"2024-05-03T15:30:47+00:00","og_image":[{"url":"https:\/\/caru.org.uy\/nuevositio\/wp-content\/uploads\/2023\/11\/logo-nuevo.jpg","width":1,"height":1,"type":"image\/jpeg"}],"author":"Noma","twitter_card":"summary_large_image","twitter_misc":{"Escrito por":"Noma","Tiempo de lectura":"1 minuto"},"schema":{"@context":"https:\/\/schema.org","@graph":[{"@type":["Article","BlogPosting"],"@id":"https:\/\/caru.org.uy\/nuevositio\/2024\/04\/08\/concurso-abierto-de-oposicion-y-antecedentes-llamados-1-24-2-243-244-24-entrevistas-personales\/#article","isPartOf":{"@id":"https:\/\/caru.org.uy\/nuevositio\/2024\/04\/08\/concurso-abierto-de-oposicion-y-antecedentes-llamados-1-24-2-243-244-24-entrevistas-personales\/"},"author":{"name":"Noma","@id":"https:\/\/caru.org.uy\/nuevositio\/#\/schema\/person\/9a11b7bc115602d2066d4c695b2aa3e5"},"headline":"Concurso Abierto de Oposici\u00f3n y Antecedentes \u2013 Llamados: 1\/24, 2\/24,3\/24,4\/24: entrevistas personales","datePublished":"2024-04-08T20:42:31+00:00","dateModified":"2024-05-03T15:30:47+00:00","mainEntityOfPage":{"@id":"https:\/\/caru.org.uy\/nuevositio\/2024\/04\/08\/concurso-abierto-de-oposicion-y-antecedentes-llamados-1-24-2-243-244-24-entrevistas-personales\/"},"wordCount":55,"commentCount":0,"publisher":{"@id":"https:\/\/caru.org.uy\/nuevositio\/#organization"},"image":{"@id":"https:\/\/caru.org.uy\/nuevositio\/2024\/04\/08\/concurso-abierto-de-oposicion-y-antecedentes-llamados-1-24-2-243-244-24-entrevistas-personales\/#primaryimage"},"thumbnailUrl":"https:\/\/caru.org.uy\/nuevositio\/wp-content\/uploads\/2023\/11\/logo-nuevo.jpg","articleSection":["Novedades"],"inLanguage":"es","potentialAction":[{"@type":"CommentAction","name":"Comment","target":["https:\/\/caru.org.uy\/nuevositio\/2024\/04\/08\/concurso-abierto-de-oposicion-y-antecedentes-llamados-1-24-2-243-244-24-entrevistas-personales\/#respond"]}]},{"@type":"WebPage","@id":"https:\/\/caru.org.uy\/nuevositio\/2024\/04\/08\/concurso-abierto-de-oposicion-y-antecedentes-llamados-1-24-2-243-244-24-entrevistas-personales\/","url":"https:\/\/caru.org.uy\/nuevositio\/2024\/04\/08\/concurso-abierto-de-oposicion-y-antecedentes-llamados-1-24-2-243-244-24-entrevistas-personales\/","name":"Concurso Abierto de Oposici\u00f3n y Antecedentes \u2013 Llamados: 1\/24, 2\/24,3\/24,4\/24: entrevistas personales % C.A.R.U. imagen","isPartOf":{"@id":"https:\/\/caru.org.uy\/nuevositio\/#website"},"primaryImageOfPage":{"@id":"https:\/\/caru.org.uy\/nuevositio\/2024\/04\/08\/concurso-abierto-de-oposicion-y-antecedentes-llamados-1-24-2-243-244-24-entrevistas-personales\/#primaryimage"},"image":{"@id":"https:\/\/caru.org.uy\/nuevositio\/2024\/04\/08\/concurso-abierto-de-oposicion-y-antecedentes-llamados-1-24-2-243-244-24-entrevistas-personales\/#primaryimage"},"thumbnailUrl":"https:\/\/caru.org.uy\/nuevositio\/wp-content\/uploads\/2023\/11\/logo-nuevo.jpg","datePublished":"2024-04-08T20:42:31+00:00","dateModified":"2024-05-03T15:30:47+00:00","breadcrumb":{"@id":"https:\/\/caru.org.uy\/nuevositio\/2024\/04\/08\/concurso-abierto-de-oposicion-y-antecedentes-llamados-1-24-2-243-244-24-entrevistas-personales\/#breadcrumb"},"inLanguage":"es","potentialAction":[{"@type":"ReadAction","target":["https:\/\/caru.org.uy\/nuevositio\/2024\/04\/08\/concurso-abierto-de-oposicion-y-antecedentes-llamados-1-24-2-243-244-24-entrevistas-personales\/"]}]},{"@type":"ImageObject","inLanguage":"es","@id":"https:\/\/caru.org.uy\/nuevositio\/2024\/04\/08\/concurso-abierto-de-oposicion-y-antecedentes-llamados-1-24-2-243-244-24-entrevistas-personales\/#primaryimage","url":"https:\/\/caru.org.uy\/nuevositio\/wp-content\/uploads\/2023\/11\/logo-nuevo.jpg","contentUrl":"https:\/\/caru.org.uy\/nuevositio\/wp-content\/uploads\/2023\/11\/logo-nuevo.jpg"},{"@type":"BreadcrumbList","@id":"https:\/\/caru.org.uy\/nuevositio\/2024\/04\/08\/concurso-abierto-de-oposicion-y-antecedentes-llamados-1-24-2-243-244-24-entrevistas-personales\/#breadcrumb","itemListElement":[{"@type":"ListItem","position":1,"name":"Portada","item":"https:\/\/caru.org.uy\/nuevositio\/"},{"@type":"ListItem","position":2,"name":"Concurso Abierto de Oposici\u00f3n y Antecedentes \u2013 Llamados: 1\/24, 2\/24,3\/24,4\/24: entrevistas personales"}]},{"@type":"WebSite","@id":"https:\/\/caru.org.uy\/nuevositio\/#website","url":"https:\/\/caru.org.uy\/nuevositio\/","name":"C.A.R.U.","description":"Comisi\u00f3n Administradora del R\u00edo Uruguay","publisher":{"@id":"https:\/\/caru.org.uy\/nuevositio\/#organization"},"potentialAction":[{"@type":"SearchAction","target":{"@type":"EntryPoint","urlTemplate":"https:\/\/caru.org.uy\/nuevositio\/?s={search_term_string}"},"query-input":{"@type":"PropertyValueSpecification","valueRequired":true,"valueName":"search_term_string"}}],"inLanguage":"es"},{"@type":"Organization","@id":"https:\/\/caru.org.uy\/nuevositio\/#organization","name":"C.A.R.U.","url":"https:\/\/caru.org.uy\/nuevositio\/","logo":{"@type":"ImageObject","inLanguage":"es","@id":"https:\/\/caru.org.uy\/nuevositio\/#\/schema\/logo\/image\/","url":"https:\/\/caru.org.uy\/nuevositio\/wp-content\/uploads\/2023\/11\/logo-nuevo.jpg","contentUrl":"https:\/\/caru.org.uy\/nuevositio\/wp-content\/uploads\/2023\/11\/logo-nuevo.jpg","width":1,"height":1,"caption":"C.A.R.U."},"image":{"@id":"https:\/\/caru.org.uy\/nuevositio\/#\/schema\/logo\/image\/"}},{"@type":"Person","@id":"https:\/\/caru.org.uy\/nuevositio\/#\/schema\/person\/9a11b7bc115602d2066d4c695b2aa3e5","name":"Noma","image":{"@type":"ImageObject","inLanguage":"es","@id":"https:\/\/secure.gravatar.com\/avatar\/8b0eb2764fe524b07cdc015df29e7576c061e58c50641dd8ccc46d3d448307e5?s=96&d=mm&r=g","url":"https:\/\/secure.gravatar.com\/avatar\/8b0eb2764fe524b07cdc015df29e7576c061e58c50641dd8ccc46d3d448307e5?s=96&d=mm&r=g","contentUrl":"https:\/\/secure.gravatar.com\/avatar\/8b0eb2764fe524b07cdc015df29e7576c061e58c50641dd8ccc46d3d448307e5?s=96&d=mm&r=g","caption":"Noma"},"url":"https:\/\/caru.org.uy\/nuevositio\/author\/admin\/"}]}},"_links":{"self":[{"href":"https:\/\/caru.org.uy\/nuevositio\/wp-json\/wp\/v2\/posts\/9538","targetHints":{"allow":["GET"]}}],"collection":[{"href":"https:\/\/caru.org.uy\/nuevositio\/wp-json\/wp\/v2\/posts"}],"about":[{"href":"https:\/\/caru.org.uy\/nuevositio\/wp-json\/wp\/v2\/types\/post"}],"author":[{"embeddable":true,"href":"https:\/\/caru.org.uy\/nuevositio\/wp-json\/wp\/v2\/users\/1"}],"replies":[{"embeddable":true,"href":"https:\/\/caru.org.uy\/nuevositio\/wp-json\/wp\/v2\/comments?post=9538"}],"version-history":[{"count":4,"href":"https:\/\/caru.org.uy\/nuevositio\/wp-json\/wp\/v2\/posts\/9538\/revisions"}],"predecessor-version":[{"id":9542,"href":"https:\/\/caru.org.uy\/nuevositio\/wp-json\/wp\/v2\/posts\/9538\/revisions\/9542"}],"wp:featuredmedia":[{"embeddable":true,"href":"https:\/\/caru.org.uy\/nuevositio\/wp-json\/wp\/v2\/media\/8870"}],"wp:attachment":[{"href":"https:\/\/caru.org.uy\/nuevositio\/wp-json\/wp\/v2\/media?parent=9538"}],"wp:term":[{"taxonomy":"category","embeddable":true,"href":"https:\/\/caru.org.uy\/nuevositio\/wp-json\/wp\/v2\/categories?post=9538"},{"taxonomy":"post_tag","embeddable":true,"href":"https:\/\/caru.org.uy\/nuevositio\/wp-json\/wp\/v2\/tags?post=9538"}],"curies":[{"name":"wp","href":"https:\/\/api.w.org\/{rel}","templated":true}]}}