{"id":9681,"date":"2024-05-23T18:22:58","date_gmt":"2024-05-23T18:22:58","guid":{"rendered":"https:\/\/caru.org.uy\/nuevositio\/?p=9681"},"modified":"2024-05-27T17:23:40","modified_gmt":"2024-05-27T17:23:40","slug":"caru-y-dinara-presentan-proyecto-de-desarrollo-de-acuicultura-en-villa-constitucion-y-localidades-aledanas","status":"publish","type":"post","link":"https:\/\/caru.org.uy\/nuevositio\/2024\/05\/23\/caru-y-dinara-presentan-proyecto-de-desarrollo-de-acuicultura-en-villa-constitucion-y-localidades-aledanas\/","title":{"rendered":"CARU Y DINARA presentan proyecto de desarrollo de Acuicultura en Villa Constituci\u00f3n y localidades aleda\u00f1as"},"content":{"rendered":"\t\t<div data-elementor-type=\"wp-post\" data-elementor-id=\"9681\" class=\"elementor elementor-9681\" data-elementor-post-type=\"post\">\n\t\t\t\t\t\t<section class=\"elementor-section elementor-top-section elementor-element elementor-element-13d6dc50 elementor-section-boxed elementor-section-height-default elementor-section-height-default\" data-id=\"13d6dc50\" data-element_type=\"section\" data-e-type=\"section\" data-settings=\"{&quot;jet_parallax_layout_list&quot;:[]}\">\n\t\t\t\t\t\t<div class=\"elementor-container elementor-column-gap-default\">\n\t\t\t\t\t<div class=\"elementor-column elementor-col-50 elementor-top-column elementor-element elementor-element-1883fcaf\" data-id=\"1883fcaf\" data-element_type=\"column\" data-e-type=\"column\">\n\t\t\t<div class=\"elementor-widget-wrap elementor-element-populated\">\n\t\t\t\t\t\t<div class=\"elementor-element elementor-element-73a35d68 elementor-widget elementor-widget-image\" data-id=\"73a35d68\" data-element_type=\"widget\" data-e-type=\"widget\" data-widget_type=\"image.default\">\n\t\t\t\t<div class=\"elementor-widget-container\">\n\t\t\t\t\t\t\t\t\t\t\t\t\t\t\t<img fetchpriority=\"high\" decoding=\"async\" width=\"369\" height=\"170\" src=\"https:\/\/caru.org.uy\/nuevositio\/wp-content\/uploads\/2024\/05\/acuicultura.png\" class=\"attachment-large size-large wp-image-9682\" alt=\"\" srcset=\"https:\/\/caru.org.uy\/nuevositio\/wp-content\/uploads\/2024\/05\/acuicultura.png 369w, https:\/\/caru.org.uy\/nuevositio\/wp-content\/uploads\/2024\/05\/acuicultura-300x138.png 300w\" sizes=\"(max-width: 369px) 100vw, 369px\" \/>\t\t\t\t\t\t\t\t\t\t\t\t\t\t\t<\/div>\n\t\t\t\t<\/div>\n\t\t\t\t\t<\/div>\n\t\t<\/div>\n\t\t\t\t<div class=\"elementor-column elementor-col-50 elementor-top-column elementor-element elementor-element-58e51c42\" data-id=\"58e51c42\" data-element_type=\"column\" data-e-type=\"column\">\n\t\t\t<div class=\"elementor-widget-wrap elementor-element-populated\">\n\t\t\t\t\t\t<div class=\"elementor-element elementor-element-3a943a0a elementor-widget elementor-widget-text-editor\" data-id=\"3a943a0a\" data-element_type=\"widget\" data-e-type=\"widget\" data-widget_type=\"text-editor.default\">\n\t\t\t\t<div class=\"elementor-widget-container\">\n\t\t\t\t\t\t\t\t\t<p><\/p>\n<p>Este viernes 24 de Mayo&nbsp;ser\u00e1 presentado en sociedad el proyecto de desarrollo de acuicultura en Villa Constituci\u00f3n y localidades aleda\u00f1as del r\u00edo Uruguay.<\/p>\n<p>Este proyecto de desarrollo est\u00e1 relacionado a la implementaci\u00f3n y\/ o explotaci\u00f3n de granjas de esta \u00edndole en agua dulce.<\/p>\n<p>Este programa de desarrollo social y productivo se financia con fondos del Programa de Responsabilidad Social Institucional de CARU y la capacitaci\u00f3n de los recursos humanos se realizar\u00e1 en forma coordinada entre la DINARA y la Secretar\u00eda T\u00e9cnica.<\/p>\n<p>El acto tendr\u00e1 por escenario la Casa de la Cultura de Villa Constituci\u00f3n a las 18.00 horas, contando con la presencia de autoridades de la Comisi\u00f3n Administradora del R\u00edo Uruguay, la DINARA, autoridades departamentales e invitados y productores de la zona interesados en el tema.<\/p>\n<p>Como se ha informado el desarrollo de la acuicultura plantea desaf\u00edos que incluyen diversas tem\u00e1ticas que abarcan desde el conocimiento de los organismos acu\u00e1ticos objeto del cultivo; el desarrollo tecnol\u00f3gico y todos los aspectos relacionados con la bioseguridad, que comprende la sanidad de los peces e inocuidad del producto, de manera de garantizar la aptitud para consumo humano.<\/p>\n<p><\/p>\t\t\t\t\t\t\t\t<\/div>\n\t\t\t\t<\/div>\n\t\t\t\t\t<\/div>\n\t\t<\/div>\n\t\t\t\t\t<\/div>\n\t\t<\/section>\n\t\t\t\t<\/div>\n\t\t","protected":false},"excerpt":{"rendered":"<p>Este viernes 24 de Mayo&nbsp;ser\u00e1 presentado en sociedad el proyecto de desarrollo de acuicultura en Villa Constituci\u00f3n y localidades aleda\u00f1as del r\u00edo Uruguay. Este proyecto de desarrollo est\u00e1 relacionado a la implementaci\u00f3n y\/ o explotaci\u00f3n de granjas de esta \u00edndole en agua dulce. Este programa de desarrollo social y productivo se financia con fondos del [&hellip;]<\/p>\n","protected":false},"author":1,"featured_media":9682,"comment_status":"open","ping_status":"open","sticky":false,"template":"","format":"standard","meta":{"_acf_changed":false,"_joinchat":[],"footnotes":""},"categories":[27],"tags":[],"class_list":["post-9681","post","type-post","status-publish","format-standard","has-post-thumbnail","hentry","category-novedades"],"acf":[],"yoast_head":"<!-- This site is optimized with the Yoast SEO plugin v27.3 - https:\/\/yoast.com\/product\/yoast-seo-wordpress\/ -->\n<title>CARU Y DINARA presentan proyecto de desarrollo de Acuicultura en Villa Constituci\u00f3n y localidades aleda\u00f1as % C.A.R.U. imagen<\/title>\n<meta name=\"robots\" content=\"index, follow, max-snippet:-1, max-image-preview:large, max-video-preview:-1\" \/>\n<link rel=\"canonical\" href=\"https:\/\/caru.org.uy\/nuevositio\/2024\/05\/23\/caru-y-dinara-presentan-proyecto-de-desarrollo-de-acuicultura-en-villa-constitucion-y-localidades-aledanas\/\" \/>\n<meta property=\"og:locale\" content=\"es_ES\" \/>\n<meta property=\"og:type\" content=\"article\" \/>\n<meta property=\"og:title\" content=\"CARU Y DINARA presentan proyecto de desarrollo de Acuicultura en Villa Constituci\u00f3n y localidades aleda\u00f1as % C.A.R.U. imagen\" \/>\n<meta property=\"og:description\" content=\"Este viernes 24 de Mayo&nbsp;ser\u00e1 presentado en sociedad el proyecto de desarrollo de acuicultura en Villa Constituci\u00f3n y localidades aleda\u00f1as del r\u00edo Uruguay. Este proyecto de desarrollo est\u00e1 relacionado a la implementaci\u00f3n y\/ o explotaci\u00f3n de granjas de esta \u00edndole en agua dulce. Este programa de desarrollo social y productivo se financia con fondos del [&hellip;]\" \/>\n<meta property=\"og:url\" content=\"https:\/\/caru.org.uy\/nuevositio\/2024\/05\/23\/caru-y-dinara-presentan-proyecto-de-desarrollo-de-acuicultura-en-villa-constitucion-y-localidades-aledanas\/\" \/>\n<meta property=\"og:site_name\" content=\"C.A.R.U.\" \/>\n<meta property=\"article:published_time\" content=\"2024-05-23T18:22:58+00:00\" \/>\n<meta property=\"article:modified_time\" content=\"2024-05-27T17:23:40+00:00\" \/>\n<meta property=\"og:image\" content=\"https:\/\/caru.org.uy\/nuevositio\/wp-content\/uploads\/2024\/05\/acuicultura.png\" \/>\n\t<meta property=\"og:image:width\" content=\"369\" \/>\n\t<meta property=\"og:image:height\" content=\"170\" \/>\n\t<meta property=\"og:image:type\" content=\"image\/png\" \/>\n<meta name=\"author\" content=\"Noma\" \/>\n<meta name=\"twitter:card\" content=\"summary_large_image\" \/>\n<meta name=\"twitter:label1\" content=\"Escrito por\" \/>\n\t<meta name=\"twitter:data1\" content=\"Noma\" \/>\n\t<meta name=\"twitter:label2\" content=\"Tiempo de lectura\" \/>\n\t<meta name=\"twitter:data2\" content=\"2 minutos\" \/>\n<script type=\"application\/ld+json\" class=\"yoast-schema-graph\">{\"@context\":\"https:\\\/\\\/schema.org\",\"@graph\":[{\"@type\":[\"Article\",\"BlogPosting\"],\"@id\":\"https:\\\/\\\/caru.org.uy\\\/nuevositio\\\/2024\\\/05\\\/23\\\/caru-y-dinara-presentan-proyecto-de-desarrollo-de-acuicultura-en-villa-constitucion-y-localidades-aledanas\\\/#article\",\"isPartOf\":{\"@id\":\"https:\\\/\\\/caru.org.uy\\\/nuevositio\\\/2024\\\/05\\\/23\\\/caru-y-dinara-presentan-proyecto-de-desarrollo-de-acuicultura-en-villa-constitucion-y-localidades-aledanas\\\/\"},\"author\":{\"name\":\"Noma\",\"@id\":\"https:\\\/\\\/caru.org.uy\\\/nuevositio\\\/#\\\/schema\\\/person\\\/9a11b7bc115602d2066d4c695b2aa3e5\"},\"headline\":\"CARU Y DINARA presentan proyecto de desarrollo de Acuicultura en Villa Constituci\u00f3n y localidades aleda\u00f1as\",\"datePublished\":\"2024-05-23T18:22:58+00:00\",\"dateModified\":\"2024-05-27T17:23:40+00:00\",\"mainEntityOfPage\":{\"@id\":\"https:\\\/\\\/caru.org.uy\\\/nuevositio\\\/2024\\\/05\\\/23\\\/caru-y-dinara-presentan-proyecto-de-desarrollo-de-acuicultura-en-villa-constitucion-y-localidades-aledanas\\\/\"},\"wordCount\":216,\"commentCount\":0,\"publisher\":{\"@id\":\"https:\\\/\\\/caru.org.uy\\\/nuevositio\\\/#organization\"},\"image\":{\"@id\":\"https:\\\/\\\/caru.org.uy\\\/nuevositio\\\/2024\\\/05\\\/23\\\/caru-y-dinara-presentan-proyecto-de-desarrollo-de-acuicultura-en-villa-constitucion-y-localidades-aledanas\\\/#primaryimage\"},\"thumbnailUrl\":\"https:\\\/\\\/caru.org.uy\\\/nuevositio\\\/wp-content\\\/uploads\\\/2024\\\/05\\\/acuicultura.png\",\"articleSection\":[\"Novedades\"],\"inLanguage\":\"es\",\"potentialAction\":[{\"@type\":\"CommentAction\",\"name\":\"Comment\",\"target\":[\"https:\\\/\\\/caru.org.uy\\\/nuevositio\\\/2024\\\/05\\\/23\\\/caru-y-dinara-presentan-proyecto-de-desarrollo-de-acuicultura-en-villa-constitucion-y-localidades-aledanas\\\/#respond\"]}]},{\"@type\":\"WebPage\",\"@id\":\"https:\\\/\\\/caru.org.uy\\\/nuevositio\\\/2024\\\/05\\\/23\\\/caru-y-dinara-presentan-proyecto-de-desarrollo-de-acuicultura-en-villa-constitucion-y-localidades-aledanas\\\/\",\"url\":\"https:\\\/\\\/caru.org.uy\\\/nuevositio\\\/2024\\\/05\\\/23\\\/caru-y-dinara-presentan-proyecto-de-desarrollo-de-acuicultura-en-villa-constitucion-y-localidades-aledanas\\\/\",\"name\":\"CARU Y DINARA presentan proyecto de desarrollo de Acuicultura en Villa Constituci\u00f3n y localidades aleda\u00f1as % C.A.R.U. imagen\",\"isPartOf\":{\"@id\":\"https:\\\/\\\/caru.org.uy\\\/nuevositio\\\/#website\"},\"primaryImageOfPage\":{\"@id\":\"https:\\\/\\\/caru.org.uy\\\/nuevositio\\\/2024\\\/05\\\/23\\\/caru-y-dinara-presentan-proyecto-de-desarrollo-de-acuicultura-en-villa-constitucion-y-localidades-aledanas\\\/#primaryimage\"},\"image\":{\"@id\":\"https:\\\/\\\/caru.org.uy\\\/nuevositio\\\/2024\\\/05\\\/23\\\/caru-y-dinara-presentan-proyecto-de-desarrollo-de-acuicultura-en-villa-constitucion-y-localidades-aledanas\\\/#primaryimage\"},\"thumbnailUrl\":\"https:\\\/\\\/caru.org.uy\\\/nuevositio\\\/wp-content\\\/uploads\\\/2024\\\/05\\\/acuicultura.png\",\"datePublished\":\"2024-05-23T18:22:58+00:00\",\"dateModified\":\"2024-05-27T17:23:40+00:00\",\"breadcrumb\":{\"@id\":\"https:\\\/\\\/caru.org.uy\\\/nuevositio\\\/2024\\\/05\\\/23\\\/caru-y-dinara-presentan-proyecto-de-desarrollo-de-acuicultura-en-villa-constitucion-y-localidades-aledanas\\\/#breadcrumb\"},\"inLanguage\":\"es\",\"potentialAction\":[{\"@type\":\"ReadAction\",\"target\":[\"https:\\\/\\\/caru.org.uy\\\/nuevositio\\\/2024\\\/05\\\/23\\\/caru-y-dinara-presentan-proyecto-de-desarrollo-de-acuicultura-en-villa-constitucion-y-localidades-aledanas\\\/\"]}]},{\"@type\":\"ImageObject\",\"inLanguage\":\"es\",\"@id\":\"https:\\\/\\\/caru.org.uy\\\/nuevositio\\\/2024\\\/05\\\/23\\\/caru-y-dinara-presentan-proyecto-de-desarrollo-de-acuicultura-en-villa-constitucion-y-localidades-aledanas\\\/#primaryimage\",\"url\":\"https:\\\/\\\/caru.org.uy\\\/nuevositio\\\/wp-content\\\/uploads\\\/2024\\\/05\\\/acuicultura.png\",\"contentUrl\":\"https:\\\/\\\/caru.org.uy\\\/nuevositio\\\/wp-content\\\/uploads\\\/2024\\\/05\\\/acuicultura.png\",\"width\":369,\"height\":170},{\"@type\":\"BreadcrumbList\",\"@id\":\"https:\\\/\\\/caru.org.uy\\\/nuevositio\\\/2024\\\/05\\\/23\\\/caru-y-dinara-presentan-proyecto-de-desarrollo-de-acuicultura-en-villa-constitucion-y-localidades-aledanas\\\/#breadcrumb\",\"itemListElement\":[{\"@type\":\"ListItem\",\"position\":1,\"name\":\"Portada\",\"item\":\"https:\\\/\\\/caru.org.uy\\\/nuevositio\\\/\"},{\"@type\":\"ListItem\",\"position\":2,\"name\":\"CARU Y DINARA presentan proyecto de desarrollo de Acuicultura en Villa Constituci\u00f3n y localidades aleda\u00f1as\"}]},{\"@type\":\"WebSite\",\"@id\":\"https:\\\/\\\/caru.org.uy\\\/nuevositio\\\/#website\",\"url\":\"https:\\\/\\\/caru.org.uy\\\/nuevositio\\\/\",\"name\":\"C.A.R.U.\",\"description\":\"Comisi\u00f3n Administradora del R\u00edo Uruguay\",\"publisher\":{\"@id\":\"https:\\\/\\\/caru.org.uy\\\/nuevositio\\\/#organization\"},\"potentialAction\":[{\"@type\":\"SearchAction\",\"target\":{\"@type\":\"EntryPoint\",\"urlTemplate\":\"https:\\\/\\\/caru.org.uy\\\/nuevositio\\\/?s={search_term_string}\"},\"query-input\":{\"@type\":\"PropertyValueSpecification\",\"valueRequired\":true,\"valueName\":\"search_term_string\"}}],\"inLanguage\":\"es\"},{\"@type\":\"Organization\",\"@id\":\"https:\\\/\\\/caru.org.uy\\\/nuevositio\\\/#organization\",\"name\":\"C.A.R.U.\",\"url\":\"https:\\\/\\\/caru.org.uy\\\/nuevositio\\\/\",\"logo\":{\"@type\":\"ImageObject\",\"inLanguage\":\"es\",\"@id\":\"https:\\\/\\\/caru.org.uy\\\/nuevositio\\\/#\\\/schema\\\/logo\\\/image\\\/\",\"url\":\"https:\\\/\\\/caru.org.uy\\\/nuevositio\\\/wp-content\\\/uploads\\\/2023\\\/11\\\/logo-nuevo.jpg\",\"contentUrl\":\"https:\\\/\\\/caru.org.uy\\\/nuevositio\\\/wp-content\\\/uploads\\\/2023\\\/11\\\/logo-nuevo.jpg\",\"width\":1,\"height\":1,\"caption\":\"C.A.R.U.\"},\"image\":{\"@id\":\"https:\\\/\\\/caru.org.uy\\\/nuevositio\\\/#\\\/schema\\\/logo\\\/image\\\/\"}},{\"@type\":\"Person\",\"@id\":\"https:\\\/\\\/caru.org.uy\\\/nuevositio\\\/#\\\/schema\\\/person\\\/9a11b7bc115602d2066d4c695b2aa3e5\",\"name\":\"Noma\",\"image\":{\"@type\":\"ImageObject\",\"inLanguage\":\"es\",\"@id\":\"https:\\\/\\\/secure.gravatar.com\\\/avatar\\\/8b0eb2764fe524b07cdc015df29e7576c061e58c50641dd8ccc46d3d448307e5?s=96&d=mm&r=g\",\"url\":\"https:\\\/\\\/secure.gravatar.com\\\/avatar\\\/8b0eb2764fe524b07cdc015df29e7576c061e58c50641dd8ccc46d3d448307e5?s=96&d=mm&r=g\",\"contentUrl\":\"https:\\\/\\\/secure.gravatar.com\\\/avatar\\\/8b0eb2764fe524b07cdc015df29e7576c061e58c50641dd8ccc46d3d448307e5?s=96&d=mm&r=g\",\"caption\":\"Noma\"},\"url\":\"https:\\\/\\\/caru.org.uy\\\/nuevositio\\\/author\\\/admin\\\/\"}]}<\/script>\n<!-- \/ Yoast SEO plugin. -->","yoast_head_json":{"title":"CARU Y DINARA presentan proyecto de desarrollo de Acuicultura en Villa Constituci\u00f3n y localidades aleda\u00f1as % C.A.R.U. imagen","robots":{"index":"index","follow":"follow","max-snippet":"max-snippet:-1","max-image-preview":"max-image-preview:large","max-video-preview":"max-video-preview:-1"},"canonical":"https:\/\/caru.org.uy\/nuevositio\/2024\/05\/23\/caru-y-dinara-presentan-proyecto-de-desarrollo-de-acuicultura-en-villa-constitucion-y-localidades-aledanas\/","og_locale":"es_ES","og_type":"article","og_title":"CARU Y DINARA presentan proyecto de desarrollo de Acuicultura en Villa Constituci\u00f3n y localidades aleda\u00f1as % C.A.R.U. imagen","og_description":"Este viernes 24 de Mayo&nbsp;ser\u00e1 presentado en sociedad el proyecto de desarrollo de acuicultura en Villa Constituci\u00f3n y localidades aleda\u00f1as del r\u00edo Uruguay. Este proyecto de desarrollo est\u00e1 relacionado a la implementaci\u00f3n y\/ o explotaci\u00f3n de granjas de esta \u00edndole en agua dulce. Este programa de desarrollo social y productivo se financia con fondos del [&hellip;]","og_url":"https:\/\/caru.org.uy\/nuevositio\/2024\/05\/23\/caru-y-dinara-presentan-proyecto-de-desarrollo-de-acuicultura-en-villa-constitucion-y-localidades-aledanas\/","og_site_name":"C.A.R.U.","article_published_time":"2024-05-23T18:22:58+00:00","article_modified_time":"2024-05-27T17:23:40+00:00","og_image":[{"width":369,"height":170,"url":"https:\/\/caru.org.uy\/nuevositio\/wp-content\/uploads\/2024\/05\/acuicultura.png","type":"image\/png"}],"author":"Noma","twitter_card":"summary_large_image","twitter_misc":{"Escrito por":"Noma","Tiempo de lectura":"2 minutos"},"schema":{"@context":"https:\/\/schema.org","@graph":[{"@type":["Article","BlogPosting"],"@id":"https:\/\/caru.org.uy\/nuevositio\/2024\/05\/23\/caru-y-dinara-presentan-proyecto-de-desarrollo-de-acuicultura-en-villa-constitucion-y-localidades-aledanas\/#article","isPartOf":{"@id":"https:\/\/caru.org.uy\/nuevositio\/2024\/05\/23\/caru-y-dinara-presentan-proyecto-de-desarrollo-de-acuicultura-en-villa-constitucion-y-localidades-aledanas\/"},"author":{"name":"Noma","@id":"https:\/\/caru.org.uy\/nuevositio\/#\/schema\/person\/9a11b7bc115602d2066d4c695b2aa3e5"},"headline":"CARU Y DINARA presentan proyecto de desarrollo de Acuicultura en Villa Constituci\u00f3n y localidades aleda\u00f1as","datePublished":"2024-05-23T18:22:58+00:00","dateModified":"2024-05-27T17:23:40+00:00","mainEntityOfPage":{"@id":"https:\/\/caru.org.uy\/nuevositio\/2024\/05\/23\/caru-y-dinara-presentan-proyecto-de-desarrollo-de-acuicultura-en-villa-constitucion-y-localidades-aledanas\/"},"wordCount":216,"commentCount":0,"publisher":{"@id":"https:\/\/caru.org.uy\/nuevositio\/#organization"},"image":{"@id":"https:\/\/caru.org.uy\/nuevositio\/2024\/05\/23\/caru-y-dinara-presentan-proyecto-de-desarrollo-de-acuicultura-en-villa-constitucion-y-localidades-aledanas\/#primaryimage"},"thumbnailUrl":"https:\/\/caru.org.uy\/nuevositio\/wp-content\/uploads\/2024\/05\/acuicultura.png","articleSection":["Novedades"],"inLanguage":"es","potentialAction":[{"@type":"CommentAction","name":"Comment","target":["https:\/\/caru.org.uy\/nuevositio\/2024\/05\/23\/caru-y-dinara-presentan-proyecto-de-desarrollo-de-acuicultura-en-villa-constitucion-y-localidades-aledanas\/#respond"]}]},{"@type":"WebPage","@id":"https:\/\/caru.org.uy\/nuevositio\/2024\/05\/23\/caru-y-dinara-presentan-proyecto-de-desarrollo-de-acuicultura-en-villa-constitucion-y-localidades-aledanas\/","url":"https:\/\/caru.org.uy\/nuevositio\/2024\/05\/23\/caru-y-dinara-presentan-proyecto-de-desarrollo-de-acuicultura-en-villa-constitucion-y-localidades-aledanas\/","name":"CARU Y DINARA presentan proyecto de desarrollo de Acuicultura en Villa Constituci\u00f3n y localidades aleda\u00f1as % C.A.R.U. imagen","isPartOf":{"@id":"https:\/\/caru.org.uy\/nuevositio\/#website"},"primaryImageOfPage":{"@id":"https:\/\/caru.org.uy\/nuevositio\/2024\/05\/23\/caru-y-dinara-presentan-proyecto-de-desarrollo-de-acuicultura-en-villa-constitucion-y-localidades-aledanas\/#primaryimage"},"image":{"@id":"https:\/\/caru.org.uy\/nuevositio\/2024\/05\/23\/caru-y-dinara-presentan-proyecto-de-desarrollo-de-acuicultura-en-villa-constitucion-y-localidades-aledanas\/#primaryimage"},"thumbnailUrl":"https:\/\/caru.org.uy\/nuevositio\/wp-content\/uploads\/2024\/05\/acuicultura.png","datePublished":"2024-05-23T18:22:58+00:00","dateModified":"2024-05-27T17:23:40+00:00","breadcrumb":{"@id":"https:\/\/caru.org.uy\/nuevositio\/2024\/05\/23\/caru-y-dinara-presentan-proyecto-de-desarrollo-de-acuicultura-en-villa-constitucion-y-localidades-aledanas\/#breadcrumb"},"inLanguage":"es","potentialAction":[{"@type":"ReadAction","target":["https:\/\/caru.org.uy\/nuevositio\/2024\/05\/23\/caru-y-dinara-presentan-proyecto-de-desarrollo-de-acuicultura-en-villa-constitucion-y-localidades-aledanas\/"]}]},{"@type":"ImageObject","inLanguage":"es","@id":"https:\/\/caru.org.uy\/nuevositio\/2024\/05\/23\/caru-y-dinara-presentan-proyecto-de-desarrollo-de-acuicultura-en-villa-constitucion-y-localidades-aledanas\/#primaryimage","url":"https:\/\/caru.org.uy\/nuevositio\/wp-content\/uploads\/2024\/05\/acuicultura.png","contentUrl":"https:\/\/caru.org.uy\/nuevositio\/wp-content\/uploads\/2024\/05\/acuicultura.png","width":369,"height":170},{"@type":"BreadcrumbList","@id":"https:\/\/caru.org.uy\/nuevositio\/2024\/05\/23\/caru-y-dinara-presentan-proyecto-de-desarrollo-de-acuicultura-en-villa-constitucion-y-localidades-aledanas\/#breadcrumb","itemListElement":[{"@type":"ListItem","position":1,"name":"Portada","item":"https:\/\/caru.org.uy\/nuevositio\/"},{"@type":"ListItem","position":2,"name":"CARU Y DINARA presentan proyecto de desarrollo de Acuicultura en Villa Constituci\u00f3n y localidades aleda\u00f1as"}]},{"@type":"WebSite","@id":"https:\/\/caru.org.uy\/nuevositio\/#website","url":"https:\/\/caru.org.uy\/nuevositio\/","name":"C.A.R.U.","description":"Comisi\u00f3n Administradora del R\u00edo Uruguay","publisher":{"@id":"https:\/\/caru.org.uy\/nuevositio\/#organization"},"potentialAction":[{"@type":"SearchAction","target":{"@type":"EntryPoint","urlTemplate":"https:\/\/caru.org.uy\/nuevositio\/?s={search_term_string}"},"query-input":{"@type":"PropertyValueSpecification","valueRequired":true,"valueName":"search_term_string"}}],"inLanguage":"es"},{"@type":"Organization","@id":"https:\/\/caru.org.uy\/nuevositio\/#organization","name":"C.A.R.U.","url":"https:\/\/caru.org.uy\/nuevositio\/","logo":{"@type":"ImageObject","inLanguage":"es","@id":"https:\/\/caru.org.uy\/nuevositio\/#\/schema\/logo\/image\/","url":"https:\/\/caru.org.uy\/nuevositio\/wp-content\/uploads\/2023\/11\/logo-nuevo.jpg","contentUrl":"https:\/\/caru.org.uy\/nuevositio\/wp-content\/uploads\/2023\/11\/logo-nuevo.jpg","width":1,"height":1,"caption":"C.A.R.U."},"image":{"@id":"https:\/\/caru.org.uy\/nuevositio\/#\/schema\/logo\/image\/"}},{"@type":"Person","@id":"https:\/\/caru.org.uy\/nuevositio\/#\/schema\/person\/9a11b7bc115602d2066d4c695b2aa3e5","name":"Noma","image":{"@type":"ImageObject","inLanguage":"es","@id":"https:\/\/secure.gravatar.com\/avatar\/8b0eb2764fe524b07cdc015df29e7576c061e58c50641dd8ccc46d3d448307e5?s=96&d=mm&r=g","url":"https:\/\/secure.gravatar.com\/avatar\/8b0eb2764fe524b07cdc015df29e7576c061e58c50641dd8ccc46d3d448307e5?s=96&d=mm&r=g","contentUrl":"https:\/\/secure.gravatar.com\/avatar\/8b0eb2764fe524b07cdc015df29e7576c061e58c50641dd8ccc46d3d448307e5?s=96&d=mm&r=g","caption":"Noma"},"url":"https:\/\/caru.org.uy\/nuevositio\/author\/admin\/"}]}},"_links":{"self":[{"href":"https:\/\/caru.org.uy\/nuevositio\/wp-json\/wp\/v2\/posts\/9681","targetHints":{"allow":["GET"]}}],"collection":[{"href":"https:\/\/caru.org.uy\/nuevositio\/wp-json\/wp\/v2\/posts"}],"about":[{"href":"https:\/\/caru.org.uy\/nuevositio\/wp-json\/wp\/v2\/types\/post"}],"author":[{"embeddable":true,"href":"https:\/\/caru.org.uy\/nuevositio\/wp-json\/wp\/v2\/users\/1"}],"replies":[{"embeddable":true,"href":"https:\/\/caru.org.uy\/nuevositio\/wp-json\/wp\/v2\/comments?post=9681"}],"version-history":[{"count":4,"href":"https:\/\/caru.org.uy\/nuevositio\/wp-json\/wp\/v2\/posts\/9681\/revisions"}],"predecessor-version":[{"id":9686,"href":"https:\/\/caru.org.uy\/nuevositio\/wp-json\/wp\/v2\/posts\/9681\/revisions\/9686"}],"wp:featuredmedia":[{"embeddable":true,"href":"https:\/\/caru.org.uy\/nuevositio\/wp-json\/wp\/v2\/media\/9682"}],"wp:attachment":[{"href":"https:\/\/caru.org.uy\/nuevositio\/wp-json\/wp\/v2\/media?parent=9681"}],"wp:term":[{"taxonomy":"category","embeddable":true,"href":"https:\/\/caru.org.uy\/nuevositio\/wp-json\/wp\/v2\/categories?post=9681"},{"taxonomy":"post_tag","embeddable":true,"href":"https:\/\/caru.org.uy\/nuevositio\/wp-json\/wp\/v2\/tags?post=9681"}],"curies":[{"name":"wp","href":"https:\/\/api.w.org\/{rel}","templated":true}]}}