{"id":9712,"date":"2024-06-05T15:51:26","date_gmt":"2024-06-05T15:51:26","guid":{"rendered":"https:\/\/caru.org.uy\/nuevositio\/?p=9712"},"modified":"2024-06-05T19:14:08","modified_gmt":"2024-06-05T19:14:08","slug":"dia-del-medio-ambiente-cuidar-nuestro-rio-es-cuidar-el-futuro","status":"publish","type":"post","link":"https:\/\/caru.org.uy\/nuevositio\/2024\/06\/05\/dia-del-medio-ambiente-cuidar-nuestro-rio-es-cuidar-el-futuro\/","title":{"rendered":"D\u00eda del Medio Ambiente: Cuidar nuestro r\u00edo, es cuidar el futuro"},"content":{"rendered":"\t\t<div data-elementor-type=\"wp-post\" data-elementor-id=\"9712\" class=\"elementor elementor-9712\" data-elementor-post-type=\"post\">\n\t\t\t\t\t\t<section class=\"elementor-section elementor-top-section elementor-element elementor-element-6025f2a6 elementor-section-boxed elementor-section-height-default elementor-section-height-default\" data-id=\"6025f2a6\" data-element_type=\"section\" data-e-type=\"section\" data-settings=\"{&quot;jet_parallax_layout_list&quot;:[]}\">\n\t\t\t\t\t\t<div class=\"elementor-container elementor-column-gap-default\">\n\t\t\t\t\t<div class=\"elementor-column elementor-col-50 elementor-top-column elementor-element elementor-element-29d484fd\" data-id=\"29d484fd\" data-element_type=\"column\" data-e-type=\"column\">\n\t\t\t<div class=\"elementor-widget-wrap elementor-element-populated\">\n\t\t\t\t\t\t<div class=\"elementor-element elementor-element-6909921f elementor-widget elementor-widget-image\" data-id=\"6909921f\" data-element_type=\"widget\" data-e-type=\"widget\" data-widget_type=\"image.default\">\n\t\t\t\t<div class=\"elementor-widget-container\">\n\t\t\t\t\t\t\t\t\t\t\t\t\t\t\t<img fetchpriority=\"high\" decoding=\"async\" width=\"604\" height=\"418\" src=\"https:\/\/caru.org.uy\/nuevositio\/wp-content\/uploads\/2024\/06\/WhatsApp-Image-2024-06-05-at-10.55.45.jpeg\" class=\"attachment-large size-large wp-image-9713\" alt=\"\" srcset=\"https:\/\/caru.org.uy\/nuevositio\/wp-content\/uploads\/2024\/06\/WhatsApp-Image-2024-06-05-at-10.55.45.jpeg 604w, https:\/\/caru.org.uy\/nuevositio\/wp-content\/uploads\/2024\/06\/WhatsApp-Image-2024-06-05-at-10.55.45-300x208.jpeg 300w\" sizes=\"(max-width: 604px) 100vw, 604px\" \/>\t\t\t\t\t\t\t\t\t\t\t\t\t\t\t<\/div>\n\t\t\t\t<\/div>\n\t\t\t\t\t<\/div>\n\t\t<\/div>\n\t\t\t\t<div class=\"elementor-column elementor-col-50 elementor-top-column elementor-element elementor-element-19db1b0c\" data-id=\"19db1b0c\" data-element_type=\"column\" data-e-type=\"column\">\n\t\t\t<div class=\"elementor-widget-wrap elementor-element-populated\">\n\t\t\t\t\t\t<div class=\"elementor-element elementor-element-6946d9d elementor-widget elementor-widget-text-editor\" data-id=\"6946d9d\" data-element_type=\"widget\" data-e-type=\"widget\" data-widget_type=\"text-editor.default\">\n\t\t\t\t<div class=\"elementor-widget-container\">\n\t\t\t\t\t\t\t\t\t<p>Lorem ipsum dolor sit amet, consectetur adipiscing elit. Ut elit tellus, luctus nec ullamcorper mattis, pulvinar dapibus leo.<\/p>\t\t\t\t\t\t\t\t<\/div>\n\t\t\t\t<\/div>\n\t\t\t\t<div class=\"elementor-element elementor-element-2e4c9224 elementor-widget elementor-widget-text-editor\" data-id=\"2e4c9224\" data-element_type=\"widget\" data-e-type=\"widget\" data-widget_type=\"text-editor.default\">\n\t\t\t\t<div class=\"elementor-widget-container\">\n\t\t\t\t\t\t\t\t\t<p><\/p>\n<p><span style=\"box-sizing: inherit; font-weight: bold; line-height: inherit; color: #333333; font-family: Montserrat; font-size: 18px;\">Desde sus inicios el 5 de junio de 1973, el D\u00eda Mundial del Medio Ambiente se ha convertido en una plataforma mundial para fomentar la conciencia ambiental y estimular las tomas de medidas en favor de la preservaci\u00f3n de nuestro planeta.<\/span><\/p>\n<p><\/p>\n<p>CUIDAR NUESTRO RIO, ES CUIDAR EL FUTURO<\/p>\n<p><\/p>\n<p>El eje estrat\u00e9gico ambiental busca consolidar el rol de CARU en la gesti\u00f3n de la calidad de las aguas y la relaci\u00f3n con el ambiente. Incluye actividades permanentes de control ambiental principalmente del agua, pero tambi\u00e9n de la biota y los sedimentos del R\u00edo Uruguay con monitoreos de calidad del agua en el cauce principal, m\u00e1rgenes, \u00e1reas recreativas y efluentes.<\/p>\n<p>La CARU, a trav\u00e9s de un Comit\u00e9 Cient\u00edfico y su Departamento de Ambiente, desarrolla los siguientes programas:<\/p>\n<ol>\n<li>Monitoreo de la Planta Ori\u00f3n (UPM-ex Botnia)<\/li>\n<li>Monitoreo de la desembocadura del R\u00edo Gualeguaych\u00fa en el R\u00edo Uruguay.<\/li>\n<li>Monitoreo Integral del R\u00edo Uruguay para los 500 km del tramo compartido.<\/li>\n<li>Monitoreo de afluentes y descargas de establecimientos industriales, agr\u00edcolas y centros urbanos.<\/li>\n<li>Programa de Vigilancia de Playas.<\/li>\n<li>Programas de Conservaci\u00f3n y Aprovechamiento de la Fauna Ict\u00edcola y los Recursos Pesqueros del R\u00edo Uruguay<\/li>\n<\/ol>\n<p>CUIDAR NUESTRO RIO, ES CUIDAR EL FUTURO<\/p>\n<p><span style=\"box-sizing: inherit; font-weight: bold; line-height: inherit; color: #333333; font-family: Montserrat; font-size: 18px;\">&nbsp;<\/span><\/p>\n<p><\/p>\t\t\t\t\t\t\t\t<\/div>\n\t\t\t\t<\/div>\n\t\t\t\t\t<\/div>\n\t\t<\/div>\n\t\t\t\t\t<\/div>\n\t\t<\/section>\n\t\t\t\t<section class=\"elementor-section elementor-top-section elementor-element elementor-element-7032770 elementor-section-boxed elementor-section-height-default elementor-section-height-default\" data-id=\"7032770\" data-element_type=\"section\" data-e-type=\"section\" data-settings=\"{&quot;jet_parallax_layout_list&quot;:[]}\">\n\t\t\t\t\t\t<div class=\"elementor-container elementor-column-gap-default\">\n\t\t\t\t\t<div class=\"elementor-column elementor-col-100 elementor-top-column elementor-element elementor-element-6badca9\" data-id=\"6badca9\" data-element_type=\"column\" data-e-type=\"column\">\n\t\t\t<div class=\"elementor-widget-wrap\">\n\t\t\t\t\t\t\t<\/div>\n\t\t<\/div>\n\t\t\t\t\t<\/div>\n\t\t<\/section>\n\t\t\t\t<\/div>\n\t\t","protected":false},"excerpt":{"rendered":"<p>Lorem fistrum por la gloria de mi madre esse jarl aliqua llevame al sircoo. De la pradera ullamco qu\u00e9 dise usteer est\u00e1 la cosa muy malar. Desde sus inicios el 5 de junio de 1973, el D\u00eda Mundial del Medio Ambiente se ha convertido en una plataforma mundial para fomentar la conciencia ambiental y estimular [&hellip;]<\/p>\n","protected":false},"author":1,"featured_media":9713,"comment_status":"open","ping_status":"open","sticky":false,"template":"","format":"standard","meta":{"_acf_changed":false,"_joinchat":[],"footnotes":""},"categories":[37,27],"tags":[],"class_list":["post-9712","post","type-post","status-publish","format-standard","has-post-thumbnail","hentry","category-noticias","category-novedades"],"acf":[],"yoast_head":"<!-- This site is optimized with the Yoast SEO plugin v27.3 - https:\/\/yoast.com\/product\/yoast-seo-wordpress\/ -->\n<title>D\u00eda del Medio Ambiente: Cuidar nuestro r\u00edo, es cuidar el futuro<\/title>\n<meta name=\"robots\" content=\"index, follow, max-snippet:-1, max-image-preview:large, max-video-preview:-1\" \/>\n<link rel=\"canonical\" href=\"https:\/\/caru.org.uy\/nuevositio\/2024\/06\/05\/dia-del-medio-ambiente-cuidar-nuestro-rio-es-cuidar-el-futuro\/\" \/>\n<meta property=\"og:locale\" content=\"es_ES\" \/>\n<meta property=\"og:type\" content=\"article\" \/>\n<meta property=\"og:title\" content=\"D\u00eda del Medio Ambiente: Cuidar nuestro r\u00edo, es cuidar el futuro\" \/>\n<meta property=\"og:description\" content=\"Lorem fistrum por la gloria de mi madre esse jarl aliqua llevame al sircoo. De la pradera ullamco qu\u00e9 dise usteer est\u00e1 la cosa muy malar. Desde sus inicios el 5 de junio de 1973, el D\u00eda Mundial del Medio Ambiente se ha convertido en una plataforma mundial para fomentar la conciencia ambiental y estimular [&hellip;]\" \/>\n<meta property=\"og:url\" content=\"https:\/\/caru.org.uy\/nuevositio\/2024\/06\/05\/dia-del-medio-ambiente-cuidar-nuestro-rio-es-cuidar-el-futuro\/\" \/>\n<meta property=\"og:site_name\" content=\"C.A.R.U.\" \/>\n<meta property=\"article:published_time\" content=\"2024-06-05T15:51:26+00:00\" \/>\n<meta property=\"article:modified_time\" content=\"2024-06-05T19:14:08+00:00\" \/>\n<meta property=\"og:image\" content=\"https:\/\/caru.org.uy\/nuevositio\/wp-content\/uploads\/2024\/06\/WhatsApp-Image-2024-06-05-at-10.55.45.jpeg\" \/>\n\t<meta property=\"og:image:width\" content=\"604\" \/>\n\t<meta property=\"og:image:height\" content=\"418\" \/>\n\t<meta property=\"og:image:type\" content=\"image\/jpeg\" \/>\n<meta name=\"author\" content=\"Noma\" \/>\n<meta name=\"twitter:card\" content=\"summary_large_image\" \/>\n<meta name=\"twitter:label1\" content=\"Escrito por\" \/>\n\t<meta name=\"twitter:data1\" content=\"Noma\" \/>\n\t<meta name=\"twitter:label2\" content=\"Tiempo de lectura\" \/>\n\t<meta name=\"twitter:data2\" content=\"2 minutos\" \/>\n<script type=\"application\/ld+json\" class=\"yoast-schema-graph\">{\"@context\":\"https:\\\/\\\/schema.org\",\"@graph\":[{\"@type\":[\"Article\",\"BlogPosting\"],\"@id\":\"https:\\\/\\\/caru.org.uy\\\/nuevositio\\\/2024\\\/06\\\/05\\\/dia-del-medio-ambiente-cuidar-nuestro-rio-es-cuidar-el-futuro\\\/#article\",\"isPartOf\":{\"@id\":\"https:\\\/\\\/caru.org.uy\\\/nuevositio\\\/2024\\\/06\\\/05\\\/dia-del-medio-ambiente-cuidar-nuestro-rio-es-cuidar-el-futuro\\\/\"},\"author\":{\"name\":\"Noma\",\"@id\":\"https:\\\/\\\/caru.org.uy\\\/nuevositio\\\/#\\\/schema\\\/person\\\/9a11b7bc115602d2066d4c695b2aa3e5\"},\"headline\":\"D\u00eda del Medio Ambiente: Cuidar nuestro r\u00edo, es cuidar el futuro\",\"datePublished\":\"2024-06-05T15:51:26+00:00\",\"dateModified\":\"2024-06-05T19:14:08+00:00\",\"mainEntityOfPage\":{\"@id\":\"https:\\\/\\\/caru.org.uy\\\/nuevositio\\\/2024\\\/06\\\/05\\\/dia-del-medio-ambiente-cuidar-nuestro-rio-es-cuidar-el-futuro\\\/\"},\"wordCount\":250,\"commentCount\":0,\"publisher\":{\"@id\":\"https:\\\/\\\/caru.org.uy\\\/nuevositio\\\/#organization\"},\"image\":{\"@id\":\"https:\\\/\\\/caru.org.uy\\\/nuevositio\\\/2024\\\/06\\\/05\\\/dia-del-medio-ambiente-cuidar-nuestro-rio-es-cuidar-el-futuro\\\/#primaryimage\"},\"thumbnailUrl\":\"https:\\\/\\\/caru.org.uy\\\/nuevositio\\\/wp-content\\\/uploads\\\/2024\\\/06\\\/WhatsApp-Image-2024-06-05-at-10.55.45.jpeg\",\"articleSection\":[\"Noticias\",\"Novedades\"],\"inLanguage\":\"es\",\"potentialAction\":[{\"@type\":\"CommentAction\",\"name\":\"Comment\",\"target\":[\"https:\\\/\\\/caru.org.uy\\\/nuevositio\\\/2024\\\/06\\\/05\\\/dia-del-medio-ambiente-cuidar-nuestro-rio-es-cuidar-el-futuro\\\/#respond\"]}]},{\"@type\":\"WebPage\",\"@id\":\"https:\\\/\\\/caru.org.uy\\\/nuevositio\\\/2024\\\/06\\\/05\\\/dia-del-medio-ambiente-cuidar-nuestro-rio-es-cuidar-el-futuro\\\/\",\"url\":\"https:\\\/\\\/caru.org.uy\\\/nuevositio\\\/2024\\\/06\\\/05\\\/dia-del-medio-ambiente-cuidar-nuestro-rio-es-cuidar-el-futuro\\\/\",\"name\":\"D\u00eda del Medio Ambiente: Cuidar nuestro r\u00edo, es cuidar el futuro\",\"isPartOf\":{\"@id\":\"https:\\\/\\\/caru.org.uy\\\/nuevositio\\\/#website\"},\"primaryImageOfPage\":{\"@id\":\"https:\\\/\\\/caru.org.uy\\\/nuevositio\\\/2024\\\/06\\\/05\\\/dia-del-medio-ambiente-cuidar-nuestro-rio-es-cuidar-el-futuro\\\/#primaryimage\"},\"image\":{\"@id\":\"https:\\\/\\\/caru.org.uy\\\/nuevositio\\\/2024\\\/06\\\/05\\\/dia-del-medio-ambiente-cuidar-nuestro-rio-es-cuidar-el-futuro\\\/#primaryimage\"},\"thumbnailUrl\":\"https:\\\/\\\/caru.org.uy\\\/nuevositio\\\/wp-content\\\/uploads\\\/2024\\\/06\\\/WhatsApp-Image-2024-06-05-at-10.55.45.jpeg\",\"datePublished\":\"2024-06-05T15:51:26+00:00\",\"dateModified\":\"2024-06-05T19:14:08+00:00\",\"breadcrumb\":{\"@id\":\"https:\\\/\\\/caru.org.uy\\\/nuevositio\\\/2024\\\/06\\\/05\\\/dia-del-medio-ambiente-cuidar-nuestro-rio-es-cuidar-el-futuro\\\/#breadcrumb\"},\"inLanguage\":\"es\",\"potentialAction\":[{\"@type\":\"ReadAction\",\"target\":[\"https:\\\/\\\/caru.org.uy\\\/nuevositio\\\/2024\\\/06\\\/05\\\/dia-del-medio-ambiente-cuidar-nuestro-rio-es-cuidar-el-futuro\\\/\"]}]},{\"@type\":\"ImageObject\",\"inLanguage\":\"es\",\"@id\":\"https:\\\/\\\/caru.org.uy\\\/nuevositio\\\/2024\\\/06\\\/05\\\/dia-del-medio-ambiente-cuidar-nuestro-rio-es-cuidar-el-futuro\\\/#primaryimage\",\"url\":\"https:\\\/\\\/caru.org.uy\\\/nuevositio\\\/wp-content\\\/uploads\\\/2024\\\/06\\\/WhatsApp-Image-2024-06-05-at-10.55.45.jpeg\",\"contentUrl\":\"https:\\\/\\\/caru.org.uy\\\/nuevositio\\\/wp-content\\\/uploads\\\/2024\\\/06\\\/WhatsApp-Image-2024-06-05-at-10.55.45.jpeg\",\"width\":604,\"height\":418},{\"@type\":\"BreadcrumbList\",\"@id\":\"https:\\\/\\\/caru.org.uy\\\/nuevositio\\\/2024\\\/06\\\/05\\\/dia-del-medio-ambiente-cuidar-nuestro-rio-es-cuidar-el-futuro\\\/#breadcrumb\",\"itemListElement\":[{\"@type\":\"ListItem\",\"position\":1,\"name\":\"Portada\",\"item\":\"https:\\\/\\\/caru.org.uy\\\/nuevositio\\\/\"},{\"@type\":\"ListItem\",\"position\":2,\"name\":\"D\u00eda del Medio Ambiente: Cuidar nuestro r\u00edo, es cuidar el futuro\"}]},{\"@type\":\"WebSite\",\"@id\":\"https:\\\/\\\/caru.org.uy\\\/nuevositio\\\/#website\",\"url\":\"https:\\\/\\\/caru.org.uy\\\/nuevositio\\\/\",\"name\":\"C.A.R.U.\",\"description\":\"Comisi\u00f3n Administradora del R\u00edo Uruguay\",\"publisher\":{\"@id\":\"https:\\\/\\\/caru.org.uy\\\/nuevositio\\\/#organization\"},\"potentialAction\":[{\"@type\":\"SearchAction\",\"target\":{\"@type\":\"EntryPoint\",\"urlTemplate\":\"https:\\\/\\\/caru.org.uy\\\/nuevositio\\\/?s={search_term_string}\"},\"query-input\":{\"@type\":\"PropertyValueSpecification\",\"valueRequired\":true,\"valueName\":\"search_term_string\"}}],\"inLanguage\":\"es\"},{\"@type\":\"Organization\",\"@id\":\"https:\\\/\\\/caru.org.uy\\\/nuevositio\\\/#organization\",\"name\":\"C.A.R.U.\",\"url\":\"https:\\\/\\\/caru.org.uy\\\/nuevositio\\\/\",\"logo\":{\"@type\":\"ImageObject\",\"inLanguage\":\"es\",\"@id\":\"https:\\\/\\\/caru.org.uy\\\/nuevositio\\\/#\\\/schema\\\/logo\\\/image\\\/\",\"url\":\"https:\\\/\\\/caru.org.uy\\\/nuevositio\\\/wp-content\\\/uploads\\\/2023\\\/11\\\/logo-nuevo.jpg\",\"contentUrl\":\"https:\\\/\\\/caru.org.uy\\\/nuevositio\\\/wp-content\\\/uploads\\\/2023\\\/11\\\/logo-nuevo.jpg\",\"width\":1,\"height\":1,\"caption\":\"C.A.R.U.\"},\"image\":{\"@id\":\"https:\\\/\\\/caru.org.uy\\\/nuevositio\\\/#\\\/schema\\\/logo\\\/image\\\/\"}},{\"@type\":\"Person\",\"@id\":\"https:\\\/\\\/caru.org.uy\\\/nuevositio\\\/#\\\/schema\\\/person\\\/9a11b7bc115602d2066d4c695b2aa3e5\",\"name\":\"Noma\",\"image\":{\"@type\":\"ImageObject\",\"inLanguage\":\"es\",\"@id\":\"https:\\\/\\\/secure.gravatar.com\\\/avatar\\\/8b0eb2764fe524b07cdc015df29e7576c061e58c50641dd8ccc46d3d448307e5?s=96&d=mm&r=g\",\"url\":\"https:\\\/\\\/secure.gravatar.com\\\/avatar\\\/8b0eb2764fe524b07cdc015df29e7576c061e58c50641dd8ccc46d3d448307e5?s=96&d=mm&r=g\",\"contentUrl\":\"https:\\\/\\\/secure.gravatar.com\\\/avatar\\\/8b0eb2764fe524b07cdc015df29e7576c061e58c50641dd8ccc46d3d448307e5?s=96&d=mm&r=g\",\"caption\":\"Noma\"},\"url\":\"https:\\\/\\\/caru.org.uy\\\/nuevositio\\\/author\\\/admin\\\/\"}]}<\/script>\n<!-- \/ Yoast SEO plugin. -->","yoast_head_json":{"title":"D\u00eda del Medio Ambiente: Cuidar nuestro r\u00edo, es cuidar el futuro","robots":{"index":"index","follow":"follow","max-snippet":"max-snippet:-1","max-image-preview":"max-image-preview:large","max-video-preview":"max-video-preview:-1"},"canonical":"https:\/\/caru.org.uy\/nuevositio\/2024\/06\/05\/dia-del-medio-ambiente-cuidar-nuestro-rio-es-cuidar-el-futuro\/","og_locale":"es_ES","og_type":"article","og_title":"D\u00eda del Medio Ambiente: Cuidar nuestro r\u00edo, es cuidar el futuro","og_description":"Lorem fistrum por la gloria de mi madre esse jarl aliqua llevame al sircoo. De la pradera ullamco qu\u00e9 dise usteer est\u00e1 la cosa muy malar. Desde sus inicios el 5 de junio de 1973, el D\u00eda Mundial del Medio Ambiente se ha convertido en una plataforma mundial para fomentar la conciencia ambiental y estimular [&hellip;]","og_url":"https:\/\/caru.org.uy\/nuevositio\/2024\/06\/05\/dia-del-medio-ambiente-cuidar-nuestro-rio-es-cuidar-el-futuro\/","og_site_name":"C.A.R.U.","article_published_time":"2024-06-05T15:51:26+00:00","article_modified_time":"2024-06-05T19:14:08+00:00","og_image":[{"width":604,"height":418,"url":"https:\/\/caru.org.uy\/nuevositio\/wp-content\/uploads\/2024\/06\/WhatsApp-Image-2024-06-05-at-10.55.45.jpeg","type":"image\/jpeg"}],"author":"Noma","twitter_card":"summary_large_image","twitter_misc":{"Escrito por":"Noma","Tiempo de lectura":"2 minutos"},"schema":{"@context":"https:\/\/schema.org","@graph":[{"@type":["Article","BlogPosting"],"@id":"https:\/\/caru.org.uy\/nuevositio\/2024\/06\/05\/dia-del-medio-ambiente-cuidar-nuestro-rio-es-cuidar-el-futuro\/#article","isPartOf":{"@id":"https:\/\/caru.org.uy\/nuevositio\/2024\/06\/05\/dia-del-medio-ambiente-cuidar-nuestro-rio-es-cuidar-el-futuro\/"},"author":{"name":"Noma","@id":"https:\/\/caru.org.uy\/nuevositio\/#\/schema\/person\/9a11b7bc115602d2066d4c695b2aa3e5"},"headline":"D\u00eda del Medio Ambiente: Cuidar nuestro r\u00edo, es cuidar el futuro","datePublished":"2024-06-05T15:51:26+00:00","dateModified":"2024-06-05T19:14:08+00:00","mainEntityOfPage":{"@id":"https:\/\/caru.org.uy\/nuevositio\/2024\/06\/05\/dia-del-medio-ambiente-cuidar-nuestro-rio-es-cuidar-el-futuro\/"},"wordCount":250,"commentCount":0,"publisher":{"@id":"https:\/\/caru.org.uy\/nuevositio\/#organization"},"image":{"@id":"https:\/\/caru.org.uy\/nuevositio\/2024\/06\/05\/dia-del-medio-ambiente-cuidar-nuestro-rio-es-cuidar-el-futuro\/#primaryimage"},"thumbnailUrl":"https:\/\/caru.org.uy\/nuevositio\/wp-content\/uploads\/2024\/06\/WhatsApp-Image-2024-06-05-at-10.55.45.jpeg","articleSection":["Noticias","Novedades"],"inLanguage":"es","potentialAction":[{"@type":"CommentAction","name":"Comment","target":["https:\/\/caru.org.uy\/nuevositio\/2024\/06\/05\/dia-del-medio-ambiente-cuidar-nuestro-rio-es-cuidar-el-futuro\/#respond"]}]},{"@type":"WebPage","@id":"https:\/\/caru.org.uy\/nuevositio\/2024\/06\/05\/dia-del-medio-ambiente-cuidar-nuestro-rio-es-cuidar-el-futuro\/","url":"https:\/\/caru.org.uy\/nuevositio\/2024\/06\/05\/dia-del-medio-ambiente-cuidar-nuestro-rio-es-cuidar-el-futuro\/","name":"D\u00eda del Medio Ambiente: Cuidar nuestro r\u00edo, es cuidar el futuro","isPartOf":{"@id":"https:\/\/caru.org.uy\/nuevositio\/#website"},"primaryImageOfPage":{"@id":"https:\/\/caru.org.uy\/nuevositio\/2024\/06\/05\/dia-del-medio-ambiente-cuidar-nuestro-rio-es-cuidar-el-futuro\/#primaryimage"},"image":{"@id":"https:\/\/caru.org.uy\/nuevositio\/2024\/06\/05\/dia-del-medio-ambiente-cuidar-nuestro-rio-es-cuidar-el-futuro\/#primaryimage"},"thumbnailUrl":"https:\/\/caru.org.uy\/nuevositio\/wp-content\/uploads\/2024\/06\/WhatsApp-Image-2024-06-05-at-10.55.45.jpeg","datePublished":"2024-06-05T15:51:26+00:00","dateModified":"2024-06-05T19:14:08+00:00","breadcrumb":{"@id":"https:\/\/caru.org.uy\/nuevositio\/2024\/06\/05\/dia-del-medio-ambiente-cuidar-nuestro-rio-es-cuidar-el-futuro\/#breadcrumb"},"inLanguage":"es","potentialAction":[{"@type":"ReadAction","target":["https:\/\/caru.org.uy\/nuevositio\/2024\/06\/05\/dia-del-medio-ambiente-cuidar-nuestro-rio-es-cuidar-el-futuro\/"]}]},{"@type":"ImageObject","inLanguage":"es","@id":"https:\/\/caru.org.uy\/nuevositio\/2024\/06\/05\/dia-del-medio-ambiente-cuidar-nuestro-rio-es-cuidar-el-futuro\/#primaryimage","url":"https:\/\/caru.org.uy\/nuevositio\/wp-content\/uploads\/2024\/06\/WhatsApp-Image-2024-06-05-at-10.55.45.jpeg","contentUrl":"https:\/\/caru.org.uy\/nuevositio\/wp-content\/uploads\/2024\/06\/WhatsApp-Image-2024-06-05-at-10.55.45.jpeg","width":604,"height":418},{"@type":"BreadcrumbList","@id":"https:\/\/caru.org.uy\/nuevositio\/2024\/06\/05\/dia-del-medio-ambiente-cuidar-nuestro-rio-es-cuidar-el-futuro\/#breadcrumb","itemListElement":[{"@type":"ListItem","position":1,"name":"Portada","item":"https:\/\/caru.org.uy\/nuevositio\/"},{"@type":"ListItem","position":2,"name":"D\u00eda del Medio Ambiente: Cuidar nuestro r\u00edo, es cuidar el futuro"}]},{"@type":"WebSite","@id":"https:\/\/caru.org.uy\/nuevositio\/#website","url":"https:\/\/caru.org.uy\/nuevositio\/","name":"C.A.R.U.","description":"Comisi\u00f3n Administradora del R\u00edo Uruguay","publisher":{"@id":"https:\/\/caru.org.uy\/nuevositio\/#organization"},"potentialAction":[{"@type":"SearchAction","target":{"@type":"EntryPoint","urlTemplate":"https:\/\/caru.org.uy\/nuevositio\/?s={search_term_string}"},"query-input":{"@type":"PropertyValueSpecification","valueRequired":true,"valueName":"search_term_string"}}],"inLanguage":"es"},{"@type":"Organization","@id":"https:\/\/caru.org.uy\/nuevositio\/#organization","name":"C.A.R.U.","url":"https:\/\/caru.org.uy\/nuevositio\/","logo":{"@type":"ImageObject","inLanguage":"es","@id":"https:\/\/caru.org.uy\/nuevositio\/#\/schema\/logo\/image\/","url":"https:\/\/caru.org.uy\/nuevositio\/wp-content\/uploads\/2023\/11\/logo-nuevo.jpg","contentUrl":"https:\/\/caru.org.uy\/nuevositio\/wp-content\/uploads\/2023\/11\/logo-nuevo.jpg","width":1,"height":1,"caption":"C.A.R.U."},"image":{"@id":"https:\/\/caru.org.uy\/nuevositio\/#\/schema\/logo\/image\/"}},{"@type":"Person","@id":"https:\/\/caru.org.uy\/nuevositio\/#\/schema\/person\/9a11b7bc115602d2066d4c695b2aa3e5","name":"Noma","image":{"@type":"ImageObject","inLanguage":"es","@id":"https:\/\/secure.gravatar.com\/avatar\/8b0eb2764fe524b07cdc015df29e7576c061e58c50641dd8ccc46d3d448307e5?s=96&d=mm&r=g","url":"https:\/\/secure.gravatar.com\/avatar\/8b0eb2764fe524b07cdc015df29e7576c061e58c50641dd8ccc46d3d448307e5?s=96&d=mm&r=g","contentUrl":"https:\/\/secure.gravatar.com\/avatar\/8b0eb2764fe524b07cdc015df29e7576c061e58c50641dd8ccc46d3d448307e5?s=96&d=mm&r=g","caption":"Noma"},"url":"https:\/\/caru.org.uy\/nuevositio\/author\/admin\/"}]}},"_links":{"self":[{"href":"https:\/\/caru.org.uy\/nuevositio\/wp-json\/wp\/v2\/posts\/9712","targetHints":{"allow":["GET"]}}],"collection":[{"href":"https:\/\/caru.org.uy\/nuevositio\/wp-json\/wp\/v2\/posts"}],"about":[{"href":"https:\/\/caru.org.uy\/nuevositio\/wp-json\/wp\/v2\/types\/post"}],"author":[{"embeddable":true,"href":"https:\/\/caru.org.uy\/nuevositio\/wp-json\/wp\/v2\/users\/1"}],"replies":[{"embeddable":true,"href":"https:\/\/caru.org.uy\/nuevositio\/wp-json\/wp\/v2\/comments?post=9712"}],"version-history":[{"count":6,"href":"https:\/\/caru.org.uy\/nuevositio\/wp-json\/wp\/v2\/posts\/9712\/revisions"}],"predecessor-version":[{"id":9729,"href":"https:\/\/caru.org.uy\/nuevositio\/wp-json\/wp\/v2\/posts\/9712\/revisions\/9729"}],"wp:featuredmedia":[{"embeddable":true,"href":"https:\/\/caru.org.uy\/nuevositio\/wp-json\/wp\/v2\/media\/9713"}],"wp:attachment":[{"href":"https:\/\/caru.org.uy\/nuevositio\/wp-json\/wp\/v2\/media?parent=9712"}],"wp:term":[{"taxonomy":"category","embeddable":true,"href":"https:\/\/caru.org.uy\/nuevositio\/wp-json\/wp\/v2\/categories?post=9712"},{"taxonomy":"post_tag","embeddable":true,"href":"https:\/\/caru.org.uy\/nuevositio\/wp-json\/wp\/v2\/tags?post=9712"}],"curies":[{"name":"wp","href":"https:\/\/api.w.org\/{rel}","templated":true}]}}