{"id":9730,"date":"2024-06-05T09:37:00","date_gmt":"2024-06-05T09:37:00","guid":{"rendered":"https:\/\/caru.org.uy\/nuevositio\/?p=9730"},"modified":"2024-06-06T23:37:16","modified_gmt":"2024-06-06T23:37:16","slug":"autoridades-de-dacaru-se-reunieron-con-el-intendente-de-paysandu","status":"publish","type":"post","link":"https:\/\/caru.org.uy\/nuevositio\/2024\/06\/05\/autoridades-de-dacaru-se-reunieron-con-el-intendente-de-paysandu\/","title":{"rendered":"Autoridades de DACARU se reunieron con el Intendente de Paysand\u00fa"},"content":{"rendered":"\t\t<div data-elementor-type=\"wp-post\" data-elementor-id=\"9730\" class=\"elementor elementor-9730\" data-elementor-post-type=\"post\">\n\t\t\t\t\t\t<section class=\"elementor-section elementor-top-section elementor-element elementor-element-47860008 elementor-section-boxed elementor-section-height-default elementor-section-height-default\" data-id=\"47860008\" data-element_type=\"section\" data-e-type=\"section\" data-settings=\"{&quot;jet_parallax_layout_list&quot;:[]}\">\n\t\t\t\t\t\t<div class=\"elementor-container elementor-column-gap-default\">\n\t\t\t\t\t<div class=\"elementor-column elementor-col-50 elementor-top-column elementor-element elementor-element-4e3da53d\" data-id=\"4e3da53d\" data-element_type=\"column\" data-e-type=\"column\">\n\t\t\t<div class=\"elementor-widget-wrap elementor-element-populated\">\n\t\t\t\t\t\t<div class=\"elementor-element elementor-element-579e35ab elementor-widget elementor-widget-image\" data-id=\"579e35ab\" data-element_type=\"widget\" data-e-type=\"widget\" data-widget_type=\"image.default\">\n\t\t\t\t<div class=\"elementor-widget-container\">\n\t\t\t\t\t\t\t\t\t\t\t\t\t\t\t<img fetchpriority=\"high\" decoding=\"async\" width=\"1024\" height=\"477\" src=\"https:\/\/caru.org.uy\/nuevositio\/wp-content\/uploads\/2024\/06\/salafia-olivera-1-1024x477.jpeg\" class=\"attachment-large size-large wp-image-9733\" alt=\"\" srcset=\"https:\/\/caru.org.uy\/nuevositio\/wp-content\/uploads\/2024\/06\/salafia-olivera-1-1024x477.jpeg 1024w, https:\/\/caru.org.uy\/nuevositio\/wp-content\/uploads\/2024\/06\/salafia-olivera-1-300x140.jpeg 300w, https:\/\/caru.org.uy\/nuevositio\/wp-content\/uploads\/2024\/06\/salafia-olivera-1-768x358.jpeg 768w, https:\/\/caru.org.uy\/nuevositio\/wp-content\/uploads\/2024\/06\/salafia-olivera-1-1536x715.jpeg 1536w, https:\/\/caru.org.uy\/nuevositio\/wp-content\/uploads\/2024\/06\/salafia-olivera-1.jpeg 1600w\" sizes=\"(max-width: 1024px) 100vw, 1024px\" \/>\t\t\t\t\t\t\t\t\t\t\t\t\t\t\t<\/div>\n\t\t\t\t<\/div>\n\t\t\t\t\t<\/div>\n\t\t<\/div>\n\t\t\t\t<div class=\"elementor-column elementor-col-50 elementor-top-column elementor-element elementor-element-5f7be5a4\" data-id=\"5f7be5a4\" data-element_type=\"column\" data-e-type=\"column\">\n\t\t\t<div class=\"elementor-widget-wrap elementor-element-populated\">\n\t\t\t\t\t\t<div class=\"elementor-element elementor-element-2794268b elementor-widget elementor-widget-text-editor\" data-id=\"2794268b\" data-element_type=\"widget\" data-e-type=\"widget\" data-widget_type=\"text-editor.default\">\n\t\t\t\t<div class=\"elementor-widget-container\">\n\t\t\t\t\t\t\t\t\t<p><\/p><p>El Presidente de la Delegaci\u00f3n Argentina ante la Comisi\u00f3n Administradora del R\u00edo Uruguay, Embajador Roberto Salafia y la Delegada Mar\u00eda Laura Ojeda visitaron este martes la Intendencia de Paysand\u00fa.\u00a0<\/p><p>Las autoridades de la Delegaci\u00f3n Argentina de CARU, junto al Secretario T\u00e9cnico Juan Carlos Mart\u00ednez fueron recibidos por el Intendente de Paysand\u00fa, Dr. Nicol\u00e1s Olivera, con quien compartieron un encuentro en el cual dialogaron sobre las acciones que se vienen desarrollando desde el Organismo binacional y el gobierno departamental.<\/p><p>\u201cLa CARU tiene su sede en la ciudad de Paysand\u00fa por lo que consideramos oportuno realizar una presentaci\u00f3n formal de las nuevas autoridades de la Delegaci\u00f3n Argentina ante el Intendente, quien nos ha recibido muy auspiciosamente\u201d, se\u00f1al\u00f3 el Embajador Salafia al tiempo que destac\u00f3 la importancia de estrechar a\u00fan m\u00e1s los v\u00ednculos con las autoridades que representan a las comunidades de la regi\u00f3n.<\/p><p>Por su parte, el Intendente Olivera, agradeci\u00f3 la visita y celebr\u00f3 la \u201cb\u00fasqueda de los consensos, el di\u00e1logo y el trabajo mancomunado, que es lo que nos va a fortalecer regionalmente a quienes compartimos el r\u00edo Uruguay y que en el fondo es lo mismo que buscamos tanto los representante del Estado Argentino como nosotros representantes de los intereses de los sanduceros\u201d.<\/p><p>Durante la reuni\u00f3n dialogaron acerca de los proyectos que tiene Paysand\u00fa para su desarrollo productivo y de infraestructura, y las acciones que contin\u00faa llevando a cabo la CARU en lo que respecta a la administraci\u00f3n de los puentes internacionales General Artigas y Libertador General San Mart\u00edn, el monitoreo de la calidad de las aguas del R\u00edo Uruguay y los esfuerzos por garantizar una v\u00eda navegable segura y sostenible, que permita el desarrollo productivo de la regi\u00f3n y la generaci\u00f3n de inversiones.<\/p><p><\/p>\t\t\t\t\t\t\t\t<\/div>\n\t\t\t\t<\/div>\n\t\t\t\t\t<\/div>\n\t\t<\/div>\n\t\t\t\t\t<\/div>\n\t\t<\/section>\n\t\t\t\t<\/div>\n\t\t","protected":false},"excerpt":{"rendered":"<p>El Presidente de la Delegaci\u00f3n Argentina ante la Comisi\u00f3n Administradora del R\u00edo Uruguay, Embajador Roberto Salafia y la Delegada Mar\u00eda Laura Ojeda visitaron este martes la Intendencia de Paysand\u00fa.\u00a0 Las autoridades de la Delegaci\u00f3n Argentina de CARU, junto al Secretario T\u00e9cnico Juan Carlos Mart\u00ednez fueron recibidos por el Intendente de Paysand\u00fa, Dr. Nicol\u00e1s Olivera, con [&hellip;]<\/p>\n","protected":false},"author":1,"featured_media":9731,"comment_status":"open","ping_status":"open","sticky":false,"template":"","format":"standard","meta":{"_acf_changed":false,"_joinchat":[],"footnotes":""},"categories":[37,27],"tags":[],"class_list":["post-9730","post","type-post","status-publish","format-standard","has-post-thumbnail","hentry","category-noticias","category-novedades"],"acf":[],"yoast_head":"<!-- This site is optimized with the Yoast SEO plugin v27.3 - https:\/\/yoast.com\/product\/yoast-seo-wordpress\/ -->\n<title>Autoridades de DACARU se reunieron con el Intendente de Paysand\u00fa<\/title>\n<meta name=\"robots\" content=\"index, follow, max-snippet:-1, max-image-preview:large, max-video-preview:-1\" \/>\n<link rel=\"canonical\" href=\"https:\/\/caru.org.uy\/nuevositio\/2024\/06\/05\/autoridades-de-dacaru-se-reunieron-con-el-intendente-de-paysandu\/\" \/>\n<meta property=\"og:locale\" content=\"es_ES\" \/>\n<meta property=\"og:type\" content=\"article\" \/>\n<meta property=\"og:title\" content=\"Autoridades de DACARU se reunieron con el Intendente de Paysand\u00fa\" \/>\n<meta property=\"og:description\" content=\"El Presidente de la Delegaci\u00f3n Argentina ante la Comisi\u00f3n Administradora del R\u00edo Uruguay, Embajador Roberto Salafia y la Delegada Mar\u00eda Laura Ojeda visitaron este martes la Intendencia de Paysand\u00fa.\u00a0 Las autoridades de la Delegaci\u00f3n Argentina de CARU, junto al Secretario T\u00e9cnico Juan Carlos Mart\u00ednez fueron recibidos por el Intendente de Paysand\u00fa, Dr. Nicol\u00e1s Olivera, con [&hellip;]\" \/>\n<meta property=\"og:url\" content=\"https:\/\/caru.org.uy\/nuevositio\/2024\/06\/05\/autoridades-de-dacaru-se-reunieron-con-el-intendente-de-paysandu\/\" \/>\n<meta property=\"og:site_name\" content=\"C.A.R.U.\" \/>\n<meta property=\"article:published_time\" content=\"2024-06-05T09:37:00+00:00\" \/>\n<meta property=\"article:modified_time\" content=\"2024-06-06T23:37:16+00:00\" \/>\n<meta property=\"og:image\" content=\"https:\/\/caru.org.uy\/nuevositio\/wp-content\/uploads\/2024\/06\/salafia-olivera.jpeg\" \/>\n\t<meta property=\"og:image:width\" content=\"1600\" \/>\n\t<meta property=\"og:image:height\" content=\"932\" \/>\n\t<meta property=\"og:image:type\" content=\"image\/jpeg\" \/>\n<meta name=\"author\" content=\"Noma\" \/>\n<meta name=\"twitter:card\" content=\"summary_large_image\" \/>\n<meta name=\"twitter:label1\" content=\"Escrito por\" \/>\n\t<meta name=\"twitter:data1\" content=\"Noma\" \/>\n\t<meta name=\"twitter:label2\" content=\"Tiempo de lectura\" \/>\n\t<meta name=\"twitter:data2\" content=\"2 minutos\" \/>\n<script type=\"application\/ld+json\" class=\"yoast-schema-graph\">{\"@context\":\"https:\\\/\\\/schema.org\",\"@graph\":[{\"@type\":[\"Article\",\"BlogPosting\"],\"@id\":\"https:\\\/\\\/caru.org.uy\\\/nuevositio\\\/2024\\\/06\\\/05\\\/autoridades-de-dacaru-se-reunieron-con-el-intendente-de-paysandu\\\/#article\",\"isPartOf\":{\"@id\":\"https:\\\/\\\/caru.org.uy\\\/nuevositio\\\/2024\\\/06\\\/05\\\/autoridades-de-dacaru-se-reunieron-con-el-intendente-de-paysandu\\\/\"},\"author\":{\"name\":\"Noma\",\"@id\":\"https:\\\/\\\/caru.org.uy\\\/nuevositio\\\/#\\\/schema\\\/person\\\/9a11b7bc115602d2066d4c695b2aa3e5\"},\"headline\":\"Autoridades de DACARU se reunieron con el Intendente de Paysand\u00fa\",\"datePublished\":\"2024-06-05T09:37:00+00:00\",\"dateModified\":\"2024-06-06T23:37:16+00:00\",\"mainEntityOfPage\":{\"@id\":\"https:\\\/\\\/caru.org.uy\\\/nuevositio\\\/2024\\\/06\\\/05\\\/autoridades-de-dacaru-se-reunieron-con-el-intendente-de-paysandu\\\/\"},\"wordCount\":320,\"commentCount\":0,\"publisher\":{\"@id\":\"https:\\\/\\\/caru.org.uy\\\/nuevositio\\\/#organization\"},\"image\":{\"@id\":\"https:\\\/\\\/caru.org.uy\\\/nuevositio\\\/2024\\\/06\\\/05\\\/autoridades-de-dacaru-se-reunieron-con-el-intendente-de-paysandu\\\/#primaryimage\"},\"thumbnailUrl\":\"https:\\\/\\\/caru.org.uy\\\/nuevositio\\\/wp-content\\\/uploads\\\/2024\\\/06\\\/salafia-olivera.jpeg\",\"articleSection\":[\"Noticias\",\"Novedades\"],\"inLanguage\":\"es\",\"potentialAction\":[{\"@type\":\"CommentAction\",\"name\":\"Comment\",\"target\":[\"https:\\\/\\\/caru.org.uy\\\/nuevositio\\\/2024\\\/06\\\/05\\\/autoridades-de-dacaru-se-reunieron-con-el-intendente-de-paysandu\\\/#respond\"]}]},{\"@type\":\"WebPage\",\"@id\":\"https:\\\/\\\/caru.org.uy\\\/nuevositio\\\/2024\\\/06\\\/05\\\/autoridades-de-dacaru-se-reunieron-con-el-intendente-de-paysandu\\\/\",\"url\":\"https:\\\/\\\/caru.org.uy\\\/nuevositio\\\/2024\\\/06\\\/05\\\/autoridades-de-dacaru-se-reunieron-con-el-intendente-de-paysandu\\\/\",\"name\":\"Autoridades de DACARU se reunieron con el Intendente de Paysand\u00fa\",\"isPartOf\":{\"@id\":\"https:\\\/\\\/caru.org.uy\\\/nuevositio\\\/#website\"},\"primaryImageOfPage\":{\"@id\":\"https:\\\/\\\/caru.org.uy\\\/nuevositio\\\/2024\\\/06\\\/05\\\/autoridades-de-dacaru-se-reunieron-con-el-intendente-de-paysandu\\\/#primaryimage\"},\"image\":{\"@id\":\"https:\\\/\\\/caru.org.uy\\\/nuevositio\\\/2024\\\/06\\\/05\\\/autoridades-de-dacaru-se-reunieron-con-el-intendente-de-paysandu\\\/#primaryimage\"},\"thumbnailUrl\":\"https:\\\/\\\/caru.org.uy\\\/nuevositio\\\/wp-content\\\/uploads\\\/2024\\\/06\\\/salafia-olivera.jpeg\",\"datePublished\":\"2024-06-05T09:37:00+00:00\",\"dateModified\":\"2024-06-06T23:37:16+00:00\",\"breadcrumb\":{\"@id\":\"https:\\\/\\\/caru.org.uy\\\/nuevositio\\\/2024\\\/06\\\/05\\\/autoridades-de-dacaru-se-reunieron-con-el-intendente-de-paysandu\\\/#breadcrumb\"},\"inLanguage\":\"es\",\"potentialAction\":[{\"@type\":\"ReadAction\",\"target\":[\"https:\\\/\\\/caru.org.uy\\\/nuevositio\\\/2024\\\/06\\\/05\\\/autoridades-de-dacaru-se-reunieron-con-el-intendente-de-paysandu\\\/\"]}]},{\"@type\":\"ImageObject\",\"inLanguage\":\"es\",\"@id\":\"https:\\\/\\\/caru.org.uy\\\/nuevositio\\\/2024\\\/06\\\/05\\\/autoridades-de-dacaru-se-reunieron-con-el-intendente-de-paysandu\\\/#primaryimage\",\"url\":\"https:\\\/\\\/caru.org.uy\\\/nuevositio\\\/wp-content\\\/uploads\\\/2024\\\/06\\\/salafia-olivera.jpeg\",\"contentUrl\":\"https:\\\/\\\/caru.org.uy\\\/nuevositio\\\/wp-content\\\/uploads\\\/2024\\\/06\\\/salafia-olivera.jpeg\",\"width\":1600,\"height\":932},{\"@type\":\"BreadcrumbList\",\"@id\":\"https:\\\/\\\/caru.org.uy\\\/nuevositio\\\/2024\\\/06\\\/05\\\/autoridades-de-dacaru-se-reunieron-con-el-intendente-de-paysandu\\\/#breadcrumb\",\"itemListElement\":[{\"@type\":\"ListItem\",\"position\":1,\"name\":\"Portada\",\"item\":\"https:\\\/\\\/caru.org.uy\\\/nuevositio\\\/\"},{\"@type\":\"ListItem\",\"position\":2,\"name\":\"Autoridades de DACARU se reunieron con el Intendente de Paysand\u00fa\"}]},{\"@type\":\"WebSite\",\"@id\":\"https:\\\/\\\/caru.org.uy\\\/nuevositio\\\/#website\",\"url\":\"https:\\\/\\\/caru.org.uy\\\/nuevositio\\\/\",\"name\":\"C.A.R.U.\",\"description\":\"Comisi\u00f3n Administradora del R\u00edo Uruguay\",\"publisher\":{\"@id\":\"https:\\\/\\\/caru.org.uy\\\/nuevositio\\\/#organization\"},\"potentialAction\":[{\"@type\":\"SearchAction\",\"target\":{\"@type\":\"EntryPoint\",\"urlTemplate\":\"https:\\\/\\\/caru.org.uy\\\/nuevositio\\\/?s={search_term_string}\"},\"query-input\":{\"@type\":\"PropertyValueSpecification\",\"valueRequired\":true,\"valueName\":\"search_term_string\"}}],\"inLanguage\":\"es\"},{\"@type\":\"Organization\",\"@id\":\"https:\\\/\\\/caru.org.uy\\\/nuevositio\\\/#organization\",\"name\":\"C.A.R.U.\",\"url\":\"https:\\\/\\\/caru.org.uy\\\/nuevositio\\\/\",\"logo\":{\"@type\":\"ImageObject\",\"inLanguage\":\"es\",\"@id\":\"https:\\\/\\\/caru.org.uy\\\/nuevositio\\\/#\\\/schema\\\/logo\\\/image\\\/\",\"url\":\"https:\\\/\\\/caru.org.uy\\\/nuevositio\\\/wp-content\\\/uploads\\\/2023\\\/11\\\/logo-nuevo.jpg\",\"contentUrl\":\"https:\\\/\\\/caru.org.uy\\\/nuevositio\\\/wp-content\\\/uploads\\\/2023\\\/11\\\/logo-nuevo.jpg\",\"width\":1,\"height\":1,\"caption\":\"C.A.R.U.\"},\"image\":{\"@id\":\"https:\\\/\\\/caru.org.uy\\\/nuevositio\\\/#\\\/schema\\\/logo\\\/image\\\/\"}},{\"@type\":\"Person\",\"@id\":\"https:\\\/\\\/caru.org.uy\\\/nuevositio\\\/#\\\/schema\\\/person\\\/9a11b7bc115602d2066d4c695b2aa3e5\",\"name\":\"Noma\",\"image\":{\"@type\":\"ImageObject\",\"inLanguage\":\"es\",\"@id\":\"https:\\\/\\\/secure.gravatar.com\\\/avatar\\\/8b0eb2764fe524b07cdc015df29e7576c061e58c50641dd8ccc46d3d448307e5?s=96&d=mm&r=g\",\"url\":\"https:\\\/\\\/secure.gravatar.com\\\/avatar\\\/8b0eb2764fe524b07cdc015df29e7576c061e58c50641dd8ccc46d3d448307e5?s=96&d=mm&r=g\",\"contentUrl\":\"https:\\\/\\\/secure.gravatar.com\\\/avatar\\\/8b0eb2764fe524b07cdc015df29e7576c061e58c50641dd8ccc46d3d448307e5?s=96&d=mm&r=g\",\"caption\":\"Noma\"},\"url\":\"https:\\\/\\\/caru.org.uy\\\/nuevositio\\\/author\\\/admin\\\/\"}]}<\/script>\n<!-- \/ Yoast SEO plugin. -->","yoast_head_json":{"title":"Autoridades de DACARU se reunieron con el Intendente de Paysand\u00fa","robots":{"index":"index","follow":"follow","max-snippet":"max-snippet:-1","max-image-preview":"max-image-preview:large","max-video-preview":"max-video-preview:-1"},"canonical":"https:\/\/caru.org.uy\/nuevositio\/2024\/06\/05\/autoridades-de-dacaru-se-reunieron-con-el-intendente-de-paysandu\/","og_locale":"es_ES","og_type":"article","og_title":"Autoridades de DACARU se reunieron con el Intendente de Paysand\u00fa","og_description":"El Presidente de la Delegaci\u00f3n Argentina ante la Comisi\u00f3n Administradora del R\u00edo Uruguay, Embajador Roberto Salafia y la Delegada Mar\u00eda Laura Ojeda visitaron este martes la Intendencia de Paysand\u00fa.\u00a0 Las autoridades de la Delegaci\u00f3n Argentina de CARU, junto al Secretario T\u00e9cnico Juan Carlos Mart\u00ednez fueron recibidos por el Intendente de Paysand\u00fa, Dr. Nicol\u00e1s Olivera, con [&hellip;]","og_url":"https:\/\/caru.org.uy\/nuevositio\/2024\/06\/05\/autoridades-de-dacaru-se-reunieron-con-el-intendente-de-paysandu\/","og_site_name":"C.A.R.U.","article_published_time":"2024-06-05T09:37:00+00:00","article_modified_time":"2024-06-06T23:37:16+00:00","og_image":[{"width":1600,"height":932,"url":"https:\/\/caru.org.uy\/nuevositio\/wp-content\/uploads\/2024\/06\/salafia-olivera.jpeg","type":"image\/jpeg"}],"author":"Noma","twitter_card":"summary_large_image","twitter_misc":{"Escrito por":"Noma","Tiempo de lectura":"2 minutos"},"schema":{"@context":"https:\/\/schema.org","@graph":[{"@type":["Article","BlogPosting"],"@id":"https:\/\/caru.org.uy\/nuevositio\/2024\/06\/05\/autoridades-de-dacaru-se-reunieron-con-el-intendente-de-paysandu\/#article","isPartOf":{"@id":"https:\/\/caru.org.uy\/nuevositio\/2024\/06\/05\/autoridades-de-dacaru-se-reunieron-con-el-intendente-de-paysandu\/"},"author":{"name":"Noma","@id":"https:\/\/caru.org.uy\/nuevositio\/#\/schema\/person\/9a11b7bc115602d2066d4c695b2aa3e5"},"headline":"Autoridades de DACARU se reunieron con el Intendente de Paysand\u00fa","datePublished":"2024-06-05T09:37:00+00:00","dateModified":"2024-06-06T23:37:16+00:00","mainEntityOfPage":{"@id":"https:\/\/caru.org.uy\/nuevositio\/2024\/06\/05\/autoridades-de-dacaru-se-reunieron-con-el-intendente-de-paysandu\/"},"wordCount":320,"commentCount":0,"publisher":{"@id":"https:\/\/caru.org.uy\/nuevositio\/#organization"},"image":{"@id":"https:\/\/caru.org.uy\/nuevositio\/2024\/06\/05\/autoridades-de-dacaru-se-reunieron-con-el-intendente-de-paysandu\/#primaryimage"},"thumbnailUrl":"https:\/\/caru.org.uy\/nuevositio\/wp-content\/uploads\/2024\/06\/salafia-olivera.jpeg","articleSection":["Noticias","Novedades"],"inLanguage":"es","potentialAction":[{"@type":"CommentAction","name":"Comment","target":["https:\/\/caru.org.uy\/nuevositio\/2024\/06\/05\/autoridades-de-dacaru-se-reunieron-con-el-intendente-de-paysandu\/#respond"]}]},{"@type":"WebPage","@id":"https:\/\/caru.org.uy\/nuevositio\/2024\/06\/05\/autoridades-de-dacaru-se-reunieron-con-el-intendente-de-paysandu\/","url":"https:\/\/caru.org.uy\/nuevositio\/2024\/06\/05\/autoridades-de-dacaru-se-reunieron-con-el-intendente-de-paysandu\/","name":"Autoridades de DACARU se reunieron con el Intendente de Paysand\u00fa","isPartOf":{"@id":"https:\/\/caru.org.uy\/nuevositio\/#website"},"primaryImageOfPage":{"@id":"https:\/\/caru.org.uy\/nuevositio\/2024\/06\/05\/autoridades-de-dacaru-se-reunieron-con-el-intendente-de-paysandu\/#primaryimage"},"image":{"@id":"https:\/\/caru.org.uy\/nuevositio\/2024\/06\/05\/autoridades-de-dacaru-se-reunieron-con-el-intendente-de-paysandu\/#primaryimage"},"thumbnailUrl":"https:\/\/caru.org.uy\/nuevositio\/wp-content\/uploads\/2024\/06\/salafia-olivera.jpeg","datePublished":"2024-06-05T09:37:00+00:00","dateModified":"2024-06-06T23:37:16+00:00","breadcrumb":{"@id":"https:\/\/caru.org.uy\/nuevositio\/2024\/06\/05\/autoridades-de-dacaru-se-reunieron-con-el-intendente-de-paysandu\/#breadcrumb"},"inLanguage":"es","potentialAction":[{"@type":"ReadAction","target":["https:\/\/caru.org.uy\/nuevositio\/2024\/06\/05\/autoridades-de-dacaru-se-reunieron-con-el-intendente-de-paysandu\/"]}]},{"@type":"ImageObject","inLanguage":"es","@id":"https:\/\/caru.org.uy\/nuevositio\/2024\/06\/05\/autoridades-de-dacaru-se-reunieron-con-el-intendente-de-paysandu\/#primaryimage","url":"https:\/\/caru.org.uy\/nuevositio\/wp-content\/uploads\/2024\/06\/salafia-olivera.jpeg","contentUrl":"https:\/\/caru.org.uy\/nuevositio\/wp-content\/uploads\/2024\/06\/salafia-olivera.jpeg","width":1600,"height":932},{"@type":"BreadcrumbList","@id":"https:\/\/caru.org.uy\/nuevositio\/2024\/06\/05\/autoridades-de-dacaru-se-reunieron-con-el-intendente-de-paysandu\/#breadcrumb","itemListElement":[{"@type":"ListItem","position":1,"name":"Portada","item":"https:\/\/caru.org.uy\/nuevositio\/"},{"@type":"ListItem","position":2,"name":"Autoridades de DACARU se reunieron con el Intendente de Paysand\u00fa"}]},{"@type":"WebSite","@id":"https:\/\/caru.org.uy\/nuevositio\/#website","url":"https:\/\/caru.org.uy\/nuevositio\/","name":"C.A.R.U.","description":"Comisi\u00f3n Administradora del R\u00edo Uruguay","publisher":{"@id":"https:\/\/caru.org.uy\/nuevositio\/#organization"},"potentialAction":[{"@type":"SearchAction","target":{"@type":"EntryPoint","urlTemplate":"https:\/\/caru.org.uy\/nuevositio\/?s={search_term_string}"},"query-input":{"@type":"PropertyValueSpecification","valueRequired":true,"valueName":"search_term_string"}}],"inLanguage":"es"},{"@type":"Organization","@id":"https:\/\/caru.org.uy\/nuevositio\/#organization","name":"C.A.R.U.","url":"https:\/\/caru.org.uy\/nuevositio\/","logo":{"@type":"ImageObject","inLanguage":"es","@id":"https:\/\/caru.org.uy\/nuevositio\/#\/schema\/logo\/image\/","url":"https:\/\/caru.org.uy\/nuevositio\/wp-content\/uploads\/2023\/11\/logo-nuevo.jpg","contentUrl":"https:\/\/caru.org.uy\/nuevositio\/wp-content\/uploads\/2023\/11\/logo-nuevo.jpg","width":1,"height":1,"caption":"C.A.R.U."},"image":{"@id":"https:\/\/caru.org.uy\/nuevositio\/#\/schema\/logo\/image\/"}},{"@type":"Person","@id":"https:\/\/caru.org.uy\/nuevositio\/#\/schema\/person\/9a11b7bc115602d2066d4c695b2aa3e5","name":"Noma","image":{"@type":"ImageObject","inLanguage":"es","@id":"https:\/\/secure.gravatar.com\/avatar\/8b0eb2764fe524b07cdc015df29e7576c061e58c50641dd8ccc46d3d448307e5?s=96&d=mm&r=g","url":"https:\/\/secure.gravatar.com\/avatar\/8b0eb2764fe524b07cdc015df29e7576c061e58c50641dd8ccc46d3d448307e5?s=96&d=mm&r=g","contentUrl":"https:\/\/secure.gravatar.com\/avatar\/8b0eb2764fe524b07cdc015df29e7576c061e58c50641dd8ccc46d3d448307e5?s=96&d=mm&r=g","caption":"Noma"},"url":"https:\/\/caru.org.uy\/nuevositio\/author\/admin\/"}]}},"_links":{"self":[{"href":"https:\/\/caru.org.uy\/nuevositio\/wp-json\/wp\/v2\/posts\/9730","targetHints":{"allow":["GET"]}}],"collection":[{"href":"https:\/\/caru.org.uy\/nuevositio\/wp-json\/wp\/v2\/posts"}],"about":[{"href":"https:\/\/caru.org.uy\/nuevositio\/wp-json\/wp\/v2\/types\/post"}],"author":[{"embeddable":true,"href":"https:\/\/caru.org.uy\/nuevositio\/wp-json\/wp\/v2\/users\/1"}],"replies":[{"embeddable":true,"href":"https:\/\/caru.org.uy\/nuevositio\/wp-json\/wp\/v2\/comments?post=9730"}],"version-history":[{"count":4,"href":"https:\/\/caru.org.uy\/nuevositio\/wp-json\/wp\/v2\/posts\/9730\/revisions"}],"predecessor-version":[{"id":9736,"href":"https:\/\/caru.org.uy\/nuevositio\/wp-json\/wp\/v2\/posts\/9730\/revisions\/9736"}],"wp:featuredmedia":[{"embeddable":true,"href":"https:\/\/caru.org.uy\/nuevositio\/wp-json\/wp\/v2\/media\/9731"}],"wp:attachment":[{"href":"https:\/\/caru.org.uy\/nuevositio\/wp-json\/wp\/v2\/media?parent=9730"}],"wp:term":[{"taxonomy":"category","embeddable":true,"href":"https:\/\/caru.org.uy\/nuevositio\/wp-json\/wp\/v2\/categories?post=9730"},{"taxonomy":"post_tag","embeddable":true,"href":"https:\/\/caru.org.uy\/nuevositio\/wp-json\/wp\/v2\/tags?post=9730"}],"curies":[{"name":"wp","href":"https:\/\/api.w.org\/{rel}","templated":true}]}}