{"id":9742,"date":"2024-06-06T23:29:58","date_gmt":"2024-06-06T23:29:58","guid":{"rendered":"https:\/\/caru.org.uy\/nuevositio\/?p=9742"},"modified":"2024-06-06T23:31:08","modified_gmt":"2024-06-06T23:31:08","slug":"el-presidente-de-dacaru-se-reunio-con-el-intendente-de-colon","status":"publish","type":"post","link":"https:\/\/caru.org.uy\/nuevositio\/2024\/06\/06\/el-presidente-de-dacaru-se-reunio-con-el-intendente-de-colon\/","title":{"rendered":"El Presidente de DACARU se reuni\u00f3 con el Intendente de Col\u00f3n"},"content":{"rendered":"\t\t<div data-elementor-type=\"wp-post\" data-elementor-id=\"9742\" class=\"elementor elementor-9742\" data-elementor-post-type=\"post\">\n\t\t\t\t\t\t<section class=\"elementor-section elementor-top-section elementor-element elementor-element-40363cc8 elementor-section-boxed elementor-section-height-default elementor-section-height-default\" data-id=\"40363cc8\" data-element_type=\"section\" data-e-type=\"section\" data-settings=\"{&quot;jet_parallax_layout_list&quot;:[]}\">\n\t\t\t\t\t\t<div class=\"elementor-container elementor-column-gap-default\">\n\t\t\t\t\t<div class=\"elementor-column elementor-col-50 elementor-top-column elementor-element elementor-element-4f7f6d65\" data-id=\"4f7f6d65\" data-element_type=\"column\" data-e-type=\"column\">\n\t\t\t<div class=\"elementor-widget-wrap elementor-element-populated\">\n\t\t\t\t\t\t<div class=\"elementor-element elementor-element-2df00c6d elementor-widget elementor-widget-image\" data-id=\"2df00c6d\" data-element_type=\"widget\" data-e-type=\"widget\" data-widget_type=\"image.default\">\n\t\t\t\t<div class=\"elementor-widget-container\">\n\t\t\t\t\t\t\t\t\t\t\t\t\t\t\t<img fetchpriority=\"high\" decoding=\"async\" width=\"1024\" height=\"683\" src=\"https:\/\/caru.org.uy\/nuevositio\/wp-content\/uploads\/2024\/06\/salafia-walser-1024x683.jpeg\" class=\"attachment-large size-large wp-image-9744\" alt=\"\" srcset=\"https:\/\/caru.org.uy\/nuevositio\/wp-content\/uploads\/2024\/06\/salafia-walser-1024x683.jpeg 1024w, https:\/\/caru.org.uy\/nuevositio\/wp-content\/uploads\/2024\/06\/salafia-walser-300x200.jpeg 300w, https:\/\/caru.org.uy\/nuevositio\/wp-content\/uploads\/2024\/06\/salafia-walser-768x512.jpeg 768w, https:\/\/caru.org.uy\/nuevositio\/wp-content\/uploads\/2024\/06\/salafia-walser.jpeg 1536w\" sizes=\"(max-width: 1024px) 100vw, 1024px\" \/>\t\t\t\t\t\t\t\t\t\t\t\t\t\t\t<\/div>\n\t\t\t\t<\/div>\n\t\t\t\t\t<\/div>\n\t\t<\/div>\n\t\t\t\t<div class=\"elementor-column elementor-col-50 elementor-top-column elementor-element elementor-element-1acb529a\" data-id=\"1acb529a\" data-element_type=\"column\" data-e-type=\"column\">\n\t\t\t<div class=\"elementor-widget-wrap elementor-element-populated\">\n\t\t\t\t\t\t<div class=\"elementor-element elementor-element-6cc6ca99 elementor-widget elementor-widget-text-editor\" data-id=\"6cc6ca99\" data-element_type=\"widget\" data-e-type=\"widget\" data-widget_type=\"text-editor.default\">\n\t\t\t\t<div class=\"elementor-widget-container\">\n\t\t\t\t\t\t\t\t\t<p><\/p><p>Este jueves, el Intendente de la ciudad de Col\u00f3n Jos\u00e9 Luis Walser recibi\u00f3 al Presidente de la Delegaci\u00f3n Argentina ante la Comisi\u00f3n Administradora del R\u00edo Uruguay (CARU), Embajador Roberto Salafia en la sede municipal.<\/p><p>\u201cDialogamos sobre la realidad de nuestra Ciudad con el titular de la nueva delegaci\u00f3n argentina de CARU, y adem\u00e1s sobre las necesidades de nuestra Comunidad\u201d, afirm\u00f3 el Intendente de Col\u00f3n al finalizar la reuni\u00f3n. Jos\u00e9 Luis Walser dijo, adem\u00e1s: \u201cHablamos con Roberto Salafia sobre la importancia que el R\u00edo Uruguay tiene para la ciudad de Col\u00f3n y la microrregi\u00f3n, y la necesidad de trabajar en una agenda en conjunto con la CARU\u201d.<\/p><p>Por su parte, el presidente de la DACARU, destac\u00f3 que al igual que lo realizado en la Intendencia de Paysand\u00fa se trat\u00f3 de una presentaci\u00f3n formal como autoridad del organismo: \u201cPara nosotros son ciudades muy importantes en lo que refiere a la integraci\u00f3n entre comunidades hermanadas, y con el r\u00edo Uruguay como lazo de uni\u00f3n hist\u00f3rica, cultural, social y econ\u00f3mica. Adem\u00e1s, el Puente que las une f\u00edsicamente es administrado por CARU, por lo que la relevancia es fundamental\u201d, se\u00f1al\u00f3 Salafia.<\/p><p><\/p>\t\t\t\t\t\t\t\t<\/div>\n\t\t\t\t<\/div>\n\t\t\t\t\t<\/div>\n\t\t<\/div>\n\t\t\t\t\t<\/div>\n\t\t<\/section>\n\t\t\t\t<\/div>\n\t\t","protected":false},"excerpt":{"rendered":"<p>Este jueves, el Intendente de la ciudad de Col\u00f3n Jos\u00e9 Luis Walser recibi\u00f3 al Presidente de la Delegaci\u00f3n Argentina ante la Comisi\u00f3n Administradora del R\u00edo Uruguay (CARU), Embajador Roberto Salafia en la sede municipal. \u201cDialogamos sobre la realidad de nuestra Ciudad con el titular de la nueva delegaci\u00f3n argentina de CARU, y adem\u00e1s sobre las [&hellip;]<\/p>\n","protected":false},"author":1,"featured_media":9744,"comment_status":"closed","ping_status":"open","sticky":false,"template":"","format":"standard","meta":{"_acf_changed":false,"_joinchat":[],"footnotes":""},"categories":[37,27],"tags":[],"class_list":["post-9742","post","type-post","status-publish","format-standard","has-post-thumbnail","hentry","category-noticias","category-novedades"],"acf":[],"yoast_head":"<!-- This site is optimized with the Yoast SEO plugin v27.3 - https:\/\/yoast.com\/product\/yoast-seo-wordpress\/ -->\n<title>El Presidente de DACARU se reuni\u00f3 con el Intendente de Col\u00f3n<\/title>\n<meta name=\"robots\" content=\"index, follow, max-snippet:-1, max-image-preview:large, max-video-preview:-1\" \/>\n<link rel=\"canonical\" href=\"https:\/\/caru.org.uy\/nuevositio\/2024\/06\/06\/el-presidente-de-dacaru-se-reunio-con-el-intendente-de-colon\/\" \/>\n<meta property=\"og:locale\" content=\"es_ES\" \/>\n<meta property=\"og:type\" content=\"article\" \/>\n<meta property=\"og:title\" content=\"El Presidente de DACARU se reuni\u00f3 con el Intendente de Col\u00f3n\" \/>\n<meta property=\"og:description\" content=\"Este jueves, el Intendente de la ciudad de Col\u00f3n Jos\u00e9 Luis Walser recibi\u00f3 al Presidente de la Delegaci\u00f3n Argentina ante la Comisi\u00f3n Administradora del R\u00edo Uruguay (CARU), Embajador Roberto Salafia en la sede municipal. \u201cDialogamos sobre la realidad de nuestra Ciudad con el titular de la nueva delegaci\u00f3n argentina de CARU, y adem\u00e1s sobre las [&hellip;]\" \/>\n<meta property=\"og:url\" content=\"https:\/\/caru.org.uy\/nuevositio\/2024\/06\/06\/el-presidente-de-dacaru-se-reunio-con-el-intendente-de-colon\/\" \/>\n<meta property=\"og:site_name\" content=\"C.A.R.U.\" \/>\n<meta property=\"article:published_time\" content=\"2024-06-06T23:29:58+00:00\" \/>\n<meta property=\"article:modified_time\" content=\"2024-06-06T23:31:08+00:00\" \/>\n<meta property=\"og:image\" content=\"https:\/\/caru.org.uy\/nuevositio\/wp-content\/uploads\/2024\/06\/salafia-walser.jpeg\" \/>\n\t<meta property=\"og:image:width\" content=\"1536\" \/>\n\t<meta property=\"og:image:height\" content=\"1024\" \/>\n\t<meta property=\"og:image:type\" content=\"image\/jpeg\" \/>\n<meta name=\"author\" content=\"Noma\" \/>\n<meta name=\"twitter:card\" content=\"summary_large_image\" \/>\n<meta name=\"twitter:label1\" content=\"Escrito por\" \/>\n\t<meta name=\"twitter:data1\" content=\"Noma\" \/>\n\t<meta name=\"twitter:label2\" content=\"Tiempo de lectura\" \/>\n\t<meta name=\"twitter:data2\" content=\"2 minutos\" \/>\n<script type=\"application\/ld+json\" class=\"yoast-schema-graph\">{\"@context\":\"https:\\\/\\\/schema.org\",\"@graph\":[{\"@type\":[\"Article\",\"BlogPosting\"],\"@id\":\"https:\\\/\\\/caru.org.uy\\\/nuevositio\\\/2024\\\/06\\\/06\\\/el-presidente-de-dacaru-se-reunio-con-el-intendente-de-colon\\\/#article\",\"isPartOf\":{\"@id\":\"https:\\\/\\\/caru.org.uy\\\/nuevositio\\\/2024\\\/06\\\/06\\\/el-presidente-de-dacaru-se-reunio-con-el-intendente-de-colon\\\/\"},\"author\":{\"name\":\"Noma\",\"@id\":\"https:\\\/\\\/caru.org.uy\\\/nuevositio\\\/#\\\/schema\\\/person\\\/9a11b7bc115602d2066d4c695b2aa3e5\"},\"headline\":\"El Presidente de DACARU se reuni\u00f3 con el Intendente de Col\u00f3n\",\"datePublished\":\"2024-06-06T23:29:58+00:00\",\"dateModified\":\"2024-06-06T23:31:08+00:00\",\"mainEntityOfPage\":{\"@id\":\"https:\\\/\\\/caru.org.uy\\\/nuevositio\\\/2024\\\/06\\\/06\\\/el-presidente-de-dacaru-se-reunio-con-el-intendente-de-colon\\\/\"},\"wordCount\":219,\"publisher\":{\"@id\":\"https:\\\/\\\/caru.org.uy\\\/nuevositio\\\/#organization\"},\"image\":{\"@id\":\"https:\\\/\\\/caru.org.uy\\\/nuevositio\\\/2024\\\/06\\\/06\\\/el-presidente-de-dacaru-se-reunio-con-el-intendente-de-colon\\\/#primaryimage\"},\"thumbnailUrl\":\"https:\\\/\\\/caru.org.uy\\\/nuevositio\\\/wp-content\\\/uploads\\\/2024\\\/06\\\/salafia-walser.jpeg\",\"articleSection\":[\"Noticias\",\"Novedades\"],\"inLanguage\":\"es\"},{\"@type\":\"WebPage\",\"@id\":\"https:\\\/\\\/caru.org.uy\\\/nuevositio\\\/2024\\\/06\\\/06\\\/el-presidente-de-dacaru-se-reunio-con-el-intendente-de-colon\\\/\",\"url\":\"https:\\\/\\\/caru.org.uy\\\/nuevositio\\\/2024\\\/06\\\/06\\\/el-presidente-de-dacaru-se-reunio-con-el-intendente-de-colon\\\/\",\"name\":\"El Presidente de DACARU se reuni\u00f3 con el Intendente de Col\u00f3n\",\"isPartOf\":{\"@id\":\"https:\\\/\\\/caru.org.uy\\\/nuevositio\\\/#website\"},\"primaryImageOfPage\":{\"@id\":\"https:\\\/\\\/caru.org.uy\\\/nuevositio\\\/2024\\\/06\\\/06\\\/el-presidente-de-dacaru-se-reunio-con-el-intendente-de-colon\\\/#primaryimage\"},\"image\":{\"@id\":\"https:\\\/\\\/caru.org.uy\\\/nuevositio\\\/2024\\\/06\\\/06\\\/el-presidente-de-dacaru-se-reunio-con-el-intendente-de-colon\\\/#primaryimage\"},\"thumbnailUrl\":\"https:\\\/\\\/caru.org.uy\\\/nuevositio\\\/wp-content\\\/uploads\\\/2024\\\/06\\\/salafia-walser.jpeg\",\"datePublished\":\"2024-06-06T23:29:58+00:00\",\"dateModified\":\"2024-06-06T23:31:08+00:00\",\"breadcrumb\":{\"@id\":\"https:\\\/\\\/caru.org.uy\\\/nuevositio\\\/2024\\\/06\\\/06\\\/el-presidente-de-dacaru-se-reunio-con-el-intendente-de-colon\\\/#breadcrumb\"},\"inLanguage\":\"es\",\"potentialAction\":[{\"@type\":\"ReadAction\",\"target\":[\"https:\\\/\\\/caru.org.uy\\\/nuevositio\\\/2024\\\/06\\\/06\\\/el-presidente-de-dacaru-se-reunio-con-el-intendente-de-colon\\\/\"]}]},{\"@type\":\"ImageObject\",\"inLanguage\":\"es\",\"@id\":\"https:\\\/\\\/caru.org.uy\\\/nuevositio\\\/2024\\\/06\\\/06\\\/el-presidente-de-dacaru-se-reunio-con-el-intendente-de-colon\\\/#primaryimage\",\"url\":\"https:\\\/\\\/caru.org.uy\\\/nuevositio\\\/wp-content\\\/uploads\\\/2024\\\/06\\\/salafia-walser.jpeg\",\"contentUrl\":\"https:\\\/\\\/caru.org.uy\\\/nuevositio\\\/wp-content\\\/uploads\\\/2024\\\/06\\\/salafia-walser.jpeg\",\"width\":1536,\"height\":1024},{\"@type\":\"BreadcrumbList\",\"@id\":\"https:\\\/\\\/caru.org.uy\\\/nuevositio\\\/2024\\\/06\\\/06\\\/el-presidente-de-dacaru-se-reunio-con-el-intendente-de-colon\\\/#breadcrumb\",\"itemListElement\":[{\"@type\":\"ListItem\",\"position\":1,\"name\":\"Portada\",\"item\":\"https:\\\/\\\/caru.org.uy\\\/nuevositio\\\/\"},{\"@type\":\"ListItem\",\"position\":2,\"name\":\"El Presidente de DACARU se reuni\u00f3 con el Intendente de Col\u00f3n\"}]},{\"@type\":\"WebSite\",\"@id\":\"https:\\\/\\\/caru.org.uy\\\/nuevositio\\\/#website\",\"url\":\"https:\\\/\\\/caru.org.uy\\\/nuevositio\\\/\",\"name\":\"C.A.R.U.\",\"description\":\"Comisi\u00f3n Administradora del R\u00edo Uruguay\",\"publisher\":{\"@id\":\"https:\\\/\\\/caru.org.uy\\\/nuevositio\\\/#organization\"},\"potentialAction\":[{\"@type\":\"SearchAction\",\"target\":{\"@type\":\"EntryPoint\",\"urlTemplate\":\"https:\\\/\\\/caru.org.uy\\\/nuevositio\\\/?s={search_term_string}\"},\"query-input\":{\"@type\":\"PropertyValueSpecification\",\"valueRequired\":true,\"valueName\":\"search_term_string\"}}],\"inLanguage\":\"es\"},{\"@type\":\"Organization\",\"@id\":\"https:\\\/\\\/caru.org.uy\\\/nuevositio\\\/#organization\",\"name\":\"C.A.R.U.\",\"url\":\"https:\\\/\\\/caru.org.uy\\\/nuevositio\\\/\",\"logo\":{\"@type\":\"ImageObject\",\"inLanguage\":\"es\",\"@id\":\"https:\\\/\\\/caru.org.uy\\\/nuevositio\\\/#\\\/schema\\\/logo\\\/image\\\/\",\"url\":\"https:\\\/\\\/caru.org.uy\\\/nuevositio\\\/wp-content\\\/uploads\\\/2023\\\/11\\\/logo-nuevo.jpg\",\"contentUrl\":\"https:\\\/\\\/caru.org.uy\\\/nuevositio\\\/wp-content\\\/uploads\\\/2023\\\/11\\\/logo-nuevo.jpg\",\"width\":1,\"height\":1,\"caption\":\"C.A.R.U.\"},\"image\":{\"@id\":\"https:\\\/\\\/caru.org.uy\\\/nuevositio\\\/#\\\/schema\\\/logo\\\/image\\\/\"}},{\"@type\":\"Person\",\"@id\":\"https:\\\/\\\/caru.org.uy\\\/nuevositio\\\/#\\\/schema\\\/person\\\/9a11b7bc115602d2066d4c695b2aa3e5\",\"name\":\"Noma\",\"image\":{\"@type\":\"ImageObject\",\"inLanguage\":\"es\",\"@id\":\"https:\\\/\\\/secure.gravatar.com\\\/avatar\\\/8b0eb2764fe524b07cdc015df29e7576c061e58c50641dd8ccc46d3d448307e5?s=96&d=mm&r=g\",\"url\":\"https:\\\/\\\/secure.gravatar.com\\\/avatar\\\/8b0eb2764fe524b07cdc015df29e7576c061e58c50641dd8ccc46d3d448307e5?s=96&d=mm&r=g\",\"contentUrl\":\"https:\\\/\\\/secure.gravatar.com\\\/avatar\\\/8b0eb2764fe524b07cdc015df29e7576c061e58c50641dd8ccc46d3d448307e5?s=96&d=mm&r=g\",\"caption\":\"Noma\"},\"url\":\"https:\\\/\\\/caru.org.uy\\\/nuevositio\\\/author\\\/admin\\\/\"}]}<\/script>\n<!-- \/ Yoast SEO plugin. -->","yoast_head_json":{"title":"El Presidente de DACARU se reuni\u00f3 con el Intendente de Col\u00f3n","robots":{"index":"index","follow":"follow","max-snippet":"max-snippet:-1","max-image-preview":"max-image-preview:large","max-video-preview":"max-video-preview:-1"},"canonical":"https:\/\/caru.org.uy\/nuevositio\/2024\/06\/06\/el-presidente-de-dacaru-se-reunio-con-el-intendente-de-colon\/","og_locale":"es_ES","og_type":"article","og_title":"El Presidente de DACARU se reuni\u00f3 con el Intendente de Col\u00f3n","og_description":"Este jueves, el Intendente de la ciudad de Col\u00f3n Jos\u00e9 Luis Walser recibi\u00f3 al Presidente de la Delegaci\u00f3n Argentina ante la Comisi\u00f3n Administradora del R\u00edo Uruguay (CARU), Embajador Roberto Salafia en la sede municipal. \u201cDialogamos sobre la realidad de nuestra Ciudad con el titular de la nueva delegaci\u00f3n argentina de CARU, y adem\u00e1s sobre las [&hellip;]","og_url":"https:\/\/caru.org.uy\/nuevositio\/2024\/06\/06\/el-presidente-de-dacaru-se-reunio-con-el-intendente-de-colon\/","og_site_name":"C.A.R.U.","article_published_time":"2024-06-06T23:29:58+00:00","article_modified_time":"2024-06-06T23:31:08+00:00","og_image":[{"width":1536,"height":1024,"url":"https:\/\/caru.org.uy\/nuevositio\/wp-content\/uploads\/2024\/06\/salafia-walser.jpeg","type":"image\/jpeg"}],"author":"Noma","twitter_card":"summary_large_image","twitter_misc":{"Escrito por":"Noma","Tiempo de lectura":"2 minutos"},"schema":{"@context":"https:\/\/schema.org","@graph":[{"@type":["Article","BlogPosting"],"@id":"https:\/\/caru.org.uy\/nuevositio\/2024\/06\/06\/el-presidente-de-dacaru-se-reunio-con-el-intendente-de-colon\/#article","isPartOf":{"@id":"https:\/\/caru.org.uy\/nuevositio\/2024\/06\/06\/el-presidente-de-dacaru-se-reunio-con-el-intendente-de-colon\/"},"author":{"name":"Noma","@id":"https:\/\/caru.org.uy\/nuevositio\/#\/schema\/person\/9a11b7bc115602d2066d4c695b2aa3e5"},"headline":"El Presidente de DACARU se reuni\u00f3 con el Intendente de Col\u00f3n","datePublished":"2024-06-06T23:29:58+00:00","dateModified":"2024-06-06T23:31:08+00:00","mainEntityOfPage":{"@id":"https:\/\/caru.org.uy\/nuevositio\/2024\/06\/06\/el-presidente-de-dacaru-se-reunio-con-el-intendente-de-colon\/"},"wordCount":219,"publisher":{"@id":"https:\/\/caru.org.uy\/nuevositio\/#organization"},"image":{"@id":"https:\/\/caru.org.uy\/nuevositio\/2024\/06\/06\/el-presidente-de-dacaru-se-reunio-con-el-intendente-de-colon\/#primaryimage"},"thumbnailUrl":"https:\/\/caru.org.uy\/nuevositio\/wp-content\/uploads\/2024\/06\/salafia-walser.jpeg","articleSection":["Noticias","Novedades"],"inLanguage":"es"},{"@type":"WebPage","@id":"https:\/\/caru.org.uy\/nuevositio\/2024\/06\/06\/el-presidente-de-dacaru-se-reunio-con-el-intendente-de-colon\/","url":"https:\/\/caru.org.uy\/nuevositio\/2024\/06\/06\/el-presidente-de-dacaru-se-reunio-con-el-intendente-de-colon\/","name":"El Presidente de DACARU se reuni\u00f3 con el Intendente de Col\u00f3n","isPartOf":{"@id":"https:\/\/caru.org.uy\/nuevositio\/#website"},"primaryImageOfPage":{"@id":"https:\/\/caru.org.uy\/nuevositio\/2024\/06\/06\/el-presidente-de-dacaru-se-reunio-con-el-intendente-de-colon\/#primaryimage"},"image":{"@id":"https:\/\/caru.org.uy\/nuevositio\/2024\/06\/06\/el-presidente-de-dacaru-se-reunio-con-el-intendente-de-colon\/#primaryimage"},"thumbnailUrl":"https:\/\/caru.org.uy\/nuevositio\/wp-content\/uploads\/2024\/06\/salafia-walser.jpeg","datePublished":"2024-06-06T23:29:58+00:00","dateModified":"2024-06-06T23:31:08+00:00","breadcrumb":{"@id":"https:\/\/caru.org.uy\/nuevositio\/2024\/06\/06\/el-presidente-de-dacaru-se-reunio-con-el-intendente-de-colon\/#breadcrumb"},"inLanguage":"es","potentialAction":[{"@type":"ReadAction","target":["https:\/\/caru.org.uy\/nuevositio\/2024\/06\/06\/el-presidente-de-dacaru-se-reunio-con-el-intendente-de-colon\/"]}]},{"@type":"ImageObject","inLanguage":"es","@id":"https:\/\/caru.org.uy\/nuevositio\/2024\/06\/06\/el-presidente-de-dacaru-se-reunio-con-el-intendente-de-colon\/#primaryimage","url":"https:\/\/caru.org.uy\/nuevositio\/wp-content\/uploads\/2024\/06\/salafia-walser.jpeg","contentUrl":"https:\/\/caru.org.uy\/nuevositio\/wp-content\/uploads\/2024\/06\/salafia-walser.jpeg","width":1536,"height":1024},{"@type":"BreadcrumbList","@id":"https:\/\/caru.org.uy\/nuevositio\/2024\/06\/06\/el-presidente-de-dacaru-se-reunio-con-el-intendente-de-colon\/#breadcrumb","itemListElement":[{"@type":"ListItem","position":1,"name":"Portada","item":"https:\/\/caru.org.uy\/nuevositio\/"},{"@type":"ListItem","position":2,"name":"El Presidente de DACARU se reuni\u00f3 con el Intendente de Col\u00f3n"}]},{"@type":"WebSite","@id":"https:\/\/caru.org.uy\/nuevositio\/#website","url":"https:\/\/caru.org.uy\/nuevositio\/","name":"C.A.R.U.","description":"Comisi\u00f3n Administradora del R\u00edo Uruguay","publisher":{"@id":"https:\/\/caru.org.uy\/nuevositio\/#organization"},"potentialAction":[{"@type":"SearchAction","target":{"@type":"EntryPoint","urlTemplate":"https:\/\/caru.org.uy\/nuevositio\/?s={search_term_string}"},"query-input":{"@type":"PropertyValueSpecification","valueRequired":true,"valueName":"search_term_string"}}],"inLanguage":"es"},{"@type":"Organization","@id":"https:\/\/caru.org.uy\/nuevositio\/#organization","name":"C.A.R.U.","url":"https:\/\/caru.org.uy\/nuevositio\/","logo":{"@type":"ImageObject","inLanguage":"es","@id":"https:\/\/caru.org.uy\/nuevositio\/#\/schema\/logo\/image\/","url":"https:\/\/caru.org.uy\/nuevositio\/wp-content\/uploads\/2023\/11\/logo-nuevo.jpg","contentUrl":"https:\/\/caru.org.uy\/nuevositio\/wp-content\/uploads\/2023\/11\/logo-nuevo.jpg","width":1,"height":1,"caption":"C.A.R.U."},"image":{"@id":"https:\/\/caru.org.uy\/nuevositio\/#\/schema\/logo\/image\/"}},{"@type":"Person","@id":"https:\/\/caru.org.uy\/nuevositio\/#\/schema\/person\/9a11b7bc115602d2066d4c695b2aa3e5","name":"Noma","image":{"@type":"ImageObject","inLanguage":"es","@id":"https:\/\/secure.gravatar.com\/avatar\/8b0eb2764fe524b07cdc015df29e7576c061e58c50641dd8ccc46d3d448307e5?s=96&d=mm&r=g","url":"https:\/\/secure.gravatar.com\/avatar\/8b0eb2764fe524b07cdc015df29e7576c061e58c50641dd8ccc46d3d448307e5?s=96&d=mm&r=g","contentUrl":"https:\/\/secure.gravatar.com\/avatar\/8b0eb2764fe524b07cdc015df29e7576c061e58c50641dd8ccc46d3d448307e5?s=96&d=mm&r=g","caption":"Noma"},"url":"https:\/\/caru.org.uy\/nuevositio\/author\/admin\/"}]}},"_links":{"self":[{"href":"https:\/\/caru.org.uy\/nuevositio\/wp-json\/wp\/v2\/posts\/9742","targetHints":{"allow":["GET"]}}],"collection":[{"href":"https:\/\/caru.org.uy\/nuevositio\/wp-json\/wp\/v2\/posts"}],"about":[{"href":"https:\/\/caru.org.uy\/nuevositio\/wp-json\/wp\/v2\/types\/post"}],"author":[{"embeddable":true,"href":"https:\/\/caru.org.uy\/nuevositio\/wp-json\/wp\/v2\/users\/1"}],"replies":[{"embeddable":true,"href":"https:\/\/caru.org.uy\/nuevositio\/wp-json\/wp\/v2\/comments?post=9742"}],"version-history":[{"count":4,"href":"https:\/\/caru.org.uy\/nuevositio\/wp-json\/wp\/v2\/posts\/9742\/revisions"}],"predecessor-version":[{"id":9748,"href":"https:\/\/caru.org.uy\/nuevositio\/wp-json\/wp\/v2\/posts\/9742\/revisions\/9748"}],"wp:featuredmedia":[{"embeddable":true,"href":"https:\/\/caru.org.uy\/nuevositio\/wp-json\/wp\/v2\/media\/9744"}],"wp:attachment":[{"href":"https:\/\/caru.org.uy\/nuevositio\/wp-json\/wp\/v2\/media?parent=9742"}],"wp:term":[{"taxonomy":"category","embeddable":true,"href":"https:\/\/caru.org.uy\/nuevositio\/wp-json\/wp\/v2\/categories?post=9742"},{"taxonomy":"post_tag","embeddable":true,"href":"https:\/\/caru.org.uy\/nuevositio\/wp-json\/wp\/v2\/tags?post=9742"}],"curies":[{"name":"wp","href":"https:\/\/api.w.org\/{rel}","templated":true}]}}