{"id":9749,"date":"2024-06-10T15:36:47","date_gmt":"2024-06-10T15:36:47","guid":{"rendered":"https:\/\/caru.org.uy\/nuevositio\/?p=9749"},"modified":"2024-06-10T15:40:52","modified_gmt":"2024-06-10T15:40:52","slug":"caru-presente-en-las-51a-jornadas-uruguayas-de-buiatria","status":"publish","type":"post","link":"https:\/\/caru.org.uy\/nuevositio\/2024\/06\/10\/caru-presente-en-las-51a-jornadas-uruguayas-de-buiatria\/","title":{"rendered":"CARU presente en las 51\u00aa Jornadas Uruguayas de Buiatr\u00eda"},"content":{"rendered":"\t\t<div data-elementor-type=\"wp-post\" data-elementor-id=\"9749\" class=\"elementor elementor-9749\" data-elementor-post-type=\"post\">\n\t\t\t\t\t\t<section class=\"elementor-section elementor-top-section elementor-element elementor-element-321f2621 elementor-section-boxed elementor-section-height-default elementor-section-height-default\" data-id=\"321f2621\" data-element_type=\"section\" data-e-type=\"section\" data-settings=\"{&quot;jet_parallax_layout_list&quot;:[]}\">\n\t\t\t\t\t\t<div class=\"elementor-container elementor-column-gap-default\">\n\t\t\t\t\t<div class=\"elementor-column elementor-col-50 elementor-top-column elementor-element elementor-element-7cde52d6\" data-id=\"7cde52d6\" data-element_type=\"column\" data-e-type=\"column\">\n\t\t\t<div class=\"elementor-widget-wrap elementor-element-populated\">\n\t\t\t\t\t\t<div class=\"elementor-element elementor-element-5c7d69d3 elementor-arrows-position-inside elementor-pagination-position-outside elementor-widget elementor-widget-image-carousel\" data-id=\"5c7d69d3\" data-element_type=\"widget\" data-e-type=\"widget\" data-settings=\"{&quot;slides_to_show&quot;:&quot;1&quot;,&quot;navigation&quot;:&quot;both&quot;,&quot;autoplay&quot;:&quot;yes&quot;,&quot;pause_on_hover&quot;:&quot;yes&quot;,&quot;pause_on_interaction&quot;:&quot;yes&quot;,&quot;autoplay_speed&quot;:5000,&quot;infinite&quot;:&quot;yes&quot;,&quot;effect&quot;:&quot;slide&quot;,&quot;speed&quot;:500}\" data-widget_type=\"image-carousel.default\">\n\t\t\t\t<div class=\"elementor-widget-container\">\n\t\t\t\t\t\t\t<div class=\"elementor-image-carousel-wrapper swiper\" role=\"region\" aria-roledescription=\"carousel\" aria-label=\"Carrusel de im\u00e1genes\" dir=\"ltr\">\n\t\t\t<div class=\"elementor-image-carousel swiper-wrapper\" aria-live=\"off\">\n\t\t\t\t\t\t\t\t<div class=\"swiper-slide\" role=\"group\" aria-roledescription=\"slide\" aria-label=\"1 de 3\"><figure class=\"swiper-slide-inner\"><img decoding=\"async\" class=\"swiper-slide-image\" src=\"https:\/\/caru.org.uy\/nuevositio\/wp-content\/uploads\/2024\/06\/buiatra21-1024x683.jpg\" alt=\"buiatra21\" \/><\/figure><\/div><div class=\"swiper-slide\" role=\"group\" aria-roledescription=\"slide\" aria-label=\"2 de 3\"><figure class=\"swiper-slide-inner\"><img decoding=\"async\" class=\"swiper-slide-image\" src=\"https:\/\/caru.org.uy\/nuevositio\/wp-content\/uploads\/2024\/06\/buiatra2-1024x683.jpg\" alt=\"buiatra2\" \/><\/figure><\/div><div class=\"swiper-slide\" role=\"group\" aria-roledescription=\"slide\" aria-label=\"3 de 3\"><figure class=\"swiper-slide-inner\"><img decoding=\"async\" class=\"swiper-slide-image\" src=\"https:\/\/caru.org.uy\/nuevositio\/wp-content\/uploads\/2024\/06\/buiatria-20224-1024x683.jpeg\" alt=\"buiatria 20224\" \/><\/figure><\/div>\t\t\t<\/div>\n\t\t\t\t\t\t\t\t\t\t\t\t<div class=\"elementor-swiper-button elementor-swiper-button-prev\" role=\"button\" tabindex=\"0\">\n\t\t\t\t\t\t<i aria-hidden=\"true\" class=\"eicon-chevron-left\"><\/i>\t\t\t\t\t<\/div>\n\t\t\t\t\t<div class=\"elementor-swiper-button elementor-swiper-button-next\" role=\"button\" tabindex=\"0\">\n\t\t\t\t\t\t<i aria-hidden=\"true\" class=\"eicon-chevron-right\"><\/i>\t\t\t\t\t<\/div>\n\t\t\t\t\n\t\t\t\t\t\t\t\t\t<div class=\"swiper-pagination\"><\/div>\n\t\t\t\t\t\t\t\t\t<\/div>\n\t\t\t\t\t\t<\/div>\n\t\t\t\t<\/div>\n\t\t\t\t\t<\/div>\n\t\t<\/div>\n\t\t\t\t<div class=\"elementor-column elementor-col-50 elementor-top-column elementor-element elementor-element-55693679\" data-id=\"55693679\" data-element_type=\"column\" data-e-type=\"column\">\n\t\t\t<div class=\"elementor-widget-wrap elementor-element-populated\">\n\t\t\t\t\t\t<div class=\"elementor-element elementor-element-5650fb10 elementor-widget elementor-widget-text-editor\" data-id=\"5650fb10\" data-element_type=\"widget\" data-e-type=\"widget\" data-widget_type=\"text-editor.default\">\n\t\t\t\t<div class=\"elementor-widget-container\">\n\t\t\t\t\t\t\t\t\t<p>Entre el jueves 6 y viernes 7 de junio se llevaron a cabo\u00a0 en la ciudad de Paysand\u00fa las 51.\u00aa Jornadas Uruguayas de Buiatr\u00eda.<\/p><p>Se trata del \u00a0m\u00e1ximo evento de la profesi\u00f3n veterinaria en el pa\u00eds, y \u00fanico en el mundo por su continuidad ininterrumpida desde 1972, con la participaci\u00f3n de connotados especialistas del mundo de la veterinaria.<\/p><p>En la oportunidad CARU particip\u00f3\u00a0 como sponsor del evento con la presencia de\u00a0 uno de sus stand institucionales, haci\u00e9ndose presente el Presidente de la Delegaci\u00f3n Uruguaya y Presidente en Ejercicio de este organismo binacional Sr. Mario Ayala Barrios, del Presidente de la Delegaci\u00f3n Argentina, Embajador Roberto Salafia, los Delegados de Uruguay, Esc. Mar\u00eda Eugenia Almir\u00f3n, Ing. Roberto P\u00e9rez Rodino,\u00a0 los delegados de Argentina, Mar\u00eda Laura Ojeda y Nicol\u00e1s Domingo.<\/p><p>Para esta edici\u00f3n se cont\u00f3 con la firma del Decreto en donde el presidente de la Rep\u00fablica \u00a0doctor Luis Lacalle Pou, declara a\u00a0 Paysand\u00fa como Capital Nacional de la Buiatr\u00eda.<\/p><p>En la oportunidad, CARU procedi\u00f3 a la entrega de la colecci\u00f3n de libros de flora y fauna del r\u00edo Uruguay, editados por dicha Comisi\u00f3n, as\u00ed como material divulgativos de las actividades que se llevan adelante.<\/p>\t\t\t\t\t\t\t\t<\/div>\n\t\t\t\t<\/div>\n\t\t\t\t\t<\/div>\n\t\t<\/div>\n\t\t\t\t\t<\/div>\n\t\t<\/section>\n\t\t\t\t<\/div>\n\t\t","protected":false},"excerpt":{"rendered":"<p>Entre el jueves 6 y viernes 7 de junio se llevaron a cabo\u00a0 en la ciudad de Paysand\u00fa las 51.\u00aa Jornadas Uruguayas de Buiatr\u00eda. Se trata del \u00a0m\u00e1ximo evento de la profesi\u00f3n veterinaria en el pa\u00eds, y \u00fanico en el mundo por su continuidad ininterrumpida desde 1972, con la participaci\u00f3n de connotados especialistas del mundo [&hellip;]<\/p>\n","protected":false},"author":1,"featured_media":9750,"comment_status":"open","ping_status":"open","sticky":false,"template":"","format":"standard","meta":{"_acf_changed":false,"_joinchat":[],"footnotes":""},"categories":[37,27],"tags":[],"class_list":["post-9749","post","type-post","status-publish","format-standard","has-post-thumbnail","hentry","category-noticias","category-novedades"],"acf":[],"yoast_head":"<!-- This site is optimized with the Yoast SEO plugin v27.3 - https:\/\/yoast.com\/product\/yoast-seo-wordpress\/ -->\n<title>CARU presente en las 51\u00aa Jornadas Uruguayas de Buiatr\u00eda<\/title>\n<meta name=\"robots\" content=\"index, follow, max-snippet:-1, max-image-preview:large, max-video-preview:-1\" \/>\n<link rel=\"canonical\" href=\"https:\/\/caru.org.uy\/nuevositio\/2024\/06\/10\/caru-presente-en-las-51a-jornadas-uruguayas-de-buiatria\/\" \/>\n<meta property=\"og:locale\" content=\"es_ES\" \/>\n<meta property=\"og:type\" content=\"article\" \/>\n<meta property=\"og:title\" content=\"CARU presente en las 51\u00aa Jornadas Uruguayas de Buiatr\u00eda\" \/>\n<meta property=\"og:description\" content=\"Entre el jueves 6 y viernes 7 de junio se llevaron a cabo\u00a0 en la ciudad de Paysand\u00fa las 51.\u00aa Jornadas Uruguayas de Buiatr\u00eda. Se trata del \u00a0m\u00e1ximo evento de la profesi\u00f3n veterinaria en el pa\u00eds, y \u00fanico en el mundo por su continuidad ininterrumpida desde 1972, con la participaci\u00f3n de connotados especialistas del mundo [&hellip;]\" \/>\n<meta property=\"og:url\" content=\"https:\/\/caru.org.uy\/nuevositio\/2024\/06\/10\/caru-presente-en-las-51a-jornadas-uruguayas-de-buiatria\/\" \/>\n<meta property=\"og:site_name\" content=\"C.A.R.U.\" \/>\n<meta property=\"article:published_time\" content=\"2024-06-10T15:36:47+00:00\" \/>\n<meta property=\"article:modified_time\" content=\"2024-06-10T15:40:52+00:00\" \/>\n<meta property=\"og:image\" content=\"https:\/\/caru.org.uy\/nuevositio\/wp-content\/uploads\/2024\/06\/buiatria-20224.jpeg\" \/>\n\t<meta property=\"og:image:width\" content=\"1599\" \/>\n\t<meta property=\"og:image:height\" content=\"1066\" \/>\n\t<meta property=\"og:image:type\" content=\"image\/jpeg\" \/>\n<meta name=\"author\" content=\"Noma\" \/>\n<meta name=\"twitter:card\" content=\"summary_large_image\" \/>\n<meta name=\"twitter:label1\" content=\"Escrito por\" \/>\n\t<meta name=\"twitter:data1\" content=\"Noma\" \/>\n\t<meta name=\"twitter:label2\" content=\"Tiempo de lectura\" \/>\n\t<meta name=\"twitter:data2\" content=\"2 minutos\" \/>\n<script type=\"application\/ld+json\" class=\"yoast-schema-graph\">{\"@context\":\"https:\\\/\\\/schema.org\",\"@graph\":[{\"@type\":[\"Article\",\"BlogPosting\"],\"@id\":\"https:\\\/\\\/caru.org.uy\\\/nuevositio\\\/2024\\\/06\\\/10\\\/caru-presente-en-las-51a-jornadas-uruguayas-de-buiatria\\\/#article\",\"isPartOf\":{\"@id\":\"https:\\\/\\\/caru.org.uy\\\/nuevositio\\\/2024\\\/06\\\/10\\\/caru-presente-en-las-51a-jornadas-uruguayas-de-buiatria\\\/\"},\"author\":{\"name\":\"Noma\",\"@id\":\"https:\\\/\\\/caru.org.uy\\\/nuevositio\\\/#\\\/schema\\\/person\\\/9a11b7bc115602d2066d4c695b2aa3e5\"},\"headline\":\"CARU presente en las 51\u00aa Jornadas Uruguayas de Buiatr\u00eda\",\"datePublished\":\"2024-06-10T15:36:47+00:00\",\"dateModified\":\"2024-06-10T15:40:52+00:00\",\"mainEntityOfPage\":{\"@id\":\"https:\\\/\\\/caru.org.uy\\\/nuevositio\\\/2024\\\/06\\\/10\\\/caru-presente-en-las-51a-jornadas-uruguayas-de-buiatria\\\/\"},\"wordCount\":216,\"commentCount\":0,\"publisher\":{\"@id\":\"https:\\\/\\\/caru.org.uy\\\/nuevositio\\\/#organization\"},\"image\":{\"@id\":\"https:\\\/\\\/caru.org.uy\\\/nuevositio\\\/2024\\\/06\\\/10\\\/caru-presente-en-las-51a-jornadas-uruguayas-de-buiatria\\\/#primaryimage\"},\"thumbnailUrl\":\"https:\\\/\\\/caru.org.uy\\\/nuevositio\\\/wp-content\\\/uploads\\\/2024\\\/06\\\/buiatria-20224.jpeg\",\"articleSection\":[\"Noticias\",\"Novedades\"],\"inLanguage\":\"es\",\"potentialAction\":[{\"@type\":\"CommentAction\",\"name\":\"Comment\",\"target\":[\"https:\\\/\\\/caru.org.uy\\\/nuevositio\\\/2024\\\/06\\\/10\\\/caru-presente-en-las-51a-jornadas-uruguayas-de-buiatria\\\/#respond\"]}]},{\"@type\":\"WebPage\",\"@id\":\"https:\\\/\\\/caru.org.uy\\\/nuevositio\\\/2024\\\/06\\\/10\\\/caru-presente-en-las-51a-jornadas-uruguayas-de-buiatria\\\/\",\"url\":\"https:\\\/\\\/caru.org.uy\\\/nuevositio\\\/2024\\\/06\\\/10\\\/caru-presente-en-las-51a-jornadas-uruguayas-de-buiatria\\\/\",\"name\":\"CARU presente en las 51\u00aa Jornadas Uruguayas de Buiatr\u00eda\",\"isPartOf\":{\"@id\":\"https:\\\/\\\/caru.org.uy\\\/nuevositio\\\/#website\"},\"primaryImageOfPage\":{\"@id\":\"https:\\\/\\\/caru.org.uy\\\/nuevositio\\\/2024\\\/06\\\/10\\\/caru-presente-en-las-51a-jornadas-uruguayas-de-buiatria\\\/#primaryimage\"},\"image\":{\"@id\":\"https:\\\/\\\/caru.org.uy\\\/nuevositio\\\/2024\\\/06\\\/10\\\/caru-presente-en-las-51a-jornadas-uruguayas-de-buiatria\\\/#primaryimage\"},\"thumbnailUrl\":\"https:\\\/\\\/caru.org.uy\\\/nuevositio\\\/wp-content\\\/uploads\\\/2024\\\/06\\\/buiatria-20224.jpeg\",\"datePublished\":\"2024-06-10T15:36:47+00:00\",\"dateModified\":\"2024-06-10T15:40:52+00:00\",\"breadcrumb\":{\"@id\":\"https:\\\/\\\/caru.org.uy\\\/nuevositio\\\/2024\\\/06\\\/10\\\/caru-presente-en-las-51a-jornadas-uruguayas-de-buiatria\\\/#breadcrumb\"},\"inLanguage\":\"es\",\"potentialAction\":[{\"@type\":\"ReadAction\",\"target\":[\"https:\\\/\\\/caru.org.uy\\\/nuevositio\\\/2024\\\/06\\\/10\\\/caru-presente-en-las-51a-jornadas-uruguayas-de-buiatria\\\/\"]}]},{\"@type\":\"ImageObject\",\"inLanguage\":\"es\",\"@id\":\"https:\\\/\\\/caru.org.uy\\\/nuevositio\\\/2024\\\/06\\\/10\\\/caru-presente-en-las-51a-jornadas-uruguayas-de-buiatria\\\/#primaryimage\",\"url\":\"https:\\\/\\\/caru.org.uy\\\/nuevositio\\\/wp-content\\\/uploads\\\/2024\\\/06\\\/buiatria-20224.jpeg\",\"contentUrl\":\"https:\\\/\\\/caru.org.uy\\\/nuevositio\\\/wp-content\\\/uploads\\\/2024\\\/06\\\/buiatria-20224.jpeg\",\"width\":1599,\"height\":1066},{\"@type\":\"BreadcrumbList\",\"@id\":\"https:\\\/\\\/caru.org.uy\\\/nuevositio\\\/2024\\\/06\\\/10\\\/caru-presente-en-las-51a-jornadas-uruguayas-de-buiatria\\\/#breadcrumb\",\"itemListElement\":[{\"@type\":\"ListItem\",\"position\":1,\"name\":\"Portada\",\"item\":\"https:\\\/\\\/caru.org.uy\\\/nuevositio\\\/\"},{\"@type\":\"ListItem\",\"position\":2,\"name\":\"CARU presente en las 51\u00aa Jornadas Uruguayas de Buiatr\u00eda\"}]},{\"@type\":\"WebSite\",\"@id\":\"https:\\\/\\\/caru.org.uy\\\/nuevositio\\\/#website\",\"url\":\"https:\\\/\\\/caru.org.uy\\\/nuevositio\\\/\",\"name\":\"C.A.R.U.\",\"description\":\"Comisi\u00f3n Administradora del R\u00edo Uruguay\",\"publisher\":{\"@id\":\"https:\\\/\\\/caru.org.uy\\\/nuevositio\\\/#organization\"},\"potentialAction\":[{\"@type\":\"SearchAction\",\"target\":{\"@type\":\"EntryPoint\",\"urlTemplate\":\"https:\\\/\\\/caru.org.uy\\\/nuevositio\\\/?s={search_term_string}\"},\"query-input\":{\"@type\":\"PropertyValueSpecification\",\"valueRequired\":true,\"valueName\":\"search_term_string\"}}],\"inLanguage\":\"es\"},{\"@type\":\"Organization\",\"@id\":\"https:\\\/\\\/caru.org.uy\\\/nuevositio\\\/#organization\",\"name\":\"C.A.R.U.\",\"url\":\"https:\\\/\\\/caru.org.uy\\\/nuevositio\\\/\",\"logo\":{\"@type\":\"ImageObject\",\"inLanguage\":\"es\",\"@id\":\"https:\\\/\\\/caru.org.uy\\\/nuevositio\\\/#\\\/schema\\\/logo\\\/image\\\/\",\"url\":\"https:\\\/\\\/caru.org.uy\\\/nuevositio\\\/wp-content\\\/uploads\\\/2023\\\/11\\\/logo-nuevo.jpg\",\"contentUrl\":\"https:\\\/\\\/caru.org.uy\\\/nuevositio\\\/wp-content\\\/uploads\\\/2023\\\/11\\\/logo-nuevo.jpg\",\"width\":1,\"height\":1,\"caption\":\"C.A.R.U.\"},\"image\":{\"@id\":\"https:\\\/\\\/caru.org.uy\\\/nuevositio\\\/#\\\/schema\\\/logo\\\/image\\\/\"}},{\"@type\":\"Person\",\"@id\":\"https:\\\/\\\/caru.org.uy\\\/nuevositio\\\/#\\\/schema\\\/person\\\/9a11b7bc115602d2066d4c695b2aa3e5\",\"name\":\"Noma\",\"image\":{\"@type\":\"ImageObject\",\"inLanguage\":\"es\",\"@id\":\"https:\\\/\\\/secure.gravatar.com\\\/avatar\\\/8b0eb2764fe524b07cdc015df29e7576c061e58c50641dd8ccc46d3d448307e5?s=96&d=mm&r=g\",\"url\":\"https:\\\/\\\/secure.gravatar.com\\\/avatar\\\/8b0eb2764fe524b07cdc015df29e7576c061e58c50641dd8ccc46d3d448307e5?s=96&d=mm&r=g\",\"contentUrl\":\"https:\\\/\\\/secure.gravatar.com\\\/avatar\\\/8b0eb2764fe524b07cdc015df29e7576c061e58c50641dd8ccc46d3d448307e5?s=96&d=mm&r=g\",\"caption\":\"Noma\"},\"url\":\"https:\\\/\\\/caru.org.uy\\\/nuevositio\\\/author\\\/admin\\\/\"}]}<\/script>\n<!-- \/ Yoast SEO plugin. -->","yoast_head_json":{"title":"CARU presente en las 51\u00aa Jornadas Uruguayas de Buiatr\u00eda","robots":{"index":"index","follow":"follow","max-snippet":"max-snippet:-1","max-image-preview":"max-image-preview:large","max-video-preview":"max-video-preview:-1"},"canonical":"https:\/\/caru.org.uy\/nuevositio\/2024\/06\/10\/caru-presente-en-las-51a-jornadas-uruguayas-de-buiatria\/","og_locale":"es_ES","og_type":"article","og_title":"CARU presente en las 51\u00aa Jornadas Uruguayas de Buiatr\u00eda","og_description":"Entre el jueves 6 y viernes 7 de junio se llevaron a cabo\u00a0 en la ciudad de Paysand\u00fa las 51.\u00aa Jornadas Uruguayas de Buiatr\u00eda. Se trata del \u00a0m\u00e1ximo evento de la profesi\u00f3n veterinaria en el pa\u00eds, y \u00fanico en el mundo por su continuidad ininterrumpida desde 1972, con la participaci\u00f3n de connotados especialistas del mundo [&hellip;]","og_url":"https:\/\/caru.org.uy\/nuevositio\/2024\/06\/10\/caru-presente-en-las-51a-jornadas-uruguayas-de-buiatria\/","og_site_name":"C.A.R.U.","article_published_time":"2024-06-10T15:36:47+00:00","article_modified_time":"2024-06-10T15:40:52+00:00","og_image":[{"width":1599,"height":1066,"url":"https:\/\/caru.org.uy\/nuevositio\/wp-content\/uploads\/2024\/06\/buiatria-20224.jpeg","type":"image\/jpeg"}],"author":"Noma","twitter_card":"summary_large_image","twitter_misc":{"Escrito por":"Noma","Tiempo de lectura":"2 minutos"},"schema":{"@context":"https:\/\/schema.org","@graph":[{"@type":["Article","BlogPosting"],"@id":"https:\/\/caru.org.uy\/nuevositio\/2024\/06\/10\/caru-presente-en-las-51a-jornadas-uruguayas-de-buiatria\/#article","isPartOf":{"@id":"https:\/\/caru.org.uy\/nuevositio\/2024\/06\/10\/caru-presente-en-las-51a-jornadas-uruguayas-de-buiatria\/"},"author":{"name":"Noma","@id":"https:\/\/caru.org.uy\/nuevositio\/#\/schema\/person\/9a11b7bc115602d2066d4c695b2aa3e5"},"headline":"CARU presente en las 51\u00aa Jornadas Uruguayas de Buiatr\u00eda","datePublished":"2024-06-10T15:36:47+00:00","dateModified":"2024-06-10T15:40:52+00:00","mainEntityOfPage":{"@id":"https:\/\/caru.org.uy\/nuevositio\/2024\/06\/10\/caru-presente-en-las-51a-jornadas-uruguayas-de-buiatria\/"},"wordCount":216,"commentCount":0,"publisher":{"@id":"https:\/\/caru.org.uy\/nuevositio\/#organization"},"image":{"@id":"https:\/\/caru.org.uy\/nuevositio\/2024\/06\/10\/caru-presente-en-las-51a-jornadas-uruguayas-de-buiatria\/#primaryimage"},"thumbnailUrl":"https:\/\/caru.org.uy\/nuevositio\/wp-content\/uploads\/2024\/06\/buiatria-20224.jpeg","articleSection":["Noticias","Novedades"],"inLanguage":"es","potentialAction":[{"@type":"CommentAction","name":"Comment","target":["https:\/\/caru.org.uy\/nuevositio\/2024\/06\/10\/caru-presente-en-las-51a-jornadas-uruguayas-de-buiatria\/#respond"]}]},{"@type":"WebPage","@id":"https:\/\/caru.org.uy\/nuevositio\/2024\/06\/10\/caru-presente-en-las-51a-jornadas-uruguayas-de-buiatria\/","url":"https:\/\/caru.org.uy\/nuevositio\/2024\/06\/10\/caru-presente-en-las-51a-jornadas-uruguayas-de-buiatria\/","name":"CARU presente en las 51\u00aa Jornadas Uruguayas de Buiatr\u00eda","isPartOf":{"@id":"https:\/\/caru.org.uy\/nuevositio\/#website"},"primaryImageOfPage":{"@id":"https:\/\/caru.org.uy\/nuevositio\/2024\/06\/10\/caru-presente-en-las-51a-jornadas-uruguayas-de-buiatria\/#primaryimage"},"image":{"@id":"https:\/\/caru.org.uy\/nuevositio\/2024\/06\/10\/caru-presente-en-las-51a-jornadas-uruguayas-de-buiatria\/#primaryimage"},"thumbnailUrl":"https:\/\/caru.org.uy\/nuevositio\/wp-content\/uploads\/2024\/06\/buiatria-20224.jpeg","datePublished":"2024-06-10T15:36:47+00:00","dateModified":"2024-06-10T15:40:52+00:00","breadcrumb":{"@id":"https:\/\/caru.org.uy\/nuevositio\/2024\/06\/10\/caru-presente-en-las-51a-jornadas-uruguayas-de-buiatria\/#breadcrumb"},"inLanguage":"es","potentialAction":[{"@type":"ReadAction","target":["https:\/\/caru.org.uy\/nuevositio\/2024\/06\/10\/caru-presente-en-las-51a-jornadas-uruguayas-de-buiatria\/"]}]},{"@type":"ImageObject","inLanguage":"es","@id":"https:\/\/caru.org.uy\/nuevositio\/2024\/06\/10\/caru-presente-en-las-51a-jornadas-uruguayas-de-buiatria\/#primaryimage","url":"https:\/\/caru.org.uy\/nuevositio\/wp-content\/uploads\/2024\/06\/buiatria-20224.jpeg","contentUrl":"https:\/\/caru.org.uy\/nuevositio\/wp-content\/uploads\/2024\/06\/buiatria-20224.jpeg","width":1599,"height":1066},{"@type":"BreadcrumbList","@id":"https:\/\/caru.org.uy\/nuevositio\/2024\/06\/10\/caru-presente-en-las-51a-jornadas-uruguayas-de-buiatria\/#breadcrumb","itemListElement":[{"@type":"ListItem","position":1,"name":"Portada","item":"https:\/\/caru.org.uy\/nuevositio\/"},{"@type":"ListItem","position":2,"name":"CARU presente en las 51\u00aa Jornadas Uruguayas de Buiatr\u00eda"}]},{"@type":"WebSite","@id":"https:\/\/caru.org.uy\/nuevositio\/#website","url":"https:\/\/caru.org.uy\/nuevositio\/","name":"C.A.R.U.","description":"Comisi\u00f3n Administradora del R\u00edo Uruguay","publisher":{"@id":"https:\/\/caru.org.uy\/nuevositio\/#organization"},"potentialAction":[{"@type":"SearchAction","target":{"@type":"EntryPoint","urlTemplate":"https:\/\/caru.org.uy\/nuevositio\/?s={search_term_string}"},"query-input":{"@type":"PropertyValueSpecification","valueRequired":true,"valueName":"search_term_string"}}],"inLanguage":"es"},{"@type":"Organization","@id":"https:\/\/caru.org.uy\/nuevositio\/#organization","name":"C.A.R.U.","url":"https:\/\/caru.org.uy\/nuevositio\/","logo":{"@type":"ImageObject","inLanguage":"es","@id":"https:\/\/caru.org.uy\/nuevositio\/#\/schema\/logo\/image\/","url":"https:\/\/caru.org.uy\/nuevositio\/wp-content\/uploads\/2023\/11\/logo-nuevo.jpg","contentUrl":"https:\/\/caru.org.uy\/nuevositio\/wp-content\/uploads\/2023\/11\/logo-nuevo.jpg","width":1,"height":1,"caption":"C.A.R.U."},"image":{"@id":"https:\/\/caru.org.uy\/nuevositio\/#\/schema\/logo\/image\/"}},{"@type":"Person","@id":"https:\/\/caru.org.uy\/nuevositio\/#\/schema\/person\/9a11b7bc115602d2066d4c695b2aa3e5","name":"Noma","image":{"@type":"ImageObject","inLanguage":"es","@id":"https:\/\/secure.gravatar.com\/avatar\/8b0eb2764fe524b07cdc015df29e7576c061e58c50641dd8ccc46d3d448307e5?s=96&d=mm&r=g","url":"https:\/\/secure.gravatar.com\/avatar\/8b0eb2764fe524b07cdc015df29e7576c061e58c50641dd8ccc46d3d448307e5?s=96&d=mm&r=g","contentUrl":"https:\/\/secure.gravatar.com\/avatar\/8b0eb2764fe524b07cdc015df29e7576c061e58c50641dd8ccc46d3d448307e5?s=96&d=mm&r=g","caption":"Noma"},"url":"https:\/\/caru.org.uy\/nuevositio\/author\/admin\/"}]}},"_links":{"self":[{"href":"https:\/\/caru.org.uy\/nuevositio\/wp-json\/wp\/v2\/posts\/9749","targetHints":{"allow":["GET"]}}],"collection":[{"href":"https:\/\/caru.org.uy\/nuevositio\/wp-json\/wp\/v2\/posts"}],"about":[{"href":"https:\/\/caru.org.uy\/nuevositio\/wp-json\/wp\/v2\/types\/post"}],"author":[{"embeddable":true,"href":"https:\/\/caru.org.uy\/nuevositio\/wp-json\/wp\/v2\/users\/1"}],"replies":[{"embeddable":true,"href":"https:\/\/caru.org.uy\/nuevositio\/wp-json\/wp\/v2\/comments?post=9749"}],"version-history":[{"count":4,"href":"https:\/\/caru.org.uy\/nuevositio\/wp-json\/wp\/v2\/posts\/9749\/revisions"}],"predecessor-version":[{"id":9757,"href":"https:\/\/caru.org.uy\/nuevositio\/wp-json\/wp\/v2\/posts\/9749\/revisions\/9757"}],"wp:featuredmedia":[{"embeddable":true,"href":"https:\/\/caru.org.uy\/nuevositio\/wp-json\/wp\/v2\/media\/9750"}],"wp:attachment":[{"href":"https:\/\/caru.org.uy\/nuevositio\/wp-json\/wp\/v2\/media?parent=9749"}],"wp:term":[{"taxonomy":"category","embeddable":true,"href":"https:\/\/caru.org.uy\/nuevositio\/wp-json\/wp\/v2\/categories?post=9749"},{"taxonomy":"post_tag","embeddable":true,"href":"https:\/\/caru.org.uy\/nuevositio\/wp-json\/wp\/v2\/tags?post=9749"}],"curies":[{"name":"wp","href":"https:\/\/api.w.org\/{rel}","templated":true}]}}