{"id":9813,"date":"2024-07-05T09:39:00","date_gmt":"2024-07-05T09:39:00","guid":{"rendered":"https:\/\/caru.org.uy\/nuevositio\/?p=9813"},"modified":"2024-07-05T16:48:03","modified_gmt":"2024-07-05T16:48:03","slug":"autoridades-de-la-delegacion-argentina-de-caru-en-concepcion-del-uruguay","status":"publish","type":"post","link":"https:\/\/caru.org.uy\/nuevositio\/2024\/07\/05\/autoridades-de-la-delegacion-argentina-de-caru-en-concepcion-del-uruguay\/","title":{"rendered":"Autoridades de la Delegaci\u00f3n Argentina de CARU en Concepci\u00f3n del Uruguay"},"content":{"rendered":"\t\t<div data-elementor-type=\"wp-post\" data-elementor-id=\"9813\" class=\"elementor elementor-9813\" data-elementor-post-type=\"post\">\n\t\t\t\t\t\t<section class=\"elementor-section elementor-top-section elementor-element elementor-element-76520e0a elementor-section-boxed elementor-section-height-default elementor-section-height-default\" data-id=\"76520e0a\" data-element_type=\"section\" data-e-type=\"section\" data-settings=\"{&quot;jet_parallax_layout_list&quot;:[]}\">\n\t\t\t\t\t\t<div class=\"elementor-container elementor-column-gap-default\">\n\t\t\t\t\t<div class=\"elementor-column elementor-col-50 elementor-top-column elementor-element elementor-element-12427385\" data-id=\"12427385\" data-element_type=\"column\" data-e-type=\"column\">\n\t\t\t<div class=\"elementor-widget-wrap elementor-element-populated\">\n\t\t\t\t\t\t<div class=\"elementor-element elementor-element-70e94b26 elementor-arrows-position-inside elementor-pagination-position-outside elementor-widget elementor-widget-image-carousel\" data-id=\"70e94b26\" data-element_type=\"widget\" data-e-type=\"widget\" data-settings=\"{&quot;slides_to_show&quot;:&quot;1&quot;,&quot;navigation&quot;:&quot;both&quot;,&quot;autoplay&quot;:&quot;yes&quot;,&quot;pause_on_hover&quot;:&quot;yes&quot;,&quot;pause_on_interaction&quot;:&quot;yes&quot;,&quot;autoplay_speed&quot;:5000,&quot;infinite&quot;:&quot;yes&quot;,&quot;effect&quot;:&quot;slide&quot;,&quot;speed&quot;:500}\" data-widget_type=\"image-carousel.default\">\n\t\t\t\t<div class=\"elementor-widget-container\">\n\t\t\t\t\t\t\t<div class=\"elementor-image-carousel-wrapper swiper\" role=\"region\" aria-roledescription=\"carousel\" aria-label=\"Carrusel de im\u00e1genes\" dir=\"ltr\">\n\t\t\t<div class=\"elementor-image-carousel swiper-wrapper\" aria-live=\"off\">\n\t\t\t\t\t\t\t\t<div class=\"swiper-slide\" role=\"group\" aria-roledescription=\"slide\" aria-label=\"1 de 3\"><figure class=\"swiper-slide-inner\"><img decoding=\"async\" class=\"swiper-slide-image\" src=\"https:\/\/caru.org.uy\/nuevositio\/wp-content\/uploads\/2024\/07\/MAR_0806-1024x663.jpg\" alt=\"MAR_0806\" \/><\/figure><\/div><div class=\"swiper-slide\" role=\"group\" aria-roledescription=\"slide\" aria-label=\"2 de 3\"><figure class=\"swiper-slide-inner\"><img decoding=\"async\" class=\"swiper-slide-image\" src=\"https:\/\/caru.org.uy\/nuevositio\/wp-content\/uploads\/2024\/07\/MAR_0712-1024x616.jpg\" alt=\"MAR_0712\" \/><\/figure><\/div><div class=\"swiper-slide\" role=\"group\" aria-roledescription=\"slide\" aria-label=\"3 de 3\"><figure class=\"swiper-slide-inner\"><img decoding=\"async\" class=\"swiper-slide-image\" src=\"https:\/\/caru.org.uy\/nuevositio\/wp-content\/uploads\/2024\/07\/MAR_0800-1024x656.jpg\" alt=\"MAR_0800\" \/><\/figure><\/div>\t\t\t<\/div>\n\t\t\t\t\t\t\t\t\t\t\t\t<div class=\"elementor-swiper-button elementor-swiper-button-prev\" role=\"button\" tabindex=\"0\">\n\t\t\t\t\t\t<i aria-hidden=\"true\" class=\"eicon-chevron-left\"><\/i>\t\t\t\t\t<\/div>\n\t\t\t\t\t<div class=\"elementor-swiper-button elementor-swiper-button-next\" role=\"button\" tabindex=\"0\">\n\t\t\t\t\t\t<i aria-hidden=\"true\" class=\"eicon-chevron-right\"><\/i>\t\t\t\t\t<\/div>\n\t\t\t\t\n\t\t\t\t\t\t\t\t\t<div class=\"swiper-pagination\"><\/div>\n\t\t\t\t\t\t\t\t\t<\/div>\n\t\t\t\t\t\t<\/div>\n\t\t\t\t<\/div>\n\t\t\t\t\t<\/div>\n\t\t<\/div>\n\t\t\t\t<div class=\"elementor-column elementor-col-50 elementor-top-column elementor-element elementor-element-233ce705\" data-id=\"233ce705\" data-element_type=\"column\" data-e-type=\"column\">\n\t\t\t<div class=\"elementor-widget-wrap elementor-element-populated\">\n\t\t\t\t\t\t<div class=\"elementor-element elementor-element-42ac614d elementor-widget elementor-widget-text-editor\" data-id=\"42ac614d\" data-element_type=\"widget\" data-e-type=\"widget\" data-widget_type=\"text-editor.default\">\n\t\t\t\t<div class=\"elementor-widget-container\">\n\t\t\t\t\t\t\t\t\t<p>El presidente municipal de Concepci\u00f3n del Uruguay Jos\u00e9 Eduardo Lauritto, recibi\u00f3 en su despacho al presidente de la Delegaci\u00f3n Argentina ante la Comisi\u00f3n Administradora del R\u00edo Uruguay (CARU), Embajador Roberto Salafia, quien estuvo acompa\u00f1ado por el delegado argentino, Nicol\u00e1s Domingo.<\/p><p>Aspectos vinculados con el dragado y el balizamiento del r\u00edo Uruguay, entre otros temas de mucho inter\u00e9s para el desarrollo productivo y social de la regi\u00f3n, fueron analizados durante un encuentro al que se sumaron la presidenta del Concejo Deliberante Rossana Sosa Zitto y\u00a0concejales de todos los bloques con representaci\u00f3n en el HCD.<\/p><p>\u201cLos temas que el Dr. Lauritto planteaba son los mismos que nosotros hemos identificado y estamos tratando de darle continuidad y tener resultados positivos, porque los resultados positivos de la CARU son los resultados positivos para las provincias y sus comunidades. En consecuencia, ha sido una conversaci\u00f3n muy interesante y fruct\u00edfera y ser\u00e1 la primera de varias charlas que seguiremos manteniendo\u201d, manifest\u00f3 Salafia, al cabo de la reuni\u00f3n.<\/p><p>Cabe recordar que el actual intendente de Concepci\u00f3n del Uruguay ocup\u00f3 la titularidad de la CARU hasta diciembre pasado, raz\u00f3n por la cual muchas de las inquietudes planteadas representan una continuidad de la agenda.<\/p><p>Precisamente, respecto del dragado, Salafia sostuvo que hay un contrato en vigencia con la empresa Jan de Nul, por lo que el trabajo \u201cest\u00e1 garantizado por dos a\u00f1os; luego habr\u00e1 que ver las condiciones para continuar y que el r\u00edo Uruguay siga siendo navegable de forma segura, con esta u otra empresa\u201d.<\/p><p>En cuanto al balizamiento anunci\u00f3 que CARU est\u00e1 por firmar un acuerdo con la Armada Argentina que \u201cposibilitar\u00e1 poner en condiciones, en un plazo de cuarenta d\u00edas, todas las boyas que se encuentras corridas o apagadas; porque necesitamos que la navegaci\u00f3n sea lo m\u00e1s eficiente y segura posible y ofrecer un incentivo para que el puerto de Concepci\u00f3n del Uruguay est\u00e9 funcionando en su m\u00e1ximo potencial e interesar, en su utilizaci\u00f3n, a los sectores productivos de la provincia\u201d.<\/p><p>Salafia describi\u00f3, adem\u00e1s, que la CARU avanza en la misi\u00f3n de agilizar el cobro de peaje en los puentes, a trav\u00e9s de un sistema de pago autom\u00e1tico, similar al empleado en las autopistas, y en el impulso de la tarea que desarrolla el Comit\u00e9 Cient\u00edfico de CARU para que la informaci\u00f3n que all\u00ed se genera \u2013relacionada con la calidad de las aguas-\u00a0\u00a0est\u00e9 disponible para todos los interesados.<\/p><p>Tambi\u00e9n dio a conocer los adelantos que presenta el proyecto para la futura conexi\u00f3n vial entre Monte Caseros y Bella Uni\u00f3n. En tal sentido indic\u00f3 que \u201cestamos en los tramos finales, toda la documentaci\u00f3n est\u00e1 actualizada, para la elaboraci\u00f3n del proyecto definitivo y el pliego de licitaci\u00f3n y en las pr\u00f3ximas semanas los \u00f3rganos correspondientes de cada Estado lo van a tener para analizar y resolver los venideros pasos\u201d.<\/p><p>Luego las autoridades de la Delegaci\u00f3n Argentina de CARU recorrieron el Puerto de Concepci\u00f3n del Uruguay, y se reunieron con el Administrador del Ente Portuario uruguayense, Arq. Marcos Di Giuseppe.<\/p>\t\t\t\t\t\t\t\t<\/div>\n\t\t\t\t<\/div>\n\t\t\t\t\t<\/div>\n\t\t<\/div>\n\t\t\t\t\t<\/div>\n\t\t<\/section>\n\t\t\t\t<\/div>\n\t\t","protected":false},"excerpt":{"rendered":"<p>El presidente municipal de Concepci\u00f3n del Uruguay Jos\u00e9 Eduardo Lauritto, recibi\u00f3 en su despacho al presidente de la Delegaci\u00f3n Argentina ante la Comisi\u00f3n Administradora del R\u00edo Uruguay (CARU), Embajador Roberto Salafia, quien estuvo acompa\u00f1ado por el delegado argentino, Nicol\u00e1s Domingo. Aspectos vinculados con el dragado y el balizamiento del r\u00edo Uruguay, entre otros temas de [&hellip;]<\/p>\n","protected":false},"author":1,"featured_media":9815,"comment_status":"closed","ping_status":"closed","sticky":false,"template":"","format":"standard","meta":{"_acf_changed":false,"_joinchat":[],"footnotes":""},"categories":[37,27],"tags":[],"class_list":["post-9813","post","type-post","status-publish","format-standard","has-post-thumbnail","hentry","category-noticias","category-novedades"],"acf":[],"yoast_head":"<!-- This site is optimized with the Yoast SEO plugin v27.3 - https:\/\/yoast.com\/product\/yoast-seo-wordpress\/ -->\n<title>Autoridades de la Delegaci\u00f3n Argentina de CARU en Concepci\u00f3n del Uruguay % C.A.R.U. imagen<\/title>\n<meta name=\"robots\" content=\"index, follow, max-snippet:-1, max-image-preview:large, max-video-preview:-1\" \/>\n<link rel=\"canonical\" href=\"https:\/\/caru.org.uy\/nuevositio\/2024\/07\/05\/autoridades-de-la-delegacion-argentina-de-caru-en-concepcion-del-uruguay\/\" \/>\n<meta property=\"og:locale\" content=\"es_ES\" \/>\n<meta property=\"og:type\" content=\"article\" \/>\n<meta property=\"og:title\" content=\"Autoridades de la Delegaci\u00f3n Argentina de CARU en Concepci\u00f3n del Uruguay % C.A.R.U. imagen\" \/>\n<meta property=\"og:description\" content=\"El presidente municipal de Concepci\u00f3n del Uruguay Jos\u00e9 Eduardo Lauritto, recibi\u00f3 en su despacho al presidente de la Delegaci\u00f3n Argentina ante la Comisi\u00f3n Administradora del R\u00edo Uruguay (CARU), Embajador Roberto Salafia, quien estuvo acompa\u00f1ado por el delegado argentino, Nicol\u00e1s Domingo. Aspectos vinculados con el dragado y el balizamiento del r\u00edo Uruguay, entre otros temas de [&hellip;]\" \/>\n<meta property=\"og:url\" content=\"https:\/\/caru.org.uy\/nuevositio\/2024\/07\/05\/autoridades-de-la-delegacion-argentina-de-caru-en-concepcion-del-uruguay\/\" \/>\n<meta property=\"og:site_name\" content=\"C.A.R.U.\" \/>\n<meta property=\"article:published_time\" content=\"2024-07-05T09:39:00+00:00\" \/>\n<meta property=\"article:modified_time\" content=\"2024-07-05T16:48:03+00:00\" \/>\n<meta property=\"og:image\" content=\"https:\/\/caru.org.uy\/nuevositio\/wp-content\/uploads\/2024\/07\/MAR_0800-scaled.jpg\" \/>\n\t<meta property=\"og:image:width\" content=\"2560\" \/>\n\t<meta property=\"og:image:height\" content=\"1641\" \/>\n\t<meta property=\"og:image:type\" content=\"image\/jpeg\" \/>\n<meta name=\"author\" content=\"Noma\" \/>\n<meta name=\"twitter:card\" content=\"summary_large_image\" \/>\n<meta name=\"twitter:label1\" content=\"Escrito por\" \/>\n\t<meta name=\"twitter:data1\" content=\"Noma\" \/>\n\t<meta name=\"twitter:label2\" content=\"Tiempo de lectura\" \/>\n\t<meta name=\"twitter:data2\" content=\"4 minutos\" \/>\n<script type=\"application\/ld+json\" class=\"yoast-schema-graph\">{\"@context\":\"https:\\\/\\\/schema.org\",\"@graph\":[{\"@type\":[\"Article\",\"BlogPosting\"],\"@id\":\"https:\\\/\\\/caru.org.uy\\\/nuevositio\\\/2024\\\/07\\\/05\\\/autoridades-de-la-delegacion-argentina-de-caru-en-concepcion-del-uruguay\\\/#article\",\"isPartOf\":{\"@id\":\"https:\\\/\\\/caru.org.uy\\\/nuevositio\\\/2024\\\/07\\\/05\\\/autoridades-de-la-delegacion-argentina-de-caru-en-concepcion-del-uruguay\\\/\"},\"author\":{\"name\":\"Noma\",\"@id\":\"https:\\\/\\\/caru.org.uy\\\/nuevositio\\\/#\\\/schema\\\/person\\\/9a11b7bc115602d2066d4c695b2aa3e5\"},\"headline\":\"Autoridades de la Delegaci\u00f3n Argentina de CARU en Concepci\u00f3n del Uruguay\",\"datePublished\":\"2024-07-05T09:39:00+00:00\",\"dateModified\":\"2024-07-05T16:48:03+00:00\",\"mainEntityOfPage\":{\"@id\":\"https:\\\/\\\/caru.org.uy\\\/nuevositio\\\/2024\\\/07\\\/05\\\/autoridades-de-la-delegacion-argentina-de-caru-en-concepcion-del-uruguay\\\/\"},\"wordCount\":544,\"publisher\":{\"@id\":\"https:\\\/\\\/caru.org.uy\\\/nuevositio\\\/#organization\"},\"image\":{\"@id\":\"https:\\\/\\\/caru.org.uy\\\/nuevositio\\\/2024\\\/07\\\/05\\\/autoridades-de-la-delegacion-argentina-de-caru-en-concepcion-del-uruguay\\\/#primaryimage\"},\"thumbnailUrl\":\"https:\\\/\\\/caru.org.uy\\\/nuevositio\\\/wp-content\\\/uploads\\\/2024\\\/07\\\/MAR_0800-scaled.jpg\",\"articleSection\":[\"Noticias\",\"Novedades\"],\"inLanguage\":\"es\"},{\"@type\":\"WebPage\",\"@id\":\"https:\\\/\\\/caru.org.uy\\\/nuevositio\\\/2024\\\/07\\\/05\\\/autoridades-de-la-delegacion-argentina-de-caru-en-concepcion-del-uruguay\\\/\",\"url\":\"https:\\\/\\\/caru.org.uy\\\/nuevositio\\\/2024\\\/07\\\/05\\\/autoridades-de-la-delegacion-argentina-de-caru-en-concepcion-del-uruguay\\\/\",\"name\":\"Autoridades de la Delegaci\u00f3n Argentina de CARU en Concepci\u00f3n del Uruguay % C.A.R.U. imagen\",\"isPartOf\":{\"@id\":\"https:\\\/\\\/caru.org.uy\\\/nuevositio\\\/#website\"},\"primaryImageOfPage\":{\"@id\":\"https:\\\/\\\/caru.org.uy\\\/nuevositio\\\/2024\\\/07\\\/05\\\/autoridades-de-la-delegacion-argentina-de-caru-en-concepcion-del-uruguay\\\/#primaryimage\"},\"image\":{\"@id\":\"https:\\\/\\\/caru.org.uy\\\/nuevositio\\\/2024\\\/07\\\/05\\\/autoridades-de-la-delegacion-argentina-de-caru-en-concepcion-del-uruguay\\\/#primaryimage\"},\"thumbnailUrl\":\"https:\\\/\\\/caru.org.uy\\\/nuevositio\\\/wp-content\\\/uploads\\\/2024\\\/07\\\/MAR_0800-scaled.jpg\",\"datePublished\":\"2024-07-05T09:39:00+00:00\",\"dateModified\":\"2024-07-05T16:48:03+00:00\",\"breadcrumb\":{\"@id\":\"https:\\\/\\\/caru.org.uy\\\/nuevositio\\\/2024\\\/07\\\/05\\\/autoridades-de-la-delegacion-argentina-de-caru-en-concepcion-del-uruguay\\\/#breadcrumb\"},\"inLanguage\":\"es\",\"potentialAction\":[{\"@type\":\"ReadAction\",\"target\":[\"https:\\\/\\\/caru.org.uy\\\/nuevositio\\\/2024\\\/07\\\/05\\\/autoridades-de-la-delegacion-argentina-de-caru-en-concepcion-del-uruguay\\\/\"]}]},{\"@type\":\"ImageObject\",\"inLanguage\":\"es\",\"@id\":\"https:\\\/\\\/caru.org.uy\\\/nuevositio\\\/2024\\\/07\\\/05\\\/autoridades-de-la-delegacion-argentina-de-caru-en-concepcion-del-uruguay\\\/#primaryimage\",\"url\":\"https:\\\/\\\/caru.org.uy\\\/nuevositio\\\/wp-content\\\/uploads\\\/2024\\\/07\\\/MAR_0800-scaled.jpg\",\"contentUrl\":\"https:\\\/\\\/caru.org.uy\\\/nuevositio\\\/wp-content\\\/uploads\\\/2024\\\/07\\\/MAR_0800-scaled.jpg\",\"width\":2560,\"height\":1641},{\"@type\":\"BreadcrumbList\",\"@id\":\"https:\\\/\\\/caru.org.uy\\\/nuevositio\\\/2024\\\/07\\\/05\\\/autoridades-de-la-delegacion-argentina-de-caru-en-concepcion-del-uruguay\\\/#breadcrumb\",\"itemListElement\":[{\"@type\":\"ListItem\",\"position\":1,\"name\":\"Portada\",\"item\":\"https:\\\/\\\/caru.org.uy\\\/nuevositio\\\/\"},{\"@type\":\"ListItem\",\"position\":2,\"name\":\"Autoridades de la Delegaci\u00f3n Argentina de CARU en Concepci\u00f3n del Uruguay\"}]},{\"@type\":\"WebSite\",\"@id\":\"https:\\\/\\\/caru.org.uy\\\/nuevositio\\\/#website\",\"url\":\"https:\\\/\\\/caru.org.uy\\\/nuevositio\\\/\",\"name\":\"C.A.R.U.\",\"description\":\"Comisi\u00f3n Administradora del R\u00edo Uruguay\",\"publisher\":{\"@id\":\"https:\\\/\\\/caru.org.uy\\\/nuevositio\\\/#organization\"},\"potentialAction\":[{\"@type\":\"SearchAction\",\"target\":{\"@type\":\"EntryPoint\",\"urlTemplate\":\"https:\\\/\\\/caru.org.uy\\\/nuevositio\\\/?s={search_term_string}\"},\"query-input\":{\"@type\":\"PropertyValueSpecification\",\"valueRequired\":true,\"valueName\":\"search_term_string\"}}],\"inLanguage\":\"es\"},{\"@type\":\"Organization\",\"@id\":\"https:\\\/\\\/caru.org.uy\\\/nuevositio\\\/#organization\",\"name\":\"C.A.R.U.\",\"url\":\"https:\\\/\\\/caru.org.uy\\\/nuevositio\\\/\",\"logo\":{\"@type\":\"ImageObject\",\"inLanguage\":\"es\",\"@id\":\"https:\\\/\\\/caru.org.uy\\\/nuevositio\\\/#\\\/schema\\\/logo\\\/image\\\/\",\"url\":\"https:\\\/\\\/caru.org.uy\\\/nuevositio\\\/wp-content\\\/uploads\\\/2023\\\/11\\\/logo-nuevo.jpg\",\"contentUrl\":\"https:\\\/\\\/caru.org.uy\\\/nuevositio\\\/wp-content\\\/uploads\\\/2023\\\/11\\\/logo-nuevo.jpg\",\"width\":1,\"height\":1,\"caption\":\"C.A.R.U.\"},\"image\":{\"@id\":\"https:\\\/\\\/caru.org.uy\\\/nuevositio\\\/#\\\/schema\\\/logo\\\/image\\\/\"}},{\"@type\":\"Person\",\"@id\":\"https:\\\/\\\/caru.org.uy\\\/nuevositio\\\/#\\\/schema\\\/person\\\/9a11b7bc115602d2066d4c695b2aa3e5\",\"name\":\"Noma\",\"image\":{\"@type\":\"ImageObject\",\"inLanguage\":\"es\",\"@id\":\"https:\\\/\\\/secure.gravatar.com\\\/avatar\\\/8b0eb2764fe524b07cdc015df29e7576c061e58c50641dd8ccc46d3d448307e5?s=96&d=mm&r=g\",\"url\":\"https:\\\/\\\/secure.gravatar.com\\\/avatar\\\/8b0eb2764fe524b07cdc015df29e7576c061e58c50641dd8ccc46d3d448307e5?s=96&d=mm&r=g\",\"contentUrl\":\"https:\\\/\\\/secure.gravatar.com\\\/avatar\\\/8b0eb2764fe524b07cdc015df29e7576c061e58c50641dd8ccc46d3d448307e5?s=96&d=mm&r=g\",\"caption\":\"Noma\"},\"url\":\"https:\\\/\\\/caru.org.uy\\\/nuevositio\\\/author\\\/admin\\\/\"}]}<\/script>\n<!-- \/ Yoast SEO plugin. -->","yoast_head_json":{"title":"Autoridades de la Delegaci\u00f3n Argentina de CARU en Concepci\u00f3n del Uruguay % C.A.R.U. imagen","robots":{"index":"index","follow":"follow","max-snippet":"max-snippet:-1","max-image-preview":"max-image-preview:large","max-video-preview":"max-video-preview:-1"},"canonical":"https:\/\/caru.org.uy\/nuevositio\/2024\/07\/05\/autoridades-de-la-delegacion-argentina-de-caru-en-concepcion-del-uruguay\/","og_locale":"es_ES","og_type":"article","og_title":"Autoridades de la Delegaci\u00f3n Argentina de CARU en Concepci\u00f3n del Uruguay % C.A.R.U. imagen","og_description":"El presidente municipal de Concepci\u00f3n del Uruguay Jos\u00e9 Eduardo Lauritto, recibi\u00f3 en su despacho al presidente de la Delegaci\u00f3n Argentina ante la Comisi\u00f3n Administradora del R\u00edo Uruguay (CARU), Embajador Roberto Salafia, quien estuvo acompa\u00f1ado por el delegado argentino, Nicol\u00e1s Domingo. Aspectos vinculados con el dragado y el balizamiento del r\u00edo Uruguay, entre otros temas de [&hellip;]","og_url":"https:\/\/caru.org.uy\/nuevositio\/2024\/07\/05\/autoridades-de-la-delegacion-argentina-de-caru-en-concepcion-del-uruguay\/","og_site_name":"C.A.R.U.","article_published_time":"2024-07-05T09:39:00+00:00","article_modified_time":"2024-07-05T16:48:03+00:00","og_image":[{"width":2560,"height":1641,"url":"https:\/\/caru.org.uy\/nuevositio\/wp-content\/uploads\/2024\/07\/MAR_0800-scaled.jpg","type":"image\/jpeg"}],"author":"Noma","twitter_card":"summary_large_image","twitter_misc":{"Escrito por":"Noma","Tiempo de lectura":"4 minutos"},"schema":{"@context":"https:\/\/schema.org","@graph":[{"@type":["Article","BlogPosting"],"@id":"https:\/\/caru.org.uy\/nuevositio\/2024\/07\/05\/autoridades-de-la-delegacion-argentina-de-caru-en-concepcion-del-uruguay\/#article","isPartOf":{"@id":"https:\/\/caru.org.uy\/nuevositio\/2024\/07\/05\/autoridades-de-la-delegacion-argentina-de-caru-en-concepcion-del-uruguay\/"},"author":{"name":"Noma","@id":"https:\/\/caru.org.uy\/nuevositio\/#\/schema\/person\/9a11b7bc115602d2066d4c695b2aa3e5"},"headline":"Autoridades de la Delegaci\u00f3n Argentina de CARU en Concepci\u00f3n del Uruguay","datePublished":"2024-07-05T09:39:00+00:00","dateModified":"2024-07-05T16:48:03+00:00","mainEntityOfPage":{"@id":"https:\/\/caru.org.uy\/nuevositio\/2024\/07\/05\/autoridades-de-la-delegacion-argentina-de-caru-en-concepcion-del-uruguay\/"},"wordCount":544,"publisher":{"@id":"https:\/\/caru.org.uy\/nuevositio\/#organization"},"image":{"@id":"https:\/\/caru.org.uy\/nuevositio\/2024\/07\/05\/autoridades-de-la-delegacion-argentina-de-caru-en-concepcion-del-uruguay\/#primaryimage"},"thumbnailUrl":"https:\/\/caru.org.uy\/nuevositio\/wp-content\/uploads\/2024\/07\/MAR_0800-scaled.jpg","articleSection":["Noticias","Novedades"],"inLanguage":"es"},{"@type":"WebPage","@id":"https:\/\/caru.org.uy\/nuevositio\/2024\/07\/05\/autoridades-de-la-delegacion-argentina-de-caru-en-concepcion-del-uruguay\/","url":"https:\/\/caru.org.uy\/nuevositio\/2024\/07\/05\/autoridades-de-la-delegacion-argentina-de-caru-en-concepcion-del-uruguay\/","name":"Autoridades de la Delegaci\u00f3n Argentina de CARU en Concepci\u00f3n del Uruguay % C.A.R.U. imagen","isPartOf":{"@id":"https:\/\/caru.org.uy\/nuevositio\/#website"},"primaryImageOfPage":{"@id":"https:\/\/caru.org.uy\/nuevositio\/2024\/07\/05\/autoridades-de-la-delegacion-argentina-de-caru-en-concepcion-del-uruguay\/#primaryimage"},"image":{"@id":"https:\/\/caru.org.uy\/nuevositio\/2024\/07\/05\/autoridades-de-la-delegacion-argentina-de-caru-en-concepcion-del-uruguay\/#primaryimage"},"thumbnailUrl":"https:\/\/caru.org.uy\/nuevositio\/wp-content\/uploads\/2024\/07\/MAR_0800-scaled.jpg","datePublished":"2024-07-05T09:39:00+00:00","dateModified":"2024-07-05T16:48:03+00:00","breadcrumb":{"@id":"https:\/\/caru.org.uy\/nuevositio\/2024\/07\/05\/autoridades-de-la-delegacion-argentina-de-caru-en-concepcion-del-uruguay\/#breadcrumb"},"inLanguage":"es","potentialAction":[{"@type":"ReadAction","target":["https:\/\/caru.org.uy\/nuevositio\/2024\/07\/05\/autoridades-de-la-delegacion-argentina-de-caru-en-concepcion-del-uruguay\/"]}]},{"@type":"ImageObject","inLanguage":"es","@id":"https:\/\/caru.org.uy\/nuevositio\/2024\/07\/05\/autoridades-de-la-delegacion-argentina-de-caru-en-concepcion-del-uruguay\/#primaryimage","url":"https:\/\/caru.org.uy\/nuevositio\/wp-content\/uploads\/2024\/07\/MAR_0800-scaled.jpg","contentUrl":"https:\/\/caru.org.uy\/nuevositio\/wp-content\/uploads\/2024\/07\/MAR_0800-scaled.jpg","width":2560,"height":1641},{"@type":"BreadcrumbList","@id":"https:\/\/caru.org.uy\/nuevositio\/2024\/07\/05\/autoridades-de-la-delegacion-argentina-de-caru-en-concepcion-del-uruguay\/#breadcrumb","itemListElement":[{"@type":"ListItem","position":1,"name":"Portada","item":"https:\/\/caru.org.uy\/nuevositio\/"},{"@type":"ListItem","position":2,"name":"Autoridades de la Delegaci\u00f3n Argentina de CARU en Concepci\u00f3n del Uruguay"}]},{"@type":"WebSite","@id":"https:\/\/caru.org.uy\/nuevositio\/#website","url":"https:\/\/caru.org.uy\/nuevositio\/","name":"C.A.R.U.","description":"Comisi\u00f3n Administradora del R\u00edo Uruguay","publisher":{"@id":"https:\/\/caru.org.uy\/nuevositio\/#organization"},"potentialAction":[{"@type":"SearchAction","target":{"@type":"EntryPoint","urlTemplate":"https:\/\/caru.org.uy\/nuevositio\/?s={search_term_string}"},"query-input":{"@type":"PropertyValueSpecification","valueRequired":true,"valueName":"search_term_string"}}],"inLanguage":"es"},{"@type":"Organization","@id":"https:\/\/caru.org.uy\/nuevositio\/#organization","name":"C.A.R.U.","url":"https:\/\/caru.org.uy\/nuevositio\/","logo":{"@type":"ImageObject","inLanguage":"es","@id":"https:\/\/caru.org.uy\/nuevositio\/#\/schema\/logo\/image\/","url":"https:\/\/caru.org.uy\/nuevositio\/wp-content\/uploads\/2023\/11\/logo-nuevo.jpg","contentUrl":"https:\/\/caru.org.uy\/nuevositio\/wp-content\/uploads\/2023\/11\/logo-nuevo.jpg","width":1,"height":1,"caption":"C.A.R.U."},"image":{"@id":"https:\/\/caru.org.uy\/nuevositio\/#\/schema\/logo\/image\/"}},{"@type":"Person","@id":"https:\/\/caru.org.uy\/nuevositio\/#\/schema\/person\/9a11b7bc115602d2066d4c695b2aa3e5","name":"Noma","image":{"@type":"ImageObject","inLanguage":"es","@id":"https:\/\/secure.gravatar.com\/avatar\/8b0eb2764fe524b07cdc015df29e7576c061e58c50641dd8ccc46d3d448307e5?s=96&d=mm&r=g","url":"https:\/\/secure.gravatar.com\/avatar\/8b0eb2764fe524b07cdc015df29e7576c061e58c50641dd8ccc46d3d448307e5?s=96&d=mm&r=g","contentUrl":"https:\/\/secure.gravatar.com\/avatar\/8b0eb2764fe524b07cdc015df29e7576c061e58c50641dd8ccc46d3d448307e5?s=96&d=mm&r=g","caption":"Noma"},"url":"https:\/\/caru.org.uy\/nuevositio\/author\/admin\/"}]}},"_links":{"self":[{"href":"https:\/\/caru.org.uy\/nuevositio\/wp-json\/wp\/v2\/posts\/9813","targetHints":{"allow":["GET"]}}],"collection":[{"href":"https:\/\/caru.org.uy\/nuevositio\/wp-json\/wp\/v2\/posts"}],"about":[{"href":"https:\/\/caru.org.uy\/nuevositio\/wp-json\/wp\/v2\/types\/post"}],"author":[{"embeddable":true,"href":"https:\/\/caru.org.uy\/nuevositio\/wp-json\/wp\/v2\/users\/1"}],"replies":[{"embeddable":true,"href":"https:\/\/caru.org.uy\/nuevositio\/wp-json\/wp\/v2\/comments?post=9813"}],"version-history":[{"count":4,"href":"https:\/\/caru.org.uy\/nuevositio\/wp-json\/wp\/v2\/posts\/9813\/revisions"}],"predecessor-version":[{"id":9822,"href":"https:\/\/caru.org.uy\/nuevositio\/wp-json\/wp\/v2\/posts\/9813\/revisions\/9822"}],"wp:featuredmedia":[{"embeddable":true,"href":"https:\/\/caru.org.uy\/nuevositio\/wp-json\/wp\/v2\/media\/9815"}],"wp:attachment":[{"href":"https:\/\/caru.org.uy\/nuevositio\/wp-json\/wp\/v2\/media?parent=9813"}],"wp:term":[{"taxonomy":"category","embeddable":true,"href":"https:\/\/caru.org.uy\/nuevositio\/wp-json\/wp\/v2\/categories?post=9813"},{"taxonomy":"post_tag","embeddable":true,"href":"https:\/\/caru.org.uy\/nuevositio\/wp-json\/wp\/v2\/tags?post=9813"}],"curies":[{"name":"wp","href":"https:\/\/api.w.org\/{rel}","templated":true}]}}