{"id":9824,"date":"2024-07-09T00:49:00","date_gmt":"2024-07-09T00:49:00","guid":{"rendered":"https:\/\/caru.org.uy\/nuevositio\/?p=9824"},"modified":"2024-07-16T00:53:28","modified_gmt":"2024-07-16T00:53:28","slug":"caru-recibio-a-autoridades-de-la-comision-del-rio-rin","status":"publish","type":"post","link":"https:\/\/caru.org.uy\/nuevositio\/2024\/07\/09\/caru-recibio-a-autoridades-de-la-comision-del-rio-rin\/","title":{"rendered":"CARU recibi\u00f3 a autoridades de la Comisi\u00f3n del Rio Rin"},"content":{"rendered":"\t\t<div data-elementor-type=\"wp-post\" data-elementor-id=\"9824\" class=\"elementor elementor-9824\" data-elementor-post-type=\"post\">\n\t\t\t\t\t\t<section class=\"elementor-section elementor-top-section elementor-element elementor-element-6440035a elementor-section-boxed elementor-section-height-default elementor-section-height-default\" data-id=\"6440035a\" data-element_type=\"section\" data-e-type=\"section\" data-settings=\"{&quot;jet_parallax_layout_list&quot;:[]}\">\n\t\t\t\t\t\t<div class=\"elementor-container elementor-column-gap-default\">\n\t\t\t\t\t<div class=\"elementor-column elementor-col-50 elementor-top-column elementor-element elementor-element-2d434ba5\" data-id=\"2d434ba5\" data-element_type=\"column\" data-e-type=\"column\">\n\t\t\t<div class=\"elementor-widget-wrap elementor-element-populated\">\n\t\t\t\t\t\t<div class=\"elementor-element elementor-element-3bdb49ac elementor-widget elementor-widget-image\" data-id=\"3bdb49ac\" data-element_type=\"widget\" data-e-type=\"widget\" data-widget_type=\"image.default\">\n\t\t\t\t<div class=\"elementor-widget-container\">\n\t\t\t\t\t\t\t\t\t\t\t\t\t\t\t<img fetchpriority=\"high\" decoding=\"async\" width=\"1024\" height=\"472\" src=\"https:\/\/caru.org.uy\/nuevositio\/wp-content\/uploads\/2024\/07\/Visita-del-Rin-1-1024x472.jpeg\" class=\"attachment-large size-large wp-image-9825\" alt=\"\" srcset=\"https:\/\/caru.org.uy\/nuevositio\/wp-content\/uploads\/2024\/07\/Visita-del-Rin-1-1024x472.jpeg 1024w, https:\/\/caru.org.uy\/nuevositio\/wp-content\/uploads\/2024\/07\/Visita-del-Rin-1-300x138.jpeg 300w, https:\/\/caru.org.uy\/nuevositio\/wp-content\/uploads\/2024\/07\/Visita-del-Rin-1-768x354.jpeg 768w, https:\/\/caru.org.uy\/nuevositio\/wp-content\/uploads\/2024\/07\/Visita-del-Rin-1-1536x708.jpeg 1536w, https:\/\/caru.org.uy\/nuevositio\/wp-content\/uploads\/2024\/07\/Visita-del-Rin-1.jpeg 1600w\" sizes=\"(max-width: 1024px) 100vw, 1024px\" \/>\t\t\t\t\t\t\t\t\t\t\t\t\t\t\t<\/div>\n\t\t\t\t<\/div>\n\t\t\t\t\t<\/div>\n\t\t<\/div>\n\t\t\t\t<div class=\"elementor-column elementor-col-50 elementor-top-column elementor-element elementor-element-7b0f182e\" data-id=\"7b0f182e\" data-element_type=\"column\" data-e-type=\"column\">\n\t\t\t<div class=\"elementor-widget-wrap elementor-element-populated\">\n\t\t\t\t\t\t<div class=\"elementor-element elementor-element-adefbd8 elementor-widget elementor-widget-text-editor\" data-id=\"adefbd8\" data-element_type=\"widget\" data-e-type=\"widget\" data-widget_type=\"text-editor.default\">\n\t\t\t\t<div class=\"elementor-widget-container\">\n\t\t\t\t\t\t\t\t\t<p><\/p><p>En la Sede de la Comisi\u00f3n Administradora del R\u00edo Uruguay (CARU) se recibi\u00f3 este lunes a la Presidenta de la Comisi\u00f3n Internacional para la Protecci\u00f3n del Rin (CIPR), Dra. Miriam Haritz, y a su Director Ejecutivo, Lic. Marc Daniel Heintz,\u00a0quienes iniciaron una agenda de cinco d\u00edas en la regi\u00f3n, en actividad organizada en conjunto con el Comit\u00e9 de Cuenca del r\u00edo Uruguay,<\/p><p>Mario Ayala Barrios y Roberto Salafia, presidentes de las Delegaciones uruguaya y argentina de la CARU dieron la bienvenida a las autoridades del CIPR, con quienes se mantiene una relaci\u00f3n de intercambio y colaboraci\u00f3n mutua desde hace ya 3 a\u00f1os. \u201cEs la primera vez que visitamos Latinoam\u00e9rica y es muy importante estar aqu\u00ed, con las comunidades del R\u00edo Uruguay, con quienes queremos colaborar, pero especialmente aprender y llevarnos aprendizajes de integraci\u00f3n, convivencia y del trabajo colaborativo que realizan diariamente\u201d, se\u00f1al\u00f3 la Dra. Haritz,<\/p><p>Para dar la bienvenida, Mario Ayala presidente de CARU present\u00f3 a los integrantes de la Secretar\u00eda T\u00e9cnica de CARU integrada por los departamentos de Ambiente, Hidrolog\u00eda y Navegaci\u00f3n, y tambi\u00e9n a las autoridades del Comit\u00e9 de Cuenca del R\u00edo Uruguay, con su presidente Omar Lafluf presente. \u201cQueremos agradecer que est\u00e9n aqu\u00ed con nosotros para compartir experiencias y buenas pr\u00e1cticas. Hay mucho para aprender, pero tambi\u00e9n mucho para mostrar de todo lo que realiza CARU en materia de integraci\u00f3n, navegaci\u00f3n y protecci\u00f3n del medio ambiente\u201d.<\/p><p>Por su parte, el Embajador Roberto Salafia destac\u00f3 la relevancia de la visita de la Presidenta de la Comisi\u00f3n para la Protecci\u00f3n del Rin: \u201cSe trata de un organismo internacional creado hace casi 75 a\u00f1os, en el que conviven 9 pa\u00edses, donde se hablan tres idiomas diferentes y donde prima el bien com\u00fan y el objetivo claro de cooperar para armonizar los numerosos intereses de uso y protecci\u00f3n en la zona del R\u00edo. Tenemos mucho para compartir y para conocer, por lo que el intercambio es de absoluto inter\u00e9s para todos\u201d.<\/p><p>En la \u00faltima d\u00e9cada del siglo pasado las actividades del CIPR fueron un modelo para muchas otras cuencas fluviales. La cooperaci\u00f3n a lo largo del Rin tambi\u00e9n estuvo detr\u00e1s de la\u00a0Directiva Marco del Agua\u00a0y la\u00a0Directiva de Gesti\u00f3n de Inundaciones\u00a0de la Uni\u00f3n Europea y de all\u00ed la importancia de los intercambios de conocimientos y buenas pr\u00e1cticas que permiten este acercamiento entre las autoridades y los equipos t\u00e9cnicos.<\/p><p>Este lunes en CARU, pudieron compartir con los equipos t\u00e9cnicos diferentes actividades, acciones e iniciativas que se realizan tanto en el R\u00edo Rin como en el R\u00edo Uruguay, los desaf\u00edos que promueve el cambio clim\u00e1tico y temas en com\u00fan que son de inter\u00e9s para ambas cuencas.<\/p><p>La agenda de actividades incluye visitas y recorridas por la zona del bajo Uruguay, este mismo lunes en Fray Bentos y este martes en Gualeguaych\u00fa y Concepci\u00f3n del Uruguay. Luego el mi\u00e9rcoles continuar\u00e1n con una visita a la Represa Hidroel\u00e9ctrica del Salto Grande, y nuevas reuniones con autoridades de Salto y Concordia. El jueves, en la sede de CARU habr\u00e1 una nueva actividad de coordinaci\u00f3n y declaraci\u00f3n p\u00fablica, con un balance de la agenda desarrollada.<\/p><p><\/p>\t\t\t\t\t\t\t\t<\/div>\n\t\t\t\t<\/div>\n\t\t\t\t\t<\/div>\n\t\t<\/div>\n\t\t\t\t\t<\/div>\n\t\t<\/section>\n\t\t\t\t<\/div>\n\t\t","protected":false},"excerpt":{"rendered":"<p>En la Sede de la Comisi\u00f3n Administradora del R\u00edo Uruguay (CARU) se recibi\u00f3 este lunes a la Presidenta de la Comisi\u00f3n Internacional para la Protecci\u00f3n del Rin (CIPR), Dra. Miriam Haritz, y a su Director Ejecutivo, Lic. Marc Daniel Heintz,\u00a0quienes iniciaron una agenda de cinco d\u00edas en la regi\u00f3n, en actividad organizada en conjunto con [&hellip;]<\/p>\n","protected":false},"author":1,"featured_media":9825,"comment_status":"closed","ping_status":"closed","sticky":false,"template":"","format":"standard","meta":{"_acf_changed":false,"_joinchat":[],"footnotes":""},"categories":[37,27],"tags":[],"class_list":["post-9824","post","type-post","status-publish","format-standard","has-post-thumbnail","hentry","category-noticias","category-novedades"],"acf":[],"yoast_head":"<!-- This site is optimized with the Yoast SEO plugin v27.3 - https:\/\/yoast.com\/product\/yoast-seo-wordpress\/ -->\n<title>CARU recibi\u00f3 a autoridades de la Comisi\u00f3n del Rio Rin % C.A.R.U. imagen<\/title>\n<meta name=\"robots\" content=\"index, follow, max-snippet:-1, max-image-preview:large, max-video-preview:-1\" \/>\n<link rel=\"canonical\" href=\"https:\/\/caru.org.uy\/nuevositio\/2024\/07\/09\/caru-recibio-a-autoridades-de-la-comision-del-rio-rin\/\" \/>\n<meta property=\"og:locale\" content=\"es_ES\" \/>\n<meta property=\"og:type\" content=\"article\" \/>\n<meta property=\"og:title\" content=\"CARU recibi\u00f3 a autoridades de la Comisi\u00f3n del Rio Rin % C.A.R.U. imagen\" \/>\n<meta property=\"og:description\" content=\"En la Sede de la Comisi\u00f3n Administradora del R\u00edo Uruguay (CARU) se recibi\u00f3 este lunes a la Presidenta de la Comisi\u00f3n Internacional para la Protecci\u00f3n del Rin (CIPR), Dra. Miriam Haritz, y a su Director Ejecutivo, Lic. Marc Daniel Heintz,\u00a0quienes iniciaron una agenda de cinco d\u00edas en la regi\u00f3n, en actividad organizada en conjunto con [&hellip;]\" \/>\n<meta property=\"og:url\" content=\"https:\/\/caru.org.uy\/nuevositio\/2024\/07\/09\/caru-recibio-a-autoridades-de-la-comision-del-rio-rin\/\" \/>\n<meta property=\"og:site_name\" content=\"C.A.R.U.\" \/>\n<meta property=\"article:published_time\" content=\"2024-07-09T00:49:00+00:00\" \/>\n<meta property=\"article:modified_time\" content=\"2024-07-16T00:53:28+00:00\" \/>\n<meta property=\"og:image\" content=\"https:\/\/caru.org.uy\/nuevositio\/wp-content\/uploads\/2024\/07\/Visita-del-Rin-1.jpeg\" \/>\n\t<meta property=\"og:image:width\" content=\"1600\" \/>\n\t<meta property=\"og:image:height\" content=\"738\" \/>\n\t<meta property=\"og:image:type\" content=\"image\/jpeg\" \/>\n<meta name=\"author\" content=\"Noma\" \/>\n<meta name=\"twitter:card\" content=\"summary_large_image\" \/>\n<meta name=\"twitter:label1\" content=\"Escrito por\" \/>\n\t<meta name=\"twitter:data1\" content=\"Noma\" \/>\n\t<meta name=\"twitter:label2\" content=\"Tiempo de lectura\" \/>\n\t<meta name=\"twitter:data2\" content=\"3 minutos\" \/>\n<script type=\"application\/ld+json\" class=\"yoast-schema-graph\">{\"@context\":\"https:\\\/\\\/schema.org\",\"@graph\":[{\"@type\":[\"Article\",\"BlogPosting\"],\"@id\":\"https:\\\/\\\/caru.org.uy\\\/nuevositio\\\/2024\\\/07\\\/09\\\/caru-recibio-a-autoridades-de-la-comision-del-rio-rin\\\/#article\",\"isPartOf\":{\"@id\":\"https:\\\/\\\/caru.org.uy\\\/nuevositio\\\/2024\\\/07\\\/09\\\/caru-recibio-a-autoridades-de-la-comision-del-rio-rin\\\/\"},\"author\":{\"name\":\"Noma\",\"@id\":\"https:\\\/\\\/caru.org.uy\\\/nuevositio\\\/#\\\/schema\\\/person\\\/9a11b7bc115602d2066d4c695b2aa3e5\"},\"headline\":\"CARU recibi\u00f3 a autoridades de la Comisi\u00f3n del Rio Rin\",\"datePublished\":\"2024-07-09T00:49:00+00:00\",\"dateModified\":\"2024-07-16T00:53:28+00:00\",\"mainEntityOfPage\":{\"@id\":\"https:\\\/\\\/caru.org.uy\\\/nuevositio\\\/2024\\\/07\\\/09\\\/caru-recibio-a-autoridades-de-la-comision-del-rio-rin\\\/\"},\"wordCount\":576,\"publisher\":{\"@id\":\"https:\\\/\\\/caru.org.uy\\\/nuevositio\\\/#organization\"},\"image\":{\"@id\":\"https:\\\/\\\/caru.org.uy\\\/nuevositio\\\/2024\\\/07\\\/09\\\/caru-recibio-a-autoridades-de-la-comision-del-rio-rin\\\/#primaryimage\"},\"thumbnailUrl\":\"https:\\\/\\\/caru.org.uy\\\/nuevositio\\\/wp-content\\\/uploads\\\/2024\\\/07\\\/Visita-del-Rin-1.jpeg\",\"articleSection\":[\"Noticias\",\"Novedades\"],\"inLanguage\":\"es\"},{\"@type\":\"WebPage\",\"@id\":\"https:\\\/\\\/caru.org.uy\\\/nuevositio\\\/2024\\\/07\\\/09\\\/caru-recibio-a-autoridades-de-la-comision-del-rio-rin\\\/\",\"url\":\"https:\\\/\\\/caru.org.uy\\\/nuevositio\\\/2024\\\/07\\\/09\\\/caru-recibio-a-autoridades-de-la-comision-del-rio-rin\\\/\",\"name\":\"CARU recibi\u00f3 a autoridades de la Comisi\u00f3n del Rio Rin % C.A.R.U. imagen\",\"isPartOf\":{\"@id\":\"https:\\\/\\\/caru.org.uy\\\/nuevositio\\\/#website\"},\"primaryImageOfPage\":{\"@id\":\"https:\\\/\\\/caru.org.uy\\\/nuevositio\\\/2024\\\/07\\\/09\\\/caru-recibio-a-autoridades-de-la-comision-del-rio-rin\\\/#primaryimage\"},\"image\":{\"@id\":\"https:\\\/\\\/caru.org.uy\\\/nuevositio\\\/2024\\\/07\\\/09\\\/caru-recibio-a-autoridades-de-la-comision-del-rio-rin\\\/#primaryimage\"},\"thumbnailUrl\":\"https:\\\/\\\/caru.org.uy\\\/nuevositio\\\/wp-content\\\/uploads\\\/2024\\\/07\\\/Visita-del-Rin-1.jpeg\",\"datePublished\":\"2024-07-09T00:49:00+00:00\",\"dateModified\":\"2024-07-16T00:53:28+00:00\",\"breadcrumb\":{\"@id\":\"https:\\\/\\\/caru.org.uy\\\/nuevositio\\\/2024\\\/07\\\/09\\\/caru-recibio-a-autoridades-de-la-comision-del-rio-rin\\\/#breadcrumb\"},\"inLanguage\":\"es\",\"potentialAction\":[{\"@type\":\"ReadAction\",\"target\":[\"https:\\\/\\\/caru.org.uy\\\/nuevositio\\\/2024\\\/07\\\/09\\\/caru-recibio-a-autoridades-de-la-comision-del-rio-rin\\\/\"]}]},{\"@type\":\"ImageObject\",\"inLanguage\":\"es\",\"@id\":\"https:\\\/\\\/caru.org.uy\\\/nuevositio\\\/2024\\\/07\\\/09\\\/caru-recibio-a-autoridades-de-la-comision-del-rio-rin\\\/#primaryimage\",\"url\":\"https:\\\/\\\/caru.org.uy\\\/nuevositio\\\/wp-content\\\/uploads\\\/2024\\\/07\\\/Visita-del-Rin-1.jpeg\",\"contentUrl\":\"https:\\\/\\\/caru.org.uy\\\/nuevositio\\\/wp-content\\\/uploads\\\/2024\\\/07\\\/Visita-del-Rin-1.jpeg\",\"width\":1600,\"height\":738},{\"@type\":\"BreadcrumbList\",\"@id\":\"https:\\\/\\\/caru.org.uy\\\/nuevositio\\\/2024\\\/07\\\/09\\\/caru-recibio-a-autoridades-de-la-comision-del-rio-rin\\\/#breadcrumb\",\"itemListElement\":[{\"@type\":\"ListItem\",\"position\":1,\"name\":\"Portada\",\"item\":\"https:\\\/\\\/caru.org.uy\\\/nuevositio\\\/\"},{\"@type\":\"ListItem\",\"position\":2,\"name\":\"CARU recibi\u00f3 a autoridades de la Comisi\u00f3n del Rio Rin\"}]},{\"@type\":\"WebSite\",\"@id\":\"https:\\\/\\\/caru.org.uy\\\/nuevositio\\\/#website\",\"url\":\"https:\\\/\\\/caru.org.uy\\\/nuevositio\\\/\",\"name\":\"C.A.R.U.\",\"description\":\"Comisi\u00f3n Administradora del R\u00edo Uruguay\",\"publisher\":{\"@id\":\"https:\\\/\\\/caru.org.uy\\\/nuevositio\\\/#organization\"},\"potentialAction\":[{\"@type\":\"SearchAction\",\"target\":{\"@type\":\"EntryPoint\",\"urlTemplate\":\"https:\\\/\\\/caru.org.uy\\\/nuevositio\\\/?s={search_term_string}\"},\"query-input\":{\"@type\":\"PropertyValueSpecification\",\"valueRequired\":true,\"valueName\":\"search_term_string\"}}],\"inLanguage\":\"es\"},{\"@type\":\"Organization\",\"@id\":\"https:\\\/\\\/caru.org.uy\\\/nuevositio\\\/#organization\",\"name\":\"C.A.R.U.\",\"url\":\"https:\\\/\\\/caru.org.uy\\\/nuevositio\\\/\",\"logo\":{\"@type\":\"ImageObject\",\"inLanguage\":\"es\",\"@id\":\"https:\\\/\\\/caru.org.uy\\\/nuevositio\\\/#\\\/schema\\\/logo\\\/image\\\/\",\"url\":\"https:\\\/\\\/caru.org.uy\\\/nuevositio\\\/wp-content\\\/uploads\\\/2023\\\/11\\\/logo-nuevo.jpg\",\"contentUrl\":\"https:\\\/\\\/caru.org.uy\\\/nuevositio\\\/wp-content\\\/uploads\\\/2023\\\/11\\\/logo-nuevo.jpg\",\"width\":1,\"height\":1,\"caption\":\"C.A.R.U.\"},\"image\":{\"@id\":\"https:\\\/\\\/caru.org.uy\\\/nuevositio\\\/#\\\/schema\\\/logo\\\/image\\\/\"}},{\"@type\":\"Person\",\"@id\":\"https:\\\/\\\/caru.org.uy\\\/nuevositio\\\/#\\\/schema\\\/person\\\/9a11b7bc115602d2066d4c695b2aa3e5\",\"name\":\"Noma\",\"image\":{\"@type\":\"ImageObject\",\"inLanguage\":\"es\",\"@id\":\"https:\\\/\\\/secure.gravatar.com\\\/avatar\\\/8b0eb2764fe524b07cdc015df29e7576c061e58c50641dd8ccc46d3d448307e5?s=96&d=mm&r=g\",\"url\":\"https:\\\/\\\/secure.gravatar.com\\\/avatar\\\/8b0eb2764fe524b07cdc015df29e7576c061e58c50641dd8ccc46d3d448307e5?s=96&d=mm&r=g\",\"contentUrl\":\"https:\\\/\\\/secure.gravatar.com\\\/avatar\\\/8b0eb2764fe524b07cdc015df29e7576c061e58c50641dd8ccc46d3d448307e5?s=96&d=mm&r=g\",\"caption\":\"Noma\"},\"url\":\"https:\\\/\\\/caru.org.uy\\\/nuevositio\\\/author\\\/admin\\\/\"}]}<\/script>\n<!-- \/ Yoast SEO plugin. -->","yoast_head_json":{"title":"CARU recibi\u00f3 a autoridades de la Comisi\u00f3n del Rio Rin % C.A.R.U. imagen","robots":{"index":"index","follow":"follow","max-snippet":"max-snippet:-1","max-image-preview":"max-image-preview:large","max-video-preview":"max-video-preview:-1"},"canonical":"https:\/\/caru.org.uy\/nuevositio\/2024\/07\/09\/caru-recibio-a-autoridades-de-la-comision-del-rio-rin\/","og_locale":"es_ES","og_type":"article","og_title":"CARU recibi\u00f3 a autoridades de la Comisi\u00f3n del Rio Rin % C.A.R.U. imagen","og_description":"En la Sede de la Comisi\u00f3n Administradora del R\u00edo Uruguay (CARU) se recibi\u00f3 este lunes a la Presidenta de la Comisi\u00f3n Internacional para la Protecci\u00f3n del Rin (CIPR), Dra. Miriam Haritz, y a su Director Ejecutivo, Lic. Marc Daniel Heintz,\u00a0quienes iniciaron una agenda de cinco d\u00edas en la regi\u00f3n, en actividad organizada en conjunto con [&hellip;]","og_url":"https:\/\/caru.org.uy\/nuevositio\/2024\/07\/09\/caru-recibio-a-autoridades-de-la-comision-del-rio-rin\/","og_site_name":"C.A.R.U.","article_published_time":"2024-07-09T00:49:00+00:00","article_modified_time":"2024-07-16T00:53:28+00:00","og_image":[{"width":1600,"height":738,"url":"https:\/\/caru.org.uy\/nuevositio\/wp-content\/uploads\/2024\/07\/Visita-del-Rin-1.jpeg","type":"image\/jpeg"}],"author":"Noma","twitter_card":"summary_large_image","twitter_misc":{"Escrito por":"Noma","Tiempo de lectura":"3 minutos"},"schema":{"@context":"https:\/\/schema.org","@graph":[{"@type":["Article","BlogPosting"],"@id":"https:\/\/caru.org.uy\/nuevositio\/2024\/07\/09\/caru-recibio-a-autoridades-de-la-comision-del-rio-rin\/#article","isPartOf":{"@id":"https:\/\/caru.org.uy\/nuevositio\/2024\/07\/09\/caru-recibio-a-autoridades-de-la-comision-del-rio-rin\/"},"author":{"name":"Noma","@id":"https:\/\/caru.org.uy\/nuevositio\/#\/schema\/person\/9a11b7bc115602d2066d4c695b2aa3e5"},"headline":"CARU recibi\u00f3 a autoridades de la Comisi\u00f3n del Rio Rin","datePublished":"2024-07-09T00:49:00+00:00","dateModified":"2024-07-16T00:53:28+00:00","mainEntityOfPage":{"@id":"https:\/\/caru.org.uy\/nuevositio\/2024\/07\/09\/caru-recibio-a-autoridades-de-la-comision-del-rio-rin\/"},"wordCount":576,"publisher":{"@id":"https:\/\/caru.org.uy\/nuevositio\/#organization"},"image":{"@id":"https:\/\/caru.org.uy\/nuevositio\/2024\/07\/09\/caru-recibio-a-autoridades-de-la-comision-del-rio-rin\/#primaryimage"},"thumbnailUrl":"https:\/\/caru.org.uy\/nuevositio\/wp-content\/uploads\/2024\/07\/Visita-del-Rin-1.jpeg","articleSection":["Noticias","Novedades"],"inLanguage":"es"},{"@type":"WebPage","@id":"https:\/\/caru.org.uy\/nuevositio\/2024\/07\/09\/caru-recibio-a-autoridades-de-la-comision-del-rio-rin\/","url":"https:\/\/caru.org.uy\/nuevositio\/2024\/07\/09\/caru-recibio-a-autoridades-de-la-comision-del-rio-rin\/","name":"CARU recibi\u00f3 a autoridades de la Comisi\u00f3n del Rio Rin % C.A.R.U. imagen","isPartOf":{"@id":"https:\/\/caru.org.uy\/nuevositio\/#website"},"primaryImageOfPage":{"@id":"https:\/\/caru.org.uy\/nuevositio\/2024\/07\/09\/caru-recibio-a-autoridades-de-la-comision-del-rio-rin\/#primaryimage"},"image":{"@id":"https:\/\/caru.org.uy\/nuevositio\/2024\/07\/09\/caru-recibio-a-autoridades-de-la-comision-del-rio-rin\/#primaryimage"},"thumbnailUrl":"https:\/\/caru.org.uy\/nuevositio\/wp-content\/uploads\/2024\/07\/Visita-del-Rin-1.jpeg","datePublished":"2024-07-09T00:49:00+00:00","dateModified":"2024-07-16T00:53:28+00:00","breadcrumb":{"@id":"https:\/\/caru.org.uy\/nuevositio\/2024\/07\/09\/caru-recibio-a-autoridades-de-la-comision-del-rio-rin\/#breadcrumb"},"inLanguage":"es","potentialAction":[{"@type":"ReadAction","target":["https:\/\/caru.org.uy\/nuevositio\/2024\/07\/09\/caru-recibio-a-autoridades-de-la-comision-del-rio-rin\/"]}]},{"@type":"ImageObject","inLanguage":"es","@id":"https:\/\/caru.org.uy\/nuevositio\/2024\/07\/09\/caru-recibio-a-autoridades-de-la-comision-del-rio-rin\/#primaryimage","url":"https:\/\/caru.org.uy\/nuevositio\/wp-content\/uploads\/2024\/07\/Visita-del-Rin-1.jpeg","contentUrl":"https:\/\/caru.org.uy\/nuevositio\/wp-content\/uploads\/2024\/07\/Visita-del-Rin-1.jpeg","width":1600,"height":738},{"@type":"BreadcrumbList","@id":"https:\/\/caru.org.uy\/nuevositio\/2024\/07\/09\/caru-recibio-a-autoridades-de-la-comision-del-rio-rin\/#breadcrumb","itemListElement":[{"@type":"ListItem","position":1,"name":"Portada","item":"https:\/\/caru.org.uy\/nuevositio\/"},{"@type":"ListItem","position":2,"name":"CARU recibi\u00f3 a autoridades de la Comisi\u00f3n del Rio Rin"}]},{"@type":"WebSite","@id":"https:\/\/caru.org.uy\/nuevositio\/#website","url":"https:\/\/caru.org.uy\/nuevositio\/","name":"C.A.R.U.","description":"Comisi\u00f3n Administradora del R\u00edo Uruguay","publisher":{"@id":"https:\/\/caru.org.uy\/nuevositio\/#organization"},"potentialAction":[{"@type":"SearchAction","target":{"@type":"EntryPoint","urlTemplate":"https:\/\/caru.org.uy\/nuevositio\/?s={search_term_string}"},"query-input":{"@type":"PropertyValueSpecification","valueRequired":true,"valueName":"search_term_string"}}],"inLanguage":"es"},{"@type":"Organization","@id":"https:\/\/caru.org.uy\/nuevositio\/#organization","name":"C.A.R.U.","url":"https:\/\/caru.org.uy\/nuevositio\/","logo":{"@type":"ImageObject","inLanguage":"es","@id":"https:\/\/caru.org.uy\/nuevositio\/#\/schema\/logo\/image\/","url":"https:\/\/caru.org.uy\/nuevositio\/wp-content\/uploads\/2023\/11\/logo-nuevo.jpg","contentUrl":"https:\/\/caru.org.uy\/nuevositio\/wp-content\/uploads\/2023\/11\/logo-nuevo.jpg","width":1,"height":1,"caption":"C.A.R.U."},"image":{"@id":"https:\/\/caru.org.uy\/nuevositio\/#\/schema\/logo\/image\/"}},{"@type":"Person","@id":"https:\/\/caru.org.uy\/nuevositio\/#\/schema\/person\/9a11b7bc115602d2066d4c695b2aa3e5","name":"Noma","image":{"@type":"ImageObject","inLanguage":"es","@id":"https:\/\/secure.gravatar.com\/avatar\/8b0eb2764fe524b07cdc015df29e7576c061e58c50641dd8ccc46d3d448307e5?s=96&d=mm&r=g","url":"https:\/\/secure.gravatar.com\/avatar\/8b0eb2764fe524b07cdc015df29e7576c061e58c50641dd8ccc46d3d448307e5?s=96&d=mm&r=g","contentUrl":"https:\/\/secure.gravatar.com\/avatar\/8b0eb2764fe524b07cdc015df29e7576c061e58c50641dd8ccc46d3d448307e5?s=96&d=mm&r=g","caption":"Noma"},"url":"https:\/\/caru.org.uy\/nuevositio\/author\/admin\/"}]}},"_links":{"self":[{"href":"https:\/\/caru.org.uy\/nuevositio\/wp-json\/wp\/v2\/posts\/9824","targetHints":{"allow":["GET"]}}],"collection":[{"href":"https:\/\/caru.org.uy\/nuevositio\/wp-json\/wp\/v2\/posts"}],"about":[{"href":"https:\/\/caru.org.uy\/nuevositio\/wp-json\/wp\/v2\/types\/post"}],"author":[{"embeddable":true,"href":"https:\/\/caru.org.uy\/nuevositio\/wp-json\/wp\/v2\/users\/1"}],"replies":[{"embeddable":true,"href":"https:\/\/caru.org.uy\/nuevositio\/wp-json\/wp\/v2\/comments?post=9824"}],"version-history":[{"count":4,"href":"https:\/\/caru.org.uy\/nuevositio\/wp-json\/wp\/v2\/posts\/9824\/revisions"}],"predecessor-version":[{"id":9829,"href":"https:\/\/caru.org.uy\/nuevositio\/wp-json\/wp\/v2\/posts\/9824\/revisions\/9829"}],"wp:featuredmedia":[{"embeddable":true,"href":"https:\/\/caru.org.uy\/nuevositio\/wp-json\/wp\/v2\/media\/9825"}],"wp:attachment":[{"href":"https:\/\/caru.org.uy\/nuevositio\/wp-json\/wp\/v2\/media?parent=9824"}],"wp:term":[{"taxonomy":"category","embeddable":true,"href":"https:\/\/caru.org.uy\/nuevositio\/wp-json\/wp\/v2\/categories?post=9824"},{"taxonomy":"post_tag","embeddable":true,"href":"https:\/\/caru.org.uy\/nuevositio\/wp-json\/wp\/v2\/tags?post=9824"}],"curies":[{"name":"wp","href":"https:\/\/api.w.org\/{rel}","templated":true}]}}