{"id":9830,"date":"2024-07-13T00:54:00","date_gmt":"2024-07-13T00:54:00","guid":{"rendered":"https:\/\/caru.org.uy\/nuevositio\/?p=9830"},"modified":"2024-07-16T01:00:21","modified_gmt":"2024-07-16T01:00:21","slug":"autoridades-del-rio-rin-destacaron-las-acciones-de-caru-en-gestion-ambiental","status":"publish","type":"post","link":"https:\/\/caru.org.uy\/nuevositio\/2024\/07\/13\/autoridades-del-rio-rin-destacaron-las-acciones-de-caru-en-gestion-ambiental\/","title":{"rendered":"Autoridades del R\u00edo Rin destacaron las acciones de CARU en gesti\u00f3n ambiental"},"content":{"rendered":"\t\t<div data-elementor-type=\"wp-post\" data-elementor-id=\"9830\" class=\"elementor elementor-9830\" data-elementor-post-type=\"post\">\n\t\t\t\t\t\t<section class=\"elementor-section elementor-top-section elementor-element elementor-element-75e06275 elementor-section-boxed elementor-section-height-default elementor-section-height-default\" data-id=\"75e06275\" data-element_type=\"section\" data-e-type=\"section\" data-settings=\"{&quot;jet_parallax_layout_list&quot;:[]}\">\n\t\t\t\t\t\t<div class=\"elementor-container elementor-column-gap-default\">\n\t\t\t\t\t<div class=\"elementor-column elementor-col-50 elementor-top-column elementor-element elementor-element-289c8377\" data-id=\"289c8377\" data-element_type=\"column\" data-e-type=\"column\">\n\t\t\t<div class=\"elementor-widget-wrap elementor-element-populated\">\n\t\t\t\t\t\t<div class=\"elementor-element elementor-element-4c551f2b elementor-widget elementor-widget-image\" data-id=\"4c551f2b\" data-element_type=\"widget\" data-e-type=\"widget\" data-widget_type=\"image.default\">\n\t\t\t\t<div class=\"elementor-widget-container\">\n\t\t\t\t\t\t\t\t\t\t\t\t\t\t\t<img fetchpriority=\"high\" decoding=\"async\" width=\"1024\" height=\"516\" src=\"https:\/\/caru.org.uy\/nuevositio\/wp-content\/uploads\/2024\/07\/Rio-rin-3-1024x516.jpg\" class=\"attachment-large size-large wp-image-9832\" alt=\"\" srcset=\"https:\/\/caru.org.uy\/nuevositio\/wp-content\/uploads\/2024\/07\/Rio-rin-3-1024x516.jpg 1024w, https:\/\/caru.org.uy\/nuevositio\/wp-content\/uploads\/2024\/07\/Rio-rin-3-300x151.jpg 300w, https:\/\/caru.org.uy\/nuevositio\/wp-content\/uploads\/2024\/07\/Rio-rin-3-768x387.jpg 768w, https:\/\/caru.org.uy\/nuevositio\/wp-content\/uploads\/2024\/07\/Rio-rin-3-1536x773.jpg 1536w, https:\/\/caru.org.uy\/nuevositio\/wp-content\/uploads\/2024\/07\/Rio-rin-3.jpg 1599w\" sizes=\"(max-width: 1024px) 100vw, 1024px\" \/>\t\t\t\t\t\t\t\t\t\t\t\t\t\t\t<\/div>\n\t\t\t\t<\/div>\n\t\t\t\t\t<\/div>\n\t\t<\/div>\n\t\t\t\t<div class=\"elementor-column elementor-col-50 elementor-top-column elementor-element elementor-element-187235df\" data-id=\"187235df\" data-element_type=\"column\" data-e-type=\"column\">\n\t\t\t<div class=\"elementor-widget-wrap elementor-element-populated\">\n\t\t\t\t\t\t<div class=\"elementor-element elementor-element-499e8668 elementor-widget elementor-widget-text-editor\" data-id=\"499e8668\" data-element_type=\"widget\" data-e-type=\"widget\" data-widget_type=\"text-editor.default\">\n\t\t\t\t<div class=\"elementor-widget-container\">\n\t\t\t\t\t\t\t\t\t<p><\/p><p>Ese viernes finaliz\u00f3 la visita que realiza a nuestra regi\u00f3n la Presidenta de la Comisi\u00f3n Internacional de Protecci\u00f3n del R\u00edo Rin\u00a0(CIPR), Dra. Miriam Haritz y el Dr. Marc Daniel Heintz, Secretario Ejecutivo del organismo europeo. Luego de una recorrida por ciudades transfronterizas, por la Represa de Salto Grande y por dependencias de la Comisi\u00f3n Administradora del R\u00edo Uruguay, la delegaci\u00f3n recorri\u00f3 tambi\u00e9n los laboratorios del Comit\u00e9 Cient\u00edfico de CARU.<\/p><p>En la sede del Comit\u00e9 Cient\u00edfico de la CARU, en el paso de frontera de Fray Bentos, fueron recibidos por el Presidente de la delegaci\u00f3n uruguaya, Mario Ayala y por su par argentino, embajador Roberto Salafia;\u00a0este encuentro de intercambio de experiencias e informaci\u00f3n, fue parte de la agenda prevista por la representaci\u00f3n de la Comisi\u00f3n Internacional de Protecci\u00f3n del R\u00edo Rin que lleg\u00f3 al pa\u00eds.<\/p><p>A modo de balance de su visita a la regi\u00f3n, la Dra. Miriam Haritz destac\u00f3 que el Uruguay y el Rin \u201cson dos r\u00edos muy diferentes, pero los desaf\u00edos a los que nos tenemos que enfrentar son muy parecidos, y nuestro viaje ha sido estupendo, nos llevamos much\u00edsima informaci\u00f3n. Pudimos observar de cerca como hacen uso del r\u00edo, c\u00f3mo gestionan el r\u00edo, tanto para cuestiones ambientales como energ\u00e9ticas o navegaci\u00f3n. Nos llevamos muy buenas impresiones\u201d.<\/p><p>En p\u00e1rrafo aparte, la cient\u00edfica alemana destac\u00f3 la gesti\u00f3n ambiental de CARU: \u201cAhora hemos estado viendo los laboratorios, como se detectan contaminantes, el trabajo que se realiza para la protecci\u00f3n de la biodiversidad, de la flora y la fauna. Realmente no esperaba que estuvieran tan avanzados en estas tareas, me ha impresionado mucho. Adem\u00e1s, ver que el r\u00edo tiene zonas muy preciosas y con tanta naturaleza como desgraciadamente nosotros ya no tenemos en el Rin. Nosotros en Europa hoy estamos invirtiendo mucho dinero en intentar recuperar esas zonas naturales de protecci\u00f3n, los bosques aluviales (bordes costeros) para protegernos m\u00e1s de las inundaciones y de la contaminaci\u00f3n. Debemos felicitar el trabajo que aqu\u00ed se realiza para su protecci\u00f3n\u201d, afirm\u00f3.<\/p><p>Por su parte, las m\u00e1ximas autoridades de CARU, Mario Ayala y Roberto Salafia agradecieron las palabras de la Presidenta del CIPR: \u201cpara nosotros es un orgullo escuchar estas palabras y un honor que podamos compartir informaci\u00f3n, conocimiento y buenas pr\u00e1cticas con instituciones como la Comisi\u00f3n del Rin. Es muy valioso para nosotros y nuestro equipo de trabajo, es un valor agregado para la CARU y creemos que es parte de un proceso permanente de intercambio de conocimiento\u201d, destacaron los presidentes de CARU.<\/p><p>Cabe destacar que en la recorrida de las autoridades del Rin por el Comit\u00e9 Cient\u00edfico de CARU participaron tambi\u00e9n las Delegadas y Delegados Ingrid Jetter, Laura Ojeda y Nicol\u00e1s Domingo (Argentina) y Mar\u00eda Eugenia Almir\u00f3n y Roberto P\u00e9rez Rodino (Uruguay). Tambi\u00e9n estuvieron autoridades del Comit\u00e9 para el Desarrollo de la Cuenca del R\u00edo Uruguay como el Intendente de R\u00edo Negro, Omar Lafluf, el Intendente de la ciudad correntina de Monte Caseros (Argentina), Juan Carlos \u00c1lvarez;\u00a0el Alcalde de Bella Uni\u00f3n, William Cresseri; la intendenta de Villa Elisa Susana Lambert, entre otras\u00a0autoridades de las ciudades que hacen a la triple frontera (Uruguay \/ Argentina \/ Brasil).<\/p><p><\/p>\t\t\t\t\t\t\t\t<\/div>\n\t\t\t\t<\/div>\n\t\t\t\t\t<\/div>\n\t\t<\/div>\n\t\t\t\t\t<\/div>\n\t\t<\/section>\n\t\t\t\t<\/div>\n\t\t","protected":false},"excerpt":{"rendered":"<p>Ese viernes finaliz\u00f3 la visita que realiza a nuestra regi\u00f3n la Presidenta de la Comisi\u00f3n Internacional de Protecci\u00f3n del R\u00edo Rin\u00a0(CIPR), Dra. Miriam Haritz y el Dr. Marc Daniel Heintz, Secretario Ejecutivo del organismo europeo. Luego de una recorrida por ciudades transfronterizas, por la Represa de Salto Grande y por dependencias de la Comisi\u00f3n Administradora [&hellip;]<\/p>\n","protected":false},"author":1,"featured_media":9833,"comment_status":"closed","ping_status":"closed","sticky":false,"template":"","format":"standard","meta":{"_acf_changed":false,"_joinchat":[],"footnotes":""},"categories":[37,27],"tags":[],"class_list":["post-9830","post","type-post","status-publish","format-standard","has-post-thumbnail","hentry","category-noticias","category-novedades"],"acf":[],"yoast_head":"<!-- This site is optimized with the Yoast SEO plugin v27.3 - https:\/\/yoast.com\/product\/yoast-seo-wordpress\/ -->\n<title>Autoridades del R\u00edo Rin destacaron las acciones de CARU en gesti\u00f3n ambiental % C.A.R.U. imagen<\/title>\n<meta name=\"robots\" content=\"index, follow, max-snippet:-1, max-image-preview:large, max-video-preview:-1\" \/>\n<link rel=\"canonical\" href=\"https:\/\/caru.org.uy\/nuevositio\/2024\/07\/13\/autoridades-del-rio-rin-destacaron-las-acciones-de-caru-en-gestion-ambiental\/\" \/>\n<meta property=\"og:locale\" content=\"es_ES\" \/>\n<meta property=\"og:type\" content=\"article\" \/>\n<meta property=\"og:title\" content=\"Autoridades del R\u00edo Rin destacaron las acciones de CARU en gesti\u00f3n ambiental % C.A.R.U. imagen\" \/>\n<meta property=\"og:description\" content=\"Ese viernes finaliz\u00f3 la visita que realiza a nuestra regi\u00f3n la Presidenta de la Comisi\u00f3n Internacional de Protecci\u00f3n del R\u00edo Rin\u00a0(CIPR), Dra. Miriam Haritz y el Dr. Marc Daniel Heintz, Secretario Ejecutivo del organismo europeo. Luego de una recorrida por ciudades transfronterizas, por la Represa de Salto Grande y por dependencias de la Comisi\u00f3n Administradora [&hellip;]\" \/>\n<meta property=\"og:url\" content=\"https:\/\/caru.org.uy\/nuevositio\/2024\/07\/13\/autoridades-del-rio-rin-destacaron-las-acciones-de-caru-en-gestion-ambiental\/\" \/>\n<meta property=\"og:site_name\" content=\"C.A.R.U.\" \/>\n<meta property=\"article:published_time\" content=\"2024-07-13T00:54:00+00:00\" \/>\n<meta property=\"article:modified_time\" content=\"2024-07-16T01:00:21+00:00\" \/>\n<meta property=\"og:image\" content=\"https:\/\/caru.org.uy\/nuevositio\/wp-content\/uploads\/2024\/07\/Rio-rin-1-1.jpg\" \/>\n\t<meta property=\"og:image:width\" content=\"1389\" \/>\n\t<meta property=\"og:image:height\" content=\"738\" \/>\n\t<meta property=\"og:image:type\" content=\"image\/jpeg\" \/>\n<meta name=\"author\" content=\"Noma\" \/>\n<meta name=\"twitter:card\" content=\"summary_large_image\" \/>\n<meta name=\"twitter:label1\" content=\"Escrito por\" \/>\n\t<meta name=\"twitter:data1\" content=\"Noma\" \/>\n\t<meta name=\"twitter:label2\" content=\"Tiempo de lectura\" \/>\n\t<meta name=\"twitter:data2\" content=\"3 minutos\" \/>\n<script type=\"application\/ld+json\" class=\"yoast-schema-graph\">{\"@context\":\"https:\\\/\\\/schema.org\",\"@graph\":[{\"@type\":[\"Article\",\"BlogPosting\"],\"@id\":\"https:\\\/\\\/caru.org.uy\\\/nuevositio\\\/2024\\\/07\\\/13\\\/autoridades-del-rio-rin-destacaron-las-acciones-de-caru-en-gestion-ambiental\\\/#article\",\"isPartOf\":{\"@id\":\"https:\\\/\\\/caru.org.uy\\\/nuevositio\\\/2024\\\/07\\\/13\\\/autoridades-del-rio-rin-destacaron-las-acciones-de-caru-en-gestion-ambiental\\\/\"},\"author\":{\"name\":\"Noma\",\"@id\":\"https:\\\/\\\/caru.org.uy\\\/nuevositio\\\/#\\\/schema\\\/person\\\/9a11b7bc115602d2066d4c695b2aa3e5\"},\"headline\":\"Autoridades del R\u00edo Rin destacaron las acciones de CARU en gesti\u00f3n ambiental\",\"datePublished\":\"2024-07-13T00:54:00+00:00\",\"dateModified\":\"2024-07-16T01:00:21+00:00\",\"mainEntityOfPage\":{\"@id\":\"https:\\\/\\\/caru.org.uy\\\/nuevositio\\\/2024\\\/07\\\/13\\\/autoridades-del-rio-rin-destacaron-las-acciones-de-caru-en-gestion-ambiental\\\/\"},\"wordCount\":580,\"publisher\":{\"@id\":\"https:\\\/\\\/caru.org.uy\\\/nuevositio\\\/#organization\"},\"image\":{\"@id\":\"https:\\\/\\\/caru.org.uy\\\/nuevositio\\\/2024\\\/07\\\/13\\\/autoridades-del-rio-rin-destacaron-las-acciones-de-caru-en-gestion-ambiental\\\/#primaryimage\"},\"thumbnailUrl\":\"https:\\\/\\\/caru.org.uy\\\/nuevositio\\\/wp-content\\\/uploads\\\/2024\\\/07\\\/Rio-rin-1-1.jpg\",\"articleSection\":[\"Noticias\",\"Novedades\"],\"inLanguage\":\"es\"},{\"@type\":\"WebPage\",\"@id\":\"https:\\\/\\\/caru.org.uy\\\/nuevositio\\\/2024\\\/07\\\/13\\\/autoridades-del-rio-rin-destacaron-las-acciones-de-caru-en-gestion-ambiental\\\/\",\"url\":\"https:\\\/\\\/caru.org.uy\\\/nuevositio\\\/2024\\\/07\\\/13\\\/autoridades-del-rio-rin-destacaron-las-acciones-de-caru-en-gestion-ambiental\\\/\",\"name\":\"Autoridades del R\u00edo Rin destacaron las acciones de CARU en gesti\u00f3n ambiental % C.A.R.U. imagen\",\"isPartOf\":{\"@id\":\"https:\\\/\\\/caru.org.uy\\\/nuevositio\\\/#website\"},\"primaryImageOfPage\":{\"@id\":\"https:\\\/\\\/caru.org.uy\\\/nuevositio\\\/2024\\\/07\\\/13\\\/autoridades-del-rio-rin-destacaron-las-acciones-de-caru-en-gestion-ambiental\\\/#primaryimage\"},\"image\":{\"@id\":\"https:\\\/\\\/caru.org.uy\\\/nuevositio\\\/2024\\\/07\\\/13\\\/autoridades-del-rio-rin-destacaron-las-acciones-de-caru-en-gestion-ambiental\\\/#primaryimage\"},\"thumbnailUrl\":\"https:\\\/\\\/caru.org.uy\\\/nuevositio\\\/wp-content\\\/uploads\\\/2024\\\/07\\\/Rio-rin-1-1.jpg\",\"datePublished\":\"2024-07-13T00:54:00+00:00\",\"dateModified\":\"2024-07-16T01:00:21+00:00\",\"breadcrumb\":{\"@id\":\"https:\\\/\\\/caru.org.uy\\\/nuevositio\\\/2024\\\/07\\\/13\\\/autoridades-del-rio-rin-destacaron-las-acciones-de-caru-en-gestion-ambiental\\\/#breadcrumb\"},\"inLanguage\":\"es\",\"potentialAction\":[{\"@type\":\"ReadAction\",\"target\":[\"https:\\\/\\\/caru.org.uy\\\/nuevositio\\\/2024\\\/07\\\/13\\\/autoridades-del-rio-rin-destacaron-las-acciones-de-caru-en-gestion-ambiental\\\/\"]}]},{\"@type\":\"ImageObject\",\"inLanguage\":\"es\",\"@id\":\"https:\\\/\\\/caru.org.uy\\\/nuevositio\\\/2024\\\/07\\\/13\\\/autoridades-del-rio-rin-destacaron-las-acciones-de-caru-en-gestion-ambiental\\\/#primaryimage\",\"url\":\"https:\\\/\\\/caru.org.uy\\\/nuevositio\\\/wp-content\\\/uploads\\\/2024\\\/07\\\/Rio-rin-1-1.jpg\",\"contentUrl\":\"https:\\\/\\\/caru.org.uy\\\/nuevositio\\\/wp-content\\\/uploads\\\/2024\\\/07\\\/Rio-rin-1-1.jpg\",\"width\":1389,\"height\":738},{\"@type\":\"BreadcrumbList\",\"@id\":\"https:\\\/\\\/caru.org.uy\\\/nuevositio\\\/2024\\\/07\\\/13\\\/autoridades-del-rio-rin-destacaron-las-acciones-de-caru-en-gestion-ambiental\\\/#breadcrumb\",\"itemListElement\":[{\"@type\":\"ListItem\",\"position\":1,\"name\":\"Portada\",\"item\":\"https:\\\/\\\/caru.org.uy\\\/nuevositio\\\/\"},{\"@type\":\"ListItem\",\"position\":2,\"name\":\"Autoridades del R\u00edo Rin destacaron las acciones de CARU en gesti\u00f3n ambiental\"}]},{\"@type\":\"WebSite\",\"@id\":\"https:\\\/\\\/caru.org.uy\\\/nuevositio\\\/#website\",\"url\":\"https:\\\/\\\/caru.org.uy\\\/nuevositio\\\/\",\"name\":\"C.A.R.U.\",\"description\":\"Comisi\u00f3n Administradora del R\u00edo Uruguay\",\"publisher\":{\"@id\":\"https:\\\/\\\/caru.org.uy\\\/nuevositio\\\/#organization\"},\"potentialAction\":[{\"@type\":\"SearchAction\",\"target\":{\"@type\":\"EntryPoint\",\"urlTemplate\":\"https:\\\/\\\/caru.org.uy\\\/nuevositio\\\/?s={search_term_string}\"},\"query-input\":{\"@type\":\"PropertyValueSpecification\",\"valueRequired\":true,\"valueName\":\"search_term_string\"}}],\"inLanguage\":\"es\"},{\"@type\":\"Organization\",\"@id\":\"https:\\\/\\\/caru.org.uy\\\/nuevositio\\\/#organization\",\"name\":\"C.A.R.U.\",\"url\":\"https:\\\/\\\/caru.org.uy\\\/nuevositio\\\/\",\"logo\":{\"@type\":\"ImageObject\",\"inLanguage\":\"es\",\"@id\":\"https:\\\/\\\/caru.org.uy\\\/nuevositio\\\/#\\\/schema\\\/logo\\\/image\\\/\",\"url\":\"https:\\\/\\\/caru.org.uy\\\/nuevositio\\\/wp-content\\\/uploads\\\/2023\\\/11\\\/logo-nuevo.jpg\",\"contentUrl\":\"https:\\\/\\\/caru.org.uy\\\/nuevositio\\\/wp-content\\\/uploads\\\/2023\\\/11\\\/logo-nuevo.jpg\",\"width\":1,\"height\":1,\"caption\":\"C.A.R.U.\"},\"image\":{\"@id\":\"https:\\\/\\\/caru.org.uy\\\/nuevositio\\\/#\\\/schema\\\/logo\\\/image\\\/\"}},{\"@type\":\"Person\",\"@id\":\"https:\\\/\\\/caru.org.uy\\\/nuevositio\\\/#\\\/schema\\\/person\\\/9a11b7bc115602d2066d4c695b2aa3e5\",\"name\":\"Noma\",\"image\":{\"@type\":\"ImageObject\",\"inLanguage\":\"es\",\"@id\":\"https:\\\/\\\/secure.gravatar.com\\\/avatar\\\/8b0eb2764fe524b07cdc015df29e7576c061e58c50641dd8ccc46d3d448307e5?s=96&d=mm&r=g\",\"url\":\"https:\\\/\\\/secure.gravatar.com\\\/avatar\\\/8b0eb2764fe524b07cdc015df29e7576c061e58c50641dd8ccc46d3d448307e5?s=96&d=mm&r=g\",\"contentUrl\":\"https:\\\/\\\/secure.gravatar.com\\\/avatar\\\/8b0eb2764fe524b07cdc015df29e7576c061e58c50641dd8ccc46d3d448307e5?s=96&d=mm&r=g\",\"caption\":\"Noma\"},\"url\":\"https:\\\/\\\/caru.org.uy\\\/nuevositio\\\/author\\\/admin\\\/\"}]}<\/script>\n<!-- \/ Yoast SEO plugin. -->","yoast_head_json":{"title":"Autoridades del R\u00edo Rin destacaron las acciones de CARU en gesti\u00f3n ambiental % C.A.R.U. imagen","robots":{"index":"index","follow":"follow","max-snippet":"max-snippet:-1","max-image-preview":"max-image-preview:large","max-video-preview":"max-video-preview:-1"},"canonical":"https:\/\/caru.org.uy\/nuevositio\/2024\/07\/13\/autoridades-del-rio-rin-destacaron-las-acciones-de-caru-en-gestion-ambiental\/","og_locale":"es_ES","og_type":"article","og_title":"Autoridades del R\u00edo Rin destacaron las acciones de CARU en gesti\u00f3n ambiental % C.A.R.U. imagen","og_description":"Ese viernes finaliz\u00f3 la visita que realiza a nuestra regi\u00f3n la Presidenta de la Comisi\u00f3n Internacional de Protecci\u00f3n del R\u00edo Rin\u00a0(CIPR), Dra. Miriam Haritz y el Dr. Marc Daniel Heintz, Secretario Ejecutivo del organismo europeo. Luego de una recorrida por ciudades transfronterizas, por la Represa de Salto Grande y por dependencias de la Comisi\u00f3n Administradora [&hellip;]","og_url":"https:\/\/caru.org.uy\/nuevositio\/2024\/07\/13\/autoridades-del-rio-rin-destacaron-las-acciones-de-caru-en-gestion-ambiental\/","og_site_name":"C.A.R.U.","article_published_time":"2024-07-13T00:54:00+00:00","article_modified_time":"2024-07-16T01:00:21+00:00","og_image":[{"width":1389,"height":738,"url":"https:\/\/caru.org.uy\/nuevositio\/wp-content\/uploads\/2024\/07\/Rio-rin-1-1.jpg","type":"image\/jpeg"}],"author":"Noma","twitter_card":"summary_large_image","twitter_misc":{"Escrito por":"Noma","Tiempo de lectura":"3 minutos"},"schema":{"@context":"https:\/\/schema.org","@graph":[{"@type":["Article","BlogPosting"],"@id":"https:\/\/caru.org.uy\/nuevositio\/2024\/07\/13\/autoridades-del-rio-rin-destacaron-las-acciones-de-caru-en-gestion-ambiental\/#article","isPartOf":{"@id":"https:\/\/caru.org.uy\/nuevositio\/2024\/07\/13\/autoridades-del-rio-rin-destacaron-las-acciones-de-caru-en-gestion-ambiental\/"},"author":{"name":"Noma","@id":"https:\/\/caru.org.uy\/nuevositio\/#\/schema\/person\/9a11b7bc115602d2066d4c695b2aa3e5"},"headline":"Autoridades del R\u00edo Rin destacaron las acciones de CARU en gesti\u00f3n ambiental","datePublished":"2024-07-13T00:54:00+00:00","dateModified":"2024-07-16T01:00:21+00:00","mainEntityOfPage":{"@id":"https:\/\/caru.org.uy\/nuevositio\/2024\/07\/13\/autoridades-del-rio-rin-destacaron-las-acciones-de-caru-en-gestion-ambiental\/"},"wordCount":580,"publisher":{"@id":"https:\/\/caru.org.uy\/nuevositio\/#organization"},"image":{"@id":"https:\/\/caru.org.uy\/nuevositio\/2024\/07\/13\/autoridades-del-rio-rin-destacaron-las-acciones-de-caru-en-gestion-ambiental\/#primaryimage"},"thumbnailUrl":"https:\/\/caru.org.uy\/nuevositio\/wp-content\/uploads\/2024\/07\/Rio-rin-1-1.jpg","articleSection":["Noticias","Novedades"],"inLanguage":"es"},{"@type":"WebPage","@id":"https:\/\/caru.org.uy\/nuevositio\/2024\/07\/13\/autoridades-del-rio-rin-destacaron-las-acciones-de-caru-en-gestion-ambiental\/","url":"https:\/\/caru.org.uy\/nuevositio\/2024\/07\/13\/autoridades-del-rio-rin-destacaron-las-acciones-de-caru-en-gestion-ambiental\/","name":"Autoridades del R\u00edo Rin destacaron las acciones de CARU en gesti\u00f3n ambiental % C.A.R.U. imagen","isPartOf":{"@id":"https:\/\/caru.org.uy\/nuevositio\/#website"},"primaryImageOfPage":{"@id":"https:\/\/caru.org.uy\/nuevositio\/2024\/07\/13\/autoridades-del-rio-rin-destacaron-las-acciones-de-caru-en-gestion-ambiental\/#primaryimage"},"image":{"@id":"https:\/\/caru.org.uy\/nuevositio\/2024\/07\/13\/autoridades-del-rio-rin-destacaron-las-acciones-de-caru-en-gestion-ambiental\/#primaryimage"},"thumbnailUrl":"https:\/\/caru.org.uy\/nuevositio\/wp-content\/uploads\/2024\/07\/Rio-rin-1-1.jpg","datePublished":"2024-07-13T00:54:00+00:00","dateModified":"2024-07-16T01:00:21+00:00","breadcrumb":{"@id":"https:\/\/caru.org.uy\/nuevositio\/2024\/07\/13\/autoridades-del-rio-rin-destacaron-las-acciones-de-caru-en-gestion-ambiental\/#breadcrumb"},"inLanguage":"es","potentialAction":[{"@type":"ReadAction","target":["https:\/\/caru.org.uy\/nuevositio\/2024\/07\/13\/autoridades-del-rio-rin-destacaron-las-acciones-de-caru-en-gestion-ambiental\/"]}]},{"@type":"ImageObject","inLanguage":"es","@id":"https:\/\/caru.org.uy\/nuevositio\/2024\/07\/13\/autoridades-del-rio-rin-destacaron-las-acciones-de-caru-en-gestion-ambiental\/#primaryimage","url":"https:\/\/caru.org.uy\/nuevositio\/wp-content\/uploads\/2024\/07\/Rio-rin-1-1.jpg","contentUrl":"https:\/\/caru.org.uy\/nuevositio\/wp-content\/uploads\/2024\/07\/Rio-rin-1-1.jpg","width":1389,"height":738},{"@type":"BreadcrumbList","@id":"https:\/\/caru.org.uy\/nuevositio\/2024\/07\/13\/autoridades-del-rio-rin-destacaron-las-acciones-de-caru-en-gestion-ambiental\/#breadcrumb","itemListElement":[{"@type":"ListItem","position":1,"name":"Portada","item":"https:\/\/caru.org.uy\/nuevositio\/"},{"@type":"ListItem","position":2,"name":"Autoridades del R\u00edo Rin destacaron las acciones de CARU en gesti\u00f3n ambiental"}]},{"@type":"WebSite","@id":"https:\/\/caru.org.uy\/nuevositio\/#website","url":"https:\/\/caru.org.uy\/nuevositio\/","name":"C.A.R.U.","description":"Comisi\u00f3n Administradora del R\u00edo Uruguay","publisher":{"@id":"https:\/\/caru.org.uy\/nuevositio\/#organization"},"potentialAction":[{"@type":"SearchAction","target":{"@type":"EntryPoint","urlTemplate":"https:\/\/caru.org.uy\/nuevositio\/?s={search_term_string}"},"query-input":{"@type":"PropertyValueSpecification","valueRequired":true,"valueName":"search_term_string"}}],"inLanguage":"es"},{"@type":"Organization","@id":"https:\/\/caru.org.uy\/nuevositio\/#organization","name":"C.A.R.U.","url":"https:\/\/caru.org.uy\/nuevositio\/","logo":{"@type":"ImageObject","inLanguage":"es","@id":"https:\/\/caru.org.uy\/nuevositio\/#\/schema\/logo\/image\/","url":"https:\/\/caru.org.uy\/nuevositio\/wp-content\/uploads\/2023\/11\/logo-nuevo.jpg","contentUrl":"https:\/\/caru.org.uy\/nuevositio\/wp-content\/uploads\/2023\/11\/logo-nuevo.jpg","width":1,"height":1,"caption":"C.A.R.U."},"image":{"@id":"https:\/\/caru.org.uy\/nuevositio\/#\/schema\/logo\/image\/"}},{"@type":"Person","@id":"https:\/\/caru.org.uy\/nuevositio\/#\/schema\/person\/9a11b7bc115602d2066d4c695b2aa3e5","name":"Noma","image":{"@type":"ImageObject","inLanguage":"es","@id":"https:\/\/secure.gravatar.com\/avatar\/8b0eb2764fe524b07cdc015df29e7576c061e58c50641dd8ccc46d3d448307e5?s=96&d=mm&r=g","url":"https:\/\/secure.gravatar.com\/avatar\/8b0eb2764fe524b07cdc015df29e7576c061e58c50641dd8ccc46d3d448307e5?s=96&d=mm&r=g","contentUrl":"https:\/\/secure.gravatar.com\/avatar\/8b0eb2764fe524b07cdc015df29e7576c061e58c50641dd8ccc46d3d448307e5?s=96&d=mm&r=g","caption":"Noma"},"url":"https:\/\/caru.org.uy\/nuevositio\/author\/admin\/"}]}},"_links":{"self":[{"href":"https:\/\/caru.org.uy\/nuevositio\/wp-json\/wp\/v2\/posts\/9830","targetHints":{"allow":["GET"]}}],"collection":[{"href":"https:\/\/caru.org.uy\/nuevositio\/wp-json\/wp\/v2\/posts"}],"about":[{"href":"https:\/\/caru.org.uy\/nuevositio\/wp-json\/wp\/v2\/types\/post"}],"author":[{"embeddable":true,"href":"https:\/\/caru.org.uy\/nuevositio\/wp-json\/wp\/v2\/users\/1"}],"replies":[{"embeddable":true,"href":"https:\/\/caru.org.uy\/nuevositio\/wp-json\/wp\/v2\/comments?post=9830"}],"version-history":[{"count":5,"href":"https:\/\/caru.org.uy\/nuevositio\/wp-json\/wp\/v2\/posts\/9830\/revisions"}],"predecessor-version":[{"id":9838,"href":"https:\/\/caru.org.uy\/nuevositio\/wp-json\/wp\/v2\/posts\/9830\/revisions\/9838"}],"wp:featuredmedia":[{"embeddable":true,"href":"https:\/\/caru.org.uy\/nuevositio\/wp-json\/wp\/v2\/media\/9833"}],"wp:attachment":[{"href":"https:\/\/caru.org.uy\/nuevositio\/wp-json\/wp\/v2\/media?parent=9830"}],"wp:term":[{"taxonomy":"category","embeddable":true,"href":"https:\/\/caru.org.uy\/nuevositio\/wp-json\/wp\/v2\/categories?post=9830"},{"taxonomy":"post_tag","embeddable":true,"href":"https:\/\/caru.org.uy\/nuevositio\/wp-json\/wp\/v2\/tags?post=9830"}],"curies":[{"name":"wp","href":"https:\/\/api.w.org\/{rel}","templated":true}]}}